{"id":171281,"date":"2022-05-17T00:45:00","date_gmt":"2022-05-16T22:45:00","guid":{"rendered":"https:\/\/www.region-schwabach.de\/wordpress\/?p=171281"},"modified":"2022-05-16T23:03:21","modified_gmt":"2022-05-16T21:03:21","slug":"stelle-fur-freiwilliges-soziales-jahr-bei-der-kommunalen-jugendarbeit-ab-september-2022-zu-besetzen","status":"publish","type":"post","link":"https:\/\/www.region-schwabach.de\/wordpress\/stelle-fur-freiwilliges-soziales-jahr-bei-der-kommunalen-jugendarbeit-ab-september-2022-zu-besetzen\/","title":{"rendered":"Stelle f\u00fcr freiwilliges Soziales Jahr bei der Kommunalen Jugendarbeit ab September 2022 zu besetzen"},"content":{"rendered":"\t\t<div data-elementor-type=\"wp-post\" data-elementor-id=\"171281\" class=\"elementor elementor-171281\">\n\t\t\t\t\t\t<section class=\"elementor-section elementor-top-section elementor-element elementor-element-e04de7f elementor-section-boxed elementor-section-height-default elementor-section-height-default\" data-id=\"e04de7f\" data-element_type=\"section\">\n\t\t\t\t\t\t<div class=\"elementor-container elementor-column-gap-default\">\n\t\t\t\t\t<div class=\"elementor-column elementor-col-50 elementor-top-column elementor-element elementor-element-0e30e33\" data-id=\"0e30e33\" data-element_type=\"column\">\n\t\t\t<div class=\"elementor-widget-wrap elementor-element-populated\">\n\t\t\t\t\t\t<div class=\"elementor-element elementor-element-cdcb279 elementor-widget elementor-widget-wp-widget-advads_ad_widget\" data-id=\"cdcb279\" data-element_type=\"widget\" data-widget_type=\"wp-widget-advads_ad_widget.default\">\n\t\t\t\t<div class=\"elementor-widget-container\">\n\t\t\t<div id=\"regio-1014160135\"><div class=\"regio-adlabel\">Werbung<\/div><center><a href=\"https:\/\/a.partner-versicherung.de\/click.php?partner_id=19992&ad_id=1578&deep=kreditkarten\"  target=\"_blank\"><img decoding=\"async\" src=\"https:\/\/a.partner-versicherung.de\/view.php?partner_id=19992&ad_id=1578\" ><\/a><\/center><\/div>\t\t<\/div>\n\t\t\t\t<\/div>\n\t\t\t\t<div class=\"elementor-element elementor-element-1331cc3 elementor-widget elementor-widget-text-editor\" data-id=\"1331cc3\" data-element_type=\"widget\" data-widget_type=\"text-editor.default\">\n\t\t\t\t<div class=\"elementor-widget-container\">\n\t\t\t\t\t\t\t<h3 class=\"uk-article-title\">Kommunale Jugendarbeit<br \/>FSJ-Stelle Kultur ab September 2022 zu besetzen<\/h3><p><span style=\"font-size: 12pt;\">Schwabach &#8211;\u00a0Du beendest die Schule und m\u00f6chtest dich f\u00fcr dein weiteres Berufsleben orientieren und Erfahrungen sammeln? Du hast Lust auf die Arbeit mit Kindern und Jugendlichen, auf Natur, auf Planen und Gestalten? <\/span><span style=\"font-size: 12pt;\">Dann ist ein Freiwilliges Soziales Jahr (FSJ) bei der Kommunalen Jugendarbeit vielleicht genau das Richtige f\u00fcr dich.<\/span><\/p><p><span style=\"font-size: 12pt;\">Die Stadt Schwabach sucht f\u00fcr den Zeitraum vom 01. September 2022 bis zum 31. August 2023 eine neue FSJ Kraft. Der\/Die Freiwillige unterst\u00fctzt ein Jahr lang das Team der Kommunalen Jugendarbeit<\/span><\/p><ul style=\"list-style-type: disc;\"><li><span style=\"font-size: 12pt;\">In der Offenen Kinder- und Jugendarbeit auf dem Aktivspielplatz Goldnagel und in den Jugendtreffs Scheinbar und Babberlabab\u00a0<\/span><\/li><li><span style=\"font-size: 12pt;\">Bei der Planung und Gestaltung von Aktionen f\u00fcr und mit Jugendlichen, besonders im Kulturbereich (Film, Musik, Radio,&#8230;)\u00a0<\/span><\/li><li><span style=\"font-size: 12pt;\">Bei der Durchf\u00fchrung von Projekten der Pr\u00e4vention und der au\u00dferschulischen Jugendbildung\u00a0<\/span><\/li><\/ul><p><span style=\"font-size: 12pt;\">Du kannst Projekte mitgestalten, kreativ sein und eigene Ideen entwickeln. Au\u00dferdem bekommst du einen Einblick in die Verwaltung der Kommunalen Jugendarbeit und in anfallende B\u00fcrot\u00e4tigkeiten.<\/span><\/p><h3><span style=\"font-size: 14pt;\">Kontakt f\u00fcr Bewerbungsunterlagen und\/oder Fragen:<\/span><\/h3><p><span style=\"font-size: 12pt;\">Kommunale Jugendarbeit<\/span><br \/><span style=\"font-size: 12pt;\">N\u00f6rdliche Ringstra\u00dfe 2a-c<\/span><br \/><span style=\"font-size: 12pt;\">91126 Schwabach<\/span><br \/><span style=\"font-size: 12pt;\">E-Mail:\u00a0<span id=\"cloak5c144d02c27b11fed493a1f465b83a6e\"><a href=\"mailto:kommunale-jugendarbeit@schwabach.de\" target=\"_blank\" rel=\"noopener\">kommunale-jugendarbeit@schwabach.de<\/a><\/span><\/span><\/p><p><span style=\"font-size: 12pt;\">Susanna Regelsberger-Sacco<\/span><br \/><span style=\"font-size: 12pt;\">Tel. 09122-860-436<\/span><\/p><h3>Weiterf\u00fchrende Links:\u00a0<\/h3><p><a href=\"https:\/\/www.schwabach.de\/de\/zuhause-in-schwabach\/jung-in-schwabach\/kommunale-jugendarbeit.html\" target=\"_blank\" rel=\"noopener\"><span style=\"font-size: 12pt;\">Weitere Informationen zur kommunalen Jugendarbeit in Schwabach gibt es hier &#8230;<\/span><\/a><\/p><p><a href=\"https:\/\/freiwilligendienste-kultur-bildung.de\/\" target=\"_blank\" rel=\"noopener\"><span style=\"font-size: 12pt;\">Weitere Informationen zu\u00a0den Freiwilligendiensten Kultur und Bildung gibt es hier<\/span> &#8230;\u00a0<\/a><\/p>\t\t\t\t\t\t<\/div>\n\t\t\t\t<\/div>\n\t\t\t\t<div class=\"elementor-element elementor-element-24ec6ab elementor-widget elementor-widget-shortcode\" data-id=\"24ec6ab\" data-element_type=\"widget\" data-widget_type=\"shortcode.default\">\n\t\t\t\t<div class=\"elementor-widget-container\">\n\t\t\t\t\t<div class=\"elementor-shortcode\"><!-- Beginn https:\/\/www.financeads.net\/-Code --><a href=\"https:\/\/www.financeads.net\/tc.php?t=36648C38513858B\" target=\"_blank\"><center><img decoding=\"async\" src=\"https:\/\/www.financeads.net\/tb.php?t=36648V38513858B&https=1\" alt=\"\" border=\"0\" width=\"468\" height=\"60\"><\/a><!-- Ende https:\/\/www.financeads.net\/-Code --><\/div>\n\t\t\t\t<\/div>\n\t\t\t\t<\/div>\n\t\t\t\t<div class=\"elementor-element elementor-element-9c4562b elementor-widget-divider--view-line elementor-widget elementor-widget-divider\" data-id=\"9c4562b\" data-element_type=\"widget\" data-widget_type=\"divider.default\">\n\t\t\t\t<div class=\"elementor-widget-container\">\n\t\t\t\t\t<div class=\"elementor-divider\">\n\t\t\t<span class=\"elementor-divider-separator\">\n\t\t\t\t\t\t<\/span>\n\t\t<\/div>\n\t\t\t\t<\/div>\n\t\t\t\t<\/div>\n\t\t\t\t<div class=\"elementor-element elementor-element-86e1f80 elementor-widget elementor-widget-google_maps\" data-id=\"86e1f80\" data-element_type=\"widget\" data-widget_type=\"google_maps.default\">\n\t\t\t\t<div class=\"elementor-widget-container\">\n\t\t\t\t\t<div class=\"elementor-custom-embed\">\n\t\t\t<iframe loading=\"lazy\"\n\t\t\t\t\tsrc=\"https:\/\/maps.google.com\/maps?q=N%C3%B6rdliche%20Ringstra%C3%9Fe%202%2C%20Schwabach%2C%20Deutschland&#038;t=m&#038;z=17&#038;output=embed&#038;iwloc=near\"\n\t\t\t\t\ttitle=\"N\u00f6rdliche Ringstra\u00dfe 2, Schwabach, Deutschland\"\n\t\t\t\t\taria-label=\"N\u00f6rdliche Ringstra\u00dfe 2, Schwabach, Deutschland\"\n\t\t\t><\/iframe>\n\t\t<\/div>\n\t\t\t\t<\/div>\n\t\t\t\t<\/div>\n\t\t\t\t\t<\/div>\n\t\t<\/div>\n\t\t\t\t<div class=\"elementor-column elementor-col-50 elementor-top-column elementor-element elementor-element-41e5de2\" data-id=\"41e5de2\" data-element_type=\"column\">\n\t\t\t<div class=\"elementor-widget-wrap elementor-element-populated\">\n\t\t\t\t\t\t<div class=\"elementor-element elementor-element-aba2ded elementor-widget elementor-widget-heading\" data-id=\"aba2ded\" data-element_type=\"widget\" data-widget_type=\"heading.default\">\n\t\t\t\t<div class=\"elementor-widget-container\">\n\t\t\t<h3 class=\"elementor-heading-title elementor-size-default\">Schnell vergleichen und sparen!<\/h3>\t\t<\/div>\n\t\t\t\t<\/div>\n\t\t\t\t<div class=\"elementor-element elementor-element-8cc546c elementor-widget elementor-widget-wp-widget-advads_ad_widget\" data-id=\"8cc546c\" data-element_type=\"widget\" data-widget_type=\"wp-widget-advads_ad_widget.default\">\n\t\t\t\t<div class=\"elementor-widget-container\">\n\t\t\t<div id=\"regio-3487885170\"><div class=\"regio-adlabel\">Werbung<\/div><!-- Beginn https:\/\/www.financeads.net\/-Code --><a href=\"https:\/\/www.financeads.net\/tc.php?t=36648C236142529B\" target=\"_blank\"><img fetchpriority=\"high\" decoding=\"async\" src=\"https:\/\/www.financeads.net\/tb.php?t=36648V236142529B&https=1\" alt=\"\" border=\"0\" width=\"300\" height=\"250\"><\/a><!-- Ende https:\/\/www.financeads.net\/-Code --><\/div>\t\t<\/div>\n\t\t\t\t<\/div>\n\t\t\t\t<div class=\"elementor-element elementor-element-70e40aa elementor-widget elementor-widget-wp-widget-advads_ad_widget\" data-id=\"70e40aa\" data-element_type=\"widget\" data-widget_type=\"wp-widget-advads_ad_widget.default\">\n\t\t\t\t<div class=\"elementor-widget-container\">\n\t\t\t<div id=\"regio-1082575156\"><div class=\"regio-adlabel\">Werbung<\/div><!-- Beginn https:\/\/www.financeads.net\/-Code --><a href=\"https:\/\/www.financeads.net\/tc.php?t=36648C42614510B\" target=\"_blank\"><img decoding=\"async\" src=\"https:\/\/www.financeads.net\/tb.php?t=36648V42614510B&https=1\" alt=\"\" border=\"0\" width=\"200\" height=\"300\"><\/a><!-- Ende https:\/\/www.financeads.net\/-Code --><\/div>\t\t<\/div>\n\t\t\t\t<\/div>\n\t\t\t\t<div class=\"elementor-element elementor-element-b8379a8 elementor-widget elementor-widget-wp-widget-advads_ad_widget\" data-id=\"b8379a8\" data-element_type=\"widget\" data-widget_type=\"wp-widget-advads_ad_widget.default\">\n\t\t\t\t<div class=\"elementor-widget-container\">\n\t\t\t<div id=\"regio-750231458\"><div class=\"regio-adlabel\">Werbung<\/div><!-- Beginn https:\/\/www.financeads.net\/-Code --><a href=\"https:\/\/www.financeads.net\/tc.php?t=36648C205040072B\" target=\"_blank\"><img loading=\"lazy\" decoding=\"async\" src=\"https:\/\/www.financeads.net\/tb.php?t=36648V205040072B&https=1\" alt=\"\" border=\"0\" width=\"300\" height=\"250\"><\/a><!-- Ende https:\/\/www.financeads.net\/-Code --><\/div>\t\t<\/div>\n\t\t\t\t<\/div>\n\t\t\t\t<div class=\"elementor-element elementor-element-afefb6c elementor-widget elementor-widget-wp-widget-advads_ad_widget\" data-id=\"afefb6c\" data-element_type=\"widget\" data-widget_type=\"wp-widget-advads_ad_widget.default\">\n\t\t\t\t<div class=\"elementor-widget-container\">\n\t\t\t<div id=\"regio-1859132355\"><div class=\"regio-adlabel\">Werbung<\/div><!-- Beginn https:\/\/www.financeads.net\/-Code --><a href=\"https:\/\/www.financeads.net\/tc.php?t=36648C271460142B\" target=\"_blank\"><img loading=\"lazy\" decoding=\"async\" src=\"https:\/\/www.financeads.net\/tb.php?t=36648V271460142B&https=1\" alt=\"PETPROTECT_Hund&Katze_Banner\" border=\"0\" width=\"250\" height=\"250\"><\/a><!-- Ende https:\/\/www.financeads.net\/-Code --><\/div>\t\t<\/div>\n\t\t\t\t<\/div>\n\t\t\t\t\t<\/div>\n\t\t<\/div>\n\t\t\t\t\t<\/div>\n\t\t<\/section>\n\t\t\t\t<\/div>\n\t\t","protected":false},"excerpt":{"rendered":"<div class=\"mh-excerpt\"><p>Kommunale JugendarbeitFSJ-Stelle Kultur ab September 2022 zu besetzen Schwabach &#8211;\u00a0Du beendest die Schule und m\u00f6chtest dich f\u00fcr dein weiteres Berufsleben orientieren und Erfahrungen sammeln? Du hast Lust auf die Arbeit mit Kindern und Jugendlichen, auf <a class=\"mh-excerpt-more\" href=\"https:\/\/www.region-schwabach.de\/wordpress\/stelle-fur-freiwilliges-soziales-jahr-bei-der-kommunalen-jugendarbeit-ab-september-2022-zu-besetzen\/\" title=\"Stelle f\u00fcr freiwilliges Soziales Jahr bei der Kommunalen Jugendarbeit ab September 2022 zu besetzen\">[&#8230;]<\/a><\/p>\n<\/div>","protected":false},"author":1,"featured_media":171282,"comment_status":"open","ping_status":"open","sticky":false,"template":"","format":"standard","meta":{"_cbd_carousel_blocks":"[]","footnotes":""},"categories":[16,287,61],"tags":[19201,6801,6800,4247,6802,6803,19,3151],"class_list":{"0":"post-171281","1":"post","2":"type-post","3":"status-publish","4":"format-standard","5":"has-post-thumbnail","7":"category-aktuell","8":"category-jugend-und-familie","9":"category-rathaus","10":"tag-1-september-2022-bis-31-august-2023","11":"tag-freiwilliges-soziales-jahr","12":"tag-fsj-kultur","13":"tag-kommunale-jugendarbeit","14":"tag-kurzfristig","15":"tag-neubesetzung","16":"tag-schwabach","17":"tag-stadt-schwabach"},"_links":{"self":[{"href":"https:\/\/www.region-schwabach.de\/wordpress\/wp-json\/wp\/v2\/posts\/171281","targetHints":{"allow":["GET"]}}],"collection":[{"href":"https:\/\/www.region-schwabach.de\/wordpress\/wp-json\/wp\/v2\/posts"}],"about":[{"href":"https:\/\/www.region-schwabach.de\/wordpress\/wp-json\/wp\/v2\/types\/post"}],"author":[{"embeddable":true,"href":"https:\/\/www.region-schwabach.de\/wordpress\/wp-json\/wp\/v2\/users\/1"}],"replies":[{"embeddable":true,"href":"https:\/\/www.region-schwabach.de\/wordpress\/wp-json\/wp\/v2\/comments?post=171281"}],"version-history":[{"count":0,"href":"https:\/\/www.region-schwabach.de\/wordpress\/wp-json\/wp\/v2\/posts\/171281\/revisions"}],"wp:featuredmedia":[{"embeddable":true,"href":"https:\/\/www.region-schwabach.de\/wordpress\/wp-json\/wp\/v2\/media\/171282"}],"wp:attachment":[{"href":"https:\/\/www.region-schwabach.de\/wordpress\/wp-json\/wp\/v2\/media?parent=171281"}],"wp:term":[{"taxonomy":"category","embeddable":true,"href":"https:\/\/www.region-schwabach.de\/wordpress\/wp-json\/wp\/v2\/categories?post=171281"},{"taxonomy":"post_tag","embeddable":true,"href":"https:\/\/www.region-schwabach.de\/wordpress\/wp-json\/wp\/v2\/tags?post=171281"}],"curies":[{"name":"wp","href":"https:\/\/api.w.org\/{rel}","templated":true}]}}