{"id":171306,"date":"2022-05-17T01:15:00","date_gmt":"2022-05-16T23:15:00","guid":{"rendered":"https:\/\/www.region-schwabach.de\/wordpress\/?p=171306"},"modified":"2022-05-17T12:30:36","modified_gmt":"2022-05-17T10:30:36","slug":"kartenvorverkauf-fur-ritmos-latinos-24-26-juni-2022-in-schwabach-hat-begonnen","status":"publish","type":"post","link":"https:\/\/www.region-schwabach.de\/wordpress\/kartenvorverkauf-fur-ritmos-latinos-24-26-juni-2022-in-schwabach-hat-begonnen\/","title":{"rendered":"Kartenvorverkauf f\u00fcr ritmos latinos (24. &#8211; 26. Juni 2022) in Schwabach hat begonnen"},"content":{"rendered":"\t\t<div data-elementor-type=\"wp-post\" data-elementor-id=\"171306\" class=\"elementor elementor-171306\">\n\t\t\t\t\t\t<section class=\"elementor-section elementor-top-section elementor-element elementor-element-678181b elementor-section-boxed elementor-section-height-default elementor-section-height-default\" data-id=\"678181b\" data-element_type=\"section\">\n\t\t\t\t\t\t<div class=\"elementor-container elementor-column-gap-default\">\n\t\t\t\t\t<div class=\"elementor-column elementor-col-50 elementor-top-column elementor-element elementor-element-6b34026\" data-id=\"6b34026\" data-element_type=\"column\">\n\t\t\t<div class=\"elementor-widget-wrap elementor-element-populated\">\n\t\t\t\t\t\t<div class=\"elementor-element elementor-element-3ff0c69 elementor-widget elementor-widget-wp-widget-advads_ad_widget\" data-id=\"3ff0c69\" data-element_type=\"widget\" data-widget_type=\"wp-widget-advads_ad_widget.default\">\n\t\t\t\t<div class=\"elementor-widget-container\">\n\t\t\t<div id=\"regio-3229876135\"><div class=\"regio-adlabel\">Werbung<\/div><center><a href=\"https:\/\/a.partner-versicherung.de\/click.php?partner_id=19992&ad_id=1578&deep=kreditkarten\"  target=\"_blank\"><img decoding=\"async\" src=\"https:\/\/a.partner-versicherung.de\/view.php?partner_id=19992&ad_id=1578\" ><\/a><\/center><\/div>\t\t<\/div>\n\t\t\t\t<\/div>\n\t\t\t\t<div class=\"elementor-element elementor-element-443ab98 elementor-widget elementor-widget-text-editor\" data-id=\"443ab98\" data-element_type=\"widget\" data-widget_type=\"text-editor.default\">\n\t\t\t\t<div class=\"elementor-widget-container\">\n\t\t\t\t\t\t\t<h3><span id=\"page58R_mcid21\" class=\"markedContent\"><span dir=\"ltr\" role=\"presentation\">Jetzt schon Karten f\u00fcr das Festival Ende Juni kaufen<\/span><\/span><span id=\"undefined\" class=\"markedContent\"><\/span><span id=\"page58R_mcid12\" class=\"markedContent\"><\/span><span id=\"page58R_mcid13\" class=\"markedContent\"><br role=\"presentation\" \/><span dir=\"ltr\" role=\"presentation\">\u201eRitmos Latinos\u201c erklingen diesmal im Alten DG<\/span><\/span><\/h3><p><span style=\"font-size: 12pt;\">Schwabach &#8211; <span id=\"page58R_mcid15\" class=\"markedContent\"><span dir=\"ltr\" role=\"presentation\">Erstmals findet das ritmos latinos-Festival in diesem Jahr nicht im <\/span><span dir=\"ltr\" role=\"presentation\">Apothekersgarten, sondern im Hof des Alten Deutschen Gymnasiums, <\/span><span dir=\"ltr\" role=\"presentation\">Wittelsbacherstra\u00dfe 1, in Schwabach statt. Karten f\u00fcr die Veranstaltung, <\/span><span dir=\"ltr\" role=\"presentation\">die vom 24. bis zum 26. Juni 2022 l\u00e4uft, sind bereits jetzt zu kaufen.\u00a0<\/span><\/span><\/span><\/p><h3><span style=\"font-size: 14pt;\">Auftakt mit <span id=\"page58R_mcid17\" class=\"markedContent\"><span dir=\"ltr\" role=\"presentation\">Roman Gabla mit seinen <\/span><span dir=\"ltr\" role=\"presentation\">Timberos<\/span><\/span><\/span><\/h3><p><span style=\"font-size: 12pt;\"><span id=\"page58R_mcid17\" class=\"markedContent\"><span dir=\"ltr\" role=\"presentation\">Zum Auftakt des dreit\u00e4gigen Festivals heizt Roman Gabla mit seinen <\/span><span dir=\"ltr\" role=\"presentation\">Timberos mit kr\u00e4ftigen Salsa-Rhythmen ein. Die Band aus der Region ist <\/span><span dir=\"ltr\" role=\"presentation\">eine Formation junger Musiker, die moderne kubanische Musik <\/span><span dir=\"ltr\" role=\"presentation\">authentisch interpretieren will. Das Repertoire umfasst Kompositionen <\/span><span dir=\"ltr\" role=\"presentation\">des Who-is-who der Salsa- und Timba-Szene sowie eigene St\u00fccke. Auf <\/span><span dir=\"ltr\" role=\"presentation\">die Besucher warten anspruchsvolle Arrangements mit jazzigem Touch, <\/span><span dir=\"ltr\" role=\"presentation\">die aber sehr gut tanzbar sind.<\/span><\/span><span id=\"page58R_mcid18\" class=\"markedContent\"><\/span><span id=\"page58R_mcid19\" class=\"markedContent\"><br role=\"presentation\" \/><\/span><\/span><\/p><h3><span style=\"font-size: 12pt;\"><span id=\"page58R_mcid19\" class=\"markedContent\" style=\"font-size: 14pt;\"><span dir=\"ltr\" role=\"presentation\">Tango-Abend<\/span><\/span><span id=\"page58R_mcid20\" class=\"markedContent\"><br role=\"presentation\" \/><\/span><\/span><\/h3><p><span style=\"font-size: 12pt;\"><span id=\"page58R_mcid20\" class=\"markedContent\"><span dir=\"ltr\" role=\"presentation\">Den Tango-Abend am Samstag bestreitet das Cuarteto Rotterdam, <\/span><span dir=\"ltr\" role=\"presentation\">verst\u00e4rkt durch den argentinischen S\u00e4nger Guillermo Rozenthuler. Die <\/span><span dir=\"ltr\" role=\"presentation\">Formation gilt als eines der besten europ\u00e4ischen Tango-Ensembles. Die <\/span><span dir=\"ltr\" role=\"presentation\">klassische Formation des Quartetts mit Bandone\u00f3n, Violine, Piano und <\/span><span dir=\"ltr\" role=\"presentation\">Kontrabass verspricht ein Klangerlebnis, das sich zwischen Tradition und <\/span><span dir=\"ltr\" role=\"presentation\">Moderne bewegt. Speziell f\u00fcr Ritmos Latinos hat die Gruppe ein <\/span><span dir=\"ltr\" role=\"presentation\">Tanzprogramm vorbereitet.<\/span><\/span><\/span><\/p><h3><span style=\"font-size: 14pt;\">Abschluss mit <span id=\"page1R_mcid0\" class=\"markedContent\"><span dir=\"ltr\" role=\"presentation\">Juliana da Silva\u00a0<\/span><\/span><\/span><\/h3><p><span style=\"font-size: 12pt;\"><span id=\"page1R_mcid0\" class=\"markedContent\"><span dir=\"ltr\" role=\"presentation\">Juliana da Silva beschlie\u00dft am Sonntag das Festival. \u201eBrasileirando\u201c haben <\/span><span dir=\"ltr\" role=\"presentation\">Juliana da Silva und der Gitarrist Geovany da Silveira ihr gemeinsames Projekt <\/span><span dir=\"ltr\" role=\"presentation\">und Album genannt. Und so spielen sie auch ihr Konzert bei Ritmos Latinos: auf <\/span><span dir=\"ltr\" role=\"presentation\">brasilianische Art. Sie pr\u00e4sentieren eine sehr pers\u00f6nliche Auswahl von Liedern &#8211;<\/span><span dir=\"ltr\" role=\"presentation\"> umgesetzt in anspruchsvolle Arrangements. Nach Schwabach bringen sie als <\/span><span dir=\"ltr\" role=\"presentation\">Gast Angela Frontera mit. Die Perkussionistin und Schlagzeugerin tr\u00e4gt viel <\/span><span dir=\"ltr\" role=\"presentation\">Energie und sensibel ausgesuchte Sounds bei. Die drei Musiker versprechen <\/span><span dir=\"ltr\" role=\"presentation\">Lebensfreude, aber auch Melancholie &#8211; einfach sch\u00f6ne Musik.<\/span><\/span><span id=\"page1R_mcid1\" class=\"markedContent\"><\/span><span id=\"page1R_mcid2\" class=\"markedContent\"><br role=\"presentation\" \/><\/span><\/span><\/p><h3><span style=\"font-size: 12pt;\"><span id=\"page1R_mcid2\" class=\"markedContent\" style=\"font-size: 14pt;\"><span dir=\"ltr\" role=\"presentation\">Schnupperkurse<\/span><\/span><span id=\"page1R_mcid3\" class=\"markedContent\"><br role=\"presentation\" \/><\/span><\/span><\/h3><p><span style=\"font-size: 12pt;\"><span id=\"page1R_mcid3\" class=\"markedContent\"><span dir=\"ltr\" role=\"presentation\">Am Freitag und Samstag finden jeweils um 19.00 Uhr kostenlose Schnupperkurse <\/span><span dir=\"ltr\" role=\"presentation\">statt. Eine Einf\u00fchrung zur Salsa wird der geb\u00fcrtige Kubaner Carlos Cordero <\/span><span dir=\"ltr\" role=\"presentation\">Diaz geben. Oscar und Vicky aus Kolumbien pr\u00e4sentieren den Tango <\/span><span dir=\"ltr\" role=\"presentation\">Argentino. Voraussetzung zur Teilnahme ist eine g\u00fcltige Eintrittskarte.<\/span><\/span><span id=\"page1R_mcid4\" class=\"markedContent\"><\/span><span id=\"page1R_mcid5\" class=\"markedContent\"><br role=\"presentation\" \/><\/span><\/span><\/p><h3>Infos:\u00a0<\/h3><ul style=\"list-style-type: disc;\"><li><span style=\"font-size: 12pt;\"><span id=\"page1R_mcid5\" class=\"markedContent\"><span dir=\"ltr\" role=\"presentation\">Bei schlechtem Wetter finden die Konzerte im Saal des B\u00fcrgerhauses statt. <\/span><span dir=\"ltr\" role=\"presentation\">\u00c4nderungen werden am jeweiligen Veranstaltungstag im Internet bekannt<\/span><span dir=\"ltr\" role=\"presentation\">gegeben.\u00a0<\/span><\/span><\/span><\/li><li><span style=\"font-size: 12pt;\"><span id=\"page1R_mcid7\" class=\"markedContent\"><span dir=\"ltr\" role=\"presentation\">Karten f\u00fcr die drei Konzerte gibt es vor Ort im B\u00fcrgerb\u00fcro im Rathaus,<\/span><br role=\"presentation\" \/><span dir=\"ltr\" role=\"presentation\">K\u00f6nigsplatz1, Telefon 09122 860-0, sowie beim Schwabacher Tagblatt und im<\/span><br role=\"presentation\" \/><span dir=\"ltr\" role=\"presentation\">Ticket-Paradise im ORO-Einkaufszentrum.\u00a0<\/span><\/span><\/span><\/li><li><span style=\"font-size: 12pt;\"><span id=\"page1R_mcid9\" class=\"markedContent\"><span dir=\"ltr\" role=\"presentation\">Online sind Karten unter <a href=\"http:\/\/reservix.de\" target=\"_blank\" rel=\"noopener\">reservix.de<\/a> erh\u00e4ltlich. Sofern die Konzerte nicht<\/span><br role=\"presentation\" \/><span dir=\"ltr\" role=\"presentation\">ausverkauft sind, gibt es noch Restkarten an der Abendkasse<\/span><\/span><span id=\"page1R_mcid10\" class=\"markedContent\"><\/span><span id=\"page1R_mcid11\" class=\"markedContent\"><br role=\"presentation\" \/><\/span><\/span><\/li><\/ul><p><strong><span style=\"font-size: 12pt;\"><span id=\"page1R_mcid11\" class=\"markedContent\"><span dir=\"ltr\" role=\"presentation\">Fotos (Fotorechte bei den K\u00fcnstler\/inne\/n, Abdruck honorarfrei):<\/span><\/span><span id=\"page1R_mcid14\" class=\"markedContent\"><br role=\"presentation\" \/><span dir=\"ltr\" role=\"presentation\">(1) Cuarteto Rotterdam<\/span><\/span><span id=\"page1R_mcid18\" class=\"markedContent\"><br role=\"presentation\" \/><span dir=\"ltr\" role=\"presentation\">(2) Roman Gabla<\/span><\/span><span id=\"page1R_mcid22\" class=\"markedContent\"><br role=\"presentation\" \/><span dir=\"ltr\" role=\"presentation\">(3) Juliana da Silva<\/span><\/span><\/span><\/strong><\/p><h3>Weiterf\u00fchrende Links:<\/h3><p><span style=\"font-size: 12pt;\"><a href=\"https:\/\/www.schwabach.de\/de\/infoseiten-kulturportal\/10121-ritmos-latinos-2022.html\" target=\"_blank\" rel=\"noopener\">Weitere Infos zu dieser Veranstaltung gibt es hier &#8230;<\/a><\/span><\/p>\t\t\t\t\t\t<\/div>\n\t\t\t\t<\/div>\n\t\t\t\t<div class=\"elementor-element elementor-element-3faf532 elementor-widget elementor-widget-shortcode\" data-id=\"3faf532\" data-element_type=\"widget\" data-widget_type=\"shortcode.default\">\n\t\t\t\t<div class=\"elementor-widget-container\">\n\t\t\t\t\t<div class=\"elementor-shortcode\"><!-- Beginn https:\/\/www.financeads.net\/-Code --><a href=\"https:\/\/www.financeads.net\/tc.php?t=36648C38513858B\" target=\"_blank\"><center><img decoding=\"async\" src=\"https:\/\/www.financeads.net\/tb.php?t=36648V38513858B&https=1\" alt=\"\" border=\"0\" width=\"468\" height=\"60\"><\/a><!-- Ende https:\/\/www.financeads.net\/-Code --><\/div>\n\t\t\t\t<\/div>\n\t\t\t\t<\/div>\n\t\t\t\t\t<\/div>\n\t\t<\/div>\n\t\t\t\t<div class=\"elementor-column elementor-col-50 elementor-top-column elementor-element elementor-element-f0c9ae7\" data-id=\"f0c9ae7\" data-element_type=\"column\">\n\t\t\t<div class=\"elementor-widget-wrap elementor-element-populated\">\n\t\t\t\t\t\t<div class=\"elementor-element elementor-element-d8a57f2 elementor-widget elementor-widget-heading\" data-id=\"d8a57f2\" data-element_type=\"widget\" data-widget_type=\"heading.default\">\n\t\t\t\t<div class=\"elementor-widget-container\">\n\t\t\t<h3 class=\"elementor-heading-title elementor-size-default\">Schnell vergleichen und sparen!<\/h3>\t\t<\/div>\n\t\t\t\t<\/div>\n\t\t\t\t<div class=\"elementor-element elementor-element-47e5ded elementor-widget elementor-widget-wp-widget-advads_ad_widget\" data-id=\"47e5ded\" data-element_type=\"widget\" data-widget_type=\"wp-widget-advads_ad_widget.default\">\n\t\t\t\t<div class=\"elementor-widget-container\">\n\t\t\t<div id=\"regio-494124127\"><div class=\"regio-adlabel\">Werbung<\/div><!-- Beginn https:\/\/www.financeads.net\/-Code --><a href=\"https:\/\/www.financeads.net\/tc.php?t=36648C236142529B\" target=\"_blank\"><img fetchpriority=\"high\" decoding=\"async\" src=\"https:\/\/www.financeads.net\/tb.php?t=36648V236142529B&https=1\" alt=\"\" border=\"0\" width=\"300\" height=\"250\"><\/a><!-- Ende https:\/\/www.financeads.net\/-Code --><\/div>\t\t<\/div>\n\t\t\t\t<\/div>\n\t\t\t\t<div class=\"elementor-element elementor-element-d79b769 elementor-widget elementor-widget-wp-widget-advads_ad_widget\" data-id=\"d79b769\" data-element_type=\"widget\" data-widget_type=\"wp-widget-advads_ad_widget.default\">\n\t\t\t\t<div class=\"elementor-widget-container\">\n\t\t\t<div id=\"regio-2708365345\"><div class=\"regio-adlabel\">Werbung<\/div><!-- Beginn https:\/\/www.financeads.net\/-Code --><a href=\"https:\/\/www.financeads.net\/tc.php?t=36648C42614510B\" target=\"_blank\"><img decoding=\"async\" src=\"https:\/\/www.financeads.net\/tb.php?t=36648V42614510B&https=1\" alt=\"\" border=\"0\" width=\"200\" height=\"300\"><\/a><!-- Ende https:\/\/www.financeads.net\/-Code --><\/div>\t\t<\/div>\n\t\t\t\t<\/div>\n\t\t\t\t<div class=\"elementor-element elementor-element-f74fdcc elementor-widget elementor-widget-wp-widget-advads_ad_widget\" data-id=\"f74fdcc\" data-element_type=\"widget\" data-widget_type=\"wp-widget-advads_ad_widget.default\">\n\t\t\t\t<div class=\"elementor-widget-container\">\n\t\t\t<div id=\"regio-4003816896\"><div class=\"regio-adlabel\">Werbung<\/div><!-- Beginn https:\/\/www.financeads.net\/-Code --><a href=\"https:\/\/www.financeads.net\/tc.php?t=36648C205040072B\" target=\"_blank\"><img loading=\"lazy\" decoding=\"async\" src=\"https:\/\/www.financeads.net\/tb.php?t=36648V205040072B&https=1\" alt=\"\" border=\"0\" width=\"300\" height=\"250\"><\/a><!-- Ende https:\/\/www.financeads.net\/-Code --><\/div>\t\t<\/div>\n\t\t\t\t<\/div>\n\t\t\t\t<div class=\"elementor-element elementor-element-c860a7d elementor-widget elementor-widget-wp-widget-advads_ad_widget\" data-id=\"c860a7d\" data-element_type=\"widget\" data-widget_type=\"wp-widget-advads_ad_widget.default\">\n\t\t\t\t<div class=\"elementor-widget-container\">\n\t\t\t<div id=\"regio-3332134734\"><div class=\"regio-adlabel\">Werbung<\/div><!-- Beginn https:\/\/www.financeads.net\/-Code --><a href=\"https:\/\/www.financeads.net\/tc.php?t=36648C271460142B\" target=\"_blank\"><img loading=\"lazy\" decoding=\"async\" src=\"https:\/\/www.financeads.net\/tb.php?t=36648V271460142B&https=1\" alt=\"PETPROTECT_Hund&Katze_Banner\" border=\"0\" width=\"250\" height=\"250\"><\/a><!-- Ende https:\/\/www.financeads.net\/-Code --><\/div>\t\t<\/div>\n\t\t\t\t<\/div>\n\t\t\t\t\t<\/div>\n\t\t<\/div>\n\t\t\t\t\t<\/div>\n\t\t<\/section>\n\t\t\t\t<section class=\"elementor-section elementor-top-section elementor-element elementor-element-7d131e8 elementor-section-boxed elementor-section-height-default elementor-section-height-default\" data-id=\"7d131e8\" data-element_type=\"section\">\n\t\t\t\t\t\t<div class=\"elementor-container elementor-column-gap-default\">\n\t\t\t\t\t<div class=\"elementor-column elementor-col-100 elementor-top-column elementor-element elementor-element-cff7f35\" data-id=\"cff7f35\" data-element_type=\"column\">\n\t\t\t<div class=\"elementor-widget-wrap elementor-element-populated\">\n\t\t\t\t\t\t<div class=\"elementor-element elementor-element-ae54725 elementor-widget elementor-widget-heading\" data-id=\"ae54725\" data-element_type=\"widget\" data-widget_type=\"heading.default\">\n\t\t\t\t<div class=\"elementor-widget-container\">\n\t\t\t<h2 class=\"elementor-heading-title elementor-size-default\">Hier ein paar Impressionen zum \"Latinfestival Ritmos Latinos\"<\/h2>\t\t<\/div>\n\t\t\t\t<\/div>\n\t\t\t\t<div class=\"elementor-element elementor-element-a79fc02 elementor-widget elementor-widget-heading\" data-id=\"a79fc02\" data-element_type=\"widget\" data-widget_type=\"heading.default\">\n\t\t\t\t<div class=\"elementor-widget-container\">\n\t\t\t<h3 class=\"elementor-heading-title elementor-size-default\">(Bilder zum Vergr\u00f6\u00dfern bitte anklicken)<\/h3>\t\t<\/div>\n\t\t\t\t<\/div>\n\t\t\t\t\t<\/div>\n\t\t<\/div>\n\t\t\t\t\t<\/div>\n\t\t<\/section>\n\t\t\t\t<section class=\"elementor-section elementor-top-section elementor-element elementor-element-e928cd5 elementor-section-boxed elementor-section-height-default elementor-section-height-default\" data-id=\"e928cd5\" data-element_type=\"section\">\n\t\t\t\t\t\t<div class=\"elementor-container elementor-column-gap-default\">\n\t\t\t\t\t<div class=\"elementor-column elementor-col-50 elementor-top-column elementor-element elementor-element-0b4b354\" data-id=\"0b4b354\" data-element_type=\"column\">\n\t\t\t<div class=\"elementor-widget-wrap elementor-element-populated\">\n\t\t\t\t\t\t<div class=\"elementor-element elementor-element-9f4b680 elementor-widget elementor-widget-image\" data-id=\"9f4b680\" data-element_type=\"widget\" data-widget_type=\"image.default\">\n\t\t\t\t<div class=\"elementor-widget-container\">\n\t\t\t\t\t\t\t\t\t\t<figure class=\"wp-caption\">\n\t\t\t\t\t\t\t\t\t\t\t<a href=\"https:\/\/www.region-schwabach.de\/wordpress\/wp-content\/uploads\/2022\/05\/PM59_4_Logo-e1652782257672.jpg\" data-elementor-open-lightbox=\"yes\" data-elementor-lightbox-title=\"PM59_4_Logo\" data-e-action-hash=\"#elementor-action%3Aaction%3Dlightbox%26settings%3DeyJpZCI6MTcxMzEzLCJ1cmwiOiJodHRwczpcL1wvd3d3LnJlZ2lvbi1zY2h3YWJhY2guZGVcL3dvcmRwcmVzc1wvd3AtY29udGVudFwvdXBsb2Fkc1wvMjAyMlwvMDVcL1BNNTlfNF9Mb2dvLWUxNjUyNzgyMjU3NjcyLmpwZyJ9\">\n\t\t\t\t\t\t\t<img loading=\"lazy\" decoding=\"async\" width=\"666\" height=\"381\" src=\"https:\/\/www.region-schwabach.de\/wordpress\/wp-content\/uploads\/2022\/05\/PM59_4_Logo-666x381.jpg\" class=\"attachment-mh-magazine-content size-mh-magazine-content wp-image-171313\" alt=\"\" \/>\t\t\t\t\t\t\t\t<\/a>\n\t\t\t\t\t\t\t\t\t\t\t<figcaption class=\"widget-image-caption wp-caption-text\">Veranstaltungslogo<\/figcaption>\n\t\t\t\t\t\t\t\t\t\t<\/figure>\n\t\t\t\t\t\t\t<\/div>\n\t\t\t\t<\/div>\n\t\t\t\t\t<\/div>\n\t\t<\/div>\n\t\t\t\t<div class=\"elementor-column elementor-col-50 elementor-top-column elementor-element elementor-element-b8f41fb\" data-id=\"b8f41fb\" data-element_type=\"column\">\n\t\t\t<div class=\"elementor-widget-wrap elementor-element-populated\">\n\t\t\t\t\t\t<div class=\"elementor-element elementor-element-995ae41 elementor-widget elementor-widget-image\" data-id=\"995ae41\" data-element_type=\"widget\" data-widget_type=\"image.default\">\n\t\t\t\t<div class=\"elementor-widget-container\">\n\t\t\t\t\t\t\t\t\t\t<figure class=\"wp-caption\">\n\t\t\t\t\t\t\t\t\t\t\t<a href=\"https:\/\/www.region-schwabach.de\/wordpress\/wp-content\/uploads\/2022\/05\/PM59_1_ritmoslatinos_copyright_cuarteto-rotterdam-1-e1652782341751.jpg\" data-elementor-open-lightbox=\"yes\" data-elementor-lightbox-title=\"PM59_1_ritmoslatinos_copyright_cuarteto-rotterdam\" data-e-action-hash=\"#elementor-action%3Aaction%3Dlightbox%26settings%3DeyJpZCI6MTcxMzE0LCJ1cmwiOiJodHRwczpcL1wvd3d3LnJlZ2lvbi1zY2h3YWJhY2guZGVcL3dvcmRwcmVzc1wvd3AtY29udGVudFwvdXBsb2Fkc1wvMjAyMlwvMDVcL1BNNTlfMV9yaXRtb3NsYXRpbm9zX2NvcHlyaWdodF9jdWFydGV0by1yb3R0ZXJkYW0tMS1lMTY1Mjc4MjM0MTc1MS5qcGcifQ%3D%3D\">\n\t\t\t\t\t\t\t<img loading=\"lazy\" decoding=\"async\" width=\"678\" height=\"381\" src=\"https:\/\/www.region-schwabach.de\/wordpress\/wp-content\/uploads\/2022\/05\/PM59_1_ritmoslatinos_copyright_cuarteto-rotterdam-1-678x381.jpg\" class=\"attachment-mh-magazine-content size-mh-magazine-content wp-image-171314\" alt=\"\" \/>\t\t\t\t\t\t\t\t<\/a>\n\t\t\t\t\t\t\t\t\t\t\t<figcaption class=\"widget-image-caption wp-caption-text\">Cuarteto Rotterdam<\/figcaption>\n\t\t\t\t\t\t\t\t\t\t<\/figure>\n\t\t\t\t\t\t\t<\/div>\n\t\t\t\t<\/div>\n\t\t\t\t\t<\/div>\n\t\t<\/div>\n\t\t\t\t\t<\/div>\n\t\t<\/section>\n\t\t\t\t<section class=\"elementor-section elementor-top-section elementor-element elementor-element-e3c95ce elementor-section-boxed elementor-section-height-default elementor-section-height-default\" data-id=\"e3c95ce\" data-element_type=\"section\">\n\t\t\t\t\t\t<div class=\"elementor-container elementor-column-gap-default\">\n\t\t\t\t\t<div class=\"elementor-column elementor-col-50 elementor-top-column elementor-element elementor-element-6fbc33e\" data-id=\"6fbc33e\" data-element_type=\"column\">\n\t\t\t<div class=\"elementor-widget-wrap elementor-element-populated\">\n\t\t\t\t\t\t<div class=\"elementor-element elementor-element-152ff9c elementor-widget elementor-widget-image\" data-id=\"152ff9c\" data-element_type=\"widget\" data-widget_type=\"image.default\">\n\t\t\t\t<div class=\"elementor-widget-container\">\n\t\t\t\t\t\t\t\t\t\t<figure class=\"wp-caption\">\n\t\t\t\t\t\t\t\t\t\t\t<a href=\"https:\/\/www.region-schwabach.de\/wordpress\/wp-content\/uploads\/2022\/05\/PM59_2_ritmoslatinos_copyright_Roman_Gabla-scaled-e1652782714597.jpg\" data-elementor-open-lightbox=\"yes\" data-elementor-lightbox-title=\"PM59_2_ritmoslatinos_copyright_Roman_Gabla\" data-e-action-hash=\"#elementor-action%3Aaction%3Dlightbox%26settings%3DeyJpZCI6MTcxMzE2LCJ1cmwiOiJodHRwczpcL1wvd3d3LnJlZ2lvbi1zY2h3YWJhY2guZGVcL3dvcmRwcmVzc1wvd3AtY29udGVudFwvdXBsb2Fkc1wvMjAyMlwvMDVcL1BNNTlfMl9yaXRtb3NsYXRpbm9zX2NvcHlyaWdodF9Sb21hbl9HYWJsYS1zY2FsZWQtZTE2NTI3ODI3MTQ1OTcuanBnIn0%3D\">\n\t\t\t\t\t\t\t<img loading=\"lazy\" decoding=\"async\" width=\"678\" height=\"381\" src=\"https:\/\/www.region-schwabach.de\/wordpress\/wp-content\/uploads\/2022\/05\/PM59_2_ritmoslatinos_copyright_Roman_Gabla-678x381.jpg\" class=\"attachment-mh-magazine-content size-mh-magazine-content wp-image-171316\" alt=\"\" \/>\t\t\t\t\t\t\t\t<\/a>\n\t\t\t\t\t\t\t\t\t\t\t<figcaption class=\"widget-image-caption wp-caption-text\">Roman Gabla<\/figcaption>\n\t\t\t\t\t\t\t\t\t\t<\/figure>\n\t\t\t\t\t\t\t<\/div>\n\t\t\t\t<\/div>\n\t\t\t\t\t<\/div>\n\t\t<\/div>\n\t\t\t\t<div class=\"elementor-column elementor-col-50 elementor-top-column elementor-element elementor-element-5288163\" data-id=\"5288163\" data-element_type=\"column\">\n\t\t\t<div class=\"elementor-widget-wrap elementor-element-populated\">\n\t\t\t\t\t\t<div class=\"elementor-element elementor-element-8d2df8d elementor-widget elementor-widget-image\" data-id=\"8d2df8d\" data-element_type=\"widget\" data-widget_type=\"image.default\">\n\t\t\t\t<div class=\"elementor-widget-container\">\n\t\t\t\t\t\t\t\t\t\t<figure class=\"wp-caption\">\n\t\t\t\t\t\t\t\t\t\t\t<a href=\"https:\/\/www.region-schwabach.de\/wordpress\/wp-content\/uploads\/2022\/05\/PM59_3_ritomoslatinos_copyright_JulianadaSilva-scaled-e1652783050404.jpg\" data-elementor-open-lightbox=\"yes\" data-elementor-lightbox-title=\"PM59_3_ritomoslatinos_copyright_JulianadaSilva\" data-e-action-hash=\"#elementor-action%3Aaction%3Dlightbox%26settings%3DeyJpZCI6MTcxMzE3LCJ1cmwiOiJodHRwczpcL1wvd3d3LnJlZ2lvbi1zY2h3YWJhY2guZGVcL3dvcmRwcmVzc1wvd3AtY29udGVudFwvdXBsb2Fkc1wvMjAyMlwvMDVcL1BNNTlfM19yaXRvbW9zbGF0aW5vc19jb3B5cmlnaHRfSnVsaWFuYWRhU2lsdmEtc2NhbGVkLWUxNjUyNzgzMDUwNDA0LmpwZyJ9\">\n\t\t\t\t\t\t\t<img loading=\"lazy\" decoding=\"async\" width=\"678\" height=\"381\" src=\"https:\/\/www.region-schwabach.de\/wordpress\/wp-content\/uploads\/2022\/05\/PM59_3_ritomoslatinos_copyright_JulianadaSilva-678x381.jpg\" class=\"attachment-mh-magazine-content size-mh-magazine-content wp-image-171317\" alt=\"\" \/>\t\t\t\t\t\t\t\t<\/a>\n\t\t\t\t\t\t\t\t\t\t\t<figcaption class=\"widget-image-caption wp-caption-text\">Juliana da Silva<\/figcaption>\n\t\t\t\t\t\t\t\t\t\t<\/figure>\n\t\t\t\t\t\t\t<\/div>\n\t\t\t\t<\/div>\n\t\t\t\t\t<\/div>\n\t\t<\/div>\n\t\t\t\t\t<\/div>\n\t\t<\/section>\n\t\t\t\t<\/div>\n\t\t","protected":false},"excerpt":{"rendered":"<div class=\"mh-excerpt\"><p>Jetzt schon Karten f\u00fcr das Festival Ende Juni kaufen\u201eRitmos Latinos\u201c erklingen diesmal im Alten DG Schwabach &#8211; Erstmals findet das ritmos latinos-Festival in diesem Jahr nicht im Apothekersgarten, sondern im Hof des Alten Deutschen Gymnasiums, <a class=\"mh-excerpt-more\" href=\"https:\/\/www.region-schwabach.de\/wordpress\/kartenvorverkauf-fur-ritmos-latinos-24-26-juni-2022-in-schwabach-hat-begonnen\/\" title=\"Kartenvorverkauf f\u00fcr ritmos latinos (24. &#8211; 26. Juni 2022) in Schwabach hat begonnen\">[&#8230;]<\/a><\/p>\n<\/div>","protected":false},"author":1,"featured_media":171307,"comment_status":"open","ping_status":"open","sticky":false,"template":"","format":"standard","meta":{"_cbd_carousel_blocks":"[]","footnotes":""},"categories":[16,1,287,61,231],"tags":[19202,13021,9448,522,4394,4393,1480,4391,19,2678],"class_list":{"0":"post-171306","1":"post","2":"type-post","3":"status-publish","4":"format-standard","5":"has-post-thumbnail","7":"category-aktuell","8":"category-allgemein","9":"category-jugend-und-familie","10":"category-rathaus","11":"category-veranstaltungsnews","12":"tag-24-bis-26-juni-2022","13":"tag-27-06-2020","14":"tag-altes-deutsches-gymnasium","15":"tag-koenigsplatz","16":"tag-konzertabende-mit-tanz","17":"tag-latinfestival","18":"tag-rathaus","19":"tag-ritmos-latinos","20":"tag-schwabach","21":"tag-wittelsbacherstrasse"},"_links":{"self":[{"href":"https:\/\/www.region-schwabach.de\/wordpress\/wp-json\/wp\/v2\/posts\/171306","targetHints":{"allow":["GET"]}}],"collection":[{"href":"https:\/\/www.region-schwabach.de\/wordpress\/wp-json\/wp\/v2\/posts"}],"about":[{"href":"https:\/\/www.region-schwabach.de\/wordpress\/wp-json\/wp\/v2\/types\/post"}],"author":[{"embeddable":true,"href":"https:\/\/www.region-schwabach.de\/wordpress\/wp-json\/wp\/v2\/users\/1"}],"replies":[{"embeddable":true,"href":"https:\/\/www.region-schwabach.de\/wordpress\/wp-json\/wp\/v2\/comments?post=171306"}],"version-history":[{"count":0,"href":"https:\/\/www.region-schwabach.de\/wordpress\/wp-json\/wp\/v2\/posts\/171306\/revisions"}],"wp:featuredmedia":[{"embeddable":true,"href":"https:\/\/www.region-schwabach.de\/wordpress\/wp-json\/wp\/v2\/media\/171307"}],"wp:attachment":[{"href":"https:\/\/www.region-schwabach.de\/wordpress\/wp-json\/wp\/v2\/media?parent=171306"}],"wp:term":[{"taxonomy":"category","embeddable":true,"href":"https:\/\/www.region-schwabach.de\/wordpress\/wp-json\/wp\/v2\/categories?post=171306"},{"taxonomy":"post_tag","embeddable":true,"href":"https:\/\/www.region-schwabach.de\/wordpress\/wp-json\/wp\/v2\/tags?post=171306"}],"curies":[{"name":"wp","href":"https:\/\/api.w.org\/{rel}","templated":true}]}}