{"id":171338,"date":"2022-05-18T00:45:00","date_gmt":"2022-05-17T22:45:00","guid":{"rendered":"https:\/\/www.region-schwabach.de\/wordpress\/?p=171338"},"modified":"2022-05-17T21:14:58","modified_gmt":"2022-05-17T19:14:58","slug":"bezirk-mittelfranken-nimmt-sein-beratungsangebot-im-pflegestutzpunkt-schwabach-wieder-auf","status":"publish","type":"post","link":"https:\/\/www.region-schwabach.de\/wordpress\/bezirk-mittelfranken-nimmt-sein-beratungsangebot-im-pflegestutzpunkt-schwabach-wieder-auf\/","title":{"rendered":"Bezirk Mittelfranken nimmt sein Beratungsangebot im Pflegest\u00fctzpunkt Schwabach wieder auf"},"content":{"rendered":"\t\t<div data-elementor-type=\"wp-post\" data-elementor-id=\"171338\" class=\"elementor elementor-171338\">\n\t\t\t\t\t\t<section class=\"elementor-section elementor-top-section elementor-element elementor-element-678181b elementor-section-boxed elementor-section-height-default elementor-section-height-default\" data-id=\"678181b\" data-element_type=\"section\">\n\t\t\t\t\t\t<div class=\"elementor-container elementor-column-gap-default\">\n\t\t\t\t\t<div class=\"elementor-column elementor-col-50 elementor-top-column elementor-element elementor-element-6b34026\" data-id=\"6b34026\" data-element_type=\"column\">\n\t\t\t<div class=\"elementor-widget-wrap elementor-element-populated\">\n\t\t\t\t\t\t<div class=\"elementor-element elementor-element-480e34f elementor-widget elementor-widget-wp-widget-advads_ad_widget\" data-id=\"480e34f\" data-element_type=\"widget\" data-widget_type=\"wp-widget-advads_ad_widget.default\">\n\t\t\t\t<div class=\"elementor-widget-container\">\n\t\t\t<div id=\"regio-3517249972\"><div class=\"regio-adlabel\">Werbung<\/div><center><a href=\"https:\/\/a.partner-versicherung.de\/click.php?partner_id=19992&ad_id=1578&deep=kreditkarten\"  target=\"_blank\"><img decoding=\"async\" src=\"https:\/\/a.partner-versicherung.de\/view.php?partner_id=19992&ad_id=1578\" ><\/a><\/center><\/div>\t\t<\/div>\n\t\t\t\t<\/div>\n\t\t\t\t<div class=\"elementor-element elementor-element-443ab98 elementor-widget elementor-widget-text-editor\" data-id=\"443ab98\" data-element_type=\"widget\" data-widget_type=\"text-editor.default\">\n\t\t\t\t<div class=\"elementor-widget-container\">\n\t\t\t\t\t\t\t<h3><span id=\"page40R_mcid23\" class=\"markedContent\"><span dir=\"ltr\" role=\"presentation\">Pflegest\u00fctzpunkt Schwabach:\u00a0<\/span><\/span><span id=\"undefined\" class=\"markedContent\"><\/span><span id=\"page40R_mcid11\" class=\"markedContent\"><\/span><span id=\"page40R_mcid12\" class=\"markedContent\"><br role=\"presentation\" \/><span dir=\"ltr\" role=\"presentation\">Bezirk Mittelfranken ber\u00e4t wieder\u00a0<\/span><\/span><\/h3><p><span style=\"font-size: 12pt;\">Schwabach &#8211; <span id=\"page40R_mcid14\" class=\"markedContent\"><span dir=\"ltr\" role=\"presentation\">Sein Beratungsangebot vor Ort nimmt der Bezirk Mittelfranken als <\/span><span dir=\"ltr\" role=\"presentation\">Kooperationspartner des Pflegest\u00fctzpunkts Schwabach wieder auf. In <\/span><span dir=\"ltr\" role=\"presentation\">jeder zweiten Woche ber\u00e4t er als \u00fcber\u00f6rtlicher Sozialhilfetr\u00e4ger jeweils <\/span><span dir=\"ltr\" role=\"presentation\">freitags zwischen 9 und 12 Uhr in den R\u00e4umen des Pflegest\u00fctzpunkts <\/span><span dir=\"ltr\" role=\"presentation\">Schwabach zum Thema \u201aHilfe zur ambulanten und station\u00e4ren Pflege\u2018 <\/span><span dir=\"ltr\" role=\"presentation\">und unterst\u00fctzt bei der Antragstellung.<\/span><\/span><span id=\"page40R_mcid15\" class=\"markedContent\"><\/span><span id=\"page40R_mcid16\" class=\"markedContent\"><br role=\"presentation\" \/><\/span><\/span><\/p><p><span style=\"font-size: 12pt;\"><span id=\"page40R_mcid16\" class=\"markedContent\"><span dir=\"ltr\" role=\"presentation\">Reichen die Leistungen der Pflegekasse sowie das Einkommen und <\/span><span dir=\"ltr\" role=\"presentation\">Verm\u00f6gen der pflegebed\u00fcrftigen Person zur Finanzierung der Kosten <\/span><span dir=\"ltr\" role=\"presentation\">einer Unterbringung in einer station\u00e4ren Pflegeeinrichtung oder f\u00fcr die <\/span><span dir=\"ltr\" role=\"presentation\">pflegerische Versorgung im h\u00e4uslichen Umfeld nicht aus, kann hier ein <\/span><span dir=\"ltr\" role=\"presentation\">Antrag auf Hilfe zur Pflege nach Sozialgesetzbuch XII gestellt werden.<\/span><\/span><span id=\"page40R_mcid17\" class=\"markedContent\"><br role=\"presentation\" \/><\/span><\/span><\/p><h3><span style=\"font-size: 14pt;\"><span id=\"page40R_mcid17\" class=\"markedContent\"><span dir=\"ltr\" role=\"presentation\">Termine k\u00f6nnen \u00fcber den Pflegest\u00fctzpunkt Schwabach vereinbart <\/span><span dir=\"ltr\" role=\"presentation\">werden:\u00a0<\/span><\/span><\/span><\/h3><p><span style=\"font-size: 12pt;\"><span id=\"page40R_mcid17\" class=\"markedContent\"><span dir=\"ltr\" role=\"presentation\">Pflegest\u00fctzpunkt Schwabach &amp; Fachstelle f\u00fcr pflegende <\/span><span dir=\"ltr\" role=\"presentation\">Angeh\u00f6rige<br \/><\/span><\/span><\/span><span style=\"font-size: 12pt;\"><span id=\"page40R_mcid17\" class=\"markedContent\"><span dir=\"ltr\" role=\"presentation\">N\u00f6rdliche Ringstra\u00dfe 2 a-c<br \/>91126 Schwabach <br \/>Telefon 09122-860-595 &#8211; Telefax <\/span><span dir=\"ltr\" role=\"presentation\">09122-860-132 <br \/>E-Mail:<\/span><\/span><span id=\"page40R_mcid18\" class=\"markedContent\"> <span dir=\"ltr\" role=\"presentation\"><a href=\"mailto:pflegestuetzpunkt@schwabach.de\" target=\"_blank\" rel=\"noopener\">pflegestuetzpunkt@schwabach.de<\/a> <br \/><\/span><\/span><span id=\"page40R_mcid24\" class=\"markedContent\"><span dir=\"ltr\" role=\"presentation\">Internet: <\/span><\/span><span id=\"page40R_mcid20\" class=\"markedContent\"><span dir=\"ltr\" role=\"presentation\"><a href=\"http:\/\/www.pflegestuetzpunkt-schwabach.de\" target=\"_blank\" rel=\"noopener\">www.pflegestuetzpunkt-schwabach.de<\/a> <br \/><\/span><\/span><span id=\"page40R_mcid25\" class=\"markedContent\"><span dir=\"ltr\" role=\"presentation\">\u00d6ffnungszeiten: Mo, Mi, Do, Fr: <\/span><\/span><span id=\"page40R_mcid26\" class=\"markedContent\"><span dir=\"ltr\" role=\"presentation\">8:30 &#8211; 12 Uhr, Di 14 &#8211; 18 Uhr\u00a0<\/span><\/span><\/span><\/p>\t\t\t\t\t\t<\/div>\n\t\t\t\t<\/div>\n\t\t\t\t<div class=\"elementor-element elementor-element-166f2e6 elementor-widget elementor-widget-shortcode\" data-id=\"166f2e6\" data-element_type=\"widget\" data-widget_type=\"shortcode.default\">\n\t\t\t\t<div class=\"elementor-widget-container\">\n\t\t\t\t\t<div class=\"elementor-shortcode\"><center><a href=\"https:\/\/a.partner-versicherung.de\/click.php?partner_id=19992&ad_id=441&deep=kfz-versicherung\"  target=\"_blank\"><img decoding=\"async\" src=\"https:\/\/a.partner-versicherung.de\/view.php?partner_id=19992&ad_id=441\" ><\/a><\/center><\/div>\n\t\t\t\t<\/div>\n\t\t\t\t<\/div>\n\t\t\t\t<div class=\"elementor-element elementor-element-9ca12e2 elementor-widget elementor-widget-google_maps\" data-id=\"9ca12e2\" data-element_type=\"widget\" data-widget_type=\"google_maps.default\">\n\t\t\t\t<div class=\"elementor-widget-container\">\n\t\t\t\t\t<div class=\"elementor-custom-embed\">\n\t\t\t<iframe loading=\"lazy\"\n\t\t\t\t\tsrc=\"https:\/\/maps.google.com\/maps?q=N%C3%B6rdliche%20Ringstra%C3%9Fe%202a-c%2C%20Schwabach%2C%20Deutschland&#038;t=m&#038;z=16&#038;output=embed&#038;iwloc=near\"\n\t\t\t\t\ttitle=\"N\u00f6rdliche Ringstra\u00dfe 2a-c, Schwabach, Deutschland\"\n\t\t\t\t\taria-label=\"N\u00f6rdliche Ringstra\u00dfe 2a-c, Schwabach, Deutschland\"\n\t\t\t><\/iframe>\n\t\t<\/div>\n\t\t\t\t<\/div>\n\t\t\t\t<\/div>\n\t\t\t\t\t<\/div>\n\t\t<\/div>\n\t\t\t\t<div class=\"elementor-column elementor-col-50 elementor-top-column elementor-element elementor-element-635a0e1\" data-id=\"635a0e1\" data-element_type=\"column\">\n\t\t\t<div class=\"elementor-widget-wrap elementor-element-populated\">\n\t\t\t\t\t\t<div class=\"elementor-element elementor-element-d0e9452 elementor-widget elementor-widget-heading\" data-id=\"d0e9452\" data-element_type=\"widget\" data-widget_type=\"heading.default\">\n\t\t\t\t<div class=\"elementor-widget-container\">\n\t\t\t<h3 class=\"elementor-heading-title elementor-size-default\">Schnell vergleichen und sparen!<\/h3>\t\t<\/div>\n\t\t\t\t<\/div>\n\t\t\t\t<div class=\"elementor-element elementor-element-37a0690 elementor-widget elementor-widget-wp-widget-advads_ad_widget\" data-id=\"37a0690\" data-element_type=\"widget\" data-widget_type=\"wp-widget-advads_ad_widget.default\">\n\t\t\t\t<div class=\"elementor-widget-container\">\n\t\t\t<div id=\"regio-574313508\"><div class=\"regio-adlabel\">Werbung<\/div><!-- Beginn https:\/\/www.financeads.net\/-Code --><a href=\"https:\/\/www.financeads.net\/tc.php?t=36648C236142529B\" target=\"_blank\"><img fetchpriority=\"high\" decoding=\"async\" src=\"https:\/\/www.financeads.net\/tb.php?t=36648V236142529B&https=1\" alt=\"\" border=\"0\" width=\"300\" height=\"250\"><\/a><!-- Ende https:\/\/www.financeads.net\/-Code --><\/div>\t\t<\/div>\n\t\t\t\t<\/div>\n\t\t\t\t<div class=\"elementor-element elementor-element-0f2675d elementor-widget elementor-widget-wp-widget-advads_ad_widget\" data-id=\"0f2675d\" data-element_type=\"widget\" data-widget_type=\"wp-widget-advads_ad_widget.default\">\n\t\t\t\t<div class=\"elementor-widget-container\">\n\t\t\t<div id=\"regio-1361082380\"><div class=\"regio-adlabel\">Werbung<\/div><!-- Beginn https:\/\/www.financeads.net\/-Code --><a href=\"https:\/\/www.financeads.net\/tc.php?t=36648C42614510B\" target=\"_blank\"><img decoding=\"async\" src=\"https:\/\/www.financeads.net\/tb.php?t=36648V42614510B&https=1\" alt=\"\" border=\"0\" width=\"200\" height=\"300\"><\/a><!-- Ende https:\/\/www.financeads.net\/-Code --><\/div>\t\t<\/div>\n\t\t\t\t<\/div>\n\t\t\t\t<div class=\"elementor-element elementor-element-d9a1bcb elementor-widget elementor-widget-wp-widget-advads_ad_widget\" data-id=\"d9a1bcb\" data-element_type=\"widget\" data-widget_type=\"wp-widget-advads_ad_widget.default\">\n\t\t\t\t<div class=\"elementor-widget-container\">\n\t\t\t<div id=\"regio-3160690345\"><div class=\"regio-adlabel\">Werbung<\/div><!-- Beginn https:\/\/www.financeads.net\/-Code --><a href=\"https:\/\/www.financeads.net\/tc.php?t=36648C205040072B\" target=\"_blank\"><img decoding=\"async\" src=\"https:\/\/www.financeads.net\/tb.php?t=36648V205040072B&https=1\" alt=\"\" border=\"0\" width=\"300\" height=\"250\"><\/a><!-- Ende https:\/\/www.financeads.net\/-Code --><\/div>\t\t<\/div>\n\t\t\t\t<\/div>\n\t\t\t\t<div class=\"elementor-element elementor-element-86f9c66 elementor-widget elementor-widget-wp-widget-advads_ad_widget\" data-id=\"86f9c66\" data-element_type=\"widget\" data-widget_type=\"wp-widget-advads_ad_widget.default\">\n\t\t\t\t<div class=\"elementor-widget-container\">\n\t\t\t<div id=\"regio-673473086\"><div class=\"regio-adlabel\">Werbung<\/div><!-- Beginn https:\/\/www.financeads.net\/-Code --><a href=\"https:\/\/www.financeads.net\/tc.php?t=36648C271460142B\" target=\"_blank\"><img loading=\"lazy\" decoding=\"async\" src=\"https:\/\/www.financeads.net\/tb.php?t=36648V271460142B&https=1\" alt=\"PETPROTECT_Hund&Katze_Banner\" border=\"0\" width=\"250\" height=\"250\"><\/a><!-- Ende https:\/\/www.financeads.net\/-Code --><\/div>\t\t<\/div>\n\t\t\t\t<\/div>\n\t\t\t\t\t<\/div>\n\t\t<\/div>\n\t\t\t\t\t<\/div>\n\t\t<\/section>\n\t\t\t\t<section class=\"elementor-section elementor-top-section elementor-element elementor-element-0683f98 elementor-section-boxed elementor-section-height-default elementor-section-height-default\" data-id=\"0683f98\" data-element_type=\"section\">\n\t\t\t\t\t\t<div class=\"elementor-container elementor-column-gap-default\">\n\t\t\t\t\t<div class=\"elementor-column elementor-col-100 elementor-top-column elementor-element elementor-element-cb2c537\" data-id=\"cb2c537\" data-element_type=\"column\">\n\t\t\t<div class=\"elementor-widget-wrap\">\n\t\t\t\t\t\t\t<\/div>\n\t\t<\/div>\n\t\t\t\t\t<\/div>\n\t\t<\/section>\n\t\t\t\t<\/div>\n\t\t","protected":false},"excerpt":{"rendered":"<div class=\"mh-excerpt\"><p>Pflegest\u00fctzpunkt Schwabach:\u00a0Bezirk Mittelfranken ber\u00e4t wieder\u00a0 Schwabach &#8211; Sein Beratungsangebot vor Ort nimmt der Bezirk Mittelfranken als Kooperationspartner des Pflegest\u00fctzpunkts Schwabach wieder auf. In jeder zweiten Woche ber\u00e4t er als \u00fcber\u00f6rtlicher Sozialhilfetr\u00e4ger jeweils freitags zwischen 9 <a class=\"mh-excerpt-more\" href=\"https:\/\/www.region-schwabach.de\/wordpress\/bezirk-mittelfranken-nimmt-sein-beratungsangebot-im-pflegestutzpunkt-schwabach-wieder-auf\/\" title=\"Bezirk Mittelfranken nimmt sein Beratungsangebot im Pflegest\u00fctzpunkt Schwabach wieder auf\">[&#8230;]<\/a><\/p>\n<\/div>","protected":false},"author":1,"featured_media":171340,"comment_status":"open","ping_status":"open","sticky":false,"template":"","format":"standard","meta":{"_cbd_carousel_blocks":"[]","footnotes":""},"categories":[16,287,4306,61,46,140],"tags":[19116,19203,19204,4481,19062,4802,785,8288,1480,19,3151,19120],"class_list":{"0":"post-171338","1":"post","2":"type-post","3":"status-publish","4":"format-standard","5":"has-post-thumbnail","7":"category-aktuell","8":"category-jugend-und-familie","9":"category-ratgeber","10":"category-rathaus","11":"category-verbaende","12":"category-vereine","13":"tag-betreuungsverein","14":"tag-bezirk-mittelfranken","15":"tag-fachstelle-fuer-pflegende-angehoerige","16":"tag-infoabend","17":"tag-mai-2022","18":"tag-massnahmen","19":"tag-noerdliche-ringstrasse","20":"tag-pflegestuetzpunkt","21":"tag-rathaus","22":"tag-schwabach","23":"tag-stadt-schwabach","24":"tag-unterstuetzungsangebote"},"_links":{"self":[{"href":"https:\/\/www.region-schwabach.de\/wordpress\/wp-json\/wp\/v2\/posts\/171338","targetHints":{"allow":["GET"]}}],"collection":[{"href":"https:\/\/www.region-schwabach.de\/wordpress\/wp-json\/wp\/v2\/posts"}],"about":[{"href":"https:\/\/www.region-schwabach.de\/wordpress\/wp-json\/wp\/v2\/types\/post"}],"author":[{"embeddable":true,"href":"https:\/\/www.region-schwabach.de\/wordpress\/wp-json\/wp\/v2\/users\/1"}],"replies":[{"embeddable":true,"href":"https:\/\/www.region-schwabach.de\/wordpress\/wp-json\/wp\/v2\/comments?post=171338"}],"version-history":[{"count":0,"href":"https:\/\/www.region-schwabach.de\/wordpress\/wp-json\/wp\/v2\/posts\/171338\/revisions"}],"wp:featuredmedia":[{"embeddable":true,"href":"https:\/\/www.region-schwabach.de\/wordpress\/wp-json\/wp\/v2\/media\/171340"}],"wp:attachment":[{"href":"https:\/\/www.region-schwabach.de\/wordpress\/wp-json\/wp\/v2\/media?parent=171338"}],"wp:term":[{"taxonomy":"category","embeddable":true,"href":"https:\/\/www.region-schwabach.de\/wordpress\/wp-json\/wp\/v2\/categories?post=171338"},{"taxonomy":"post_tag","embeddable":true,"href":"https:\/\/www.region-schwabach.de\/wordpress\/wp-json\/wp\/v2\/tags?post=171338"}],"curies":[{"name":"wp","href":"https:\/\/api.w.org\/{rel}","templated":true}]}}