{"id":172728,"date":"2022-06-01T00:45:00","date_gmt":"2022-05-31T22:45:00","guid":{"rendered":"https:\/\/www.region-schwabach.de\/wordpress\/?p=172728"},"modified":"2022-05-31T21:14:20","modified_gmt":"2022-05-31T19:14:20","slug":"stadtradeln-im-zeichen-des-fahrrads-und-des-klimaschutzes-beginnt-am-sonntag-den-19-juni-2022","status":"publish","type":"post","link":"https:\/\/www.region-schwabach.de\/wordpress\/stadtradeln-im-zeichen-des-fahrrads-und-des-klimaschutzes-beginnt-am-sonntag-den-19-juni-2022\/","title":{"rendered":"Stadtradeln &#8211; im Zeichen des Fahrrads und des Klimaschutzes &#8211; beginnt am Sonntag, den 19. Juni 2022"},"content":{"rendered":"\t\t<div data-elementor-type=\"wp-post\" data-elementor-id=\"172728\" class=\"elementor elementor-172728\">\n\t\t\t\t\t\t<section class=\"elementor-section elementor-top-section elementor-element elementor-element-tlus4ia elementor-section-boxed elementor-section-height-default elementor-section-height-default\" data-id=\"tlus4ia\" data-element_type=\"section\">\n\t\t\t\t\t\t<div class=\"elementor-container elementor-column-gap-default\">\n\t\t\t\t\t<div class=\"elementor-column elementor-col-50 elementor-top-column elementor-element elementor-element-sphcucl\" data-id=\"sphcucl\" data-element_type=\"column\">\n\t\t\t<div class=\"elementor-widget-wrap elementor-element-populated\">\n\t\t\t\t\t\t<div class=\"elementor-element elementor-element-4f2h2af elementor-widget elementor-widget-text-editor\" data-id=\"4f2h2af\" data-element_type=\"widget\" data-widget_type=\"text-editor.default\">\n\t\t\t\t<div class=\"elementor-widget-container\">\n\t\t\t\t\t\t\t<h3 class=\"entry-title\"><span dir=\"ltr\" role=\"presentation\">STADTRADELN<\/span><br role=\"presentation\" \/><span dir=\"ltr\" role=\"presentation\">Interessante Radtouren und tolle Preise<\/span><\/h3><p><span style=\"font-size: 12pt;\">Schwabach &#8211; <span dir=\"ltr\" role=\"presentation\">Vom 19. Juni bis 9. Juli k\u00f6nnen sich alle Schwabacherinnen und Schwabacher <\/span><span dir=\"ltr\" role=\"presentation\">f\u00fcr mehr Klimaschutz und mehr Lebensqualit\u00e4t in der Stadt einsetzen: Beim <\/span><span dir=\"ltr\" role=\"presentation\">internationalen Wettbewerb STADTRADELN sollen m\u00f6glichst viele <\/span><span dir=\"ltr\" role=\"presentation\">Alltagsstrecken mit dem Fahrrad zur\u00fcckgelegt werden. Oberb\u00fcrgermeister <\/span><span dir=\"ltr\" role=\"presentation\">Peter Rei\u00df m\u00f6chte als Teilnehmer in der Sonderkategorie STADTRADEL-Star <\/span><span dir=\"ltr\" role=\"presentation\">aktiv ein Zeichen f\u00fcr den Klimaschutz setzen. Rei\u00df wird w\u00e4hrend des <\/span><span dir=\"ltr\" role=\"presentation\">Aktionszeitraums f\u00fcr drei Wochen kein Auto \u201evon innen sehen\u201c und m\u00f6glichst <\/span><span dir=\"ltr\" role=\"presentation\">alle Wege mit dem Fahrrad bew\u00e4ltigen. Wer sehen m\u00f6chte, wie OB Rei\u00df die <\/span><span dir=\"ltr\" role=\"presentation\">drei Wochen ohne Auto meistert, hat die M\u00f6glichkeit den STADTRADELN-Blog <\/span><span dir=\"ltr\" role=\"presentation\">oder die Social-Media-Kan\u00e4le von Peter Rei\u00df auf Facebook und Instagram zu <\/span><span dir=\"ltr\" role=\"presentation\">verfolgen.<\/span><br role=\"presentation\" \/><\/span><\/p><p><span style=\"font-size: 12pt;\"><span dir=\"ltr\" role=\"presentation\">F\u00fcr alle ist eine Teilnahme am STADTRADELN nur in einem Team m\u00f6glich. <\/span><span dir=\"ltr\" role=\"presentation\">Jeder oder jede kann ein STADTRADELN-Team gr\u00fcnden oder einem bereits <\/span><span dir=\"ltr\" role=\"presentation\">bestehenden Team beitreten. Am 19. Juni findet um 14 Uhr auf dem <\/span><span dir=\"ltr\" role=\"presentation\">K\u00f6nigsplatz in Schwabach die Auftaktveranstaltung statt, organisiert durch den <\/span><span dir=\"ltr\" role=\"presentation\">ADFC, VCD und den Bund Naturschutz. Die Organisationen bieten hier <\/span><span dir=\"ltr\" role=\"presentation\">gef\u00fchrte Radtouren unterschiedlicher L\u00e4nge an:<\/span><br role=\"presentation\" \/><\/span><\/p><h3><span style=\"font-size: 12pt;\"><span dir=\"ltr\" style=\"font-size: 14pt;\" role=\"presentation\">ADFC:<\/span><br role=\"presentation\" \/><\/span><\/h3><ul style=\"list-style-type: disc;\"><li><span style=\"font-size: 12pt;\"><span dir=\"ltr\" role=\"presentation\"><strong>Tour 1:<\/strong> Solar- und Streuobstwiesen \u2013 Fahrt nach Albersreuth; 21 km, etwa 100 <\/span><span dir=\"ltr\" role=\"presentation\">H\u00f6henmeter, gem\u00fctliche Fahrt mit kleiner Saftpause, durch offene Landschaft <\/span><span dir=\"ltr\" role=\"presentation\">und etwas Wald<\/span><\/span><\/li><li><span style=\"font-size: 12pt;\"><strong>Tour 2:<\/strong> Schwabach \u2013 Schwabachtal \u2013 Rohr \u2013 G\u00f6ddeldorf \u2013 Seitendorf \u2013 Pr\u00fcnst \u2013 Dechendorf \u2013 Waikersreuth \u2013 Schwabach; 30 km, etwa 220 H\u00f6henmeter, ca. 2 Stunden\u00a0<\/span><\/li><li><span style=\"font-size: 12pt;\"><strong>Tour 3:<\/strong> Schwabach \u2013 Richtung Worzeldorf \u2013 Wendelstein \u2013 Br\u00fcckkanal \u2013 Schleuse 52 \u2013 Schwabach; 50 km, etwa 325 H\u00f6henmeter, bei schlechten Wetter gibt es eine k\u00fcrzere Variante\u00a0<\/span><\/li><li><span dir=\"ltr\" style=\"font-size: 12pt;\" role=\"presentation\"><strong>Tour 4:<\/strong> Schwabacher Fahrradstadtplan Tour 9<\/span> <span dir=\"ltr\" style=\"font-size: 12pt;\" role=\"presentation\">Vom Blattgold zum Goldblatt\u00a0<\/span><\/li><li><span dir=\"ltr\" style=\"font-size: 12pt;\" role=\"presentation\"><strong>Tour 5:<\/strong> Schwabacher Fahrradstadtplan Tour 11<\/span> <span dir=\"ltr\" style=\"font-size: 12pt;\" role=\"presentation\">Weitgehend autofrei an den <\/span>Rothsee\u00a0<\/li><\/ul><p>\u00a0<\/p><h3><span style=\"font-size: 12pt;\"><span dir=\"ltr\" style=\"font-size: 14pt;\" role=\"presentation\">VCD:<\/span><br role=\"presentation\" \/><\/span><\/h3><ul style=\"list-style-type: disc;\"><li><span style=\"font-size: 12pt;\"><span dir=\"ltr\" role=\"presentation\">Kunstweg Rednitzhembach; 14 km, etwa 80 H\u00f6henmeter, entspannte Fahrt <\/span><span dir=\"ltr\" role=\"presentation\">entlang der Schwabach und Rednitz, \u00fcberwiegend auf Wald- und Feldwegen<\/span><br role=\"presentation\" \/><\/span><\/li><\/ul><h3><span style=\"font-size: 12pt;\"><span dir=\"ltr\" style=\"font-size: 14pt;\" role=\"presentation\">Bund Naturschutz:<\/span><br role=\"presentation\" \/><\/span><\/h3><ul style=\"list-style-type: disc;\"><li><span style=\"font-size: 12pt;\"><span dir=\"ltr\" role=\"presentation\">Fl\u00fcsse, B\u00e4che, Wasserwiesen; 12 km, ca. 2 Stunden mit verschiedenen <\/span><span dir=\"ltr\" role=\"presentation\">Stationen mit Erkl\u00e4rungen, Leitung: Martin Sauer, Geologe, 2. Vorsitzender <\/span><span dir=\"ltr\" role=\"presentation\">Bund Naturschutz<\/span><br role=\"presentation\" \/><\/span><\/li><\/ul><p><span style=\"font-size: 12pt;\"><span dir=\"ltr\" role=\"presentation\">Am Ende des Aktionszeitraums findet am 23. Juli, um 11:30 Uhr, auf dem <\/span><span dir=\"ltr\" role=\"presentation\">Schwabacher B\u00fcrgerfest eine Siegerehrung auf der Haupttrib\u00fcne statt. Hier gibt <\/span><span dir=\"ltr\" role=\"presentation\">es f\u00fcr alle Teilnehmenden die M\u00f6glichkeit, tolle Preise zu gewinnen.<\/span><br role=\"presentation\" \/><\/span><\/p><p><span style=\"font-size: 12pt;\"><span dir=\"ltr\" role=\"presentation\">Interessierte k\u00f6nnen sich unter<\/span> <a href=\"http:\/\/www.stadtradeln.de\/schwabach\" target=\"_blank\" rel=\"noopener\"><span dir=\"ltr\" role=\"presentation\">www.stadtradeln.de\/schwabach<\/span><\/a> <span dir=\"ltr\" role=\"presentation\">anmelden. <\/span><span dir=\"ltr\" role=\"presentation\">Bei R\u00fcckfragen wenden Sie sich bitte an Sabrina Pfeifer, Mitarbeiterin des <\/span><span dir=\"ltr\" role=\"presentation\">Referats f\u00fcr Umwelt, Mobilit\u00e4t, Nachhaltigkeit und Klimaschutz (Telefon: 09122-<\/span><span dir=\"ltr\" role=\"presentation\">860-801) oder den Mobilit\u00e4tsbeauftragten der Stadt Schwabach, G\u00f6tz Mahdi <\/span><span dir=\"ltr\" role=\"presentation\">(Telefon: 09122-860-802). Das Referat ist auch per E-Mail unter <\/span><a href=\"mailto:umweltreferat@schwabach.de\" target=\"_blank\" rel=\"noopener\"><span dir=\"ltr\" role=\"presentation\">umweltreferat@schwabach.de<\/span><\/a> <span dir=\"ltr\" role=\"presentation\">zu erreichen.\u00a0<\/span><\/span><\/p>\t\t\t\t\t\t<\/div>\n\t\t\t\t<\/div>\n\t\t\t\t<div class=\"elementor-element elementor-element-7a2960c elementor-widget elementor-widget-image\" data-id=\"7a2960c\" data-element_type=\"widget\" data-widget_type=\"image.default\">\n\t\t\t\t<div class=\"elementor-widget-container\">\n\t\t\t\t\t\t\t\t\t\t\t\t\t<img fetchpriority=\"high\" decoding=\"async\" width=\"1024\" height=\"681\" src=\"https:\/\/www.region-schwabach.de\/wordpress\/wp-content\/uploads\/2022\/05\/PM68_Stadtradeln_2-1024x681.jpg\" class=\"attachment-large size-large wp-image-172734\" alt=\"\" srcset=\"https:\/\/www.region-schwabach.de\/wordpress\/wp-content\/uploads\/2022\/05\/PM68_Stadtradeln_2-1024x681.jpg 1024w, https:\/\/www.region-schwabach.de\/wordpress\/wp-content\/uploads\/2022\/05\/PM68_Stadtradeln_2-e1654023754823-300x200.jpg 300w, https:\/\/www.region-schwabach.de\/wordpress\/wp-content\/uploads\/2022\/05\/PM68_Stadtradeln_2-e1654023754823-768x511.jpg 768w, https:\/\/www.region-schwabach.de\/wordpress\/wp-content\/uploads\/2022\/05\/PM68_Stadtradeln_2-1536x1022.jpg 1536w, https:\/\/www.region-schwabach.de\/wordpress\/wp-content\/uploads\/2022\/05\/PM68_Stadtradeln_2-2048x1362.jpg 2048w, https:\/\/www.region-schwabach.de\/wordpress\/wp-content\/uploads\/2022\/05\/PM68_Stadtradeln_2-e1654023754823.jpg 960w\" sizes=\"(max-width: 1024px) 100vw, 1024px\" \/>\t\t\t\t\t\t\t\t\t\t\t\t\t<\/div>\n\t\t\t\t<\/div>\n\t\t\t\t<div class=\"elementor-element elementor-element-a030f1b elementor-widget elementor-widget-google_maps\" data-id=\"a030f1b\" data-element_type=\"widget\" data-widget_type=\"google_maps.default\">\n\t\t\t\t<div class=\"elementor-widget-container\">\n\t\t\t\t\t<div class=\"elementor-custom-embed\">\n\t\t\t<iframe loading=\"lazy\"\n\t\t\t\t\tsrc=\"https:\/\/maps.google.com\/maps?q=Schwabach%2C%20Deutschland&#038;t=m&#038;z=15&#038;output=embed&#038;iwloc=near\"\n\t\t\t\t\ttitle=\"Schwabach, Deutschland\"\n\t\t\t\t\taria-label=\"Schwabach, Deutschland\"\n\t\t\t><\/iframe>\n\t\t<\/div>\n\t\t\t\t<\/div>\n\t\t\t\t<\/div>\n\t\t\t\t\t<\/div>\n\t\t<\/div>\n\t\t\t\t<div class=\"elementor-column elementor-col-50 elementor-top-column elementor-element elementor-element-4233827\" data-id=\"4233827\" data-element_type=\"column\">\n\t\t\t<div class=\"elementor-widget-wrap elementor-element-populated\">\n\t\t\t\t\t\t<div class=\"elementor-element elementor-element-4a16d76 elementor-widget elementor-widget-heading\" data-id=\"4a16d76\" data-element_type=\"widget\" data-widget_type=\"heading.default\">\n\t\t\t\t<div class=\"elementor-widget-container\">\n\t\t\t<h3 class=\"elementor-heading-title elementor-size-default\">Schnell vergleichen und sparen!<\/h3>\t\t<\/div>\n\t\t\t\t<\/div>\n\t\t\t\t<div class=\"elementor-element elementor-element-3bb9546 elementor-widget elementor-widget-wp-widget-advads_ad_widget\" data-id=\"3bb9546\" data-element_type=\"widget\" data-widget_type=\"wp-widget-advads_ad_widget.default\">\n\t\t\t\t<div class=\"elementor-widget-container\">\n\t\t\t<div id=\"regio-2909757062\"><div class=\"regio-adlabel\">Werbung<\/div><!-- Beginn https:\/\/www.financeads.net\/-Code --><a href=\"https:\/\/www.financeads.net\/tc.php?t=36648C236142529B\" target=\"_blank\"><img decoding=\"async\" src=\"https:\/\/www.financeads.net\/tb.php?t=36648V236142529B&https=1\" alt=\"\" border=\"0\" width=\"300\" height=\"250\"><\/a><!-- Ende https:\/\/www.financeads.net\/-Code --><\/div>\t\t<\/div>\n\t\t\t\t<\/div>\n\t\t\t\t<div class=\"elementor-element elementor-element-bdb2bd9 elementor-widget elementor-widget-wp-widget-advads_ad_widget\" data-id=\"bdb2bd9\" data-element_type=\"widget\" data-widget_type=\"wp-widget-advads_ad_widget.default\">\n\t\t\t\t<div class=\"elementor-widget-container\">\n\t\t\t<div id=\"regio-832459862\"><div class=\"regio-adlabel\">Werbung<\/div><!-- Beginn https:\/\/www.financeads.net\/-Code --><a href=\"https:\/\/www.financeads.net\/tc.php?t=36648C42614510B\" target=\"_blank\"><img decoding=\"async\" src=\"https:\/\/www.financeads.net\/tb.php?t=36648V42614510B&https=1\" alt=\"\" border=\"0\" width=\"200\" height=\"300\"><\/a><!-- Ende https:\/\/www.financeads.net\/-Code --><\/div>\t\t<\/div>\n\t\t\t\t<\/div>\n\t\t\t\t<div class=\"elementor-element elementor-element-1bb58b3 elementor-widget elementor-widget-wp-widget-advads_ad_widget\" data-id=\"1bb58b3\" data-element_type=\"widget\" data-widget_type=\"wp-widget-advads_ad_widget.default\">\n\t\t\t\t<div class=\"elementor-widget-container\">\n\t\t\t<div id=\"regio-4275241120\"><div class=\"regio-adlabel\">Werbung<\/div><!-- Beginn https:\/\/www.financeads.net\/-Code --><a href=\"https:\/\/www.financeads.net\/tc.php?t=36648C205040072B\" target=\"_blank\"><img loading=\"lazy\" decoding=\"async\" src=\"https:\/\/www.financeads.net\/tb.php?t=36648V205040072B&https=1\" alt=\"\" border=\"0\" width=\"300\" height=\"250\"><\/a><!-- Ende https:\/\/www.financeads.net\/-Code --><\/div>\t\t<\/div>\n\t\t\t\t<\/div>\n\t\t\t\t<div class=\"elementor-element elementor-element-d6fa9ae elementor-widget elementor-widget-wp-widget-advads_ad_widget\" data-id=\"d6fa9ae\" data-element_type=\"widget\" data-widget_type=\"wp-widget-advads_ad_widget.default\">\n\t\t\t\t<div class=\"elementor-widget-container\">\n\t\t\t<div id=\"regio-451059733\"><div class=\"regio-adlabel\">Werbung<\/div><!-- Beginn https:\/\/www.financeads.net\/-Code --><a href=\"https:\/\/www.financeads.net\/tc.php?t=36648C271460142B\" target=\"_blank\"><img loading=\"lazy\" decoding=\"async\" src=\"https:\/\/www.financeads.net\/tb.php?t=36648V271460142B&https=1\" alt=\"PETPROTECT_Hund&Katze_Banner\" border=\"0\" width=\"250\" height=\"250\"><\/a><!-- Ende https:\/\/www.financeads.net\/-Code --><\/div>\t\t<\/div>\n\t\t\t\t<\/div>\n\t\t\t\t\t<\/div>\n\t\t<\/div>\n\t\t\t\t\t<\/div>\n\t\t<\/section>\n\t\t\t\t<\/div>\n\t\t","protected":false},"excerpt":{"rendered":"<div class=\"mh-excerpt\"><p>STADTRADELNInteressante Radtouren und tolle Preise Schwabach &#8211; Vom 19. Juni bis 9. Juli k\u00f6nnen sich alle Schwabacherinnen und Schwabacher f\u00fcr mehr Klimaschutz und mehr Lebensqualit\u00e4t in der Stadt einsetzen: Beim internationalen Wettbewerb STADTRADELN sollen m\u00f6glichst <a class=\"mh-excerpt-more\" href=\"https:\/\/www.region-schwabach.de\/wordpress\/stadtradeln-im-zeichen-des-fahrrads-und-des-klimaschutzes-beginnt-am-sonntag-den-19-juni-2022\/\" title=\"Stadtradeln &#8211; im Zeichen des Fahrrads und des Klimaschutzes &#8211; beginnt am Sonntag, den 19. Juni 2022\">[&#8230;]<\/a><\/p>\n<\/div>","protected":false},"author":1,"featured_media":172739,"comment_status":"open","ping_status":"open","sticky":false,"template":"","format":"standard","meta":{"_cbd_carousel_blocks":"[]","footnotes":""},"categories":[16,1,13,61],"tags":[19103,19108,18281,19109,19110,522,19105,15780,1480,19,3012,3151,19102,19106,19104,19107,3634],"class_list":{"0":"post-172728","1":"post","2":"type-post","3":"status-publish","4":"format-standard","5":"has-post-thumbnail","7":"category-aktuell","8":"category-allgemein","9":"category-nachrichten","10":"category-rathaus","11":"tag-19-juni-2022-bis-9-juli-2022","12":"tag-adfc","13":"tag-auftaktveranstaltung","14":"tag-bund-naturschutz","15":"tag-gefuehrte-radtouren","16":"tag-koenigsplatz","17":"tag-mobilitaetsplan","18":"tag-oberbuergermeister-peter-reiss","19":"tag-rathaus","20":"tag-schwabach","21":"tag-stadt","22":"tag-stadt-schwabach","23":"tag-stadtradeln","24":"tag-umweltfreundliche-verkehrsarten","25":"tag-umweltreferentin-christine-meyer","26":"tag-vcd","27":"tag-wettbewerb"},"_links":{"self":[{"href":"https:\/\/www.region-schwabach.de\/wordpress\/wp-json\/wp\/v2\/posts\/172728","targetHints":{"allow":["GET"]}}],"collection":[{"href":"https:\/\/www.region-schwabach.de\/wordpress\/wp-json\/wp\/v2\/posts"}],"about":[{"href":"https:\/\/www.region-schwabach.de\/wordpress\/wp-json\/wp\/v2\/types\/post"}],"author":[{"embeddable":true,"href":"https:\/\/www.region-schwabach.de\/wordpress\/wp-json\/wp\/v2\/users\/1"}],"replies":[{"embeddable":true,"href":"https:\/\/www.region-schwabach.de\/wordpress\/wp-json\/wp\/v2\/comments?post=172728"}],"version-history":[{"count":0,"href":"https:\/\/www.region-schwabach.de\/wordpress\/wp-json\/wp\/v2\/posts\/172728\/revisions"}],"wp:featuredmedia":[{"embeddable":true,"href":"https:\/\/www.region-schwabach.de\/wordpress\/wp-json\/wp\/v2\/media\/172739"}],"wp:attachment":[{"href":"https:\/\/www.region-schwabach.de\/wordpress\/wp-json\/wp\/v2\/media?parent=172728"}],"wp:term":[{"taxonomy":"category","embeddable":true,"href":"https:\/\/www.region-schwabach.de\/wordpress\/wp-json\/wp\/v2\/categories?post=172728"},{"taxonomy":"post_tag","embeddable":true,"href":"https:\/\/www.region-schwabach.de\/wordpress\/wp-json\/wp\/v2\/tags?post=172728"}],"curies":[{"name":"wp","href":"https:\/\/api.w.org\/{rel}","templated":true}]}}