{"id":17293,"date":"2017-11-08T18:05:42","date_gmt":"2017-11-08T17:05:42","guid":{"rendered":"http:\/\/www.region-schwabach.de\/wordpress\/?p=17293"},"modified":"2017-11-09T00:43:36","modified_gmt":"2017-11-08T23:43:36","slug":"amt-fuer-senioren-und-soziales-vom-8-bis-15-november-wegen-umzug-geschlossen","status":"publish","type":"post","link":"https:\/\/www.region-schwabach.de\/wordpress\/amt-fuer-senioren-und-soziales-vom-8-bis-15-november-wegen-umzug-geschlossen\/","title":{"rendered":"Amt f\u00fcr Senioren und Soziales vom 8. bis 15. November wegen Umzug geschlossen"},"content":{"rendered":"\t\t<div data-elementor-type=\"wp-post\" data-elementor-id=\"17293\" class=\"elementor elementor-17293 elementor-bc-flex-widget\">\n\t\t\t\t\t\t<section class=\"elementor-section elementor-top-section elementor-element elementor-element-74ajz0k elementor-section-boxed elementor-section-height-default elementor-section-height-default\" data-id=\"74ajz0k\" data-element_type=\"section\">\n\t\t\t\t\t\t<div class=\"elementor-container elementor-column-gap-default\">\n\t\t\t\t\t<div class=\"elementor-column elementor-col-50 elementor-top-column elementor-element elementor-element-holtw7r\" data-id=\"holtw7r\" data-element_type=\"column\">\n\t\t\t<div class=\"elementor-widget-wrap elementor-element-populated\">\n\t\t\t\t\t\t<div class=\"elementor-element elementor-element-638lvp2 elementor-widget elementor-widget-text-editor\" data-id=\"638lvp2\" data-element_type=\"widget\" data-widget_type=\"text-editor.default\">\n\t\t\t\t<div class=\"elementor-widget-container\">\n\t\t\t\t\t\t\t<h3>Umzug von der Bahnhofstra\u00dfe in die N\u00f6rdliche Ringstra\u00dfe<\/h3><p>Von Mittwochg, den 08.11.2017, bis Mittwoch, den 15.11.2017 zieht das\u00a0Amt f\u00fcr Senioren und Soziales in das Geb\u00e4ude der Hauptgesch\u00e4ftsstelle der Sparkasse Schwabach in der N\u00f6rdlichen Ringstra\u00dfe 2 a-c.<\/p><h3>Daraus ergeben sich folgende \u00c4nderungen:<\/h3><ul style=\"list-style-type: disc;\"><li>Das Sachgebiet Sozialleistungen (Sozialamt) &#8211; bisher in der Eisentrautstra\u00dfe 2 untergebracht &#8211; ist daher von Mittwoch, den 8. November, bis einschlie\u00dflich Mittwoch, den 15. November, geschlossen.\u00a0<br \/><br \/><\/li><li>Das Sachgebiet Seniorenarbeit mit Pflegest\u00fctzpunkt, Betreuungsstelle und Versicherungsamt &#8211; bisher in der Bahnhofstra\u00dfe 6 untergebracht &#8211; ist von Donnerstag, den 9. November, bis einschlie\u00dflich Montag, den 13. November, geschlossen und am Dienstag, den 14. und Mittwoch, den 15. November, nur eingeschr\u00e4nkt erreichbar. \u200b<\/li><\/ul><h3>Hier finden Sie die neuen R\u00e4umlichkeiten:<\/h3><p>Die neuen R\u00e4ume des Amtes f\u00fcr Senioren und Soziales befinden sich im 1. Stock des Sparkassengeb\u00e4udes. Der Eingang befindet sich am Sablaiser Platz.<\/p>\t\t\t\t\t\t<\/div>\n\t\t\t\t<\/div>\n\t\t\t\t<div class=\"elementor-element elementor-element-p2vmo3w elementor-widget elementor-widget-google_maps\" data-id=\"p2vmo3w\" data-element_type=\"widget\" data-widget_type=\"google_maps.default\">\n\t\t\t\t<div class=\"elementor-widget-container\">\n\t\t\t\t\t<div class=\"elementor-custom-embed\">\n\t\t\t<iframe loading=\"lazy\"\n\t\t\t\t\tsrc=\"https:\/\/maps.google.com\/maps?q=N%C3%B6rdliche%20Ringstra%C3%9Fe%202a-c%2C%20Schwabach%2C%20Deutschland&#038;t=m&#038;z=18&#038;output=embed&#038;iwloc=near\"\n\t\t\t\t\ttitle=\"N\u00f6rdliche Ringstra\u00dfe 2a-c, Schwabach, Deutschland\"\n\t\t\t\t\taria-label=\"N\u00f6rdliche Ringstra\u00dfe 2a-c, Schwabach, Deutschland\"\n\t\t\t><\/iframe>\n\t\t<\/div>\n\t\t\t\t<\/div>\n\t\t\t\t<\/div>\n\t\t\t\t\t<\/div>\n\t\t<\/div>\n\t\t\t\t<div class=\"elementor-column elementor-col-50 elementor-top-column elementor-element elementor-element-grpaw28\" data-id=\"grpaw28\" data-element_type=\"column\">\n\t\t\t<div class=\"elementor-widget-wrap elementor-element-populated\">\n\t\t\t\t\t\t<div class=\"elementor-element elementor-element-cgrwuya elementor-widget elementor-widget-image\" data-id=\"cgrwuya\" data-element_type=\"widget\" data-widget_type=\"image.default\">\n\t\t\t\t<div class=\"elementor-widget-container\">\n\t\t\t\t\t\t\t\t\t\t\t\t\t\t<a href=\"http:\/\/www.region-schwabach.de\/wordpress\/werben-auf-region-schwabach\/\" target=\"_blank\">\n\t\t\t\t\t\t\t<img fetchpriority=\"high\" decoding=\"async\" width=\"1024\" height=\"1024\" src=\"https:\/\/www.region-schwabach.de\/wordpress\/wp-content\/uploads\/2017\/06\/werbung8-1024x1024.png\" class=\"attachment-large size-large wp-image-2484\" alt=\"\" srcset=\"https:\/\/www.region-schwabach.de\/wordpress\/wp-content\/uploads\/2017\/06\/werbung8-1024x1024.png 1024w, https:\/\/www.region-schwabach.de\/wordpress\/wp-content\/uploads\/2017\/06\/werbung8-150x150.png 150w, https:\/\/www.region-schwabach.de\/wordpress\/wp-content\/uploads\/2017\/06\/werbung8-300x300.png 300w, https:\/\/www.region-schwabach.de\/wordpress\/wp-content\/uploads\/2017\/06\/werbung8-768x768.png 768w, https:\/\/www.region-schwabach.de\/wordpress\/wp-content\/uploads\/2017\/06\/werbung8-600x600.png 600w, https:\/\/www.region-schwabach.de\/wordpress\/wp-content\/uploads\/2017\/06\/werbung8.png 1200w\" sizes=\"(max-width: 1024px) 100vw, 1024px\" \/>\t\t\t\t\t\t\t\t<\/a>\n\t\t\t\t\t\t\t\t\t\t\t\t\t<\/div>\n\t\t\t\t<\/div>\n\t\t\t\t\t<\/div>\n\t\t<\/div>\n\t\t\t\t\t<\/div>\n\t\t<\/section>\n\t\t\t\t<\/div>\n\t\t","protected":false},"excerpt":{"rendered":"<div class=\"mh-excerpt\"><p>Umzug von der Bahnhofstra\u00dfe in die N\u00f6rdliche Ringstra\u00dfe Von Mittwochg, den 08.11.2017, bis Mittwoch, den 15.11.2017 zieht das\u00a0Amt f\u00fcr Senioren und Soziales in das Geb\u00e4ude der Hauptgesch\u00e4ftsstelle der Sparkasse Schwabach in der N\u00f6rdlichen Ringstra\u00dfe 2 <a class=\"mh-excerpt-more\" href=\"https:\/\/www.region-schwabach.de\/wordpress\/amt-fuer-senioren-und-soziales-vom-8-bis-15-november-wegen-umzug-geschlossen\/\" title=\"Amt f\u00fcr Senioren und Soziales vom 8. bis 15. November wegen Umzug geschlossen\">[&#8230;]<\/a><\/p>\n<\/div>","protected":false},"author":1,"featured_media":14371,"comment_status":"open","ping_status":"open","sticky":false,"template":"","format":"standard","meta":{"_cbd_carousel_blocks":"[]","footnotes":""},"categories":[16,1,287,13,61],"tags":[1305,986,1306,1307,991,989,988,19,990,987],"class_list":{"0":"post-17293","1":"post","2":"type-post","3":"status-publish","4":"format-standard","5":"has-post-thumbnail","7":"category-aktuell","8":"category-allgemein","9":"category-jugend-und-familie","10":"category-nachrichten","11":"category-rathaus","12":"tag-8-bis-15-november","13":"tag-amt-fuer-jugend-und-familie","14":"tag-amt-fuer-senioren-uns-soziales","15":"tag-eisentrautstrasse","16":"tag-hauptgeschaeftsstelle-der-sparkasse","17":"tag-noerdlichen-ringstrasse","18":"tag-schliessung","19":"tag-schwabach","20":"tag-sparkasse","21":"tag-umzug"},"_links":{"self":[{"href":"https:\/\/www.region-schwabach.de\/wordpress\/wp-json\/wp\/v2\/posts\/17293","targetHints":{"allow":["GET"]}}],"collection":[{"href":"https:\/\/www.region-schwabach.de\/wordpress\/wp-json\/wp\/v2\/posts"}],"about":[{"href":"https:\/\/www.region-schwabach.de\/wordpress\/wp-json\/wp\/v2\/types\/post"}],"author":[{"embeddable":true,"href":"https:\/\/www.region-schwabach.de\/wordpress\/wp-json\/wp\/v2\/users\/1"}],"replies":[{"embeddable":true,"href":"https:\/\/www.region-schwabach.de\/wordpress\/wp-json\/wp\/v2\/comments?post=17293"}],"version-history":[{"count":0,"href":"https:\/\/www.region-schwabach.de\/wordpress\/wp-json\/wp\/v2\/posts\/17293\/revisions"}],"wp:featuredmedia":[{"embeddable":true,"href":"https:\/\/www.region-schwabach.de\/wordpress\/wp-json\/wp\/v2\/media\/14371"}],"wp:attachment":[{"href":"https:\/\/www.region-schwabach.de\/wordpress\/wp-json\/wp\/v2\/media?parent=17293"}],"wp:term":[{"taxonomy":"category","embeddable":true,"href":"https:\/\/www.region-schwabach.de\/wordpress\/wp-json\/wp\/v2\/categories?post=17293"},{"taxonomy":"post_tag","embeddable":true,"href":"https:\/\/www.region-schwabach.de\/wordpress\/wp-json\/wp\/v2\/tags?post=17293"}],"curies":[{"name":"wp","href":"https:\/\/api.w.org\/{rel}","templated":true}]}}