{"id":173149,"date":"2022-06-11T01:00:00","date_gmt":"2022-06-10T23:00:00","guid":{"rendered":"https:\/\/www.region-schwabach.de\/wordpress\/?p=173149"},"modified":"2022-06-10T22:41:56","modified_gmt":"2022-06-10T20:41:56","slug":"eingeschrankte-offnungszeiten-der-stadtbibliothek-wahrend-der-pfingstferien-2022","status":"publish","type":"post","link":"https:\/\/www.region-schwabach.de\/wordpress\/eingeschrankte-offnungszeiten-der-stadtbibliothek-wahrend-der-pfingstferien-2022\/","title":{"rendered":"Eingeschr\u00e4nkte \u00d6ffnungszeiten der Stadtbibliothek w\u00e4hrend der Pfingstferien 2022"},"content":{"rendered":"\t\t<div data-elementor-type=\"wp-post\" data-elementor-id=\"173149\" class=\"elementor elementor-173149\">\n\t\t\t\t\t\t<section class=\"elementor-section elementor-top-section elementor-element elementor-element-678181b elementor-section-boxed elementor-section-height-default elementor-section-height-default\" data-id=\"678181b\" data-element_type=\"section\">\n\t\t\t\t\t\t<div class=\"elementor-container elementor-column-gap-default\">\n\t\t\t\t\t<div class=\"elementor-column elementor-col-66 elementor-top-column elementor-element elementor-element-6b34026\" data-id=\"6b34026\" data-element_type=\"column\">\n\t\t\t<div class=\"elementor-widget-wrap elementor-element-populated\">\n\t\t\t\t\t\t<div class=\"elementor-element elementor-element-15a5ce5 elementor-widget elementor-widget-wp-widget-advads_ad_widget\" data-id=\"15a5ce5\" data-element_type=\"widget\" data-widget_type=\"wp-widget-advads_ad_widget.default\">\n\t\t\t\t<div class=\"elementor-widget-container\">\n\t\t\t<div id=\"regio-3666750221\"><div class=\"regio-adlabel\">Werbung<\/div><center><a href=\"https:\/\/a.partner-versicherung.de\/click.php?partner_id=19992&ad_id=1578&deep=kreditkarten\"  target=\"_blank\"><img decoding=\"async\" src=\"https:\/\/a.partner-versicherung.de\/view.php?partner_id=19992&ad_id=1578\" ><\/a><\/center><\/div>\t\t<\/div>\n\t\t\t\t<\/div>\n\t\t\t\t<div class=\"elementor-element elementor-element-443ab98 elementor-widget elementor-widget-text-editor\" data-id=\"443ab98\" data-element_type=\"widget\" data-widget_type=\"text-editor.default\">\n\t\t\t\t<div class=\"elementor-widget-container\">\n\t\t\t\t\t\t\t<h3><span id=\"page3R_mcid11\" class=\"markedContent\"><span dir=\"ltr\" role=\"presentation\">W\u00e4hrend der Pfingstferien von 7.<\/span> <span dir=\"ltr\" role=\"presentation\">b<\/span><span dir=\"ltr\" role=\"presentation\">is<\/span> <span dir=\"ltr\" role=\"presentation\">18. Jun<\/span><span dir=\"ltr\" role=\"presentation\">i 2022<\/span><\/span><span id=\"page3R_mcid12\" class=\"markedContent\"><\/span><span id=\"page3R_mcid13\" class=\"markedContent\"><br role=\"presentation\" \/><span dir=\"ltr\" role=\"presentation\">Stadtbibliothek: Eingeschr\u00e4nkte \u00d6ffnungszeiten<\/span><\/span><\/h3><p><span style=\"font-size: 12pt;\">Schwabach &#8211; <span id=\"page3R_mcid15\" class=\"markedContent\"><span dir=\"ltr\" role=\"presentation\">Aufgrund von Pe<\/span><span dir=\"ltr\" role=\"presentation\">r<\/span><span dir=\"ltr\" role=\"presentation\">sonalausf\u00e4llen<\/span> <span dir=\"ltr\" role=\"presentation\">kann die Stadtbibliothek w\u00e4hrend der<\/span><br role=\"presentation\" \/><span dir=\"ltr\" role=\"presentation\">Pfingstferien<\/span> <span dir=\"ltr\" role=\"presentation\">von 7.<\/span> <span dir=\"ltr\" role=\"presentation\">b<\/span><span dir=\"ltr\" role=\"presentation\">is<\/span> <span dir=\"ltr\" role=\"presentation\">18. Juni<\/span> 2022 <span dir=\"ltr\" role=\"presentation\">nur eingeschr\u00e4nkt \u00f6<\/span><span dir=\"ltr\" role=\"presentation\">ffnen.<\/span> <\/span><\/span><\/p><h3><span style=\"font-size: 14pt;\"><span id=\"page3R_mcid15\" class=\"markedContent\"><span dir=\"ltr\" role=\"presentation\">Die<\/span> <span dir=\"ltr\" role=\"presentation\">\u00d6ffnungszeiten <\/span><span dir=\"ltr\" role=\"presentation\">sind:<\/span> <\/span><\/span><\/h3><ul style=\"list-style-type: disc;\"><li><span style=\"font-size: 12pt;\"><span id=\"page3R_mcid15\" class=\"markedContent\"><span dir=\"ltr\" role=\"presentation\">Dienstag, Donnerstag und Freitag,<\/span> den <span dir=\"ltr\" role=\"presentation\">7.,<\/span> <span dir=\"ltr\" role=\"presentation\">9. und 10.<\/span> <span dir=\"ltr\" role=\"presentation\">Juni<\/span> 2022, <span dir=\"ltr\" role=\"presentation\">sowie Dienstag, den <\/span><span dir=\"ltr\" role=\"presentation\">14., und Freitag, den 17.<\/span> <span dir=\"ltr\" role=\"presentation\">Juni<\/span> 2022, <span dir=\"ltr\" role=\"presentation\">von<\/span> <span dir=\"ltr\" role=\"presentation\">14.00 bis 18.00 Uhr\u00a0<\/span><\/span><\/span><\/li><li><span style=\"font-size: 12pt;\"><span id=\"page3R_mcid15\" class=\"markedContent\"><span dir=\"ltr\" role=\"presentation\">Mittwoch,<\/span> den <span dir=\"ltr\" role=\"presentation\">8.<\/span> <span dir=\"ltr\" role=\"presentation\">Juni<\/span> <span dir=\"ltr\" role=\"presentation\">und 15. <\/span><span dir=\"ltr\" role=\"presentation\">Juni<\/span> <span dir=\"ltr\" role=\"presentation\">2022, wie immer von 10.00 bis 13.00 Uhr\u00a0<\/span><\/span><\/span><\/li><li><span style=\"font-size: 12pt;\"><span id=\"page3R_mcid15\" class=\"markedContent\"><span dir=\"ltr\" role=\"presentation\">Samstagen den 11. und <\/span><span dir=\"ltr\" role=\"presentation\">18. Juni 2022, ist die Stadtbibliothek geschlossen<\/span><span dir=\"ltr\" role=\"presentation\">,<\/span> <span dir=\"ltr\" role=\"presentation\">ebenso am<\/span> <span dir=\"ltr\" role=\"presentation\">Feiertag, den <\/span><span dir=\"ltr\" role=\"presentation\">Donnerstag, 16.<\/span> <span dir=\"ltr\" role=\"presentation\">Juni 2022\u00a0<\/span><\/span><\/span><\/li><\/ul><h3>Weiterf\u00fchrende Links:<\/h3><p><span style=\"font-size: 12pt;\"><a href=\"https:\/\/www.schwabach.de\/de\/kultureinrichtung-stadtbibliothek\/stadtbibliothek.html\" target=\"_blank\" rel=\"noopener\">Zur Homepage der Stadtbibliothek Schwabach geht&#8217;s hier &#8230;<\/a><\/span><\/p>\t\t\t\t\t\t<\/div>\n\t\t\t\t<\/div>\n\t\t\t\t<div class=\"elementor-element elementor-element-7a390c9 elementor-widget elementor-widget-shortcode\" data-id=\"7a390c9\" data-element_type=\"widget\" data-widget_type=\"shortcode.default\">\n\t\t\t\t<div class=\"elementor-widget-container\">\n\t\t\t\t\t<div class=\"elementor-shortcode\"><center><a href=\"https:\/\/a.partner-versicherung.de\/click.php?partner_id=19992&ad_id=441&deep=kfz-versicherung\"  target=\"_blank\"><img decoding=\"async\" src=\"https:\/\/a.partner-versicherung.de\/view.php?partner_id=19992&ad_id=441\" ><\/a><\/center><\/div>\n\t\t\t\t<\/div>\n\t\t\t\t<\/div>\n\t\t\t\t<div class=\"elementor-element elementor-element-0c834d7 elementor-widget-divider--view-line elementor-widget elementor-widget-divider\" data-id=\"0c834d7\" data-element_type=\"widget\" data-widget_type=\"divider.default\">\n\t\t\t\t<div class=\"elementor-widget-container\">\n\t\t\t\t\t<div class=\"elementor-divider\">\n\t\t\t<span class=\"elementor-divider-separator\">\n\t\t\t\t\t\t<\/span>\n\t\t<\/div>\n\t\t\t\t<\/div>\n\t\t\t\t<\/div>\n\t\t\t\t<div class=\"elementor-element elementor-element-325f51f elementor-widget elementor-widget-google_maps\" data-id=\"325f51f\" data-element_type=\"widget\" data-widget_type=\"google_maps.default\">\n\t\t\t\t<div class=\"elementor-widget-container\">\n\t\t\t\t\t<div class=\"elementor-custom-embed\">\n\t\t\t<iframe loading=\"lazy\"\n\t\t\t\t\tsrc=\"https:\/\/maps.google.com\/maps?q=K%C3%B6nigsplatz%2029A%2C%20Schwabach%2C%20Deutschland&#038;t=m&#038;z=17&#038;output=embed&#038;iwloc=near\"\n\t\t\t\t\ttitle=\"K\u00f6nigsplatz 29A, Schwabach, Deutschland\"\n\t\t\t\t\taria-label=\"K\u00f6nigsplatz 29A, Schwabach, Deutschland\"\n\t\t\t><\/iframe>\n\t\t<\/div>\n\t\t\t\t<\/div>\n\t\t\t\t<\/div>\n\t\t\t\t\t<\/div>\n\t\t<\/div>\n\t\t\t\t<div class=\"elementor-column elementor-col-33 elementor-top-column elementor-element elementor-element-f645137\" data-id=\"f645137\" data-element_type=\"column\">\n\t\t\t<div class=\"elementor-widget-wrap elementor-element-populated\">\n\t\t\t\t\t\t<div class=\"elementor-element elementor-element-f8e4225 elementor-widget elementor-widget-heading\" data-id=\"f8e4225\" data-element_type=\"widget\" data-widget_type=\"heading.default\">\n\t\t\t\t<div class=\"elementor-widget-container\">\n\t\t\t<h3 class=\"elementor-heading-title elementor-size-default\">Schnell vergleichen und sparen!<\/h3>\t\t<\/div>\n\t\t\t\t<\/div>\n\t\t\t\t<div class=\"elementor-element elementor-element-7eb2006 elementor-widget elementor-widget-wp-widget-advads_ad_widget\" data-id=\"7eb2006\" data-element_type=\"widget\" data-widget_type=\"wp-widget-advads_ad_widget.default\">\n\t\t\t\t<div class=\"elementor-widget-container\">\n\t\t\t<div id=\"regio-330317767\"><div class=\"regio-adlabel\">Werbung<\/div><!-- Beginn https:\/\/www.financeads.net\/-Code --><a href=\"https:\/\/www.financeads.net\/tc.php?t=36648C236142529B\" target=\"_blank\"><img fetchpriority=\"high\" decoding=\"async\" src=\"https:\/\/www.financeads.net\/tb.php?t=36648V236142529B&https=1\" alt=\"\" border=\"0\" width=\"300\" height=\"250\"><\/a><!-- Ende https:\/\/www.financeads.net\/-Code --><\/div>\t\t<\/div>\n\t\t\t\t<\/div>\n\t\t\t\t<div class=\"elementor-element elementor-element-9ad4f56 elementor-widget elementor-widget-wp-widget-advads_ad_widget\" data-id=\"9ad4f56\" data-element_type=\"widget\" data-widget_type=\"wp-widget-advads_ad_widget.default\">\n\t\t\t\t<div class=\"elementor-widget-container\">\n\t\t\t<div id=\"regio-3283497318\"><div class=\"regio-adlabel\">Werbung<\/div><!-- Beginn https:\/\/www.financeads.net\/-Code --><a href=\"https:\/\/www.financeads.net\/tc.php?t=36648C42614510B\" target=\"_blank\"><img decoding=\"async\" src=\"https:\/\/www.financeads.net\/tb.php?t=36648V42614510B&https=1\" alt=\"\" border=\"0\" width=\"200\" height=\"300\"><\/a><!-- Ende https:\/\/www.financeads.net\/-Code --><\/div>\t\t<\/div>\n\t\t\t\t<\/div>\n\t\t\t\t<div class=\"elementor-element elementor-element-e685a39 elementor-widget elementor-widget-wp-widget-advads_ad_widget\" data-id=\"e685a39\" data-element_type=\"widget\" data-widget_type=\"wp-widget-advads_ad_widget.default\">\n\t\t\t\t<div class=\"elementor-widget-container\">\n\t\t\t<div id=\"regio-4267006376\"><div class=\"regio-adlabel\">Werbung<\/div><!-- Beginn https:\/\/www.financeads.net\/-Code --><a href=\"https:\/\/www.financeads.net\/tc.php?t=36648C205040072B\" target=\"_blank\"><img decoding=\"async\" src=\"https:\/\/www.financeads.net\/tb.php?t=36648V205040072B&https=1\" alt=\"\" border=\"0\" width=\"300\" height=\"250\"><\/a><!-- Ende https:\/\/www.financeads.net\/-Code --><\/div>\t\t<\/div>\n\t\t\t\t<\/div>\n\t\t\t\t<div class=\"elementor-element elementor-element-fbc1a4f elementor-widget elementor-widget-wp-widget-advads_ad_widget\" data-id=\"fbc1a4f\" data-element_type=\"widget\" data-widget_type=\"wp-widget-advads_ad_widget.default\">\n\t\t\t\t<div class=\"elementor-widget-container\">\n\t\t\t<div id=\"regio-3395329217\"><div class=\"regio-adlabel\">Werbung<\/div><!-- Beginn https:\/\/www.financeads.net\/-Code --><a href=\"https:\/\/www.financeads.net\/tc.php?t=36648C271460142B\" target=\"_blank\"><img loading=\"lazy\" decoding=\"async\" src=\"https:\/\/www.financeads.net\/tb.php?t=36648V271460142B&https=1\" alt=\"PETPROTECT_Hund&Katze_Banner\" border=\"0\" width=\"250\" height=\"250\"><\/a><!-- Ende https:\/\/www.financeads.net\/-Code --><\/div>\t\t<\/div>\n\t\t\t\t<\/div>\n\t\t\t\t\t<\/div>\n\t\t<\/div>\n\t\t\t\t\t<\/div>\n\t\t<\/section>\n\t\t\t\t<\/div>\n\t\t","protected":false},"excerpt":{"rendered":"<div class=\"mh-excerpt\"><p>W\u00e4hrend der Pfingstferien von 7. bis 18. Juni 2022Stadtbibliothek: Eingeschr\u00e4nkte \u00d6ffnungszeiten Schwabach &#8211; Aufgrund von Personalausf\u00e4llen kann die Stadtbibliothek w\u00e4hrend derPfingstferien von 7. bis 18. Juni 2022 nur eingeschr\u00e4nkt \u00f6ffnen. Die \u00d6ffnungszeiten sind: Dienstag, Donnerstag <a class=\"mh-excerpt-more\" href=\"https:\/\/www.region-schwabach.de\/wordpress\/eingeschrankte-offnungszeiten-der-stadtbibliothek-wahrend-der-pfingstferien-2022\/\" title=\"Eingeschr\u00e4nkte \u00d6ffnungszeiten der Stadtbibliothek w\u00e4hrend der Pfingstferien 2022\">[&#8230;]<\/a><\/p>\n<\/div>","protected":false},"author":1,"featured_media":173150,"comment_status":"open","ping_status":"open","sticky":false,"template":"","format":"standard","meta":{"_cbd_carousel_blocks":"[]","footnotes":""},"categories":[16,4306,61],"tags":[19358,8289,6579,522,19360,19359,1480,19,3151,2555],"class_list":{"0":"post-173149","1":"post","2":"type-post","3":"status-publish","4":"format-standard","5":"has-post-thumbnail","7":"category-aktuell","8":"category-ratgeber","9":"category-rathaus","10":"tag-7-juni-2022-bis-18-juni-2022","11":"tag-geaenderte-oeffnungszeiten","12":"tag-geoeffnet","13":"tag-koenigsplatz","14":"tag-personalausfall","15":"tag-personalmangel","16":"tag-rathaus","17":"tag-schwabach","18":"tag-stadt-schwabach","19":"tag-stadtbibliothek"},"_links":{"self":[{"href":"https:\/\/www.region-schwabach.de\/wordpress\/wp-json\/wp\/v2\/posts\/173149","targetHints":{"allow":["GET"]}}],"collection":[{"href":"https:\/\/www.region-schwabach.de\/wordpress\/wp-json\/wp\/v2\/posts"}],"about":[{"href":"https:\/\/www.region-schwabach.de\/wordpress\/wp-json\/wp\/v2\/types\/post"}],"author":[{"embeddable":true,"href":"https:\/\/www.region-schwabach.de\/wordpress\/wp-json\/wp\/v2\/users\/1"}],"replies":[{"embeddable":true,"href":"https:\/\/www.region-schwabach.de\/wordpress\/wp-json\/wp\/v2\/comments?post=173149"}],"version-history":[{"count":0,"href":"https:\/\/www.region-schwabach.de\/wordpress\/wp-json\/wp\/v2\/posts\/173149\/revisions"}],"wp:featuredmedia":[{"embeddable":true,"href":"https:\/\/www.region-schwabach.de\/wordpress\/wp-json\/wp\/v2\/media\/173150"}],"wp:attachment":[{"href":"https:\/\/www.region-schwabach.de\/wordpress\/wp-json\/wp\/v2\/media?parent=173149"}],"wp:term":[{"taxonomy":"category","embeddable":true,"href":"https:\/\/www.region-schwabach.de\/wordpress\/wp-json\/wp\/v2\/categories?post=173149"},{"taxonomy":"post_tag","embeddable":true,"href":"https:\/\/www.region-schwabach.de\/wordpress\/wp-json\/wp\/v2\/tags?post=173149"}],"curies":[{"name":"wp","href":"https:\/\/api.w.org\/{rel}","templated":true}]}}