{"id":173404,"date":"2022-06-08T01:00:00","date_gmt":"2022-06-07T23:00:00","guid":{"rendered":"https:\/\/www.region-schwabach.de\/wordpress\/?p=173404"},"modified":"2022-06-07T21:47:56","modified_gmt":"2022-06-07T19:47:56","slug":"oberburgermeister-ladt-vertreterinnen-und-vertreter-der-schwabacher-schulen-zum-austausch-ein","status":"publish","type":"post","link":"https:\/\/www.region-schwabach.de\/wordpress\/oberburgermeister-ladt-vertreterinnen-und-vertreter-der-schwabacher-schulen-zum-austausch-ein\/","title":{"rendered":"Oberb\u00fcrgermeister l\u00e4dt Vertreterinnen und Vertreter der Schwabacher Schulen zum Austausch ein"},"content":{"rendered":"\t\t<div data-elementor-type=\"wp-post\" data-elementor-id=\"173404\" class=\"elementor elementor-173404\">\n\t\t\t\t\t\t<section class=\"elementor-section elementor-top-section elementor-element elementor-element-678181b elementor-section-boxed elementor-section-height-default elementor-section-height-default\" data-id=\"678181b\" data-element_type=\"section\">\n\t\t\t\t\t\t<div class=\"elementor-container elementor-column-gap-default\">\n\t\t\t\t\t<div class=\"elementor-column elementor-col-50 elementor-top-column elementor-element elementor-element-6b34026\" data-id=\"6b34026\" data-element_type=\"column\">\n\t\t\t<div class=\"elementor-widget-wrap elementor-element-populated\">\n\t\t\t\t\t\t<div class=\"elementor-element elementor-element-5fea1cd elementor-widget elementor-widget-wp-widget-advads_ad_widget\" data-id=\"5fea1cd\" data-element_type=\"widget\" data-widget_type=\"wp-widget-advads_ad_widget.default\">\n\t\t\t\t<div class=\"elementor-widget-container\">\n\t\t\t<div id=\"regio-173751704\"><div class=\"regio-adlabel\">Werbung<\/div><center><a href=\"https:\/\/a.partner-versicherung.de\/click.php?partner_id=19992&ad_id=1578&deep=kreditkarten\"  target=\"_blank\"><img decoding=\"async\" src=\"https:\/\/a.partner-versicherung.de\/view.php?partner_id=19992&ad_id=1578\" ><\/a><\/center><\/div>\t\t<\/div>\n\t\t\t\t<\/div>\n\t\t\t\t<div class=\"elementor-element elementor-element-443ab98 elementor-widget elementor-widget-text-editor\" data-id=\"443ab98\" data-element_type=\"widget\" data-widget_type=\"text-editor.default\">\n\t\t\t\t<div class=\"elementor-widget-container\">\n\t\t\t\t\t\t\t<h3><span id=\"page52R_mcid20\" class=\"markedContent\"><span dir=\"ltr\" role=\"presentation\">OB Peter Rei\u00df lud alle Sch\u00fclervertretungen zum Austausch<\/span><\/span><span id=\"undefined\" class=\"markedContent\"><\/span><span id=\"page52R_mcid12\" class=\"markedContent\"><\/span><span id=\"page52R_mcid13\" class=\"markedContent\"><br role=\"presentation\" \/><span dir=\"ltr\" role=\"presentation\">Themen von Pausenhof bis Digitalisierung<\/span><\/span><\/h3>\n<p><span style=\"font-size: 12pt;\">Schwabach &#8211; <span id=\"page52R_mcid15\" class=\"markedContent\"><span dir=\"ltr\" role=\"presentation\">Zu einem gemeinsamen Austausch hat Oberb\u00fcrgermeister Peter Rei\u00df alle <\/span><span dir=\"ltr\" role=\"presentation\">Sch\u00fclervertretungen der Schwabacher Schulen in die Aula der Schule am <\/span><span dir=\"ltr\" role=\"presentation\">Museum eingeladen. Ob nun Schulbau und Sanierungen, Digitalisierung oder <\/span><span dir=\"ltr\" role=\"presentation\">die Schulausstattung \u2013 \u00fcber 20 Sch\u00fclerinnen und Sch\u00fcler aus elf <\/span><span dir=\"ltr\" role=\"presentation\">verschiedenen Schulen wurden vom OB und seinen Mitarbeitenden \u00fcber viele <\/span><span dir=\"ltr\" role=\"presentation\">Schulthemen der Stadt informiert. Zugleich brachten die Sch\u00fclervertretungen <\/span><span dir=\"ltr\" role=\"presentation\">auch selbst zahlreiche Ideen und Anmerkungen zur Verbesserung ein.<\/span><\/span><span id=\"page52R_mcid16\" class=\"markedContent\"><\/span><span id=\"page52R_mcid17\" class=\"markedContent\"><br role=\"presentation\" \/><\/span><\/span><\/p>\n<p><span style=\"font-size: 12pt;\"><span id=\"page52R_mcid17\" class=\"markedContent\"><span dir=\"ltr\" role=\"presentation\">Gleich bei der Begr\u00fc\u00dfung machte OB Rei\u00df klar, warum ihm ein Austausch mit <\/span><span dir=\"ltr\" role=\"presentation\">den Sch\u00fclervertretungen so wichtig ist: \u201eWenn es drum geht, an unseren <\/span><span dir=\"ltr\" role=\"presentation\">Schulen etwas zu bauen oder zu kaufen, sind wir als Stadt eigentlich immer im <\/span><span dir=\"ltr\" role=\"presentation\">engen Kontakt mit vielen anderen Beh\u00f6rden, mit den Schulleitungen und <\/span><span dir=\"ltr\" role=\"presentation\">Lehrkr\u00e4ften oder Elternbeir\u00e4ten. Aber was ist eigentlich naheliegender als auch <\/span><span dir=\"ltr\" role=\"presentation\">mit den wohl am st\u00e4rksten Betroffenen solcher Ma\u00dfnahmen \u2013 mit euch <\/span><span dir=\"ltr\" role=\"presentation\">Sch\u00fclerinnen und Sch\u00fcler \u2013 \u00fcber solche Dinge zu reden?\u201c<\/span><\/span><span id=\"page52R_mcid18\" class=\"markedContent\"><\/span><span id=\"page52R_mcid19\" class=\"markedContent\"><br role=\"presentation\" \/><\/span><\/span><\/p>\n<p><span style=\"font-size: 12pt;\"><span id=\"page52R_mcid19\" class=\"markedContent\"><span dir=\"ltr\" role=\"presentation\">Zu dem anschlie\u00dfenden rund 90-min\u00fctigen Austausch brachte OB Rei\u00df auch <\/span><span dir=\"ltr\" role=\"presentation\">die f\u00fcr Schulen verantwortlichen Mitarbeiter der Stadtverwaltung mit: Schul<\/span><span dir=\"ltr\" role=\"presentation\">koordinator Dr. Manuel Kronschnabel, Amtsleiterin Margarete Koenen vom <\/span><span dir=\"ltr\" role=\"presentation\">Geb\u00e4udemanagement und Schulamtsleiter Gerhard Kappler. Gemeinsam <\/span><span dir=\"ltr\" role=\"presentation\">erl\u00e4uterten sie den anwesenden Sch\u00fclervertreterinnen und -vertreter, was <\/span><span dir=\"ltr\" role=\"presentation\">derzeit in den einzelnen Schulen geplant ist oder k\u00fcrzlich umgesetzt wurde.<\/span><\/span><\/span><\/p>\n<p><span style=\"font-size: 12pt;\"><span id=\"page1R_mcid0\" class=\"markedContent\"><span dir=\"ltr\" role=\"presentation\">Besonders interessiert aber waren die Stadtvertreter nat\u00fcrlich an den <\/span><span dir=\"ltr\" role=\"presentation\">R\u00fcckmeldungen, Ideen und W\u00fcnschen der Sch\u00fclerinnen und Sch\u00fcler. Und von <\/span><span dir=\"ltr\" role=\"presentation\">dieser bisher erstmaligen M\u00f6glichkeit machten diese auch zahlreich Gebrauch <\/span><span dir=\"ltr\" role=\"presentation\">\u2013 eine rege und thematisch sehr bunte Frage- und Gespr\u00e4chsrunde entwickelte<\/span><br role=\"presentation\" \/><span dir=\"ltr\" role=\"presentation\">sich:<\/span><\/span><span id=\"page1R_mcid1\" class=\"markedContent\"><br role=\"presentation\" \/><\/span><\/span><\/p>\n<p><span style=\"font-size: 12pt;\"><span id=\"page1R_mcid1\" class=\"markedContent\"><span dir=\"ltr\" role=\"presentation\">\u201eWie lange dauert noch die Sanierung der Berufsschule? Wie geht es mit der <\/span><span dir=\"ltr\" role=\"presentation\">Turnhalle am WEG weiter? Werden die Schulh\u00f6fe eingez\u00e4unt?\u201c<\/span> <span dir=\"ltr\" role=\"presentation\">Neben solchen <\/span><span dir=\"ltr\" role=\"presentation\">Fragen wurden aber auch ganz konkrete W\u00fcnsche an den OB herangetragen, <\/span><span dir=\"ltr\" role=\"presentation\">beispielsweise nach mehr Spielger\u00e4ten oder Sitzm\u00f6glichkeiten auf den <\/span><span dir=\"ltr\" role=\"presentation\">Pausenh\u00f6fen oder einem Gartenh\u00e4uschen zum Pflanzen. Auch die Thematik <\/span><span dir=\"ltr\" role=\"presentation\">rund um die ukrainischen Sch\u00fclerinnen und Sch\u00fcler, die seit kurzem einige der <\/span><span dir=\"ltr\" role=\"presentation\">Schwabacher Schulen besuchen, wurde angesprochen.<\/span><\/span><span id=\"page1R_mcid2\" class=\"markedContent\"><\/span><span id=\"page1R_mcid3\" class=\"markedContent\"><br role=\"presentation\" \/><\/span><\/span><\/p>\n<p><span style=\"font-size: 12pt;\"><span id=\"page1R_mcid3\" class=\"markedContent\"><span dir=\"ltr\" role=\"presentation\">Die Digitalisierung der Schulen war f\u00fcr die Runde ebenfalls ein sehr wichtiges <\/span><span dir=\"ltr\" role=\"presentation\">Thema. \u201eWir brauchen dringend besseres W-LAN\u201c, \u00e4u\u00dferten einige <\/span><span dir=\"ltr\" role=\"presentation\">Sch\u00fclervertretungen. \u201eDas dauert noch etwas, aber wir sind optimistisch, dass <\/span><span dir=\"ltr\" role=\"presentation\">das im Laufe des kommenden Schuljahrs mit dem Glasfaseranschluss und der <\/span><span dir=\"ltr\" role=\"presentation\">W-LAN-Ausleuchtung klappt\u201c, so OB Rei\u00df und Schulamtsleiter Kappler. <\/span><span dir=\"ltr\" role=\"presentation\">Anerkennung gab es von den Sch\u00fclervertretungen f\u00fcr die gute digitale <\/span><span dir=\"ltr\" role=\"presentation\">Ausstattung an den Schulen \u2013 ob Smartboards, Beamer oder die neuen <\/span><span dir=\"ltr\" role=\"presentation\">Lehrerdienstger\u00e4te.<\/span><\/span><span id=\"page1R_mcid4\" class=\"markedContent\"><\/span><span id=\"page1R_mcid5\" class=\"markedContent\"><br role=\"presentation\" \/><\/span><\/span><\/p>\n<p><span style=\"font-size: 12pt;\"><span id=\"page1R_mcid5\" class=\"markedContent\"><span dir=\"ltr\" role=\"presentation\">Neben den vielen Ideen und Verbesserungsw\u00fcnschen erhielt die Stadt am <\/span><span dir=\"ltr\" role=\"presentation\">Ende der Veranstaltung auch Lob von den Sch\u00fclerinnen und Sch\u00fclern, dass <\/span><span dir=\"ltr\" role=\"presentation\">eine solche Veranstaltung \u00fcberhaupt stattfinde und die Sch\u00fclervertretungen <\/span><span dir=\"ltr\" role=\"presentation\">eingebunden und ernst genommen w\u00fcrden. OB Rei\u00df wiederum bekundete, <\/span><span dir=\"ltr\" role=\"presentation\">dass es nicht bei einem einzigen solchen Austausch bleiben solle: \u201eIch w\u00fcrde <\/span><span dir=\"ltr\" role=\"presentation\">vorschlagen, wir machen das k\u00fcnftig etwa jedes halbe Jahr. Das n\u00e4chste Mal <\/span><span dir=\"ltr\" role=\"presentation\">dann vielleicht im Rathaus\u201c, verband Rei\u00df den Abschluss der Veranstaltung mit <\/span><span dir=\"ltr\" role=\"presentation\">einer Einladung.<\/span><\/span><span id=\"page1R_mcid6\" class=\"markedContent\"><\/span><span id=\"page1R_mcid7\" class=\"markedContent\"><br role=\"presentation\" \/><\/span><\/span><\/p>\n<p><strong><span style=\"font-size: 12pt;\"><span id=\"page1R_mcid7\" class=\"markedContent\"><span dir=\"ltr\" role=\"presentation\">Foto: OB Rei\u00df (Tisch, Mitte) sowie Dr. Manuel Kronschnabel, Margarete <\/span><span dir=\"ltr\" role=\"presentation\">Koenen und Gerhard Kappler tauschten sich mit den Vertreterinnen und <\/span><span dir=\"ltr\" role=\"presentation\">Vertretern der Schulen in Schwabach aus.\u00a0<\/span><\/span><\/span><\/strong><\/p>\t\t\t\t\t\t<\/div>\n\t\t\t\t<\/div>\n\t\t\t\t<div class=\"elementor-element elementor-element-7cc9469 elementor-widget elementor-widget-shortcode\" data-id=\"7cc9469\" data-element_type=\"widget\" data-widget_type=\"shortcode.default\">\n\t\t\t\t<div class=\"elementor-widget-container\">\n\t\t\t\t\t<div class=\"elementor-shortcode\"><center><a href=\"https:\/\/a.partner-versicherung.de\/click.php?partner_id=19992&ad_id=441&deep=kfz-versicherung\"  target=\"_blank\"><img decoding=\"async\" src=\"https:\/\/a.partner-versicherung.de\/view.php?partner_id=19992&ad_id=441\" ><\/a><\/center><\/div>\n\t\t\t\t<\/div>\n\t\t\t\t<\/div>\n\t\t\t\t<div class=\"elementor-element elementor-element-0c834d7 elementor-widget-divider--view-line elementor-widget elementor-widget-divider\" data-id=\"0c834d7\" data-element_type=\"widget\" data-widget_type=\"divider.default\">\n\t\t\t\t<div class=\"elementor-widget-container\">\n\t\t\t\t\t<div class=\"elementor-divider\">\n\t\t\t<span class=\"elementor-divider-separator\">\n\t\t\t\t\t\t<\/span>\n\t\t<\/div>\n\t\t\t\t<\/div>\n\t\t\t\t<\/div>\n\t\t\t\t<div class=\"elementor-element elementor-element-325f51f elementor-widget elementor-widget-google_maps\" data-id=\"325f51f\" data-element_type=\"widget\" data-widget_type=\"google_maps.default\">\n\t\t\t\t<div class=\"elementor-widget-container\">\n\t\t\t\t\t<div class=\"elementor-custom-embed\">\n\t\t\t<iframe loading=\"lazy\"\n\t\t\t\t\tsrc=\"https:\/\/maps.google.com\/maps?q=K%C3%B6nigsplatz%201%2C%20Schwabach%2C%20Deutschland&#038;t=m&#038;z=17&#038;output=embed&#038;iwloc=near\"\n\t\t\t\t\ttitle=\"K\u00f6nigsplatz 1, Schwabach, Deutschland\"\n\t\t\t\t\taria-label=\"K\u00f6nigsplatz 1, Schwabach, Deutschland\"\n\t\t\t><\/iframe>\n\t\t<\/div>\n\t\t\t\t<\/div>\n\t\t\t\t<\/div>\n\t\t\t\t\t<\/div>\n\t\t<\/div>\n\t\t\t\t<div class=\"elementor-column elementor-col-50 elementor-top-column elementor-element elementor-element-f141625\" data-id=\"f141625\" data-element_type=\"column\">\n\t\t\t<div class=\"elementor-widget-wrap elementor-element-populated\">\n\t\t\t\t\t\t<div class=\"elementor-element elementor-element-aa635e8 elementor-widget elementor-widget-heading\" data-id=\"aa635e8\" data-element_type=\"widget\" data-widget_type=\"heading.default\">\n\t\t\t\t<div class=\"elementor-widget-container\">\n\t\t\t<h3 class=\"elementor-heading-title elementor-size-default\">Schnell vergleichen und sparen!<\/h3>\t\t<\/div>\n\t\t\t\t<\/div>\n\t\t\t\t<div class=\"elementor-element elementor-element-380778c elementor-widget elementor-widget-wp-widget-advads_ad_widget\" data-id=\"380778c\" data-element_type=\"widget\" data-widget_type=\"wp-widget-advads_ad_widget.default\">\n\t\t\t\t<div class=\"elementor-widget-container\">\n\t\t\t<div id=\"regio-3516328572\"><div class=\"regio-adlabel\">Werbung<\/div><!-- Beginn https:\/\/www.financeads.net\/-Code --><a href=\"https:\/\/www.financeads.net\/tc.php?t=36648C236142529B\" target=\"_blank\"><img fetchpriority=\"high\" decoding=\"async\" src=\"https:\/\/www.financeads.net\/tb.php?t=36648V236142529B&https=1\" alt=\"\" border=\"0\" width=\"300\" height=\"250\"><\/a><!-- Ende https:\/\/www.financeads.net\/-Code --><\/div>\t\t<\/div>\n\t\t\t\t<\/div>\n\t\t\t\t<div class=\"elementor-element elementor-element-bd26aa5 elementor-widget elementor-widget-wp-widget-advads_ad_widget\" data-id=\"bd26aa5\" data-element_type=\"widget\" data-widget_type=\"wp-widget-advads_ad_widget.default\">\n\t\t\t\t<div class=\"elementor-widget-container\">\n\t\t\t<div id=\"regio-515350333\"><div class=\"regio-adlabel\">Werbung<\/div><!-- Beginn https:\/\/www.financeads.net\/-Code --><a href=\"https:\/\/www.financeads.net\/tc.php?t=36648C42614510B\" target=\"_blank\"><img decoding=\"async\" src=\"https:\/\/www.financeads.net\/tb.php?t=36648V42614510B&https=1\" alt=\"\" border=\"0\" width=\"200\" height=\"300\"><\/a><!-- Ende https:\/\/www.financeads.net\/-Code --><\/div>\t\t<\/div>\n\t\t\t\t<\/div>\n\t\t\t\t<div class=\"elementor-element elementor-element-abfc6b5 elementor-widget elementor-widget-wp-widget-advads_ad_widget\" data-id=\"abfc6b5\" data-element_type=\"widget\" data-widget_type=\"wp-widget-advads_ad_widget.default\">\n\t\t\t\t<div class=\"elementor-widget-container\">\n\t\t\t<div id=\"regio-3771287524\"><div class=\"regio-adlabel\">Werbung<\/div><!-- Beginn https:\/\/www.financeads.net\/-Code --><a href=\"https:\/\/www.financeads.net\/tc.php?t=36648C205040072B\" target=\"_blank\"><img decoding=\"async\" src=\"https:\/\/www.financeads.net\/tb.php?t=36648V205040072B&https=1\" alt=\"\" border=\"0\" width=\"300\" height=\"250\"><\/a><!-- Ende https:\/\/www.financeads.net\/-Code --><\/div>\t\t<\/div>\n\t\t\t\t<\/div>\n\t\t\t\t<div class=\"elementor-element elementor-element-9b68655 elementor-widget elementor-widget-wp-widget-advads_ad_widget\" data-id=\"9b68655\" data-element_type=\"widget\" data-widget_type=\"wp-widget-advads_ad_widget.default\">\n\t\t\t\t<div class=\"elementor-widget-container\">\n\t\t\t<div id=\"regio-3373178997\"><div class=\"regio-adlabel\">Werbung<\/div><!-- Beginn https:\/\/www.financeads.net\/-Code --><a href=\"https:\/\/www.financeads.net\/tc.php?t=36648C271460142B\" target=\"_blank\"><img loading=\"lazy\" decoding=\"async\" src=\"https:\/\/www.financeads.net\/tb.php?t=36648V271460142B&https=1\" alt=\"PETPROTECT_Hund&Katze_Banner\" border=\"0\" width=\"250\" height=\"250\"><\/a><!-- Ende https:\/\/www.financeads.net\/-Code --><\/div>\t\t<\/div>\n\t\t\t\t<\/div>\n\t\t\t\t\t<\/div>\n\t\t<\/div>\n\t\t\t\t\t<\/div>\n\t\t<\/section>\n\t\t\t\t<\/div>\n\t\t","protected":false},"excerpt":{"rendered":"<div class=\"mh-excerpt\"><p>OB Peter Rei\u00df lud alle Sch\u00fclervertretungen zum AustauschThemen von Pausenhof bis Digitalisierung Schwabach &#8211; Zu einem gemeinsamen Austausch hat Oberb\u00fcrgermeister Peter Rei\u00df alle Sch\u00fclervertretungen der Schwabacher Schulen in die Aula der Schule am Museum eingeladen. <a class=\"mh-excerpt-more\" href=\"https:\/\/www.region-schwabach.de\/wordpress\/oberburgermeister-ladt-vertreterinnen-und-vertreter-der-schwabacher-schulen-zum-austausch-ein\/\" title=\"Oberb\u00fcrgermeister l\u00e4dt Vertreterinnen und Vertreter der Schwabacher Schulen zum Austausch ein\">[&#8230;]<\/a><\/p>\n<\/div>","protected":false},"author":1,"featured_media":173405,"comment_status":"open","ping_status":"open","sticky":false,"template":"","format":"standard","meta":{"_cbd_carousel_blocks":"[]","footnotes":""},"categories":[16,61],"tags":[419,4746,6580,19305,522,5269,12385,1480,3139,19370,19,8017,6968,3012,3151],"class_list":{"0":"post-173404","1":"post","2":"type-post","3":"status-publish","4":"format-standard","5":"has-post-thumbnail","7":"category-aktuell","8":"category-rathaus","9":"tag-ansbacher-strasse","10":"tag-austausch","11":"tag-infoveranstaltung","12":"tag-juni-2022","13":"tag-koenigsplatz","14":"tag-oberbuergermeister","15":"tag-peter-reiss","16":"tag-rathaus","17":"tag-schule-am-museum","18":"tag-schuelervertretungen","19":"tag-schwabach","20":"tag-schwabacher-schulen","21":"tag-spd","22":"tag-stadt","23":"tag-stadt-schwabach"},"_links":{"self":[{"href":"https:\/\/www.region-schwabach.de\/wordpress\/wp-json\/wp\/v2\/posts\/173404","targetHints":{"allow":["GET"]}}],"collection":[{"href":"https:\/\/www.region-schwabach.de\/wordpress\/wp-json\/wp\/v2\/posts"}],"about":[{"href":"https:\/\/www.region-schwabach.de\/wordpress\/wp-json\/wp\/v2\/types\/post"}],"author":[{"embeddable":true,"href":"https:\/\/www.region-schwabach.de\/wordpress\/wp-json\/wp\/v2\/users\/1"}],"replies":[{"embeddable":true,"href":"https:\/\/www.region-schwabach.de\/wordpress\/wp-json\/wp\/v2\/comments?post=173404"}],"version-history":[{"count":0,"href":"https:\/\/www.region-schwabach.de\/wordpress\/wp-json\/wp\/v2\/posts\/173404\/revisions"}],"wp:featuredmedia":[{"embeddable":true,"href":"https:\/\/www.region-schwabach.de\/wordpress\/wp-json\/wp\/v2\/media\/173405"}],"wp:attachment":[{"href":"https:\/\/www.region-schwabach.de\/wordpress\/wp-json\/wp\/v2\/media?parent=173404"}],"wp:term":[{"taxonomy":"category","embeddable":true,"href":"https:\/\/www.region-schwabach.de\/wordpress\/wp-json\/wp\/v2\/categories?post=173404"},{"taxonomy":"post_tag","embeddable":true,"href":"https:\/\/www.region-schwabach.de\/wordpress\/wp-json\/wp\/v2\/tags?post=173404"}],"curies":[{"name":"wp","href":"https:\/\/api.w.org\/{rel}","templated":true}]}}