{"id":173410,"date":"2022-06-08T00:45:00","date_gmt":"2022-06-07T22:45:00","guid":{"rendered":"https:\/\/www.region-schwabach.de\/wordpress\/?p=173410"},"modified":"2022-06-07T21:47:46","modified_gmt":"2022-06-07T19:47:46","slug":"stolze-preistragerinnen-zum-ende-der-kunstschau-evas-tochter-mit-und-ohne-im-stadtmuseum-gewurdigt","status":"publish","type":"post","link":"https:\/\/www.region-schwabach.de\/wordpress\/stolze-preistragerinnen-zum-ende-der-kunstschau-evas-tochter-mit-und-ohne-im-stadtmuseum-gewurdigt\/","title":{"rendered":"Stolze Preistr\u00e4gerinnen zum Ende der Kunstschau \u201eEvas T\u00f6chter mit und ohne\u201c im Stadtmuseum gew\u00fcrdigt"},"content":{"rendered":"\t\t<div data-elementor-type=\"wp-post\" data-elementor-id=\"173410\" class=\"elementor elementor-173410\">\n\t\t\t\t\t\t<section class=\"elementor-section elementor-top-section elementor-element elementor-element-678181b elementor-section-boxed elementor-section-height-default elementor-section-height-default\" data-id=\"678181b\" data-element_type=\"section\">\n\t\t\t\t\t\t<div class=\"elementor-container elementor-column-gap-default\">\n\t\t\t\t\t<div class=\"elementor-column elementor-col-50 elementor-top-column elementor-element elementor-element-6b34026\" data-id=\"6b34026\" data-element_type=\"column\">\n\t\t\t<div class=\"elementor-widget-wrap elementor-element-populated\">\n\t\t\t\t\t\t<div class=\"elementor-element elementor-element-4e38fb7 elementor-widget elementor-widget-wp-widget-advads_ad_widget\" data-id=\"4e38fb7\" data-element_type=\"widget\" data-widget_type=\"wp-widget-advads_ad_widget.default\">\n\t\t\t\t<div class=\"elementor-widget-container\">\n\t\t\t<div id=\"regio-1529141242\"><div class=\"regio-adlabel\">Werbung<\/div><center><a href=\"https:\/\/a.partner-versicherung.de\/click.php?partner_id=19992&ad_id=1578&deep=kreditkarten\"  target=\"_blank\"><img decoding=\"async\" src=\"https:\/\/a.partner-versicherung.de\/view.php?partner_id=19992&ad_id=1578\" ><\/a><\/center><\/div>\t\t<\/div>\n\t\t\t\t<\/div>\n\t\t\t\t<div class=\"elementor-element elementor-element-443ab98 elementor-widget elementor-widget-text-editor\" data-id=\"443ab98\" data-element_type=\"widget\" data-widget_type=\"text-editor.default\">\n\t\t\t\t<div class=\"elementor-widget-container\">\n\t\t\t\t\t\t\t<h3 class=\"entry-title\">Stolze Preistr\u00e4gerinnen zum Ende der Kunstschau \u201eEvas T\u00f6chter mit und ohne\u201c im Stadtmuseum gew\u00fcrdigt<\/h3><p><span style=\"font-size: 12pt;\">Schwabach &#8211;\u00a0Am Sonntag endete die erfolgreiche Sonderausstellung \u201eEvas T\u00f6chter mit und ohne\u201c der GEDOk Franken im Stadtmuseum. <\/span><span style=\"font-size: 12pt;\">Mit dieser Schau feierten die Gedok-K\u00fcnstlerinnen ihr 30-j\u00e4hriges Bestehen. <\/span><span style=\"font-size: 12pt;\">Insgesamt \u00fcber 2.000 BesucherInnen besuchten die Kunstschau und alle weiteren Aktionen des bunten Begleitprogramms.<\/span><\/p><p><span style=\"font-size: 12pt;\">Ein H\u00f6hepunkt des Nachmittags war die spannende Lesung der Bestsellerautorin Tanja Kinkel aus ihrem Buch \u201eGrimms Morde\u201c. <\/span><span style=\"font-size: 12pt;\">Ihr folgten K\u00fcnstlerinnengespr\u00e4che mit Kunstf\u00fchrung durch die Ausstellung.<\/span><\/p><p><span style=\"font-size: 12pt;\">Zum Schluss wurde der Publikumspreis durch die stellvertretende Museumsleiterin Ulrike Kummer vergeben. <\/span><span style=\"font-size: 12pt;\">Diesen konnten alle G\u00e4ste der achtw\u00f6chigen Ausstellung mit ihrer Stimme w\u00e4hlen.<\/span><\/p><p><span style=\"font-size: 12pt;\">Der Publikumspreis 2022 ging an Irene Kress-Schmidt. Auf Platz zwei und drei w\u00e4hlten die Besucherinnen und Besucher Andrea Buckland und Lisa Kischlat.\u00a0<\/span><\/p><p><span style=\"font-size: 12pt;\">Das Stadtmuseum ist von Mittwoch bis Sonntag und an Feiertagen von 10 bis 18 Uhr ge\u00f6ffnet.<\/span><\/p><h3 class=\"idgroup_7 group_container\">\u00d6ffnungszeiten Stadtmuseum Schwabach<\/h3><table style=\"border-collapse: collapse; width: 100%; height: 168px;\" border=\"1\"><tbody><tr style=\"height: 24px;\"><td style=\"width: 33.3333%; height: 24px;\"><span style=\"font-size: 12pt;\">Tag<\/span><\/td><td style=\"width: 33.3333%; height: 24px;\"><span style=\"font-size: 12pt;\">Von &#8230;<\/span><\/td><td style=\"width: 33.3333%; height: 24px;\"><span style=\"font-size: 12pt;\">&#8230; bis<\/span><\/td><\/tr><tr style=\"height: 24px;\"><td style=\"width: 33.3333%; height: 24px;\">\u00a0<\/td><td style=\"width: 33.3333%; height: 24px;\">\u00a0<\/td><td style=\"width: 33.3333%; height: 24px;\">\u00a0<\/td><\/tr><tr style=\"height: 24px;\"><td style=\"width: 33.3333%; height: 24px;\"><span style=\"font-size: 12pt;\">Mittwoch<\/span><\/td><td style=\"width: 33.3333%; height: 24px;\"><span style=\"font-size: 12pt;\">10.00 Uhr<\/span><\/td><td style=\"width: 33.3333%; height: 24px;\"><span style=\"font-size: 12pt;\">18.00 Uhr<\/span><\/td><\/tr><tr style=\"height: 24px;\"><td style=\"width: 33.3333%; height: 24px;\"><span style=\"font-size: 12pt;\">Donnerstag<\/span><\/td><td style=\"width: 33.3333%; height: 24px;\"><span style=\"font-size: 12pt;\">10.00 Uhr<\/span><\/td><td style=\"width: 33.3333%; height: 24px;\"><span style=\"font-size: 12pt;\">18.00 Uhr<\/span><\/td><\/tr><tr style=\"height: 24px;\"><td style=\"width: 33.3333%; height: 24px;\"><span style=\"font-size: 12pt;\">Freitag<\/span><\/td><td style=\"width: 33.3333%; height: 24px;\"><span style=\"font-size: 12pt;\">10.00 Uhr<\/span><\/td><td style=\"width: 33.3333%; height: 24px;\"><span style=\"font-size: 12pt;\">18.00 Uhr<\/span><\/td><\/tr><tr style=\"height: 24px;\"><td style=\"width: 33.3333%; height: 24px;\"><span style=\"font-size: 12pt;\">Samstag<\/span><\/td><td style=\"width: 33.3333%; height: 24px;\"><span style=\"font-size: 12pt;\">10.00 Uhr<\/span><\/td><td style=\"width: 33.3333%; height: 24px;\"><span style=\"font-size: 12pt;\">18.00 Uhr<\/span><\/td><\/tr><tr style=\"height: 24px;\"><td style=\"width: 33.3333%; height: 24px;\"><span style=\"font-size: 12pt;\">Sonntag<\/span><\/td><td style=\"width: 33.3333%; height: 24px;\"><span style=\"font-size: 12pt;\">10.00 Uhr<\/span><\/td><td style=\"width: 33.3333%; height: 24px;\"><span style=\"font-size: 12pt;\">18.00 Uhr<\/span><\/td><\/tr><\/tbody><\/table><p><span style=\"font-size: 12pt;\"><strong>Weitere Informationen unter <a href=\"https:\/\/www.schwabach.de\/de\/kulturportal-stadtmuseum\/stadtmuseum.html\" target=\"_blank\" rel=\"noopener\">stadtmuseum-schwabach.de<\/a>.<\/strong><\/span><\/p>\t\t\t\t\t\t<\/div>\n\t\t\t\t<\/div>\n\t\t\t\t<div class=\"elementor-element elementor-element-5b6f8bb elementor-widget elementor-widget-image\" data-id=\"5b6f8bb\" data-element_type=\"widget\" data-widget_type=\"image.default\">\n\t\t\t\t<div class=\"elementor-widget-container\">\n\t\t\t\t\t\t\t\t\t\t\t\t\t<img fetchpriority=\"high\" decoding=\"async\" width=\"1024\" height=\"868\" src=\"https:\/\/www.region-schwabach.de\/wordpress\/wp-content\/uploads\/2022\/06\/PM72_Finissage-Gedok_Blick_in_die_Ausstellung_2-1024x868.jpg\" class=\"attachment-large size-large wp-image-173036\" alt=\"\" srcset=\"https:\/\/www.region-schwabach.de\/wordpress\/wp-content\/uploads\/2022\/06\/PM72_Finissage-Gedok_Blick_in_die_Ausstellung_2-1024x868.jpg 1024w, https:\/\/www.region-schwabach.de\/wordpress\/wp-content\/uploads\/2022\/06\/PM72_Finissage-Gedok_Blick_in_die_Ausstellung_2-scaled-e1654335089789-300x254.jpg 300w, https:\/\/www.region-schwabach.de\/wordpress\/wp-content\/uploads\/2022\/06\/PM72_Finissage-Gedok_Blick_in_die_Ausstellung_2-scaled-e1654335060347-768x650.jpg 768w, https:\/\/www.region-schwabach.de\/wordpress\/wp-content\/uploads\/2022\/06\/PM72_Finissage-Gedok_Blick_in_die_Ausstellung_2-1536x1301.jpg 1536w, https:\/\/www.region-schwabach.de\/wordpress\/wp-content\/uploads\/2022\/06\/PM72_Finissage-Gedok_Blick_in_die_Ausstellung_2-2048x1735.jpg 2048w, https:\/\/www.region-schwabach.de\/wordpress\/wp-content\/uploads\/2022\/06\/PM72_Finissage-Gedok_Blick_in_die_Ausstellung_2-scaled-e1654335089789.jpg 640w\" sizes=\"(max-width: 1024px) 100vw, 1024px\" \/>\t\t\t\t\t\t\t\t\t\t\t\t\t<\/div>\n\t\t\t\t<\/div>\n\t\t\t\t<div class=\"elementor-element elementor-element-c2397ff elementor-widget elementor-widget-image\" data-id=\"c2397ff\" data-element_type=\"widget\" data-widget_type=\"image.default\">\n\t\t\t\t<div class=\"elementor-widget-container\">\n\t\t\t\t\t\t\t\t\t\t\t\t\t<img decoding=\"async\" width=\"1024\" height=\"663\" src=\"https:\/\/www.region-schwabach.de\/wordpress\/wp-content\/uploads\/2022\/06\/PM72_Finissage-Gedok_Blick_in_die_Ausstellung_3-1024x663.jpg\" class=\"attachment-large size-large wp-image-173038\" alt=\"\" srcset=\"https:\/\/www.region-schwabach.de\/wordpress\/wp-content\/uploads\/2022\/06\/PM72_Finissage-Gedok_Blick_in_die_Ausstellung_3-1024x663.jpg 1024w, https:\/\/www.region-schwabach.de\/wordpress\/wp-content\/uploads\/2022\/06\/PM72_Finissage-Gedok_Blick_in_die_Ausstellung_3-scaled-e1654335145505-300x195.jpg 300w, https:\/\/www.region-schwabach.de\/wordpress\/wp-content\/uploads\/2022\/06\/PM72_Finissage-Gedok_Blick_in_die_Ausstellung_3-768x498.jpg 768w, https:\/\/www.region-schwabach.de\/wordpress\/wp-content\/uploads\/2022\/06\/PM72_Finissage-Gedok_Blick_in_die_Ausstellung_3-1536x995.jpg 1536w, https:\/\/www.region-schwabach.de\/wordpress\/wp-content\/uploads\/2022\/06\/PM72_Finissage-Gedok_Blick_in_die_Ausstellung_3-2048x1327.jpg 2048w, https:\/\/www.region-schwabach.de\/wordpress\/wp-content\/uploads\/2022\/06\/PM72_Finissage-Gedok_Blick_in_die_Ausstellung_3-scaled-e1654335145505.jpg 640w\" sizes=\"(max-width: 1024px) 100vw, 1024px\" \/>\t\t\t\t\t\t\t\t\t\t\t\t\t<\/div>\n\t\t\t\t<\/div>\n\t\t\t\t<div class=\"elementor-element elementor-element-c59289a elementor-widget elementor-widget-shortcode\" data-id=\"c59289a\" data-element_type=\"widget\" data-widget_type=\"shortcode.default\">\n\t\t\t\t<div class=\"elementor-widget-container\">\n\t\t\t\t\t<div class=\"elementor-shortcode\"><!-- Beginn https:\/\/www.financeads.net\/-Code --><a href=\"https:\/\/www.financeads.net\/tc.php?t=36648C38513858B\" target=\"_blank\"><center><img decoding=\"async\" src=\"https:\/\/www.financeads.net\/tb.php?t=36648V38513858B&https=1\" alt=\"\" border=\"0\" width=\"468\" height=\"60\"><\/a><!-- Ende https:\/\/www.financeads.net\/-Code --><\/div>\n\t\t\t\t<\/div>\n\t\t\t\t<\/div>\n\t\t\t\t<div class=\"elementor-element elementor-element-21c3450 elementor-widget-divider--view-line elementor-widget elementor-widget-divider\" data-id=\"21c3450\" data-element_type=\"widget\" data-widget_type=\"divider.default\">\n\t\t\t\t<div class=\"elementor-widget-container\">\n\t\t\t\t\t<div class=\"elementor-divider\">\n\t\t\t<span class=\"elementor-divider-separator\">\n\t\t\t\t\t\t<\/span>\n\t\t<\/div>\n\t\t\t\t<\/div>\n\t\t\t\t<\/div>\n\t\t\t\t<div class=\"elementor-element elementor-element-f4c690c elementor-widget elementor-widget-google_maps\" data-id=\"f4c690c\" data-element_type=\"widget\" data-widget_type=\"google_maps.default\">\n\t\t\t\t<div class=\"elementor-widget-container\">\n\t\t\t\t\t<div class=\"elementor-custom-embed\">\n\t\t\t<iframe loading=\"lazy\"\n\t\t\t\t\tsrc=\"https:\/\/maps.google.com\/maps?q=Museumsstra%C3%9Fe%201%2C%20Schwabach%2C%20Deutschland&#038;t=m&#038;z=16&#038;output=embed&#038;iwloc=near\"\n\t\t\t\t\ttitle=\"Museumsstra\u00dfe 1, Schwabach, Deutschland\"\n\t\t\t\t\taria-label=\"Museumsstra\u00dfe 1, Schwabach, Deutschland\"\n\t\t\t><\/iframe>\n\t\t<\/div>\n\t\t\t\t<\/div>\n\t\t\t\t<\/div>\n\t\t\t\t\t<\/div>\n\t\t<\/div>\n\t\t\t\t<div class=\"elementor-column elementor-col-50 elementor-top-column elementor-element elementor-element-5907a18\" data-id=\"5907a18\" data-element_type=\"column\">\n\t\t\t<div class=\"elementor-widget-wrap elementor-element-populated\">\n\t\t\t\t\t\t<div class=\"elementor-element elementor-element-540377b elementor-widget elementor-widget-heading\" data-id=\"540377b\" data-element_type=\"widget\" data-widget_type=\"heading.default\">\n\t\t\t\t<div class=\"elementor-widget-container\">\n\t\t\t<h3 class=\"elementor-heading-title elementor-size-default\">Schnell vergleichen und sparen!<\/h3>\t\t<\/div>\n\t\t\t\t<\/div>\n\t\t\t\t<div class=\"elementor-element elementor-element-ffc551e elementor-widget elementor-widget-wp-widget-advads_ad_widget\" data-id=\"ffc551e\" data-element_type=\"widget\" data-widget_type=\"wp-widget-advads_ad_widget.default\">\n\t\t\t\t<div class=\"elementor-widget-container\">\n\t\t\t<div id=\"regio-4195731425\"><div class=\"regio-adlabel\">Werbung<\/div><!-- Beginn https:\/\/www.financeads.net\/-Code --><a href=\"https:\/\/www.financeads.net\/tc.php?t=36648C236142529B\" target=\"_blank\"><img loading=\"lazy\" decoding=\"async\" src=\"https:\/\/www.financeads.net\/tb.php?t=36648V236142529B&https=1\" alt=\"\" border=\"0\" width=\"300\" height=\"250\"><\/a><!-- Ende https:\/\/www.financeads.net\/-Code --><\/div>\t\t<\/div>\n\t\t\t\t<\/div>\n\t\t\t\t<div class=\"elementor-element elementor-element-deae22e elementor-widget elementor-widget-wp-widget-advads_ad_widget\" data-id=\"deae22e\" data-element_type=\"widget\" data-widget_type=\"wp-widget-advads_ad_widget.default\">\n\t\t\t\t<div class=\"elementor-widget-container\">\n\t\t\t<div id=\"regio-970846288\"><div class=\"regio-adlabel\">Werbung<\/div><!-- Beginn https:\/\/www.financeads.net\/-Code --><a href=\"https:\/\/www.financeads.net\/tc.php?t=36648C42614510B\" target=\"_blank\"><img loading=\"lazy\" decoding=\"async\" src=\"https:\/\/www.financeads.net\/tb.php?t=36648V42614510B&https=1\" alt=\"\" border=\"0\" width=\"200\" height=\"300\"><\/a><!-- Ende https:\/\/www.financeads.net\/-Code --><\/div>\t\t<\/div>\n\t\t\t\t<\/div>\n\t\t\t\t<div class=\"elementor-element elementor-element-8bae3ed elementor-widget elementor-widget-wp-widget-advads_ad_widget\" data-id=\"8bae3ed\" data-element_type=\"widget\" data-widget_type=\"wp-widget-advads_ad_widget.default\">\n\t\t\t\t<div class=\"elementor-widget-container\">\n\t\t\t<div id=\"regio-343014755\"><div class=\"regio-adlabel\">Werbung<\/div><!-- Beginn https:\/\/www.financeads.net\/-Code --><a href=\"https:\/\/www.financeads.net\/tc.php?t=36648C205040072B\" target=\"_blank\"><img loading=\"lazy\" decoding=\"async\" src=\"https:\/\/www.financeads.net\/tb.php?t=36648V205040072B&https=1\" alt=\"\" border=\"0\" width=\"300\" height=\"250\"><\/a><!-- Ende https:\/\/www.financeads.net\/-Code --><\/div>\t\t<\/div>\n\t\t\t\t<\/div>\n\t\t\t\t<div class=\"elementor-element elementor-element-b62ee55 elementor-widget elementor-widget-wp-widget-advads_ad_widget\" data-id=\"b62ee55\" data-element_type=\"widget\" data-widget_type=\"wp-widget-advads_ad_widget.default\">\n\t\t\t\t<div class=\"elementor-widget-container\">\n\t\t\t<div id=\"regio-3423768051\"><div class=\"regio-adlabel\">Werbung<\/div><!-- Beginn https:\/\/www.financeads.net\/-Code --><a href=\"https:\/\/www.financeads.net\/tc.php?t=36648C271460142B\" target=\"_blank\"><img loading=\"lazy\" decoding=\"async\" src=\"https:\/\/www.financeads.net\/tb.php?t=36648V271460142B&https=1\" alt=\"PETPROTECT_Hund&Katze_Banner\" border=\"0\" width=\"250\" height=\"250\"><\/a><!-- Ende https:\/\/www.financeads.net\/-Code --><\/div>\t\t<\/div>\n\t\t\t\t<\/div>\n\t\t\t\t\t<\/div>\n\t\t<\/div>\n\t\t\t\t\t<\/div>\n\t\t<\/section>\n\t\t\t\t<\/div>\n\t\t","protected":false},"excerpt":{"rendered":"<div class=\"mh-excerpt\"><p>Stolze Preistr\u00e4gerinnen zum Ende der Kunstschau \u201eEvas T\u00f6chter mit und ohne\u201c im Stadtmuseum gew\u00fcrdigt Schwabach &#8211;&nbsp;Am Sonntag endete die erfolgreiche Sonderausstellung \u201eEvas T\u00f6chter mit und ohne\u201c der GEDOk Franken im Stadtmuseum. Mit dieser Schau feierten <a class=\"mh-excerpt-more\" href=\"https:\/\/www.region-schwabach.de\/wordpress\/stolze-preistragerinnen-zum-ende-der-kunstschau-evas-tochter-mit-und-ohne-im-stadtmuseum-gewurdigt\/\" title=\"Stolze Preistr\u00e4gerinnen zum Ende der Kunstschau \u201eEvas T\u00f6chter mit und ohne\u201c im Stadtmuseum gew\u00fcrdigt\">[&#8230;]<\/a><\/p>\n<\/div>","protected":false},"author":1,"featured_media":173411,"comment_status":"open","ping_status":"open","sticky":false,"template":"","format":"standard","meta":{"_cbd_carousel_blocks":"[]","footnotes":""},"categories":[16,287,61,7504,231,140],"tags":[18817,19349,18816,19350,19372,18820,5304,6090,19348,18818,16963,19371,18821,522,4275,19373,18824,18823,10830,420,18822,19374,1480,44,19,4254,4812,3012,3151,3739,18819],"class_list":{"0":"post-173410","1":"post","2":"type-post","3":"status-publish","4":"format-standard","5":"has-post-thumbnail","7":"category-aktuell","8":"category-jugend-und-familie","9":"category-rathaus","10":"category-stadtmuseum-nachrichten","11":"category-veranstaltungsnews","12":"category-vereine","13":"tag-evas-toechter-mit-und-ohne","14":"tag-05-06-2022","15":"tag-10-april-2022-bis-5-juni-2022","16":"tag-5-juni-2022","17":"tag-andrea-buckland","18":"tag-angewandte-kunst","19":"tag-bildende-kunst","20":"tag-bildhauerei","21":"tag-finissage","22":"tag-gedok-franken","23":"tag-installation","24":"tag-irene-kress-schmidt","25":"tag-keramik","26":"tag-koenigsplatz","27":"tag-lesung","28":"tag-lisa-kischlat","29":"tag-literatur","30":"tag-lyrik","31":"tag-malerei","32":"tag-museumsstrasse","33":"tag-porzellan","34":"tag-publikumspreis","35":"tag-rathaus","36":"tag-schmuck","37":"tag-schwabach","38":"tag-skulptur","39":"tag-sonderausstellung","40":"tag-stadt","41":"tag-stadt-schwabach","42":"tag-stadtmuseum","43":"tag-werkschau"},"_links":{"self":[{"href":"https:\/\/www.region-schwabach.de\/wordpress\/wp-json\/wp\/v2\/posts\/173410","targetHints":{"allow":["GET"]}}],"collection":[{"href":"https:\/\/www.region-schwabach.de\/wordpress\/wp-json\/wp\/v2\/posts"}],"about":[{"href":"https:\/\/www.region-schwabach.de\/wordpress\/wp-json\/wp\/v2\/types\/post"}],"author":[{"embeddable":true,"href":"https:\/\/www.region-schwabach.de\/wordpress\/wp-json\/wp\/v2\/users\/1"}],"replies":[{"embeddable":true,"href":"https:\/\/www.region-schwabach.de\/wordpress\/wp-json\/wp\/v2\/comments?post=173410"}],"version-history":[{"count":0,"href":"https:\/\/www.region-schwabach.de\/wordpress\/wp-json\/wp\/v2\/posts\/173410\/revisions"}],"wp:featuredmedia":[{"embeddable":true,"href":"https:\/\/www.region-schwabach.de\/wordpress\/wp-json\/wp\/v2\/media\/173411"}],"wp:attachment":[{"href":"https:\/\/www.region-schwabach.de\/wordpress\/wp-json\/wp\/v2\/media?parent=173410"}],"wp:term":[{"taxonomy":"category","embeddable":true,"href":"https:\/\/www.region-schwabach.de\/wordpress\/wp-json\/wp\/v2\/categories?post=173410"},{"taxonomy":"post_tag","embeddable":true,"href":"https:\/\/www.region-schwabach.de\/wordpress\/wp-json\/wp\/v2\/tags?post=173410"}],"curies":[{"name":"wp","href":"https:\/\/api.w.org\/{rel}","templated":true}]}}