{"id":173582,"date":"2022-06-10T01:30:00","date_gmt":"2022-06-09T23:30:00","guid":{"rendered":"https:\/\/www.region-schwabach.de\/wordpress\/?p=173582"},"modified":"2022-06-09T23:51:58","modified_gmt":"2022-06-09T21:51:58","slug":"oberburgermeister-peter-reiss-bereitet-sich-fur-seinen-dienst-als-stadtradeln-star-vor","status":"publish","type":"post","link":"https:\/\/www.region-schwabach.de\/wordpress\/oberburgermeister-peter-reiss-bereitet-sich-fur-seinen-dienst-als-stadtradeln-star-vor\/","title":{"rendered":"Oberb\u00fcrgermeister Peter Rei\u00df bereitet sich f\u00fcr seinen Dienst als STADTRADELN-Star vor"},"content":{"rendered":"\t\t<div data-elementor-type=\"wp-post\" data-elementor-id=\"173582\" class=\"elementor elementor-173582\">\n\t\t\t\t\t\t<section class=\"elementor-section elementor-top-section elementor-element elementor-element-tlus4ia elementor-section-boxed elementor-section-height-default elementor-section-height-default\" data-id=\"tlus4ia\" data-element_type=\"section\">\n\t\t\t\t\t\t<div class=\"elementor-container elementor-column-gap-default\">\n\t\t\t\t\t<div class=\"elementor-column elementor-col-50 elementor-top-column elementor-element elementor-element-sphcucl\" data-id=\"sphcucl\" data-element_type=\"column\">\n\t\t\t<div class=\"elementor-widget-wrap elementor-element-populated\">\n\t\t\t\t\t\t<div class=\"elementor-element elementor-element-4f2h2af elementor-widget elementor-widget-text-editor\" data-id=\"4f2h2af\" data-element_type=\"widget\" data-widget_type=\"text-editor.default\">\n\t\t\t\t<div class=\"elementor-widget-container\">\n\t\t\t\t\t\t\t<h3 class=\"entry-title\"><span id=\"page53R_mcid20\" class=\"markedContent\"><span dir=\"ltr\" role=\"presentation\">Drei Wochen kein Auto von innen f\u00fcr Peter Rei\u00df<\/span><\/span><span id=\"undefined\" class=\"markedContent\"><\/span><span id=\"page53R_mcid12\" class=\"markedContent\"><\/span><span id=\"page53R_mcid13\" class=\"markedContent\"><br role=\"presentation\" \/><span dir=\"ltr\" role=\"presentation\">OB tritt als STADTRADEL-Star an<\/span><\/span><\/h3><p><span style=\"font-size: 12pt;\">Schwabach &#8211; <span id=\"page53R_mcid15\" class=\"markedContent\"><span dir=\"ltr\" role=\"presentation\">Am internationalen Wettbewerb STADTRADELN beteiligt sich auch <\/span><span dir=\"ltr\" role=\"presentation\">Schwabach dieses Jahr. Vom 19. Juni bis zum 9. Juli hei\u00dft es f\u00fcr alle <\/span><span dir=\"ltr\" role=\"presentation\">Schwabacherinnen und Schwabacher, flei\u00dfig in die Pedale zu treten und <\/span><span dir=\"ltr\" role=\"presentation\">Kilometer zu sammeln. Oberb\u00fcrgermeister Peter Rei\u00df wird dabei mit bestem <\/span><span dir=\"ltr\" role=\"presentation\">Beispiel vorangehen und f\u00fcr Schwabach in der Sonderkategorie als <\/span><span dir=\"ltr\" role=\"presentation\">sogenannter STADTRADEL-Star antreten. Drei Wochen wird er dabei komplett <\/span><span dir=\"ltr\" role=\"presentation\">auf das Auto verzichten und seine Wege vor allem mit dem Rad meistern.<\/span><\/span><span id=\"page53R_mcid16\" class=\"markedContent\"><\/span><span id=\"page53R_mcid17\" class=\"markedContent\"><br role=\"presentation\" \/><\/span><\/span><\/p><p><span style=\"font-size: 12pt;\"><span id=\"page53R_mcid17\" class=\"markedContent\"><span dir=\"ltr\" role=\"presentation\">\u201eDrei Wochen das Auto stehen zu lassen, das ist mit Familie und den vielen <\/span><span dir=\"ltr\" role=\"presentation\">beruflichen Terminen sicherlich gar nicht so einfach\u201c, zeigt OB Rei\u00df durchaus <\/span><span dir=\"ltr\" role=\"presentation\">Respekt vor der Aufgabe, \u201eaber ich m\u00f6chte mich auf jeden Fall an diese <\/span><span dir=\"ltr\" role=\"presentation\">Herausforderung heranwagen sie meistern.\u201c Den gesamten Aktionszeitraum <\/span><span dir=\"ltr\" role=\"presentation\">\u00fcber darf OB Rei\u00df als STADTRADEL-Star kein Auto von innen sehen \u2013 also <\/span><span dir=\"ltr\" role=\"presentation\">auch nicht als Beifahrer.<\/span><\/span><span id=\"page53R_mcid18\" class=\"markedContent\"><\/span><span id=\"page53R_mcid19\" class=\"markedContent\"><br role=\"presentation\" \/><\/span><\/span><\/p><p><span style=\"font-size: 12pt;\"><span id=\"page53R_mcid19\" class=\"markedContent\"><span dir=\"ltr\" role=\"presentation\">Dabei ist dem Oberb\u00fcrgermeister durchaus bewusst, dass man auch auf das <\/span><span dir=\"ltr\" role=\"presentation\">Auto angewiesen sein kann. \u201eSchwabach ist ein Ort der kurzen Wege. Ganz <\/span><span dir=\"ltr\" role=\"presentation\">viel ist ja wunderbar mit dem Fahrrad zu bew\u00e4ltigen. Gerade bei diesen kurzen <\/span><span dir=\"ltr\" role=\"presentation\">Strecken sollten wir alle versuchen, noch \u00f6fter auf das umweltschonende <\/span><span dir=\"ltr\" role=\"presentation\">Fahrrad umsteigen\u201c, so Rei\u00df. Im Sommer nutzt der Oberb\u00fcrgermeister f\u00fcr <\/span><span dir=\"ltr\" role=\"presentation\">t\u00e4gliche Strecken ohnehin bereits das Rad. Und wenn\u2019s mal beruflich <\/span><span dir=\"ltr\" role=\"presentation\">rausgehen muss aus Schwabach? \u201eDann gibt es noch immer die sehr gute <\/span><\/span><span id=\"page1R_mcid0\" class=\"markedContent\"><span dir=\"ltr\" role=\"presentation\">Zuganbindung Schwabachs \u2013 in Kombination mit dem Rad sind auch hier in <\/span><span dir=\"ltr\" role=\"presentation\">der Metropolregion die meisten Ziele gut erreichbar\u201c, findet Rei\u00df.<\/span><\/span><span id=\"page1R_mcid1\" class=\"markedContent\"><\/span><span id=\"page1R_mcid2\" class=\"markedContent\"><br role=\"presentation\" \/><\/span><\/span><\/p><p><span style=\"font-size: 12pt;\"><span id=\"page1R_mcid2\" class=\"markedContent\"><span dir=\"ltr\" role=\"presentation\">Wie sich der OB bei dieser Herausforderung schlagen wird, das ist dann <\/span><span dir=\"ltr\" role=\"presentation\">w\u00e4hrend des Aktionszeitraumes im STADTRADEL-Blog sowie in den Social-<\/span><span dir=\"ltr\" role=\"presentation\">Media-Kan\u00e4len des Oberb\u00fcrgermeisters nachzulesen. \u201eIch freue mich <\/span><span dir=\"ltr\" role=\"presentation\">jedenfalls auf diese Herausforderung und bin selbst gespannt, wie gut es <\/span><span dir=\"ltr\" role=\"presentation\">gelingt und mit wie viel Umst\u00e4nden es letztendlich dann verbunden sein wird\u201c, <\/span><span dir=\"ltr\" role=\"presentation\">so Rei\u00df, der im Zuge seiner Teilnahme als STADTRADELN-Star den <\/span><span dir=\"ltr\" role=\"presentation\">Autoschl\u00fcssel seines Dienstwagens zu Beginn des Aktionszeitraums an die <\/span><span dir=\"ltr\" role=\"presentation\">Klimaschutzreferentin der Stadt Schwabach, Dr. Christine Meyer, zur <\/span><span dir=\"ltr\" role=\"presentation\">Aufbewahrung \u00fcbergibt.<\/span><\/span><span id=\"page1R_mcid3\" class=\"markedContent\"><\/span><span id=\"page1R_mcid4\" class=\"markedContent\"><br role=\"presentation\" \/><\/span><\/span><\/p><p><span style=\"font-size: 12pt;\"><span id=\"page1R_mcid4\" class=\"markedContent\"><span dir=\"ltr\" role=\"presentation\">Interessierte k\u00f6nnen sich unter<\/span><\/span><span id=\"page1R_mcid5\" class=\"markedContent\"> <span dir=\"ltr\" role=\"presentation\">www.stadtradeln.de\/schwabach<\/span><\/span><span id=\"page1R_mcid12\" class=\"markedContent\"> <span dir=\"ltr\" role=\"presentation\">anmelden. <\/span><\/span><span id=\"page1R_mcid7\" class=\"markedContent\"><span dir=\"ltr\" role=\"presentation\">R\u00fcckfragen beantworten im Referat f\u00fcr Umwelt, Mobilit\u00e4t, Nachhaltigkeit und <\/span><span dir=\"ltr\" role=\"presentation\">Klimaschutz Sabrina Pfeifer, Telefon: 09122 860- 801 oder G\u00f6tz Mahdi, <\/span><span dir=\"ltr\" role=\"presentation\">Telefon 09122 860-802. Das Referat ist auch per E-Mail unter <\/span><\/span><a href=\"mailto:umweltreferat@schwabach.de\" target=\"_blank\" rel=\"noopener\"><span id=\"page1R_mcid8\" class=\"markedContent\"><span dir=\"ltr\" role=\"presentation\">umweltreferat@schwabach.de<\/span><\/span><\/a><span id=\"page1R_mcid13\" class=\"markedContent\"> <span dir=\"ltr\" role=\"presentation\">zu erreichen.<\/span><\/span><span id=\"undefined\" class=\"markedContent\"><\/span><span id=\"page1R_mcid10\" class=\"markedContent\"><\/span><span id=\"page1R_mcid11\" class=\"markedContent\"><br role=\"presentation\" \/><\/span><\/span><\/p><p><strong><span style=\"font-size: 12pt;\"><span id=\"page1R_mcid11\" class=\"markedContent\"><span dir=\"ltr\" role=\"presentation\">Foto: Autoschl\u00fcssel gegen Fahrradhelm tauschen hei\u00dft es ab 19. Juni f\u00fcr <\/span><span dir=\"ltr\" role=\"presentation\">Oberb\u00fcrgermeister Peter Rei\u00df. Die Klimaschutzreferentin Dr. Christine Meyer <\/span><span dir=\"ltr\" role=\"presentation\">freut das.\u00a0<\/span><\/span><\/span><\/strong><\/p>\t\t\t\t\t\t<\/div>\n\t\t\t\t<\/div>\n\t\t\t\t<div class=\"elementor-element elementor-element-a030f1b elementor-widget elementor-widget-google_maps\" data-id=\"a030f1b\" data-element_type=\"widget\" data-widget_type=\"google_maps.default\">\n\t\t\t\t<div class=\"elementor-widget-container\">\n\t\t\t\t\t<div class=\"elementor-custom-embed\">\n\t\t\t<iframe loading=\"lazy\"\n\t\t\t\t\tsrc=\"https:\/\/maps.google.com\/maps?q=Schwabach%2C%20Deutschland&#038;t=m&#038;z=15&#038;output=embed&#038;iwloc=near\"\n\t\t\t\t\ttitle=\"Schwabach, Deutschland\"\n\t\t\t\t\taria-label=\"Schwabach, Deutschland\"\n\t\t\t><\/iframe>\n\t\t<\/div>\n\t\t\t\t<\/div>\n\t\t\t\t<\/div>\n\t\t\t\t\t<\/div>\n\t\t<\/div>\n\t\t\t\t<div class=\"elementor-column elementor-col-50 elementor-top-column elementor-element elementor-element-4233827\" data-id=\"4233827\" data-element_type=\"column\">\n\t\t\t<div class=\"elementor-widget-wrap elementor-element-populated\">\n\t\t\t\t\t\t<div class=\"elementor-element elementor-element-4a16d76 elementor-widget elementor-widget-heading\" data-id=\"4a16d76\" data-element_type=\"widget\" data-widget_type=\"heading.default\">\n\t\t\t\t<div class=\"elementor-widget-container\">\n\t\t\t<h3 class=\"elementor-heading-title elementor-size-default\">Schnell vergleichen und sparen!<\/h3>\t\t<\/div>\n\t\t\t\t<\/div>\n\t\t\t\t<div class=\"elementor-element elementor-element-3bb9546 elementor-widget elementor-widget-wp-widget-advads_ad_widget\" data-id=\"3bb9546\" data-element_type=\"widget\" data-widget_type=\"wp-widget-advads_ad_widget.default\">\n\t\t\t\t<div class=\"elementor-widget-container\">\n\t\t\t<div id=\"regio-3160388684\"><div class=\"regio-adlabel\">Werbung<\/div><!-- Beginn https:\/\/www.financeads.net\/-Code --><a href=\"https:\/\/www.financeads.net\/tc.php?t=36648C236142529B\" target=\"_blank\"><img fetchpriority=\"high\" decoding=\"async\" src=\"https:\/\/www.financeads.net\/tb.php?t=36648V236142529B&https=1\" alt=\"\" border=\"0\" width=\"300\" height=\"250\"><\/a><!-- Ende https:\/\/www.financeads.net\/-Code --><\/div>\t\t<\/div>\n\t\t\t\t<\/div>\n\t\t\t\t<div class=\"elementor-element elementor-element-bdb2bd9 elementor-widget elementor-widget-wp-widget-advads_ad_widget\" data-id=\"bdb2bd9\" data-element_type=\"widget\" data-widget_type=\"wp-widget-advads_ad_widget.default\">\n\t\t\t\t<div class=\"elementor-widget-container\">\n\t\t\t<div id=\"regio-1439825069\"><div class=\"regio-adlabel\">Werbung<\/div><!-- Beginn https:\/\/www.financeads.net\/-Code --><a href=\"https:\/\/www.financeads.net\/tc.php?t=36648C42614510B\" target=\"_blank\"><img decoding=\"async\" src=\"https:\/\/www.financeads.net\/tb.php?t=36648V42614510B&https=1\" alt=\"\" border=\"0\" width=\"200\" height=\"300\"><\/a><!-- Ende https:\/\/www.financeads.net\/-Code --><\/div>\t\t<\/div>\n\t\t\t\t<\/div>\n\t\t\t\t<div class=\"elementor-element elementor-element-1bb58b3 elementor-widget elementor-widget-wp-widget-advads_ad_widget\" data-id=\"1bb58b3\" data-element_type=\"widget\" data-widget_type=\"wp-widget-advads_ad_widget.default\">\n\t\t\t\t<div class=\"elementor-widget-container\">\n\t\t\t<div id=\"regio-4273385838\"><div class=\"regio-adlabel\">Werbung<\/div><!-- Beginn https:\/\/www.financeads.net\/-Code --><a href=\"https:\/\/www.financeads.net\/tc.php?t=36648C205040072B\" target=\"_blank\"><img decoding=\"async\" src=\"https:\/\/www.financeads.net\/tb.php?t=36648V205040072B&https=1\" alt=\"\" border=\"0\" width=\"300\" height=\"250\"><\/a><!-- Ende https:\/\/www.financeads.net\/-Code --><\/div>\t\t<\/div>\n\t\t\t\t<\/div>\n\t\t\t\t<div class=\"elementor-element elementor-element-d6fa9ae elementor-widget elementor-widget-wp-widget-advads_ad_widget\" data-id=\"d6fa9ae\" data-element_type=\"widget\" data-widget_type=\"wp-widget-advads_ad_widget.default\">\n\t\t\t\t<div class=\"elementor-widget-container\">\n\t\t\t<div id=\"regio-220406148\"><div class=\"regio-adlabel\">Werbung<\/div><!-- Beginn https:\/\/www.financeads.net\/-Code --><a href=\"https:\/\/www.financeads.net\/tc.php?t=36648C271460142B\" target=\"_blank\"><img loading=\"lazy\" decoding=\"async\" src=\"https:\/\/www.financeads.net\/tb.php?t=36648V271460142B&https=1\" alt=\"PETPROTECT_Hund&Katze_Banner\" border=\"0\" width=\"250\" height=\"250\"><\/a><!-- Ende https:\/\/www.financeads.net\/-Code --><\/div>\t\t<\/div>\n\t\t\t\t<\/div>\n\t\t\t\t\t<\/div>\n\t\t<\/div>\n\t\t\t\t\t<\/div>\n\t\t<\/section>\n\t\t\t\t<\/div>\n\t\t","protected":false},"excerpt":{"rendered":"<div class=\"mh-excerpt\"><p>Drei Wochen kein Auto von innen f\u00fcr Peter Rei\u00dfOB tritt als STADTRADEL-Star an Schwabach &#8211; Am internationalen Wettbewerb STADTRADELN beteiligt sich auch Schwabach dieses Jahr. Vom 19. Juni bis zum 9. Juli hei\u00dft es f\u00fcr <a class=\"mh-excerpt-more\" href=\"https:\/\/www.region-schwabach.de\/wordpress\/oberburgermeister-peter-reiss-bereitet-sich-fur-seinen-dienst-als-stadtradeln-star-vor\/\" title=\"Oberb\u00fcrgermeister Peter Rei\u00df bereitet sich f\u00fcr seinen Dienst als STADTRADELN-Star vor\">[&#8230;]<\/a><\/p>\n<\/div>","protected":false},"author":1,"featured_media":173583,"comment_status":"open","ping_status":"open","sticky":false,"template":"","format":"standard","meta":{"_cbd_carousel_blocks":"[]","footnotes":""},"categories":[16,1,13,61],"tags":[19103,19108,18281,19109,19110,522,19105,15780,1480,19,3012,3151,19102,19106,19104,19107,3634],"class_list":{"0":"post-173582","1":"post","2":"type-post","3":"status-publish","4":"format-standard","5":"has-post-thumbnail","7":"category-aktuell","8":"category-allgemein","9":"category-nachrichten","10":"category-rathaus","11":"tag-19-juni-2022-bis-9-juli-2022","12":"tag-adfc","13":"tag-auftaktveranstaltung","14":"tag-bund-naturschutz","15":"tag-gefuehrte-radtouren","16":"tag-koenigsplatz","17":"tag-mobilitaetsplan","18":"tag-oberbuergermeister-peter-reiss","19":"tag-rathaus","20":"tag-schwabach","21":"tag-stadt","22":"tag-stadt-schwabach","23":"tag-stadtradeln","24":"tag-umweltfreundliche-verkehrsarten","25":"tag-umweltreferentin-christine-meyer","26":"tag-vcd","27":"tag-wettbewerb"},"_links":{"self":[{"href":"https:\/\/www.region-schwabach.de\/wordpress\/wp-json\/wp\/v2\/posts\/173582","targetHints":{"allow":["GET"]}}],"collection":[{"href":"https:\/\/www.region-schwabach.de\/wordpress\/wp-json\/wp\/v2\/posts"}],"about":[{"href":"https:\/\/www.region-schwabach.de\/wordpress\/wp-json\/wp\/v2\/types\/post"}],"author":[{"embeddable":true,"href":"https:\/\/www.region-schwabach.de\/wordpress\/wp-json\/wp\/v2\/users\/1"}],"replies":[{"embeddable":true,"href":"https:\/\/www.region-schwabach.de\/wordpress\/wp-json\/wp\/v2\/comments?post=173582"}],"version-history":[{"count":0,"href":"https:\/\/www.region-schwabach.de\/wordpress\/wp-json\/wp\/v2\/posts\/173582\/revisions"}],"wp:featuredmedia":[{"embeddable":true,"href":"https:\/\/www.region-schwabach.de\/wordpress\/wp-json\/wp\/v2\/media\/173583"}],"wp:attachment":[{"href":"https:\/\/www.region-schwabach.de\/wordpress\/wp-json\/wp\/v2\/media?parent=173582"}],"wp:term":[{"taxonomy":"category","embeddable":true,"href":"https:\/\/www.region-schwabach.de\/wordpress\/wp-json\/wp\/v2\/categories?post=173582"},{"taxonomy":"post_tag","embeddable":true,"href":"https:\/\/www.region-schwabach.de\/wordpress\/wp-json\/wp\/v2\/tags?post=173582"}],"curies":[{"name":"wp","href":"https:\/\/api.w.org\/{rel}","templated":true}]}}