{"id":174538,"date":"2022-06-26T01:15:00","date_gmt":"2022-06-25T23:15:00","guid":{"rendered":"https:\/\/www.region-schwabach.de\/wordpress\/?p=174538"},"modified":"2022-06-25T23:23:46","modified_gmt":"2022-06-25T21:23:46","slug":"ritmos-latinos-vom-24-26-juni-2022-im-hof-des-alten-deutschen-gymnasium-in-schwabach","status":"publish","type":"post","link":"https:\/\/www.region-schwabach.de\/wordpress\/ritmos-latinos-vom-24-26-juni-2022-im-hof-des-alten-deutschen-gymnasium-in-schwabach\/","title":{"rendered":"ritmos latinos vom 24. &#8211; 26. Juni 2022 im Hof des Alten Deutschen Gymnasium in Schwabach"},"content":{"rendered":"\t\t<div data-elementor-type=\"wp-post\" data-elementor-id=\"174538\" class=\"elementor elementor-174538\">\n\t\t\t\t\t\t<section class=\"elementor-section elementor-top-section elementor-element elementor-element-678181b elementor-section-boxed elementor-section-height-default elementor-section-height-default\" data-id=\"678181b\" data-element_type=\"section\">\n\t\t\t\t\t\t<div class=\"elementor-container elementor-column-gap-default\">\n\t\t\t\t\t<div class=\"elementor-column elementor-col-50 elementor-top-column elementor-element elementor-element-6b34026\" data-id=\"6b34026\" data-element_type=\"column\">\n\t\t\t<div class=\"elementor-widget-wrap elementor-element-populated\">\n\t\t\t\t\t\t<div class=\"elementor-element elementor-element-3ff0c69 elementor-widget elementor-widget-wp-widget-advads_ad_widget\" data-id=\"3ff0c69\" data-element_type=\"widget\" data-widget_type=\"wp-widget-advads_ad_widget.default\">\n\t\t\t\t<div class=\"elementor-widget-container\">\n\t\t\t<div id=\"regio-2832780635\"><div class=\"regio-adlabel\">Werbung<\/div><center><a href=\"https:\/\/a.partner-versicherung.de\/click.php?partner_id=19992&ad_id=1578&deep=kreditkarten\"  target=\"_blank\"><img decoding=\"async\" src=\"https:\/\/a.partner-versicherung.de\/view.php?partner_id=19992&ad_id=1578\" ><\/a><\/center><\/div>\t\t<\/div>\n\t\t\t\t<\/div>\n\t\t\t\t<div class=\"elementor-element elementor-element-443ab98 elementor-widget elementor-widget-text-editor\" data-id=\"443ab98\" data-element_type=\"widget\" data-widget_type=\"text-editor.default\">\n\t\t\t\t<div class=\"elementor-widget-container\">\n\t\t\t\t\t\t\t<h3><span id=\"page58R_mcid21\" class=\"markedContent\"><span dir=\"ltr\" role=\"presentation\">Von Freitag, den 24. Juni 2022 bis Sonntag, den 26. Juni 2022<\/span><\/span><span id=\"undefined\" class=\"markedContent\"><\/span><span id=\"page58R_mcid12\" class=\"markedContent\"><\/span><span class=\"markedContent\"><br role=\"presentation\" \/><span dir=\"ltr\" role=\"presentation\">\u201eRitmos Latinos\u201c &#8211;\u00a0<\/span><\/span>9. Latin Festival Schwabach<\/h3><p><span style=\"font-size: 12pt;\">Schwabach &#8211;\u00a0Im Juni trifft sich die regionale Latin-Szene, um ein Wochenende lang Live-Musik aus Lateinamerika zu genie\u00dfen und zu tanzen. Erstmals findet das Festival nicht im Apothekersgarten, sondern im Hof des Alten DG statt. In dem neu gestalteten historischen Hof gibt es f\u00fcr T\u00e4nzer wie Zuh\u00f6rer ein gleicherma\u00dfen gutes Konzerterlebnis.<\/span><\/p><p><span style=\"font-size: 12pt;\">Tanzen im Schulhof &#8211; geht das? Ja, denn vor der B\u00fchne wird es wie jedes Jahr eine gro\u00dfz\u00fcgige Tanzfl\u00e4che geben. F\u00fcr Newcomer auf dem Parkett findet am Freitag und Samstag jeweils vor dem Konzert ein kostenloser Schnupperkurs statt (in Verbindung mit einer g\u00fcltigen Eintrittskarte).\u00a0<\/span><\/p><h2>Das Programm:\u00a0<\/h2><table style=\"border-collapse: collapse; width: 100%;\"><tbody><tr><td style=\"width: 50%; vertical-align: middle;\" colspan=\"2\"><h3>Freitag, den 24. Juni 2022, 20.00 Uhr<br \/>Rom\u00e1n y sus Timberos (CU\/DE\/MEX)<\/h3><\/td><\/tr><tr><td style=\"width: 50%; vertical-align: middle;\"><a href=\"https:\/\/www.region-schwabach.de\/wordpress\/wp-content\/uploads\/2022\/06\/Pressefoto_Roman_Gabla_2022_web-e1655823825456.jpg\"><img fetchpriority=\"high\" decoding=\"async\" class=\"size-full wp-image-174544 aligncenter\" src=\"https:\/\/www.region-schwabach.de\/wordpress\/wp-content\/uploads\/2022\/06\/Pressefoto_Roman_Gabla_2022_web-e1655823825456.jpg\" alt=\"\" width=\"300\" height=\"200\" \/><\/a><\/td><td style=\"width: 50%; vertical-align: top;\"><span style=\"font-size: 12pt;\">Zum Auftakt des dreit\u00e4gigen Festivals heizt Roman Gabla mit seinen Timberos mit kr\u00e4ftigen Salsa-Rhythmen ein. Die Band aus der Region ist eine Formation junger Musiker, die sich zum Ziel gesetzt haben moderne kubanische Musik authentisch zu interpretieren. Das Repertoire umfasst Kompositionen des Who-is-who der Salsa- und Timbaszene, sowie eigene St\u00fccke aus der Feder der Bandmitglieder. Auf die Besucher warten anspruchsvolle Arrangements mit jazzigem Touch, die aber immer zu 100% tanzbar sind.<\/span><\/td><\/tr><tr><td style=\"width: 50%;\" colspan=\"2\"><span style=\"font-size: 12pt;\">Vor dem Konzert findet ab 19.00 Uhr ein Schnupperkurs mit Carlos Cordero Diaz aus Cuba statt &#8211; <a dir=\"ltr\" href=\"https:\/\/cubadanza.de\/\" target=\"_blank\" rel=\"noopener\">Homepage der Tanzschule Cubadanza<\/a><\/span><\/td><\/tr><tr><td style=\"width: 50%;\" colspan=\"2\"><h4>Weitere Infos zum Salsa-Konzert und zum Salsa-Schnupperkurs finden Sie\u00a0<a dir=\"ltr\" href=\"https:\/\/www.schwabach.de\/de\/infoseiten-kulturportal\/10336-roman-y-sus-timberos-salsa-bei-ritmos-latinos.html\" target=\"_blank\" rel=\"noopener\">hier.<\/a><\/h4><\/td><\/tr><\/tbody><\/table><table style=\"border-collapse: collapse;\"><tbody><tr><td style=\"width: 50%; vertical-align: middle;\" colspan=\"2\"><h3>Samstag, den 25. Juni 2022, 20.00 Uhr<br \/>Cuarteto Rotterdam y Guillermo Rozenthuler (DE\/ARG\/NL)<\/h3><\/td><\/tr><tr><td style=\"width: 50%; vertical-align: middle;\"><a href=\"https:\/\/www.region-schwabach.de\/wordpress\/wp-content\/uploads\/2022\/06\/pressefoto-cuarteto-rotterdam-1-e1655825409921.jpg\"><img decoding=\"async\" class=\"aligncenter size-full wp-image-174545\" src=\"https:\/\/www.region-schwabach.de\/wordpress\/wp-content\/uploads\/2022\/06\/pressefoto-cuarteto-rotterdam-1-e1655825409921.jpg\" alt=\"\" width=\"300\" height=\"200\" \/><\/a><\/td><td style=\"width: 50%; vertical-align: top;\"><span style=\"font-size: 12pt;\">Das Cuarteto Rotterdam gilt zu Recht als eines der besten europ\u00e4ischen Tango-Ensembles. F\u00fcr die vier Musiker ist Tango Leidenschaft, Virtuosit\u00e4t und Kraft \u2013 und das unter Ber\u00fccksichtigung der \u00fcber 100- j\u00e4hrigen Tangogeschichte. Die klassische Formation des Quartetts mit Bandone\u00f3n, Violine, Piano und Kontrabass verspricht ein Klangerlebnis, welches sich zwischen Tradition und Moderne bewegt. Dem anspruchsvollen Tango Nuevo Astor Piazzollas f\u00fchlen sie sich so verbunden, dass die tief empfundene Melancholie und Komplexit\u00e4t dieser Musik immer sp\u00fcrbar ist. Und neugierig sind sie auch \u2013 auf das Neue im Tango.<\/span><\/td><\/tr><tr><td style=\"width: 50%;\" colspan=\"2\"><span style=\"font-size: 12pt;\">Vor dem Konzert findet ab 19 Uhr ein Schnupperkurs mit Oscar und Vicky aus Kolumbien statt\u00a0 &#8211;\u00a0<a dir=\"ltr\" href=\"https:\/\/www.oscaryvickytango.com\/\" target=\"_blank\" rel=\"noopener\">Homepage des Tangopaars Oscar und Vicky<\/a><\/span><\/td><\/tr><tr><td style=\"width: 50%;\" colspan=\"2\"><h4>Weitere Infos zum Tango-Konzert und zum Tango-Schnupperkurs finden Sie\u00a0<a dir=\"ltr\" href=\"https:\/\/www.schwabach.de\/de\/kulturamt\/infoseiten-kulturamt\/10732-cuarteto-rotterdam-ritmos-latinos-2016-24-juni-2.html\" target=\"_blank\" rel=\"noopener\">hier.<\/a><\/h4><\/td><\/tr><\/tbody><\/table><table style=\"border-collapse: collapse;\"><tbody><tr><td style=\"width: 50%; vertical-align: middle;\" colspan=\"2\"><h3>Sonntag, den 26. Juni 2022, 19.00 Uhr<br \/>Juliana da Silva e Amigos do Brasil (BRA)<\/h3><\/td><\/tr><tr><td style=\"width: 50%; vertical-align: middle;\"><a href=\"https:\/\/www.region-schwabach.de\/wordpress\/wp-content\/uploads\/2022\/06\/pressefoto-da_Silva6-e1655826004200.jpg\"><img decoding=\"async\" class=\"aligncenter size-full wp-image-174546\" src=\"https:\/\/www.region-schwabach.de\/wordpress\/wp-content\/uploads\/2022\/06\/pressefoto-da_Silva6-e1655826004200.jpg\" alt=\"\" width=\"300\" height=\"200\" \/><\/a><\/td><td style=\"width: 50%; vertical-align: top;\"><span style=\"font-size: 12pt;\">Juliana da Silva gastiert mit ihren brasilianischen Freunden schon zum zweiten Mal bei Ritmos Latinos. \u201eBrasileirando\u201c haben sie und ihr kongnialer Gitarrist Geovany da Silveira ihr gemeinsames Projekt und Album genannt. Und\u00a0unter diesem Motto spielen sie auch ihr Konzert bei Ritmos Latinos &#8211;\u00a0 \u201eauf brasilianische Art\u201c. Ihre Songauswahl ist eine ganz\u00a0pers\u00f6nliche. Sie pr\u00e4sentieren Lieder ihrer Kindheit und Jugend &#8211; vom Who\u2019s Who der brasilianischen Szene. Nach Schwabach bringen sie Angela Frontera als Gast mit. Die Perkussionistin &amp;\u00a0Schlagzeugerin tr\u00e4gt eine gro\u00dfe Ladung Elektrizit\u00e4t und sehr sensibel ausgesuchte Sounds bei. Die drei Musiker versprechen viel\u00a0Lebensfreude, aber auch Melancholie.\u00a0Einfach sch\u00f6ne Musik.<\/span><\/td><\/tr><tr><td style=\"width: 50%;\" colspan=\"2\"><h4>Weitere Infos finden Sie\u00a0<a dir=\"ltr\" href=\"https:\/\/www.schwabach.de\/de\/kulturamt\/infoseiten-kulturamt\/10735-juliana-da-silva-e-amigos-do-brasil-ritmos-latinos-2022.html\" target=\"_blank\" rel=\"noopener\">hier.<\/a><\/h4><\/td><\/tr><\/tbody><\/table><h3>Infos:\u00a0<\/h3><ul style=\"list-style-type: disc;\"><li><span style=\"font-size: 12pt;\"><span id=\"page1R_mcid5\" class=\"markedContent\"><span dir=\"ltr\" role=\"presentation\">Bei schlechtem Wetter finden die Konzerte im Saal des B\u00fcrgerhauses statt. <\/span><span dir=\"ltr\" role=\"presentation\">\u00c4nderungen werden am jeweiligen Veranstaltungstag im Internet bekannt<\/span><span dir=\"ltr\" role=\"presentation\">gegeben.\u00a0<\/span><\/span><\/span><\/li><li><span style=\"font-size: 12pt;\"><span id=\"page1R_mcid7\" class=\"markedContent\"><span dir=\"ltr\" role=\"presentation\">Karten f\u00fcr die drei Konzerte gibt es vor Ort im B\u00fcrgerb\u00fcro im Rathaus, <\/span><span dir=\"ltr\" role=\"presentation\">K\u00f6nigsplatz1, Telefon 09122-860-0, sowie beim Schwabacher Tagblatt und im <\/span><span dir=\"ltr\" role=\"presentation\">Ticket-Paradise im ORO-Einkaufszentrum.\u00a0<\/span><\/span><\/span><\/li><li><span style=\"font-size: 12pt;\"><span id=\"page1R_mcid9\" class=\"markedContent\"><span dir=\"ltr\" role=\"presentation\">Online sind Karten unter <a href=\"http:\/\/reservix.de\" target=\"_blank\" rel=\"noopener\">reservix.de<\/a> erh\u00e4ltlich. Sofern die Konzerte nicht <\/span><span dir=\"ltr\" role=\"presentation\">ausverkauft sind, gibt es noch Restkarten an der Abendkasse<\/span><\/span><span id=\"page1R_mcid10\" class=\"markedContent\"><\/span><span id=\"page1R_mcid11\" class=\"markedContent\"><br role=\"presentation\" \/><\/span><\/span><\/li><\/ul><h4>Die Konzerte stehen unter Vorbehalt des weiteren Verlaufs der Covid-19-Pandemie und damit verbundener Ma\u00dfnahmen und Auflagen. Bitte informieren Sie sich vorab im Internet.<\/h4><p><strong><span style=\"font-size: 12pt;\"><span id=\"page1R_mcid11\" class=\"markedContent\"><span dir=\"ltr\" role=\"presentation\">Fotos (Fotorechte bei den K\u00fcnstler\/inne\/n, Abdruck honorarfrei):<\/span><\/span><span id=\"page1R_mcid14\" class=\"markedContent\"><br role=\"presentation\" \/><span dir=\"ltr\" role=\"presentation\">(1) Cuarteto Rotterdam<\/span><\/span><span id=\"page1R_mcid18\" class=\"markedContent\"><br role=\"presentation\" \/><span dir=\"ltr\" role=\"presentation\">(2) Roman Gabla<\/span><\/span><span id=\"page1R_mcid22\" class=\"markedContent\"><br role=\"presentation\" \/><span dir=\"ltr\" role=\"presentation\">(3) Juliana da Silva<\/span><\/span><\/span><\/strong><\/p><h3>Weiterf\u00fchrende Links:<\/h3><p><span style=\"font-size: 12pt;\"><a href=\"https:\/\/www.schwabach.de\/de\/infoseiten-kulturportal\/10121-ritmos-latinos-2022.html\" target=\"_blank\" rel=\"noopener\">Weitere Infos zu dieser Veranstaltung gibt es hier &#8230;<\/a><\/span><\/p>\t\t\t\t\t\t<\/div>\n\t\t\t\t<\/div>\n\t\t\t\t<div class=\"elementor-element elementor-element-3faf532 elementor-widget elementor-widget-shortcode\" data-id=\"3faf532\" data-element_type=\"widget\" data-widget_type=\"shortcode.default\">\n\t\t\t\t<div class=\"elementor-widget-container\">\n\t\t\t\t\t<div class=\"elementor-shortcode\"><!-- Beginn https:\/\/www.financeads.net\/-Code --><a href=\"https:\/\/www.financeads.net\/tc.php?t=36648C38513858B\" target=\"_blank\"><center><img loading=\"lazy\" decoding=\"async\" src=\"https:\/\/www.financeads.net\/tb.php?t=36648V38513858B&https=1\" alt=\"\" border=\"0\" width=\"468\" height=\"60\"><\/a><!-- Ende https:\/\/www.financeads.net\/-Code --><\/div>\n\t\t\t\t<\/div>\n\t\t\t\t<\/div>\n\t\t\t\t\t<\/div>\n\t\t<\/div>\n\t\t\t\t<div class=\"elementor-column elementor-col-50 elementor-top-column elementor-element elementor-element-f0c9ae7\" data-id=\"f0c9ae7\" data-element_type=\"column\">\n\t\t\t<div class=\"elementor-widget-wrap elementor-element-populated\">\n\t\t\t\t\t\t<div class=\"elementor-element elementor-element-d8a57f2 elementor-widget elementor-widget-heading\" data-id=\"d8a57f2\" data-element_type=\"widget\" data-widget_type=\"heading.default\">\n\t\t\t\t<div class=\"elementor-widget-container\">\n\t\t\t<h3 class=\"elementor-heading-title elementor-size-default\">Schnell vergleichen und sparen!<\/h3>\t\t<\/div>\n\t\t\t\t<\/div>\n\t\t\t\t<div class=\"elementor-element elementor-element-47e5ded elementor-widget elementor-widget-wp-widget-advads_ad_widget\" data-id=\"47e5ded\" data-element_type=\"widget\" data-widget_type=\"wp-widget-advads_ad_widget.default\">\n\t\t\t\t<div class=\"elementor-widget-container\">\n\t\t\t<div id=\"regio-703485760\"><div class=\"regio-adlabel\">Werbung<\/div><!-- Beginn https:\/\/www.financeads.net\/-Code --><a href=\"https:\/\/www.financeads.net\/tc.php?t=36648C236142529B\" target=\"_blank\"><img loading=\"lazy\" decoding=\"async\" src=\"https:\/\/www.financeads.net\/tb.php?t=36648V236142529B&https=1\" alt=\"\" border=\"0\" width=\"300\" height=\"250\"><\/a><!-- Ende https:\/\/www.financeads.net\/-Code --><\/div>\t\t<\/div>\n\t\t\t\t<\/div>\n\t\t\t\t<div class=\"elementor-element elementor-element-d79b769 elementor-widget elementor-widget-wp-widget-advads_ad_widget\" data-id=\"d79b769\" data-element_type=\"widget\" data-widget_type=\"wp-widget-advads_ad_widget.default\">\n\t\t\t\t<div class=\"elementor-widget-container\">\n\t\t\t<div id=\"regio-2737692705\"><div class=\"regio-adlabel\">Werbung<\/div><!-- Beginn https:\/\/www.financeads.net\/-Code --><a href=\"https:\/\/www.financeads.net\/tc.php?t=36648C42614510B\" target=\"_blank\"><img loading=\"lazy\" decoding=\"async\" src=\"https:\/\/www.financeads.net\/tb.php?t=36648V42614510B&https=1\" alt=\"\" border=\"0\" width=\"200\" height=\"300\"><\/a><!-- Ende https:\/\/www.financeads.net\/-Code --><\/div>\t\t<\/div>\n\t\t\t\t<\/div>\n\t\t\t\t<div class=\"elementor-element elementor-element-f74fdcc elementor-widget elementor-widget-wp-widget-advads_ad_widget\" data-id=\"f74fdcc\" data-element_type=\"widget\" data-widget_type=\"wp-widget-advads_ad_widget.default\">\n\t\t\t\t<div class=\"elementor-widget-container\">\n\t\t\t<div id=\"regio-4262691891\"><div class=\"regio-adlabel\">Werbung<\/div><!-- Beginn https:\/\/www.financeads.net\/-Code --><a href=\"https:\/\/www.financeads.net\/tc.php?t=36648C205040072B\" target=\"_blank\"><img loading=\"lazy\" decoding=\"async\" src=\"https:\/\/www.financeads.net\/tb.php?t=36648V205040072B&https=1\" alt=\"\" border=\"0\" width=\"300\" height=\"250\"><\/a><!-- Ende https:\/\/www.financeads.net\/-Code --><\/div>\t\t<\/div>\n\t\t\t\t<\/div>\n\t\t\t\t<div class=\"elementor-element elementor-element-c860a7d elementor-widget elementor-widget-wp-widget-advads_ad_widget\" data-id=\"c860a7d\" data-element_type=\"widget\" data-widget_type=\"wp-widget-advads_ad_widget.default\">\n\t\t\t\t<div class=\"elementor-widget-container\">\n\t\t\t<div id=\"regio-680244693\"><div class=\"regio-adlabel\">Werbung<\/div><!-- Beginn https:\/\/www.financeads.net\/-Code --><a href=\"https:\/\/www.financeads.net\/tc.php?t=36648C271460142B\" target=\"_blank\"><img loading=\"lazy\" decoding=\"async\" src=\"https:\/\/www.financeads.net\/tb.php?t=36648V271460142B&https=1\" alt=\"PETPROTECT_Hund&Katze_Banner\" border=\"0\" width=\"250\" height=\"250\"><\/a><!-- Ende https:\/\/www.financeads.net\/-Code --><\/div>\t\t<\/div>\n\t\t\t\t<\/div>\n\t\t\t\t\t<\/div>\n\t\t<\/div>\n\t\t\t\t\t<\/div>\n\t\t<\/section>\n\t\t\t\t<section class=\"elementor-section elementor-top-section elementor-element elementor-element-7d131e8 elementor-section-boxed elementor-section-height-default elementor-section-height-default\" data-id=\"7d131e8\" data-element_type=\"section\">\n\t\t\t\t\t\t<div class=\"elementor-container elementor-column-gap-default\">\n\t\t\t\t\t<div class=\"elementor-column elementor-col-100 elementor-top-column elementor-element elementor-element-cff7f35\" data-id=\"cff7f35\" data-element_type=\"column\">\n\t\t\t<div class=\"elementor-widget-wrap elementor-element-populated\">\n\t\t\t\t\t\t<div class=\"elementor-element elementor-element-ae54725 elementor-widget elementor-widget-heading\" data-id=\"ae54725\" data-element_type=\"widget\" data-widget_type=\"heading.default\">\n\t\t\t\t<div class=\"elementor-widget-container\">\n\t\t\t<h2 class=\"elementor-heading-title elementor-size-default\">Hier ein paar Impressionen zum \"Latinfestival Ritmos Latinos\"<\/h2>\t\t<\/div>\n\t\t\t\t<\/div>\n\t\t\t\t<div class=\"elementor-element elementor-element-a79fc02 elementor-widget elementor-widget-heading\" data-id=\"a79fc02\" data-element_type=\"widget\" data-widget_type=\"heading.default\">\n\t\t\t\t<div class=\"elementor-widget-container\">\n\t\t\t<h3 class=\"elementor-heading-title elementor-size-default\">(Bilder zum Vergr\u00f6\u00dfern bitte anklicken)<\/h3>\t\t<\/div>\n\t\t\t\t<\/div>\n\t\t\t\t\t<\/div>\n\t\t<\/div>\n\t\t\t\t\t<\/div>\n\t\t<\/section>\n\t\t\t\t<section class=\"elementor-section elementor-top-section elementor-element elementor-element-e928cd5 elementor-section-boxed elementor-section-height-default elementor-section-height-default\" data-id=\"e928cd5\" data-element_type=\"section\">\n\t\t\t\t\t\t<div class=\"elementor-container elementor-column-gap-default\">\n\t\t\t\t\t<div class=\"elementor-column elementor-col-50 elementor-top-column elementor-element elementor-element-0b4b354\" data-id=\"0b4b354\" data-element_type=\"column\">\n\t\t\t<div class=\"elementor-widget-wrap elementor-element-populated\">\n\t\t\t\t\t\t<div class=\"elementor-element elementor-element-9f4b680 elementor-widget elementor-widget-image\" data-id=\"9f4b680\" data-element_type=\"widget\" data-widget_type=\"image.default\">\n\t\t\t\t<div class=\"elementor-widget-container\">\n\t\t\t\t\t\t\t\t\t\t<figure class=\"wp-caption\">\n\t\t\t\t\t\t\t\t\t\t\t<a href=\"https:\/\/www.region-schwabach.de\/wordpress\/wp-content\/uploads\/2022\/05\/PM59_4_Logo-e1652782257672.jpg\" data-elementor-open-lightbox=\"yes\" data-elementor-lightbox-title=\"PM59_4_Logo\" data-e-action-hash=\"#elementor-action%3Aaction%3Dlightbox%26settings%3DeyJpZCI6MTcxMzEzLCJ1cmwiOiJodHRwczpcL1wvd3d3LnJlZ2lvbi1zY2h3YWJhY2guZGVcL3dvcmRwcmVzc1wvd3AtY29udGVudFwvdXBsb2Fkc1wvMjAyMlwvMDVcL1BNNTlfNF9Mb2dvLWUxNjUyNzgyMjU3NjcyLmpwZyJ9\">\n\t\t\t\t\t\t\t<img loading=\"lazy\" decoding=\"async\" width=\"666\" height=\"381\" src=\"https:\/\/www.region-schwabach.de\/wordpress\/wp-content\/uploads\/2022\/05\/PM59_4_Logo-666x381.jpg\" class=\"attachment-mh-magazine-content size-mh-magazine-content wp-image-171313\" alt=\"\" \/>\t\t\t\t\t\t\t\t<\/a>\n\t\t\t\t\t\t\t\t\t\t\t<figcaption class=\"widget-image-caption wp-caption-text\">Veranstaltungslogo<\/figcaption>\n\t\t\t\t\t\t\t\t\t\t<\/figure>\n\t\t\t\t\t\t\t<\/div>\n\t\t\t\t<\/div>\n\t\t\t\t\t<\/div>\n\t\t<\/div>\n\t\t\t\t<div class=\"elementor-column elementor-col-50 elementor-top-column elementor-element elementor-element-b8f41fb\" data-id=\"b8f41fb\" data-element_type=\"column\">\n\t\t\t<div class=\"elementor-widget-wrap elementor-element-populated\">\n\t\t\t\t\t\t<div class=\"elementor-element elementor-element-995ae41 elementor-widget elementor-widget-image\" data-id=\"995ae41\" data-element_type=\"widget\" data-widget_type=\"image.default\">\n\t\t\t\t<div class=\"elementor-widget-container\">\n\t\t\t\t\t\t\t\t\t\t<figure class=\"wp-caption\">\n\t\t\t\t\t\t\t\t\t\t\t<a href=\"https:\/\/www.region-schwabach.de\/wordpress\/wp-content\/uploads\/2022\/05\/PM59_1_ritmoslatinos_copyright_cuarteto-rotterdam-1-e1652782341751.jpg\" data-elementor-open-lightbox=\"yes\" data-elementor-lightbox-title=\"PM59_1_ritmoslatinos_copyright_cuarteto-rotterdam\" data-e-action-hash=\"#elementor-action%3Aaction%3Dlightbox%26settings%3DeyJpZCI6MTcxMzE0LCJ1cmwiOiJodHRwczpcL1wvd3d3LnJlZ2lvbi1zY2h3YWJhY2guZGVcL3dvcmRwcmVzc1wvd3AtY29udGVudFwvdXBsb2Fkc1wvMjAyMlwvMDVcL1BNNTlfMV9yaXRtb3NsYXRpbm9zX2NvcHlyaWdodF9jdWFydGV0by1yb3R0ZXJkYW0tMS1lMTY1Mjc4MjM0MTc1MS5qcGcifQ%3D%3D\">\n\t\t\t\t\t\t\t<img loading=\"lazy\" decoding=\"async\" width=\"678\" height=\"381\" src=\"https:\/\/www.region-schwabach.de\/wordpress\/wp-content\/uploads\/2022\/05\/PM59_1_ritmoslatinos_copyright_cuarteto-rotterdam-1-678x381.jpg\" class=\"attachment-mh-magazine-content size-mh-magazine-content wp-image-171314\" alt=\"\" \/>\t\t\t\t\t\t\t\t<\/a>\n\t\t\t\t\t\t\t\t\t\t\t<figcaption class=\"widget-image-caption wp-caption-text\">Cuarteto Rotterdam<\/figcaption>\n\t\t\t\t\t\t\t\t\t\t<\/figure>\n\t\t\t\t\t\t\t<\/div>\n\t\t\t\t<\/div>\n\t\t\t\t\t<\/div>\n\t\t<\/div>\n\t\t\t\t\t<\/div>\n\t\t<\/section>\n\t\t\t\t<section class=\"elementor-section elementor-top-section elementor-element elementor-element-e3c95ce elementor-section-boxed elementor-section-height-default elementor-section-height-default\" data-id=\"e3c95ce\" data-element_type=\"section\">\n\t\t\t\t\t\t<div class=\"elementor-container elementor-column-gap-default\">\n\t\t\t\t\t<div class=\"elementor-column elementor-col-50 elementor-top-column elementor-element elementor-element-6fbc33e\" data-id=\"6fbc33e\" data-element_type=\"column\">\n\t\t\t<div class=\"elementor-widget-wrap elementor-element-populated\">\n\t\t\t\t\t\t<div class=\"elementor-element elementor-element-152ff9c elementor-widget elementor-widget-image\" data-id=\"152ff9c\" data-element_type=\"widget\" data-widget_type=\"image.default\">\n\t\t\t\t<div class=\"elementor-widget-container\">\n\t\t\t\t\t\t\t\t\t\t<figure class=\"wp-caption\">\n\t\t\t\t\t\t\t\t\t\t\t<a href=\"https:\/\/www.region-schwabach.de\/wordpress\/wp-content\/uploads\/2022\/05\/PM59_2_ritmoslatinos_copyright_Roman_Gabla-scaled-e1652782714597.jpg\" data-elementor-open-lightbox=\"yes\" data-elementor-lightbox-title=\"PM59_2_ritmoslatinos_copyright_Roman_Gabla\" data-e-action-hash=\"#elementor-action%3Aaction%3Dlightbox%26settings%3DeyJpZCI6MTcxMzE2LCJ1cmwiOiJodHRwczpcL1wvd3d3LnJlZ2lvbi1zY2h3YWJhY2guZGVcL3dvcmRwcmVzc1wvd3AtY29udGVudFwvdXBsb2Fkc1wvMjAyMlwvMDVcL1BNNTlfMl9yaXRtb3NsYXRpbm9zX2NvcHlyaWdodF9Sb21hbl9HYWJsYS1zY2FsZWQtZTE2NTI3ODI3MTQ1OTcuanBnIn0%3D\">\n\t\t\t\t\t\t\t<img loading=\"lazy\" decoding=\"async\" width=\"678\" height=\"381\" src=\"https:\/\/www.region-schwabach.de\/wordpress\/wp-content\/uploads\/2022\/05\/PM59_2_ritmoslatinos_copyright_Roman_Gabla-678x381.jpg\" class=\"attachment-mh-magazine-content size-mh-magazine-content wp-image-171316\" alt=\"\" \/>\t\t\t\t\t\t\t\t<\/a>\n\t\t\t\t\t\t\t\t\t\t\t<figcaption class=\"widget-image-caption wp-caption-text\">Roman Gabla<\/figcaption>\n\t\t\t\t\t\t\t\t\t\t<\/figure>\n\t\t\t\t\t\t\t<\/div>\n\t\t\t\t<\/div>\n\t\t\t\t\t<\/div>\n\t\t<\/div>\n\t\t\t\t<div class=\"elementor-column elementor-col-50 elementor-top-column elementor-element elementor-element-5288163\" data-id=\"5288163\" data-element_type=\"column\">\n\t\t\t<div class=\"elementor-widget-wrap elementor-element-populated\">\n\t\t\t\t\t\t<div class=\"elementor-element elementor-element-8d2df8d elementor-widget elementor-widget-image\" data-id=\"8d2df8d\" data-element_type=\"widget\" data-widget_type=\"image.default\">\n\t\t\t\t<div class=\"elementor-widget-container\">\n\t\t\t\t\t\t\t\t\t\t<figure class=\"wp-caption\">\n\t\t\t\t\t\t\t\t\t\t\t<a href=\"https:\/\/www.region-schwabach.de\/wordpress\/wp-content\/uploads\/2022\/05\/PM59_3_ritomoslatinos_copyright_JulianadaSilva-scaled-e1652783050404.jpg\" data-elementor-open-lightbox=\"yes\" data-elementor-lightbox-title=\"PM59_3_ritomoslatinos_copyright_JulianadaSilva\" data-e-action-hash=\"#elementor-action%3Aaction%3Dlightbox%26settings%3DeyJpZCI6MTcxMzE3LCJ1cmwiOiJodHRwczpcL1wvd3d3LnJlZ2lvbi1zY2h3YWJhY2guZGVcL3dvcmRwcmVzc1wvd3AtY29udGVudFwvdXBsb2Fkc1wvMjAyMlwvMDVcL1BNNTlfM19yaXRvbW9zbGF0aW5vc19jb3B5cmlnaHRfSnVsaWFuYWRhU2lsdmEtc2NhbGVkLWUxNjUyNzgzMDUwNDA0LmpwZyJ9\">\n\t\t\t\t\t\t\t<img loading=\"lazy\" decoding=\"async\" width=\"678\" height=\"381\" src=\"https:\/\/www.region-schwabach.de\/wordpress\/wp-content\/uploads\/2022\/05\/PM59_3_ritomoslatinos_copyright_JulianadaSilva-678x381.jpg\" class=\"attachment-mh-magazine-content size-mh-magazine-content wp-image-171317\" alt=\"\" \/>\t\t\t\t\t\t\t\t<\/a>\n\t\t\t\t\t\t\t\t\t\t\t<figcaption class=\"widget-image-caption wp-caption-text\">Juliana da Silva<\/figcaption>\n\t\t\t\t\t\t\t\t\t\t<\/figure>\n\t\t\t\t\t\t\t<\/div>\n\t\t\t\t<\/div>\n\t\t\t\t\t<\/div>\n\t\t<\/div>\n\t\t\t\t\t<\/div>\n\t\t<\/section>\n\t\t\t\t<\/div>\n\t\t","protected":false},"excerpt":{"rendered":"<div class=\"mh-excerpt\"><p>Von Freitag, den 24. Juni 2022 bis Sonntag, den 26. Juni 2022\u201eRitmos Latinos\u201c &#8211;&nbsp;9. Latin Festival Schwabach Schwabach &#8211;&nbsp;Im Juni trifft sich die regionale Latin-Szene, um ein Wochenende lang Live-Musik aus Lateinamerika zu genie\u00dfen und <a class=\"mh-excerpt-more\" href=\"https:\/\/www.region-schwabach.de\/wordpress\/ritmos-latinos-vom-24-26-juni-2022-im-hof-des-alten-deutschen-gymnasium-in-schwabach\/\" title=\"ritmos latinos vom 24. &#8211; 26. Juni 2022 im Hof des Alten Deutschen Gymnasium in Schwabach\">[&#8230;]<\/a><\/p>\n<\/div>","protected":false},"author":1,"featured_media":174540,"comment_status":"open","ping_status":"open","sticky":false,"template":"","format":"standard","meta":{"_cbd_carousel_blocks":"[]","footnotes":""},"categories":[16,1,287,61,231],"tags":[19202,19484,19481,19485,19482,19486,19483,9448,19478,19479,522,4394,4393,1480,4391,19477,19487,19488,19,19489,19490,2678],"class_list":{"0":"post-174538","1":"post","2":"type-post","3":"status-publish","4":"format-standard","5":"has-post-thumbnail","7":"category-aktuell","8":"category-allgemein","9":"category-jugend-und-familie","10":"category-rathaus","11":"category-veranstaltungsnews","12":"tag-24-bis-26-juni-2022","13":"tag-24-juni-2022","14":"tag-24-06-2022","15":"tag-25-juni-2022","16":"tag-25-06-2022","17":"tag-26-juni-2022","18":"tag-26-06-2022","19":"tag-altes-deutsches-gymnasium","20":"tag-cuarteto-rotterdam-y-guillermo-rozenthuler-de-arg-nl","21":"tag-juliana-da-silva-e-amigos-do-brasil-bra","22":"tag-koenigsplatz","23":"tag-konzertabende-mit-tanz","24":"tag-latinfestival","25":"tag-rathaus","26":"tag-ritmos-latinos","27":"tag-roman-y-sus-timberos-cu-de-mex","28":"tag-salsa-konzert","29":"tag-salsa-schnupperkurs","30":"tag-schwabach","31":"tag-tango-konzert","32":"tag-tango-schnupperkurs","33":"tag-wittelsbacherstrasse"},"_links":{"self":[{"href":"https:\/\/www.region-schwabach.de\/wordpress\/wp-json\/wp\/v2\/posts\/174538","targetHints":{"allow":["GET"]}}],"collection":[{"href":"https:\/\/www.region-schwabach.de\/wordpress\/wp-json\/wp\/v2\/posts"}],"about":[{"href":"https:\/\/www.region-schwabach.de\/wordpress\/wp-json\/wp\/v2\/types\/post"}],"author":[{"embeddable":true,"href":"https:\/\/www.region-schwabach.de\/wordpress\/wp-json\/wp\/v2\/users\/1"}],"replies":[{"embeddable":true,"href":"https:\/\/www.region-schwabach.de\/wordpress\/wp-json\/wp\/v2\/comments?post=174538"}],"version-history":[{"count":0,"href":"https:\/\/www.region-schwabach.de\/wordpress\/wp-json\/wp\/v2\/posts\/174538\/revisions"}],"wp:featuredmedia":[{"embeddable":true,"href":"https:\/\/www.region-schwabach.de\/wordpress\/wp-json\/wp\/v2\/media\/174540"}],"wp:attachment":[{"href":"https:\/\/www.region-schwabach.de\/wordpress\/wp-json\/wp\/v2\/media?parent=174538"}],"wp:term":[{"taxonomy":"category","embeddable":true,"href":"https:\/\/www.region-schwabach.de\/wordpress\/wp-json\/wp\/v2\/categories?post=174538"},{"taxonomy":"post_tag","embeddable":true,"href":"https:\/\/www.region-schwabach.de\/wordpress\/wp-json\/wp\/v2\/tags?post=174538"}],"curies":[{"name":"wp","href":"https:\/\/api.w.org\/{rel}","templated":true}]}}