{"id":174799,"date":"2022-07-31T01:30:00","date_gmt":"2022-07-30T23:30:00","guid":{"rendered":"https:\/\/www.region-schwabach.de\/wordpress\/?p=174799"},"modified":"2022-07-30T22:45:36","modified_gmt":"2022-07-30T20:45:36","slug":"mitgliederausstellung-des-kunstlerbundes-schwabach-im-flow-in-der-stadtischen-galerie-ab-24-juni-2022","status":"publish","type":"post","link":"https:\/\/www.region-schwabach.de\/wordpress\/mitgliederausstellung-des-kunstlerbundes-schwabach-im-flow-in-der-stadtischen-galerie-ab-24-juni-2022\/","title":{"rendered":"Mitgliederausstellung des K\u00fcnstlerbundes Schwabach \u2013 \u201eIM FLOW\u201c \u2013 in der St\u00e4dtischen Galerie ab 24. Juni 2022"},"content":{"rendered":"\t\t<div data-elementor-type=\"wp-post\" data-elementor-id=\"174799\" class=\"elementor elementor-174799\">\n\t\t\t\t\t\t<section class=\"elementor-section elementor-top-section elementor-element elementor-element-678181b elementor-section-boxed elementor-section-height-default elementor-section-height-default\" data-id=\"678181b\" data-element_type=\"section\">\n\t\t\t\t\t\t<div class=\"elementor-container elementor-column-gap-default\">\n\t\t\t\t\t<div class=\"elementor-column elementor-col-66 elementor-top-column elementor-element elementor-element-6b34026\" data-id=\"6b34026\" data-element_type=\"column\">\n\t\t\t<div class=\"elementor-widget-wrap elementor-element-populated\">\n\t\t\t\t\t\t<div class=\"elementor-element elementor-element-15a5ce5 elementor-widget elementor-widget-wp-widget-advads_ad_widget\" data-id=\"15a5ce5\" data-element_type=\"widget\" data-widget_type=\"wp-widget-advads_ad_widget.default\">\n\t\t\t\t<div class=\"elementor-widget-container\">\n\t\t\t<div id=\"regio-599089731\"><div class=\"regio-adlabel\">Werbung<\/div><center><a href=\"https:\/\/a.partner-versicherung.de\/click.php?partner_id=19992&ad_id=1578&deep=kreditkarten\"  target=\"_blank\"><img decoding=\"async\" src=\"https:\/\/a.partner-versicherung.de\/view.php?partner_id=19992&ad_id=1578\" ><\/a><\/center><\/div>\t\t<\/div>\n\t\t\t\t<\/div>\n\t\t\t\t<div class=\"elementor-element elementor-element-443ab98 elementor-widget elementor-widget-text-editor\" data-id=\"443ab98\" data-element_type=\"widget\" data-widget_type=\"text-editor.default\">\n\t\t\t\t<div class=\"elementor-widget-container\">\n\t\t\t\t\t\t\t<h3 class=\"entry-title\">Vom 24. Juni 2022 bis 31. Juli 20222 in der St\u00e4dtischen Galerie Schwabach:<br \/><span dir=\"ltr\" role=\"presentation\">Mitgliederausstellung des\u00a0<\/span><span dir=\"ltr\" role=\"presentation\">K\u00fcnstlerbund Schwabach 2022<\/span> &#8211; IM FLOW<\/h3><p><span style=\"font-size: 12pt;\">Schwabach &#8211; Von Freitag, den 24. Juni 2022, bis Sonntag, den 31. Juli 2022, veranstaltet der K\u00fcnstlerbund in der St\u00e4dtischen Galerie in Schwabach unter dem Titel &#8222;IM FLOW&#8220; die Mitgliederausstellung 2022.\u00a0<\/span><\/p><p><span style=\"font-size: 12pt;\">&#8222;Im Flow ist, wer v\u00f6llig in seiner T\u00e4tigkeit aufgeht, ganz im Hier und Jetzt ist und das Gef\u00fchl hat, dass alles stimmig ist. Das hei\u00dft in seinem Werk aufgehen und darin einen freien Ausdruck finden.\u00a0<\/span><\/p><h3>Folgende K\u00fcnstler nehmen teil:<\/h3><ul style=\"list-style-type: disc;\"><li><span style=\"font-size: 12pt;\">Sibylle Falkenberg &#8211; <a href=\"https:\/\/www.kuenstlerbund-schwabach.de\/kuenstler\/falkenberg-sybille\/\" target=\"_blank\" rel=\"noopener\">Homepage &#8230;<\/a>\u00a0<\/span><\/li><li><span style=\"font-size: 12pt;\">Barbara Graber &#8211; <a href=\"https:\/\/www.kuenstlerbund-schwabach.de\/kuenstler\/graber-barbara\/\" target=\"_blank\" rel=\"noopener\">Homepage &#8230;<\/a>\u00a0<\/span><\/li><li><span style=\"font-size: 12pt;\">Clemens Heinl &#8211; <a href=\"https:\/\/www.kuenstlerbund-schwabach.de\/kuenstler\/heinl-clemens\/\" target=\"_blank\" rel=\"noopener\">Homepage &#8230;<\/a>\u00a0<\/span><\/li><li><span style=\"font-size: 12pt;\">Manfred H\u00fcrlimann &#8211; <a href=\"https:\/\/www.kuenstlerbund-schwabach.de\/kuenstler\/huerlimann-manfred\/\" target=\"_blank\" rel=\"noopener\">Homepage &#8230;<\/a><\/span><\/li><li><span style=\"font-size: 12pt;\">Rosalinde Weber-Hohengrund &#8211; <a href=\"https:\/\/www.kuenstlerbund-schwabach.de\/kuenstler\/weber-hohengrund-rosalinde\/\" target=\"_blank\" rel=\"noopener\">Homepage &#8230;<\/a>\u00a0<\/span><\/li><li><span style=\"font-size: 12pt;\">Inga-Karen Kopf &#8211; <a href=\"https:\/\/www.kuenstlerbund-schwabach.de\/kuenstler\/kopf-inga-karen\/\" target=\"_blank\" rel=\"noopener\">Homepage &#8230;<\/a>\u00a0<\/span><\/li><li><span style=\"font-size: 12pt;\">Dr. Diethelm Kause &#8211; <a href=\"https:\/\/www.kuenstlerbund-schwabach.de\/kuenstler\/kause-dr-diethelm\/\" target=\"_blank\" rel=\"noopener\">Homepage &#8230;<\/a>\u00a0<\/span><\/li><li><span style=\"font-size: 12pt;\">Peter K\u00f6nig &#8211; <a href=\"https:\/\/www.kuenstlerbund-schwabach.de\/kuenstler\/koenig-peter\/\" target=\"_blank\" rel=\"noopener\">Homepage &#8230;<\/a>\u00a0<\/span><\/li><li><span style=\"font-size: 12pt;\">Lisa Lang &#8211; <a href=\"https:\/\/www.kuenstlerbund-schwabach.de\/kuenstler\/lang-lisa\/\" target=\"_blank\" rel=\"noopener\">Homepage &#8230;<\/a><\/span><\/li><li><span style=\"font-size: 12pt;\">Norbert Mager &#8211; <a href=\"https:\/\/www.kuenstlerbund-schwabach.de\/kuenstler\/mager-norbert\/\" target=\"_blank\" rel=\"noopener\">Homepage &#8230;<\/a>\u00a0<\/span><\/li><li><span style=\"font-size: 12pt;\">Jo Niklaus &#8211; <a href=\"https:\/\/www.kuenstlerbund-schwabach.de\/kuenstler\/niklaus-jo\/\" target=\"_blank\" rel=\"noopener\">Homepage &#8230;<\/a><\/span><\/li><li><span style=\"font-size: 12pt;\">Mathias Otto &#8211; <a href=\"https:\/\/www.kuenstlerbund-schwabach.de\/kuenstler\/otto-mathias\/\" target=\"_blank\" rel=\"noopener\">Homepage &#8230;<\/a>\u00a0<\/span><\/li><li><span style=\"font-size: 12pt;\">Walter Thaler &#8211; <a href=\"https:\/\/www.kuenstlerbund-schwabach.de\/kuenstler\/thaler-walter\/\" target=\"_blank\" rel=\"noopener\">Homepage &#8230;<\/a>\u00a0<\/span><\/li><\/ul><h3>Infos:<\/h3><p><span style=\"font-size: 12pt;\">Die Ausstellung findet in der St\u00e4dtischen Galerie, K\u00f6nigsplatz 29a in Schwabach statt, der\u00a0<\/span><span style=\"font-size: 12pt;\">Eintritt ist frei.<\/span><\/p><h3 class=\"idgroup_7 group_container\">Ausstellungszeiten<\/h3><p><span style=\"font-size: 12pt;\">Ge\u00f6ffnet ist die Ausstellung in der St\u00e4dtischen Galerie (K\u00f6nigsplatz 29A) zu folgenden Zeiten:<\/span><\/p><table style=\"border-collapse: collapse; width: 100%; height: 144px;\" border=\"1\"><tbody><tr style=\"height: 24px;\"><td style=\"width: 33.3333%; height: 24px;\"><span style=\"font-size: 12pt;\">Tag<\/span><\/td><td style=\"width: 33.3333%; height: 24px;\"><span style=\"font-size: 12pt;\">Von &#8230;<\/span><\/td><td style=\"width: 33.3333%; height: 24px;\"><span style=\"font-size: 12pt;\">&#8230; bis<\/span><\/td><\/tr><tr style=\"height: 24px;\"><td style=\"width: 33.3333%; height: 24px;\">\u00a0<\/td><td style=\"width: 33.3333%; height: 24px;\">\u00a0<\/td><td style=\"width: 33.3333%; height: 24px;\">\u00a0<\/td><\/tr><tr style=\"height: 24px;\"><td style=\"width: 33.3333%; height: 24px;\"><span style=\"font-size: 12pt;\">Donnerstag<\/span><\/td><td style=\"width: 33.3333%; height: 24px;\"><span style=\"font-size: 12pt;\">11.00 Uhr<\/span><\/td><td style=\"width: 33.3333%; height: 24px;\"><span style=\"font-size: 12pt;\">18.00 Uhr<\/span><\/td><\/tr><tr style=\"height: 24px;\"><td style=\"width: 33.3333%; height: 24px;\"><span style=\"font-size: 12pt;\">Freitag<\/span><\/td><td style=\"width: 33.3333%; height: 24px;\"><span style=\"font-size: 12pt;\">11.00 Uhr<\/span><\/td><td style=\"width: 33.3333%; height: 24px;\"><span style=\"font-size: 12pt;\">18.00 Uhr<\/span><\/td><\/tr><tr style=\"height: 24px;\"><td style=\"width: 33.3333%; height: 24px;\"><span style=\"font-size: 12pt;\">Samstag<\/span><\/td><td style=\"width: 33.3333%; height: 24px;\"><span style=\"font-size: 12pt;\">10.00 Uhr<\/span><\/td><td style=\"width: 33.3333%; height: 24px;\"><span style=\"font-size: 12pt;\">13.00 Uhr<\/span><\/td><\/tr><tr style=\"height: 24px;\"><td style=\"width: 33.3333%; height: 24px;\"><span style=\"font-size: 12pt;\">Sonntag<\/span><\/td><td style=\"width: 33.3333%; height: 24px;\"><span style=\"font-size: 12pt;\">13.00 Uhr<\/span><\/td><td style=\"width: 33.3333%; height: 24px;\"><span style=\"font-size: 12pt;\">16.00 Uhr<\/span><\/td><\/tr><\/tbody><\/table><h3>Weiterf\u00fchrende Links:<\/h3><p><span style=\"font-size: 12pt;\"><a href=\"http:\/\/www.kuenstlerbund-schwabach.de\/buga\/index.html\" target=\"_blank\" rel=\"noopener\">Zur Homepage der St\u00e4dtischen Galerie Schwabach geht&#8217;s hier &#8230;<\/a><\/span><\/p>\t\t\t\t\t\t<\/div>\n\t\t\t\t<\/div>\n\t\t\t\t<div class=\"elementor-element elementor-element-795dacc elementor-widget elementor-widget-shortcode\" data-id=\"795dacc\" data-element_type=\"widget\" data-widget_type=\"shortcode.default\">\n\t\t\t\t<div class=\"elementor-widget-container\">\n\t\t\t\t\t<div class=\"elementor-shortcode\"><!-- Beginn https:\/\/www.financeads.net\/-Code --><a href=\"https:\/\/www.financeads.net\/tc.php?t=36648C38513858B\" target=\"_blank\"><center><img decoding=\"async\" src=\"https:\/\/www.financeads.net\/tb.php?t=36648V38513858B&https=1\" alt=\"\" border=\"0\" width=\"468\" height=\"60\"><\/a><!-- Ende https:\/\/www.financeads.net\/-Code --><\/div>\n\t\t\t\t<\/div>\n\t\t\t\t<\/div>\n\t\t\t\t<div class=\"elementor-element elementor-element-0c834d7 elementor-widget-divider--view-line elementor-widget elementor-widget-divider\" data-id=\"0c834d7\" data-element_type=\"widget\" data-widget_type=\"divider.default\">\n\t\t\t\t<div class=\"elementor-widget-container\">\n\t\t\t\t\t<div class=\"elementor-divider\">\n\t\t\t<span class=\"elementor-divider-separator\">\n\t\t\t\t\t\t<\/span>\n\t\t<\/div>\n\t\t\t\t<\/div>\n\t\t\t\t<\/div>\n\t\t\t\t<div class=\"elementor-element elementor-element-325f51f elementor-widget elementor-widget-google_maps\" data-id=\"325f51f\" data-element_type=\"widget\" data-widget_type=\"google_maps.default\">\n\t\t\t\t<div class=\"elementor-widget-container\">\n\t\t\t\t\t<div class=\"elementor-custom-embed\">\n\t\t\t<iframe loading=\"lazy\"\n\t\t\t\t\tsrc=\"https:\/\/maps.google.com\/maps?q=K%C3%B6nigsplatz%2029a%2C%20Schwabach%2C%20Deutschland&#038;t=m&#038;z=17&#038;output=embed&#038;iwloc=near\"\n\t\t\t\t\ttitle=\"K\u00f6nigsplatz 29a, Schwabach, Deutschland\"\n\t\t\t\t\taria-label=\"K\u00f6nigsplatz 29a, Schwabach, Deutschland\"\n\t\t\t><\/iframe>\n\t\t<\/div>\n\t\t\t\t<\/div>\n\t\t\t\t<\/div>\n\t\t\t\t\t<\/div>\n\t\t<\/div>\n\t\t\t\t<div class=\"elementor-column elementor-col-33 elementor-top-column elementor-element elementor-element-f645137\" data-id=\"f645137\" data-element_type=\"column\">\n\t\t\t<div class=\"elementor-widget-wrap elementor-element-populated\">\n\t\t\t\t\t\t<div class=\"elementor-element elementor-element-839bb7a elementor-widget elementor-widget-heading\" data-id=\"839bb7a\" data-element_type=\"widget\" data-widget_type=\"heading.default\">\n\t\t\t\t<div class=\"elementor-widget-container\">\n\t\t\t<h3 class=\"elementor-heading-title elementor-size-default\">Schnell vergleichen und sparen!<\/h3>\t\t<\/div>\n\t\t\t\t<\/div>\n\t\t\t\t<div class=\"elementor-element elementor-element-6036bed elementor-widget elementor-widget-wp-widget-advads_ad_widget\" data-id=\"6036bed\" data-element_type=\"widget\" data-widget_type=\"wp-widget-advads_ad_widget.default\">\n\t\t\t\t<div class=\"elementor-widget-container\">\n\t\t\t<div id=\"regio-1767092580\"><div class=\"regio-adlabel\">Werbung<\/div><!-- Beginn https:\/\/www.financeads.net\/-Code --><a href=\"https:\/\/www.financeads.net\/tc.php?t=36648C236142529B\" target=\"_blank\"><img fetchpriority=\"high\" decoding=\"async\" src=\"https:\/\/www.financeads.net\/tb.php?t=36648V236142529B&https=1\" alt=\"\" border=\"0\" width=\"300\" height=\"250\"><\/a><!-- Ende https:\/\/www.financeads.net\/-Code --><\/div>\t\t<\/div>\n\t\t\t\t<\/div>\n\t\t\t\t<div class=\"elementor-element elementor-element-eec47fd elementor-widget elementor-widget-wp-widget-advads_ad_widget\" data-id=\"eec47fd\" data-element_type=\"widget\" data-widget_type=\"wp-widget-advads_ad_widget.default\">\n\t\t\t\t<div class=\"elementor-widget-container\">\n\t\t\t<div id=\"regio-230068712\"><div class=\"regio-adlabel\">Werbung<\/div><!-- Beginn https:\/\/www.financeads.net\/-Code --><a href=\"https:\/\/www.financeads.net\/tc.php?t=36648C42614510B\" target=\"_blank\"><img decoding=\"async\" src=\"https:\/\/www.financeads.net\/tb.php?t=36648V42614510B&https=1\" alt=\"\" border=\"0\" width=\"200\" height=\"300\"><\/a><!-- Ende https:\/\/www.financeads.net\/-Code --><\/div>\t\t<\/div>\n\t\t\t\t<\/div>\n\t\t\t\t<div class=\"elementor-element elementor-element-4cede30 elementor-widget elementor-widget-wp-widget-advads_ad_widget\" data-id=\"4cede30\" data-element_type=\"widget\" data-widget_type=\"wp-widget-advads_ad_widget.default\">\n\t\t\t\t<div class=\"elementor-widget-container\">\n\t\t\t<div id=\"regio-1308269572\"><div class=\"regio-adlabel\">Werbung<\/div><!-- Beginn https:\/\/www.financeads.net\/-Code --><a href=\"https:\/\/www.financeads.net\/tc.php?t=36648C205040072B\" target=\"_blank\"><img loading=\"lazy\" decoding=\"async\" src=\"https:\/\/www.financeads.net\/tb.php?t=36648V205040072B&https=1\" alt=\"\" border=\"0\" width=\"300\" height=\"250\"><\/a><!-- Ende https:\/\/www.financeads.net\/-Code --><\/div>\t\t<\/div>\n\t\t\t\t<\/div>\n\t\t\t\t<div class=\"elementor-element elementor-element-96a56a4 elementor-widget elementor-widget-wp-widget-advads_ad_widget\" data-id=\"96a56a4\" data-element_type=\"widget\" data-widget_type=\"wp-widget-advads_ad_widget.default\">\n\t\t\t\t<div class=\"elementor-widget-container\">\n\t\t\t<div id=\"regio-2113229901\"><div class=\"regio-adlabel\">Werbung<\/div><!-- Beginn https:\/\/www.financeads.net\/-Code --><a href=\"https:\/\/www.financeads.net\/tc.php?t=36648C271460142B\" target=\"_blank\"><img loading=\"lazy\" decoding=\"async\" src=\"https:\/\/www.financeads.net\/tb.php?t=36648V271460142B&https=1\" alt=\"PETPROTECT_Hund&Katze_Banner\" border=\"0\" width=\"250\" height=\"250\"><\/a><!-- Ende https:\/\/www.financeads.net\/-Code --><\/div>\t\t<\/div>\n\t\t\t\t<\/div>\n\t\t\t\t\t<\/div>\n\t\t<\/div>\n\t\t\t\t\t<\/div>\n\t\t<\/section>\n\t\t\t\t<\/div>\n\t\t","protected":false},"excerpt":{"rendered":"<div class=\"mh-excerpt\"><p>Vom 24. Juni 2022 bis 31. Juli 20222 in der St\u00e4dtischen Galerie Schwabach: Mitgliederausstellung des&nbsp;K\u00fcnstlerbund Schwabach 2022 &#8211; IM FLOW Schwabach &#8211; Von Freitag, den 24. Juni 2022, bis Sonntag, den 31. Juli 2022, veranstaltet <a class=\"mh-excerpt-more\" href=\"https:\/\/www.region-schwabach.de\/wordpress\/mitgliederausstellung-des-kunstlerbundes-schwabach-im-flow-in-der-stadtischen-galerie-ab-24-juni-2022\/\" title=\"Mitgliederausstellung des K\u00fcnstlerbundes Schwabach \u2013 \u201eIM FLOW\u201c \u2013 in der St\u00e4dtischen Galerie ab 24. Juni 2022\">[&#8230;]<\/a><\/p>\n<\/div>","protected":false},"author":1,"featured_media":174800,"comment_status":"open","ping_status":"open","sticky":false,"template":"","format":"standard","meta":{"_cbd_carousel_blocks":"[]","footnotes":""},"categories":[16,287,231,140],"tags":[19506,3155,12805,11294,19510,19507,8120,12812,522,4813,12809,19509,19511,12810,7717,5931,19,19508,4045,12814],"class_list":{"0":"post-174799","1":"post","2":"type-post","3":"status-publish","4":"format-standard","5":"has-post-thumbnail","7":"category-aktuell","8":"category-jugend-und-familie","9":"category-veranstaltungsnews","10":"category-vereine","11":"tag-24-juni-2022-bis-31-juli-2022","12":"tag-ausstellung","13":"tag-barbara-graber","14":"tag-clemens-heinl","15":"tag-dr-diethelm-kause","16":"tag-im-flow","17":"tag-inga-karen-kopf","18":"tag-jo-niklaus","19":"tag-koenigsplatz","20":"tag-kuenstlerbund","21":"tag-lisa-lang","22":"tag-manfred-huerlimann","23":"tag-mathias-otto","24":"tag-norbert-mager","25":"tag-peter-koenig","26":"tag-rosalinde-weber-hohengrund","27":"tag-schwabach","28":"tag-sibylle-falkenberg","29":"tag-staedtische-galerie","30":"tag-walter-thaler"},"_links":{"self":[{"href":"https:\/\/www.region-schwabach.de\/wordpress\/wp-json\/wp\/v2\/posts\/174799","targetHints":{"allow":["GET"]}}],"collection":[{"href":"https:\/\/www.region-schwabach.de\/wordpress\/wp-json\/wp\/v2\/posts"}],"about":[{"href":"https:\/\/www.region-schwabach.de\/wordpress\/wp-json\/wp\/v2\/types\/post"}],"author":[{"embeddable":true,"href":"https:\/\/www.region-schwabach.de\/wordpress\/wp-json\/wp\/v2\/users\/1"}],"replies":[{"embeddable":true,"href":"https:\/\/www.region-schwabach.de\/wordpress\/wp-json\/wp\/v2\/comments?post=174799"}],"version-history":[{"count":0,"href":"https:\/\/www.region-schwabach.de\/wordpress\/wp-json\/wp\/v2\/posts\/174799\/revisions"}],"wp:featuredmedia":[{"embeddable":true,"href":"https:\/\/www.region-schwabach.de\/wordpress\/wp-json\/wp\/v2\/media\/174800"}],"wp:attachment":[{"href":"https:\/\/www.region-schwabach.de\/wordpress\/wp-json\/wp\/v2\/media?parent=174799"}],"wp:term":[{"taxonomy":"category","embeddable":true,"href":"https:\/\/www.region-schwabach.de\/wordpress\/wp-json\/wp\/v2\/categories?post=174799"},{"taxonomy":"post_tag","embeddable":true,"href":"https:\/\/www.region-schwabach.de\/wordpress\/wp-json\/wp\/v2\/tags?post=174799"}],"curies":[{"name":"wp","href":"https:\/\/api.w.org\/{rel}","templated":true}]}}