{"id":174832,"date":"2022-06-26T00:17:00","date_gmt":"2022-06-25T22:17:00","guid":{"rendered":"https:\/\/www.region-schwabach.de\/wordpress\/?p=174832"},"modified":"2022-06-25T21:14:19","modified_gmt":"2022-06-25T19:14:19","slug":"pressemitteilung-der-rother-polizei-zum-triathlon-event-am-3-juli-2022","status":"publish","type":"post","link":"https:\/\/www.region-schwabach.de\/wordpress\/pressemitteilung-der-rother-polizei-zum-triathlon-event-am-3-juli-2022\/","title":{"rendered":"Pressemitteilung der Rother Polizei zum Triathlon-Event am 3. Juli 2022"},"content":{"rendered":"\t\t<div data-elementor-type=\"wp-post\" data-elementor-id=\"174832\" class=\"elementor elementor-174832\">\n\t\t\t\t\t\t<section class=\"elementor-section elementor-top-section elementor-element elementor-element-1cuv9jr elementor-section-boxed elementor-section-height-default elementor-section-height-default\" data-id=\"1cuv9jr\" data-element_type=\"section\">\n\t\t\t\t\t\t<div class=\"elementor-container elementor-column-gap-default\">\n\t\t\t\t\t<div class=\"elementor-column elementor-col-50 elementor-top-column elementor-element elementor-element-q5zak7b\" data-id=\"q5zak7b\" data-element_type=\"column\">\n\t\t\t<div class=\"elementor-widget-wrap elementor-element-populated\">\n\t\t\t\t\t\t<div class=\"elementor-element elementor-element-dcef279 elementor-widget elementor-widget-wp-widget-advads_ad_widget\" data-id=\"dcef279\" data-element_type=\"widget\" data-widget_type=\"wp-widget-advads_ad_widget.default\">\n\t\t\t\t<div class=\"elementor-widget-container\">\n\t\t\t<div id=\"regio-498709601\"><div class=\"regio-adlabel\">Werbung<\/div><center><a href=\"https:\/\/a.partner-versicherung.de\/click.php?partner_id=19992&ad_id=1578&deep=kreditkarten\"  target=\"_blank\"><img decoding=\"async\" src=\"https:\/\/a.partner-versicherung.de\/view.php?partner_id=19992&ad_id=1578\" ><\/a><\/center><\/div>\t\t<\/div>\n\t\t\t\t<\/div>\n\t\t\t\t<div class=\"elementor-element elementor-element-a4daeae elementor-widget elementor-widget-text-editor\" data-id=\"a4daeae\" data-element_type=\"widget\" data-widget_type=\"text-editor.default\">\n\t\t\t\t<div class=\"elementor-widget-container\">\n\t\t\t\t\t\t\t<h3>Infos zum Triathlon am 3. Juli 2022<\/h3><p><span style=\"font-size: 12pt;\">ROTH &#8211; Die weltgr\u00f6\u00dfte Triathlon-Veranstaltung auf der Langdistanz findet am Sonntag, den 03. Juli 2022, in Roth statt. Aufgrund der Pandemie musste der Triathlon im Jahr 2021 verschoben werden. Dies hatte zum Teil einen gro\u00dfen Einfluss auf die Radstreckenf\u00fchrung und das Verkehrskonzept. Gl\u00fccklicherweise kann die Veranstaltung in diesem Jahr in gewohnter Weise durchgef\u00fchrt werden.<\/span><\/p><p><span style=\"font-size: 12pt;\">So f\u00fchrt die Radstrecke wieder durch das \u201eStimmungsnest\u201c am Solarer Berg. Es wird zudem wieder mit zahlreichen Zuschauern entlang der gesamten Strecke gerechnet.<\/span><br \/><span style=\"font-size: 12pt;\">\u201eDer Verkehrsleitplan aus dem Jahr 2019 konnte nahezu ohne Ver\u00e4nderungen \u00fcbernommen werden\u201c, sagt Thomas Wolf, der bei der Polizei Roth f\u00fcr den Verkehr zust\u00e4ndig ist. Die aktuell g\u00fcltige Verkehrs- f\u00fchrung ist dem beigef\u00fcgten Verkehrsleitplan zu entnehmen.<\/span><\/p><p><span style=\"font-size: 12pt;\">Um eine reibungslose Veranstaltung zu gew\u00e4hrleisten sind viele Akteure wie das Landratsamt, die St\u00e4dte Roth und Hilpoltstein, die verschiedenen Ortsfeuerwehren, das THW oder der Rettungsdienst, ma\u00dfgeblich an der Veranstaltung beteiligt.<\/span><br \/><span style=\"font-size: 12pt;\">Behinderungen und Einschr\u00e4nkungen seien aber bei einer Veranstaltung dieser Gr\u00f6\u00dfenordnung trotz aller Vorkehrungen nicht zu vermeiden. \u201eWir tun unser M\u00f6glichstes, so sp\u00e4t wie m\u00f6glich zu sperren und dann auch so schnell wie m\u00f6glich den Verkehr wieder freizugeben\u201c, sagt POK Wolf.<\/span><\/p><p><span style=\"font-size: 12pt;\">\u201eBitte folgen Sie den Anweisungen der Verkehrsposten, verwenden Sie keine Navigationsger\u00e4te und informieren Sie sich vor dem Fahrtantritt \u00fcber Verkehrsbehinderungen\u201c appelliert der Dienststellenleiter der PI Roth, Martin Junglas. Ortskundige werden an diesem Tag wenn m\u00f6glich gebeten, auf das Auto komplett zu verzichten. \u201eDer Verkehr flie\u00dft auf der Radstreck in Teilen normal weiter und Spitzenathleten sind sehr schnell un- terwegs, hier ist besondere Vorsicht geboten\u201c, erkl\u00e4rt EPHK Junglas.<\/span><\/p><p><span style=\"font-size: 12pt;\">Die Verkehrs-Hotline der Polizei ist am Samstag von 10 Uhr bis 17 Uhr und Sonntag ab 04:00 Uhr be- setzt und unter der Telefonnummer 09171\/9744-66 erreichbar.<\/span><br \/><span style=\"font-size: 12pt;\">Beim \u00f6ffentlichen Personennahverkehr wird es ebenfalls zu Einschr\u00e4nkungen kommen. Da die \u201eGredl\u201c nicht f\u00e4hrt, wurde ein Schienenersatzverkehr eingerichtet. Je 17 Mal ersetzt ein Bus die Bahn und ver- bindet Hilpoltstein mit der Kreisstadt und umgekehrt. Der Bus h\u00e4lt zudem am Lohgarten-Roth und am Lenawerk in Eckersm\u00fchlen.\u00a0<\/span><\/p>\t\t\t\t\t\t<\/div>\n\t\t\t\t<\/div>\n\t\t\t\t<div class=\"elementor-element elementor-element-1bc7869 elementor-widget elementor-widget-image\" data-id=\"1bc7869\" data-element_type=\"widget\" data-widget_type=\"image.default\">\n\t\t\t\t<div class=\"elementor-widget-container\">\n\t\t\t\t\t\t\t\t\t\t\t\t\t<img fetchpriority=\"high\" decoding=\"async\" width=\"640\" height=\"633\" src=\"https:\/\/www.region-schwabach.de\/wordpress\/wp-content\/uploads\/2022\/06\/vehrkehrsleitplan-triathlon-e1656184214349.jpg\" class=\"attachment-large size-large wp-image-174835\" alt=\"\" srcset=\"https:\/\/www.region-schwabach.de\/wordpress\/wp-content\/uploads\/2022\/06\/vehrkehrsleitplan-triathlon-e1656184214349.jpg 640w, https:\/\/www.region-schwabach.de\/wordpress\/wp-content\/uploads\/2022\/06\/vehrkehrsleitplan-triathlon-e1656184214349-300x297.jpg 300w\" sizes=\"(max-width: 640px) 100vw, 640px\" \/>\t\t\t\t\t\t\t\t\t\t\t\t\t<\/div>\n\t\t\t\t<\/div>\n\t\t\t\t<div class=\"elementor-element elementor-element-6c3f9de elementor-widget elementor-widget-shortcode\" data-id=\"6c3f9de\" data-element_type=\"widget\" data-widget_type=\"shortcode.default\">\n\t\t\t\t<div class=\"elementor-widget-container\">\n\t\t\t\t\t<div class=\"elementor-shortcode\"><center><a href=\"https:\/\/a.partner-versicherung.de\/click.php?partner_id=19992&ad_id=441&deep=kfz-versicherung\"  target=\"_blank\"><img decoding=\"async\" src=\"https:\/\/a.partner-versicherung.de\/view.php?partner_id=19992&ad_id=441\" ><\/a><\/center><\/div>\n\t\t\t\t<\/div>\n\t\t\t\t<\/div>\n\t\t\t\t<div class=\"elementor-element elementor-element-ace1283 elementor-widget-divider--view-line elementor-widget elementor-widget-divider\" data-id=\"ace1283\" data-element_type=\"widget\" data-widget_type=\"divider.default\">\n\t\t\t\t<div class=\"elementor-widget-container\">\n\t\t\t\t\t<div class=\"elementor-divider\">\n\t\t\t<span class=\"elementor-divider-separator\">\n\t\t\t\t\t\t<\/span>\n\t\t<\/div>\n\t\t\t\t<\/div>\n\t\t\t\t<\/div>\n\t\t\t\t<div class=\"elementor-element elementor-element-ac34ac3 elementor-widget elementor-widget-google_maps\" data-id=\"ac34ac3\" data-element_type=\"widget\" data-widget_type=\"google_maps.default\">\n\t\t\t\t<div class=\"elementor-widget-container\">\n\t\t\t\t\t<div class=\"elementor-custom-embed\">\n\t\t\t<iframe loading=\"lazy\"\n\t\t\t\t\tsrc=\"https:\/\/maps.google.com\/maps?q=Hilpoltstein%2C%20Deutschland&#038;t=m&#038;z=11&#038;output=embed&#038;iwloc=near\"\n\t\t\t\t\ttitle=\"Hilpoltstein, Deutschland\"\n\t\t\t\t\taria-label=\"Hilpoltstein, Deutschland\"\n\t\t\t><\/iframe>\n\t\t<\/div>\n\t\t\t\t<\/div>\n\t\t\t\t<\/div>\n\t\t\t\t\t<\/div>\n\t\t<\/div>\n\t\t\t\t<div class=\"elementor-column elementor-col-50 elementor-top-column elementor-element elementor-element-4ce46fb\" data-id=\"4ce46fb\" data-element_type=\"column\">\n\t\t\t<div class=\"elementor-widget-wrap elementor-element-populated\">\n\t\t\t\t\t\t<div class=\"elementor-element elementor-element-38f4e35 elementor-widget elementor-widget-heading\" data-id=\"38f4e35\" data-element_type=\"widget\" data-widget_type=\"heading.default\">\n\t\t\t\t<div class=\"elementor-widget-container\">\n\t\t\t<h3 class=\"elementor-heading-title elementor-size-default\">Schnell vergleichen und sparen!<\/h3>\t\t<\/div>\n\t\t\t\t<\/div>\n\t\t\t\t<div class=\"elementor-element elementor-element-92c49bc elementor-widget elementor-widget-wp-widget-advads_ad_widget\" data-id=\"92c49bc\" data-element_type=\"widget\" data-widget_type=\"wp-widget-advads_ad_widget.default\">\n\t\t\t\t<div class=\"elementor-widget-container\">\n\t\t\t<div id=\"regio-3004770280\"><div class=\"regio-adlabel\">Werbung<\/div><!-- Beginn https:\/\/www.financeads.net\/-Code --><a href=\"https:\/\/www.financeads.net\/tc.php?t=36648C236142529B\" target=\"_blank\"><img decoding=\"async\" src=\"https:\/\/www.financeads.net\/tb.php?t=36648V236142529B&https=1\" alt=\"\" border=\"0\" width=\"300\" height=\"250\"><\/a><!-- Ende https:\/\/www.financeads.net\/-Code --><\/div>\t\t<\/div>\n\t\t\t\t<\/div>\n\t\t\t\t<div class=\"elementor-element elementor-element-cb0c78c elementor-widget elementor-widget-wp-widget-advads_ad_widget\" data-id=\"cb0c78c\" data-element_type=\"widget\" data-widget_type=\"wp-widget-advads_ad_widget.default\">\n\t\t\t\t<div class=\"elementor-widget-container\">\n\t\t\t<div id=\"regio-830986790\"><div class=\"regio-adlabel\">Werbung<\/div><!-- Beginn https:\/\/www.financeads.net\/-Code --><a href=\"https:\/\/www.financeads.net\/tc.php?t=36648C42614510B\" target=\"_blank\"><img decoding=\"async\" src=\"https:\/\/www.financeads.net\/tb.php?t=36648V42614510B&https=1\" alt=\"\" border=\"0\" width=\"200\" height=\"300\"><\/a><!-- Ende https:\/\/www.financeads.net\/-Code --><\/div>\t\t<\/div>\n\t\t\t\t<\/div>\n\t\t\t\t<div class=\"elementor-element elementor-element-31c9ced elementor-widget elementor-widget-wp-widget-advads_ad_widget\" data-id=\"31c9ced\" data-element_type=\"widget\" data-widget_type=\"wp-widget-advads_ad_widget.default\">\n\t\t\t\t<div class=\"elementor-widget-container\">\n\t\t\t<div id=\"regio-4233135100\"><div class=\"regio-adlabel\">Werbung<\/div><!-- Beginn https:\/\/www.financeads.net\/-Code --><a href=\"https:\/\/www.financeads.net\/tc.php?t=36648C205040072B\" target=\"_blank\"><img loading=\"lazy\" decoding=\"async\" src=\"https:\/\/www.financeads.net\/tb.php?t=36648V205040072B&https=1\" alt=\"\" border=\"0\" width=\"300\" height=\"250\"><\/a><!-- Ende https:\/\/www.financeads.net\/-Code --><\/div>\t\t<\/div>\n\t\t\t\t<\/div>\n\t\t\t\t<div class=\"elementor-element elementor-element-0344b9f elementor-widget elementor-widget-wp-widget-advads_ad_widget\" data-id=\"0344b9f\" data-element_type=\"widget\" data-widget_type=\"wp-widget-advads_ad_widget.default\">\n\t\t\t\t<div class=\"elementor-widget-container\">\n\t\t\t<div id=\"regio-181454189\"><div class=\"regio-adlabel\">Werbung<\/div><!-- Beginn https:\/\/www.financeads.net\/-Code --><a href=\"https:\/\/www.financeads.net\/tc.php?t=36648C271460142B\" target=\"_blank\"><img loading=\"lazy\" decoding=\"async\" src=\"https:\/\/www.financeads.net\/tb.php?t=36648V271460142B&https=1\" alt=\"PETPROTECT_Hund&Katze_Banner\" border=\"0\" width=\"250\" height=\"250\"><\/a><!-- Ende https:\/\/www.financeads.net\/-Code --><\/div>\t\t<\/div>\n\t\t\t\t<\/div>\n\t\t\t\t\t<\/div>\n\t\t<\/div>\n\t\t\t\t\t<\/div>\n\t\t<\/section>\n\t\t\t\t<\/div>\n\t\t","protected":false},"excerpt":{"rendered":"<div class=\"mh-excerpt\"><p>Infos zum Triathlon am 3. Juli 2022 ROTH &#8211; Die weltgr\u00f6\u00dfte Triathlon-Veranstaltung auf der Langdistanz findet am Sonntag, den 03. Juli 2022, in Roth statt. Aufgrund der Pandemie musste der Triathlon im Jahr 2021 verschoben <a class=\"mh-excerpt-more\" href=\"https:\/\/www.region-schwabach.de\/wordpress\/pressemitteilung-der-rother-polizei-zum-triathlon-event-am-3-juli-2022\/\" title=\"Pressemitteilung der Rother Polizei zum Triathlon-Event am 3. Juli 2022\">[&#8230;]<\/a><\/p>\n<\/div>","protected":false},"author":1,"featured_media":174833,"comment_status":"open","ping_status":"open","sticky":false,"template":"","format":"standard","meta":{"_cbd_carousel_blocks":"[]","footnotes":""},"categories":[15],"tags":[19513,16890,10934,1650,221,19518,296,9072,297,9257,895,19521,19520,19519,981,5808,19515,2103,32,13502,19517,10578,4895,20,19516,19514],"class_list":{"0":"post-174832","1":"post","2":"type-post","3":"status-publish","4":"format-standard","5":"has-post-thumbnail","7":"category-polizeimeldungen","8":"tag-03-07-2022","9":"tag-bahn","10":"tag-behinderungen","11":"tag-bus","12":"tag-eckersmuehlen","13":"tag-einschraenkungen","14":"tag-feuerwehr","15":"tag-gredl","16":"tag-hilpoltstein","17":"tag-hotline","18":"tag-landratsamt","19":"tag-lenawerk","20":"tag-lohgarten","21":"tag-oeffentlicher-nahverkehr","22":"tag-polizei","23":"tag-pressemitteilung","24":"tag-radstrecke","25":"tag-rettungsdienst","26":"tag-roth","27":"tag-solarer-berg","28":"tag-sperrungen","29":"tag-thw","30":"tag-triathlon","31":"tag-veranstaltung","32":"tag-verkehrsfuehrung","33":"tag-verkehrsleitplan"},"_links":{"self":[{"href":"https:\/\/www.region-schwabach.de\/wordpress\/wp-json\/wp\/v2\/posts\/174832","targetHints":{"allow":["GET"]}}],"collection":[{"href":"https:\/\/www.region-schwabach.de\/wordpress\/wp-json\/wp\/v2\/posts"}],"about":[{"href":"https:\/\/www.region-schwabach.de\/wordpress\/wp-json\/wp\/v2\/types\/post"}],"author":[{"embeddable":true,"href":"https:\/\/www.region-schwabach.de\/wordpress\/wp-json\/wp\/v2\/users\/1"}],"replies":[{"embeddable":true,"href":"https:\/\/www.region-schwabach.de\/wordpress\/wp-json\/wp\/v2\/comments?post=174832"}],"version-history":[{"count":0,"href":"https:\/\/www.region-schwabach.de\/wordpress\/wp-json\/wp\/v2\/posts\/174832\/revisions"}],"wp:featuredmedia":[{"embeddable":true,"href":"https:\/\/www.region-schwabach.de\/wordpress\/wp-json\/wp\/v2\/media\/174833"}],"wp:attachment":[{"href":"https:\/\/www.region-schwabach.de\/wordpress\/wp-json\/wp\/v2\/media?parent=174832"}],"wp:term":[{"taxonomy":"category","embeddable":true,"href":"https:\/\/www.region-schwabach.de\/wordpress\/wp-json\/wp\/v2\/categories?post=174832"},{"taxonomy":"post_tag","embeddable":true,"href":"https:\/\/www.region-schwabach.de\/wordpress\/wp-json\/wp\/v2\/tags?post=174832"}],"curies":[{"name":"wp","href":"https:\/\/api.w.org\/{rel}","templated":true}]}}