{"id":175696,"date":"2022-07-05T01:00:00","date_gmt":"2022-07-04T23:00:00","guid":{"rendered":"https:\/\/www.region-schwabach.de\/wordpress\/?p=175696"},"modified":"2022-07-07T11:14:26","modified_gmt":"2022-07-07T09:14:26","slug":"stadtspitze-mit-ob-peter-reiss-besucht-anlasslich-des-60-jahriges-bestehens-den-waldemar-bergner-kindergarten","status":"publish","type":"post","link":"https:\/\/www.region-schwabach.de\/wordpress\/stadtspitze-mit-ob-peter-reiss-besucht-anlasslich-des-60-jahriges-bestehens-den-waldemar-bergner-kindergarten\/","title":{"rendered":"Stadtspitze mit OB Peter Rei\u00df besucht anl\u00e4sslich des 60-j\u00e4hriges Bestehens den Waldemar-Bergner-Kindergarten"},"content":{"rendered":"\t\t<div data-elementor-type=\"wp-post\" data-elementor-id=\"175696\" class=\"elementor elementor-175696\">\n\t\t\t\t\t\t<section class=\"elementor-section elementor-top-section elementor-element elementor-element-678181b elementor-section-boxed elementor-section-height-default elementor-section-height-default\" data-id=\"678181b\" data-element_type=\"section\">\n\t\t\t\t\t\t<div class=\"elementor-container elementor-column-gap-default\">\n\t\t\t\t\t<div class=\"elementor-column elementor-col-50 elementor-top-column elementor-element elementor-element-6b34026\" data-id=\"6b34026\" data-element_type=\"column\">\n\t\t\t<div class=\"elementor-widget-wrap elementor-element-populated\">\n\t\t\t\t\t\t<div class=\"elementor-element elementor-element-2e31143 elementor-widget elementor-widget-wp-widget-advads_ad_widget\" data-id=\"2e31143\" data-element_type=\"widget\" data-widget_type=\"wp-widget-advads_ad_widget.default\">\n\t\t\t\t<div class=\"elementor-widget-container\">\n\t\t\t<div id=\"regio-2677385160\"><div class=\"regio-adlabel\">Werbung<\/div><center><a href=\"https:\/\/a.partner-versicherung.de\/click.php?partner_id=19992&ad_id=1578&deep=kreditkarten\"  target=\"_blank\"><img decoding=\"async\" src=\"https:\/\/a.partner-versicherung.de\/view.php?partner_id=19992&ad_id=1578\" ><\/a><\/center><\/div>\t\t<\/div>\n\t\t\t\t<\/div>\n\t\t\t\t<div class=\"elementor-element elementor-element-443ab98 elementor-widget elementor-widget-text-editor\" data-id=\"443ab98\" data-element_type=\"widget\" data-widget_type=\"text-editor.default\">\n\t\t\t\t<div class=\"elementor-widget-container\">\n\t\t\t\t\t\t\t<h3><span id=\"page3R_mcid11\" class=\"markedContent\"><span dir=\"ltr\" role=\"presentation\">50.000 DM Grundstock aus Verm\u00e4chtnis<\/span><\/span><span id=\"page3R_mcid12\" class=\"markedContent\"><\/span><span id=\"page3R_mcid13\" class=\"markedContent\"><br role=\"presentation\" \/><span dir=\"ltr\" role=\"presentation\">Waldemar<\/span><span dir=\"ltr\" role=\"presentation\">&#8211;<\/span><span dir=\"ltr\" role=\"presentation\">Bergner<\/span><span dir=\"ltr\" role=\"presentation\">&#8211;<\/span><span dir=\"ltr\" role=\"presentation\">Kindergarten feiert 60. Jubil\u00e4um<\/span><\/span><\/h3><p><span style=\"font-size: 12pt;\">Schwabach &#8211; <span id=\"page3R_mcid14\" class=\"markedContent\"><span dir=\"ltr\" role=\"presentation\">Bei einem Kindergarten<\/span><span dir=\"ltr\" role=\"presentation\">&#8211;<\/span><span dir=\"ltr\" role=\"presentation\">Geburtstag geht es normalerweise nicht<\/span> <span dir=\"ltr\" role=\"presentation\">\u201efeucht<\/span><span dir=\"ltr\" role=\"presentation\">&#8211;<\/span><span dir=\"ltr\" role=\"presentation\">fr\u00f6hlich\u201c zu. Anders war dies am Freitag, 1. Juli, beim Waldemar<\/span><span dir=\"ltr\" role=\"presentation\">&#8211;<\/span><span dir=\"ltr\" role=\"presentation\">Bergner<\/span><span dir=\"ltr\" role=\"presentation\">&#8211;<\/span><span dir=\"ltr\" role=\"presentation\">Kindergarten. Der feierte sein 60<\/span><span dir=\"ltr\" role=\"presentation\">&#8211;<\/span><span dir=\"ltr\" role=\"presentation\">j\u00e4hriges Bestehen mit lauter fr\u00f6hlichen <\/span><span dir=\"ltr\" role=\"presentation\">Kindern, aber leider auch am einzigen Regentag der Woche. <\/span><\/span><span id=\"page3R_mcid15\" class=\"markedContent\"><span dir=\"ltr\" role=\"presentation\">Nat\u00fcrlich lie\u00dfen sich aber die Kleinen, ihr<\/span><span dir=\"ltr\" role=\"presentation\">e Eltern, der Elternbeirat und die <\/span><span dir=\"ltr\" role=\"presentation\">geladenen G\u00e4ste von der nassen Witterung die Stimmung nicht verderben. Im <\/span><span dir=\"ltr\" role=\"presentation\">Regen sangen die Kinder mit ihren Betreuerinnen ein St\u00e4ndchen und freuten <\/span><span dir=\"ltr\" role=\"presentation\">sich \u00fcber die Geschenke, die Oberb\u00fcrgermeister Peter Rei\u00df und Christian K<\/span><span dir=\"ltr\" role=\"presentation\">olb <\/span><span dir=\"ltr\" role=\"presentation\">von der Feuerwehr Schwabach vorbeibrachten. Die Leiterin der Einrichtung, <\/span><span dir=\"ltr\" role=\"presentation\">Elke Schwarz, hie\u00df alle herzlich willkommen, blickte auf die lange Zeit des <\/span><span dir=\"ltr\" role=\"presentation\">Bestehens zur\u00fcck und bedankte sich auch bei ihrem Team.<\/span><\/span><span id=\"page3R_mcid16\" class=\"markedContent\"><br role=\"presentation\" \/><\/span><\/span><\/p><p><span style=\"font-size: 12pt;\"><span id=\"page3R_mcid16\" class=\"markedContent\"><span dir=\"ltr\" role=\"presentation\">Dem schloss sich auch OB Rei\u00df an, der zudem ei<\/span><span dir=\"ltr\" role=\"presentation\">nen Rasensprenger in <\/span><span dir=\"ltr\" role=\"presentation\">Bl\u00fctenform als Geschenk dabei hatte. Dieser soll den Jungen und M\u00e4dchen an <\/span><span dir=\"ltr\" role=\"presentation\">hei\u00dfen Sommertagen Abk\u00fchlung verschaffen. Christian Kolb k\u00fcndete zudem <\/span><span dir=\"ltr\" role=\"presentation\">einen Aktionstag an, bei dem die Kinder ein Feuerwehrauto bestaunen und <\/span><span dir=\"ltr\" role=\"presentation\">selbst einmal zum<\/span> <span dir=\"ltr\" role=\"presentation\">L\u00f6schschlauch greifen d\u00fcrfen.\u00a0<\/span><\/span><span id=\"page3R_mcid17\" class=\"markedContent\"><br role=\"presentation\" \/><\/span><\/span><\/p><p><span style=\"font-size: 12pt;\"><span id=\"page3R_mcid17\" class=\"markedContent\"><span dir=\"ltr\" role=\"presentation\">Auch B\u00fcrgermeisterin Petra Novotny, Sozialreferent Knut Engelbrecht und die <\/span><span dir=\"ltr\" role=\"presentation\">Jugendamtsleiterin Brunhilde Adam \u00fcberbrachten ihre Gl\u00fcckw\u00fcnsche und <\/span><span dir=\"ltr\" role=\"presentation\">feierten mit.\u00a0<\/span><\/span><\/span><span style=\"font-size: 12pt;\"><span id=\"page15R_mcid0\" class=\"markedContent\"><br role=\"presentation\" \/><\/span><\/span><\/p><p><span style=\"font-size: 12pt;\"><span id=\"page15R_mcid0\" class=\"markedContent\"><span dir=\"ltr\" role=\"presentation\">Die st\u00e4dtische Einrichtung ist benannt nach dem Schwabacher Industriellen <\/span><span dir=\"ltr\" role=\"presentation\">Waldemar Bergner. Dieser trat 1918 in die Firma seines Vaters Richard <\/span><span dir=\"ltr\" role=\"presentation\">Bergner ein (heute: RIBE) und leitete diese sp\u00e4ter zusammen mit seinem <\/span><span dir=\"ltr\" role=\"presentation\">Schwager Fritz Dann. Die Firma wuchs unte<\/span><span dir=\"ltr\" role=\"presentation\">r dieser Leitung zum gr\u00f6\u00dften <\/span><span dir=\"ltr\" role=\"presentation\">Industriebetrieb Schwabachs heran. Waldemar Bergner engagierte sich stark in <\/span><span dir=\"ltr\" role=\"presentation\">der Stadt. Nach seinem Tod stellte sein Sohn Carl Friedrich aus dem <\/span><span dir=\"ltr\" role=\"presentation\">Verm\u00e4chtnis 50.000 DM als Grundstock f\u00fcr den Bau eines Kindergartens zur <\/span><span dir=\"ltr\" role=\"presentation\">Verf\u00fcgung<\/span><span dir=\"ltr\" role=\"presentation\">. Dieser tr\u00e4gt seither seinen Namen.<\/span><\/span><span id=\"page15R_mcid1\" class=\"markedContent\"><br role=\"presentation\" \/><\/span><\/span><\/p><p><span style=\"font-size: 12pt;\"><span id=\"page15R_mcid1\" class=\"markedContent\"><span dir=\"ltr\" role=\"presentation\">Schon 1975 wurde ein Erweiterungsbau n\u00f6tig, heute k\u00f6nnen 100 Kindergarten<\/span><span dir=\"ltr\" role=\"presentation\">&#8211;<\/span><br role=\"presentation\" \/><span dir=\"ltr\" role=\"presentation\">und 24 Krippenkinder hier betreut werden.<\/span><\/span><span id=\"page15R_mcid2\" class=\"markedContent\"><br role=\"presentation\" \/><\/span><\/span><\/p><p><strong><span style=\"font-size: 12pt;\"><span id=\"page15R_mcid2\" class=\"markedContent\"><span dir=\"ltr\" role=\"presentation\">Foto (von links): Oberb\u00fcrgermeister Peter Rei\u00df, Christian Kolb und Elke <\/span><span dir=\"ltr\" role=\"presentation\">Schwarz begr\u00fc\u00dften im Garten d<\/span><span dir=\"ltr\" role=\"presentation\">ie Kinder, Eltern und G\u00e4ste.\u00a0<\/span><\/span><\/span><\/strong><\/p>\t\t\t\t\t\t<\/div>\n\t\t\t\t<\/div>\n\t\t\t\t<div class=\"elementor-element elementor-element-6520198 elementor-widget elementor-widget-shortcode\" data-id=\"6520198\" data-element_type=\"widget\" data-widget_type=\"shortcode.default\">\n\t\t\t\t<div class=\"elementor-widget-container\">\n\t\t\t\t\t<div class=\"elementor-shortcode\"><!-- Beginn https:\/\/www.financeads.net\/-Code --><a href=\"https:\/\/www.financeads.net\/tc.php?t=36648C38513858B\" target=\"_blank\"><center><img decoding=\"async\" src=\"https:\/\/www.financeads.net\/tb.php?t=36648V38513858B&https=1\" alt=\"\" border=\"0\" width=\"468\" height=\"60\"><\/a><!-- Ende https:\/\/www.financeads.net\/-Code --><\/div>\n\t\t\t\t<\/div>\n\t\t\t\t<\/div>\n\t\t\t\t<div class=\"elementor-element elementor-element-21c3450 elementor-widget-divider--view-line elementor-widget elementor-widget-divider\" data-id=\"21c3450\" data-element_type=\"widget\" data-widget_type=\"divider.default\">\n\t\t\t\t<div class=\"elementor-widget-container\">\n\t\t\t\t\t<div class=\"elementor-divider\">\n\t\t\t<span class=\"elementor-divider-separator\">\n\t\t\t\t\t\t<\/span>\n\t\t<\/div>\n\t\t\t\t<\/div>\n\t\t\t\t<\/div>\n\t\t\t\t<div class=\"elementor-element elementor-element-f4c690c elementor-widget elementor-widget-google_maps\" data-id=\"f4c690c\" data-element_type=\"widget\" data-widget_type=\"google_maps.default\">\n\t\t\t\t<div class=\"elementor-widget-container\">\n\t\t\t\t\t<div class=\"elementor-custom-embed\">\n\t\t\t<iframe loading=\"lazy\"\n\t\t\t\t\tsrc=\"https:\/\/maps.google.com\/maps?q=Henseltweg%205%2C%20Schwabach%2C%20Deutschland&#038;t=m&#038;z=17&#038;output=embed&#038;iwloc=near\"\n\t\t\t\t\ttitle=\"Henseltweg 5, Schwabach, Deutschland\"\n\t\t\t\t\taria-label=\"Henseltweg 5, Schwabach, Deutschland\"\n\t\t\t><\/iframe>\n\t\t<\/div>\n\t\t\t\t<\/div>\n\t\t\t\t<\/div>\n\t\t\t\t\t<\/div>\n\t\t<\/div>\n\t\t\t\t<div class=\"elementor-column elementor-col-50 elementor-top-column elementor-element elementor-element-dd4c02c\" data-id=\"dd4c02c\" data-element_type=\"column\">\n\t\t\t<div class=\"elementor-widget-wrap elementor-element-populated\">\n\t\t\t\t\t\t<div class=\"elementor-element elementor-element-afcda01 elementor-widget elementor-widget-heading\" data-id=\"afcda01\" data-element_type=\"widget\" data-widget_type=\"heading.default\">\n\t\t\t\t<div class=\"elementor-widget-container\">\n\t\t\t<h3 class=\"elementor-heading-title elementor-size-default\">Schnell vergleichen und sparen!<\/h3>\t\t<\/div>\n\t\t\t\t<\/div>\n\t\t\t\t<div class=\"elementor-element elementor-element-4a29827 elementor-widget elementor-widget-wp-widget-advads_ad_widget\" data-id=\"4a29827\" data-element_type=\"widget\" data-widget_type=\"wp-widget-advads_ad_widget.default\">\n\t\t\t\t<div class=\"elementor-widget-container\">\n\t\t\t<div id=\"regio-375871297\"><div class=\"regio-adlabel\">Werbung<\/div><!-- Beginn https:\/\/www.financeads.net\/-Code --><a href=\"https:\/\/www.financeads.net\/tc.php?t=36648C236142529B\" target=\"_blank\"><img fetchpriority=\"high\" decoding=\"async\" src=\"https:\/\/www.financeads.net\/tb.php?t=36648V236142529B&https=1\" alt=\"\" border=\"0\" width=\"300\" height=\"250\"><\/a><!-- Ende https:\/\/www.financeads.net\/-Code --><\/div>\t\t<\/div>\n\t\t\t\t<\/div>\n\t\t\t\t<div class=\"elementor-element elementor-element-1017dfe elementor-widget elementor-widget-wp-widget-advads_ad_widget\" data-id=\"1017dfe\" data-element_type=\"widget\" data-widget_type=\"wp-widget-advads_ad_widget.default\">\n\t\t\t\t<div class=\"elementor-widget-container\">\n\t\t\t<div id=\"regio-1994058697\"><div class=\"regio-adlabel\">Werbung<\/div><!-- Beginn https:\/\/www.financeads.net\/-Code --><a href=\"https:\/\/www.financeads.net\/tc.php?t=36648C42614510B\" target=\"_blank\"><img decoding=\"async\" src=\"https:\/\/www.financeads.net\/tb.php?t=36648V42614510B&https=1\" alt=\"\" border=\"0\" width=\"200\" height=\"300\"><\/a><!-- Ende https:\/\/www.financeads.net\/-Code --><\/div>\t\t<\/div>\n\t\t\t\t<\/div>\n\t\t\t\t<div class=\"elementor-element elementor-element-fd0ad79 elementor-widget elementor-widget-wp-widget-advads_ad_widget\" data-id=\"fd0ad79\" data-element_type=\"widget\" data-widget_type=\"wp-widget-advads_ad_widget.default\">\n\t\t\t\t<div class=\"elementor-widget-container\">\n\t\t\t<div id=\"regio-3527390697\"><div class=\"regio-adlabel\">Werbung<\/div><!-- Beginn https:\/\/www.financeads.net\/-Code --><a href=\"https:\/\/www.financeads.net\/tc.php?t=36648C205040072B\" target=\"_blank\"><img loading=\"lazy\" decoding=\"async\" src=\"https:\/\/www.financeads.net\/tb.php?t=36648V205040072B&https=1\" alt=\"\" border=\"0\" width=\"300\" height=\"250\"><\/a><!-- Ende https:\/\/www.financeads.net\/-Code --><\/div>\t\t<\/div>\n\t\t\t\t<\/div>\n\t\t\t\t<div class=\"elementor-element elementor-element-4484a81 elementor-widget elementor-widget-wp-widget-advads_ad_widget\" data-id=\"4484a81\" data-element_type=\"widget\" data-widget_type=\"wp-widget-advads_ad_widget.default\">\n\t\t\t\t<div class=\"elementor-widget-container\">\n\t\t\t<div id=\"regio-877285776\"><div class=\"regio-adlabel\">Werbung<\/div><!-- Beginn https:\/\/www.financeads.net\/-Code --><a href=\"https:\/\/www.financeads.net\/tc.php?t=36648C271460142B\" target=\"_blank\"><img loading=\"lazy\" decoding=\"async\" src=\"https:\/\/www.financeads.net\/tb.php?t=36648V271460142B&https=1\" alt=\"PETPROTECT_Hund&Katze_Banner\" border=\"0\" width=\"250\" height=\"250\"><\/a><!-- Ende https:\/\/www.financeads.net\/-Code --><\/div>\t\t<\/div>\n\t\t\t\t<\/div>\n\t\t\t\t\t<\/div>\n\t\t<\/div>\n\t\t\t\t\t<\/div>\n\t\t<\/section>\n\t\t\t\t<\/div>\n\t\t","protected":false},"excerpt":{"rendered":"<div class=\"mh-excerpt\"><p>50.000 DM Grundstock aus Verm\u00e4chtnisWaldemar-Bergner-Kindergarten feiert 60. Jubil\u00e4um Schwabach &#8211; Bei einem Kindergarten-Geburtstag geht es normalerweise nicht \u201efeucht-fr\u00f6hlich\u201c zu. Anders war dies am Freitag, 1. Juli, beim Waldemar-Bergner-Kindergarten. Der feierte sein 60-j\u00e4hriges Bestehen mit lauter <a class=\"mh-excerpt-more\" href=\"https:\/\/www.region-schwabach.de\/wordpress\/stadtspitze-mit-ob-peter-reiss-besucht-anlasslich-des-60-jahriges-bestehens-den-waldemar-bergner-kindergarten\/\" title=\"Stadtspitze mit OB Peter Rei\u00df besucht anl\u00e4sslich des 60-j\u00e4hriges Bestehens den Waldemar-Bergner-Kindergarten\">[&#8230;]<\/a><\/p>\n<\/div>","protected":false},"author":1,"featured_media":175697,"comment_status":"open","ping_status":"open","sticky":false,"template":"","format":"standard","meta":{"_cbd_carousel_blocks":"[]","footnotes":""},"categories":[16,79,61],"tags":[19564,19565,19606,12511,19607,296,7755,7123,4349,5269,12385,1480,19,3151,14658,12649],"class_list":{"0":"post-175696","1":"post","2":"type-post","3":"status-publish","4":"format-standard","5":"has-post-thumbnail","7":"category-aktuell","8":"category-politik","9":"category-rathaus","10":"tag-01-07-2022","11":"tag-1-juli-2022","12":"tag-60-jahre","13":"tag-besuch","14":"tag-christian-kolb","15":"tag-feuerwehr","16":"tag-geschenke","17":"tag-henseltweg","18":"tag-jubilaeum","19":"tag-oberbuergermeister","20":"tag-peter-reiss","21":"tag-rathaus","22":"tag-schwabach","23":"tag-stadt-schwabach","24":"tag-stadtspitze","25":"tag-waldemar-bergner-kindergarten"},"_links":{"self":[{"href":"https:\/\/www.region-schwabach.de\/wordpress\/wp-json\/wp\/v2\/posts\/175696","targetHints":{"allow":["GET"]}}],"collection":[{"href":"https:\/\/www.region-schwabach.de\/wordpress\/wp-json\/wp\/v2\/posts"}],"about":[{"href":"https:\/\/www.region-schwabach.de\/wordpress\/wp-json\/wp\/v2\/types\/post"}],"author":[{"embeddable":true,"href":"https:\/\/www.region-schwabach.de\/wordpress\/wp-json\/wp\/v2\/users\/1"}],"replies":[{"embeddable":true,"href":"https:\/\/www.region-schwabach.de\/wordpress\/wp-json\/wp\/v2\/comments?post=175696"}],"version-history":[{"count":0,"href":"https:\/\/www.region-schwabach.de\/wordpress\/wp-json\/wp\/v2\/posts\/175696\/revisions"}],"wp:featuredmedia":[{"embeddable":true,"href":"https:\/\/www.region-schwabach.de\/wordpress\/wp-json\/wp\/v2\/media\/175697"}],"wp:attachment":[{"href":"https:\/\/www.region-schwabach.de\/wordpress\/wp-json\/wp\/v2\/media?parent=175696"}],"wp:term":[{"taxonomy":"category","embeddable":true,"href":"https:\/\/www.region-schwabach.de\/wordpress\/wp-json\/wp\/v2\/categories?post=175696"},{"taxonomy":"post_tag","embeddable":true,"href":"https:\/\/www.region-schwabach.de\/wordpress\/wp-json\/wp\/v2\/tags?post=175696"}],"curies":[{"name":"wp","href":"https:\/\/api.w.org\/{rel}","templated":true}]}}