{"id":175894,"date":"2022-07-08T01:30:00","date_gmt":"2022-07-07T23:30:00","guid":{"rendered":"https:\/\/www.region-schwabach.de\/wordpress\/?p=175894"},"modified":"2022-07-07T23:27:08","modified_gmt":"2022-07-07T21:27:08","slug":"dr-christine-meyer-legt-amt-als-referentin-fur-umwelt-mobilitat-nachhaltigkeit-und-klima-nieder","status":"publish","type":"post","link":"https:\/\/www.region-schwabach.de\/wordpress\/dr-christine-meyer-legt-amt-als-referentin-fur-umwelt-mobilitat-nachhaltigkeit-und-klima-nieder\/","title":{"rendered":"Dr. Christine Meyer legt Amt als Referentin f\u00fcr Umwelt, Mobilit\u00e4t, Nachhaltigkeit und Klima nieder"},"content":{"rendered":"\t\t<div data-elementor-type=\"wp-post\" data-elementor-id=\"175894\" class=\"elementor elementor-175894\">\n\t\t\t\t\t\t<section class=\"elementor-section elementor-top-section elementor-element elementor-element-678181b elementor-section-boxed elementor-section-height-default elementor-section-height-default\" data-id=\"678181b\" data-element_type=\"section\">\n\t\t\t\t\t\t<div class=\"elementor-container elementor-column-gap-default\">\n\t\t\t\t\t<div class=\"elementor-column elementor-col-50 elementor-top-column elementor-element elementor-element-6b34026\" data-id=\"6b34026\" data-element_type=\"column\">\n\t\t\t<div class=\"elementor-widget-wrap elementor-element-populated\">\n\t\t\t\t\t\t<div class=\"elementor-element elementor-element-2e31143 elementor-widget elementor-widget-wp-widget-advads_ad_widget\" data-id=\"2e31143\" data-element_type=\"widget\" data-widget_type=\"wp-widget-advads_ad_widget.default\">\n\t\t\t\t<div class=\"elementor-widget-container\">\n\t\t\t<div id=\"regio-3915759751\"><div class=\"regio-adlabel\">Werbung<\/div><center><a href=\"https:\/\/a.partner-versicherung.de\/click.php?partner_id=19992&ad_id=1578&deep=kreditkarten\"  target=\"_blank\"><img decoding=\"async\" src=\"https:\/\/a.partner-versicherung.de\/view.php?partner_id=19992&ad_id=1578\" ><\/a><\/center><\/div>\t\t<\/div>\n\t\t\t\t<\/div>\n\t\t\t\t<div class=\"elementor-element elementor-element-443ab98 elementor-widget elementor-widget-text-editor\" data-id=\"443ab98\" data-element_type=\"widget\" data-widget_type=\"text-editor.default\">\n\t\t\t\t<div class=\"elementor-widget-container\">\n\t\t\t\t\t\t\t<h3><span id=\"page3R_mcid11\" class=\"markedContent\"><span dir=\"ltr\" role=\"presentation\">Zum 31. August 2022:\u00a0<\/span><\/span><span id=\"page3R_mcid12\" class=\"markedContent\"><\/span><span id=\"page3R_mcid13\" class=\"markedContent\"><br role=\"presentation\" \/><span dir=\"ltr\" role=\"presentation\">Dr. Christine Meyer legt Amt als Umweltreferentin nieder<\/span><\/span><\/h3><p><span style=\"font-size: 12pt;\">Schwabach &#8211; <span id=\"page3R_mcid15\" class=\"markedContent\"><span dir=\"ltr\" role=\"presentation\">Die Referentin f\u00fcr Umwelt, Mobilit\u00e4t, Nachhaltigkeit und Klimaschutz, Dr. <\/span><span dir=\"ltr\" role=\"presentation\">Christine<\/span> <span dir=\"ltr\" role=\"presentation\">Meyer,<\/span> <span dir=\"ltr\" role=\"presentation\">hat darum gebeten, das Amt<\/span> <span dir=\"ltr\" role=\"presentation\">zum 31. August<\/span> <span dir=\"ltr\" role=\"presentation\">niederzulegen. <\/span><span dir=\"ltr\" role=\"presentation\">Formal entscheidet \u00fcber das Gesuch der Stadtrat in der Sitzung am<\/span> <span dir=\"ltr\" role=\"presentation\">29. Juli 2022<\/span><span dir=\"ltr\" role=\"presentation\">.\u00a0<\/span><br role=\"presentation\" \/><\/span><\/span><\/p><p><span style=\"font-size: 12pt;\"><span id=\"page3R_mcid15\" class=\"markedContent\"><span dir=\"ltr\" role=\"presentation\">Die Gr\u00fcnde daf\u00fcr liegen im privaten Bereich. \u201eDie Entscheidung<\/span> <span dir=\"ltr\" role=\"presentation\">f\u00e4llt<\/span> <span dir=\"ltr\" role=\"presentation\">mir sehr <\/span><span dir=\"ltr\" role=\"presentation\">schwer<\/span><span dir=\"ltr\" role=\"presentation\">. Die Stadt Schwabach steht vor gro\u00dfen Herausforderungen. Hier h\u00e4tte <\/span><span dir=\"ltr\" role=\"presentation\">ich die Stadt gerne weiter vorangebracht\u201c, erkl\u00e4rt Dr. Meyer.\u00a0<\/span><br role=\"presentation\" \/><\/span><\/span><\/p><p><span style=\"font-size: 12pt;\"><span id=\"page3R_mcid15\" class=\"markedContent\"><span dir=\"ltr\" role=\"presentation\">Oberb\u00fcrgermeister Peter Rei\u00df bedankt sich bei der<\/span> <span dir=\"ltr\" role=\"presentation\">Referentin: \u201eIch bedanke <\/span><span dir=\"ltr\" role=\"presentation\">mich se<\/span><span dir=\"ltr\" role=\"presentation\">hr herzlich bei Frau Dr. Meyer f\u00fcr ihr hervorragendes Engagement in <\/span><span dir=\"ltr\" role=\"presentation\">diesen f\u00fcr die Stadt Schwabach zukunftsweisenden Themenkomplexen. Wir <\/span><span dir=\"ltr\" role=\"presentation\">h\u00e4tten diesen Weg gerne gemeinsam fortgesetzt. F\u00fcr die pers\u00f6nliche und <\/span><span dir=\"ltr\" role=\"presentation\">berufliche Zukunft w\u00fcnsche ich ihr alles Gute.\u201c<\/span> <\/span><\/span><\/p><p><span style=\"font-size: 12pt;\"><span id=\"page3R_mcid15\" class=\"markedContent\"><span dir=\"ltr\" role=\"presentation\">So<\/span><span dir=\"ltr\" role=\"presentation\">fern<\/span> <span dir=\"ltr\" role=\"presentation\">der Stadtrat dem <\/span><span dir=\"ltr\" role=\"presentation\">Gesuch zustimmt<\/span><span dir=\"ltr\" role=\"presentation\">, leitet der Oberb\u00fcrgermeister das Referat ab September 2022 <\/span><span dir=\"ltr\" role=\"presentation\">kommissarisch<\/span> <span dir=\"ltr\" role=\"presentation\">bis zur Neubesetzung<\/span><span dir=\"ltr\" role=\"presentation\">.\u00a0<\/span><\/span><\/span><\/p>\t\t\t\t\t\t<\/div>\n\t\t\t\t<\/div>\n\t\t\t\t<div class=\"elementor-element elementor-element-6520198 elementor-widget elementor-widget-shortcode\" data-id=\"6520198\" data-element_type=\"widget\" data-widget_type=\"shortcode.default\">\n\t\t\t\t<div class=\"elementor-widget-container\">\n\t\t\t\t\t<div class=\"elementor-shortcode\"><!-- Beginn https:\/\/www.financeads.net\/-Code --><a href=\"https:\/\/www.financeads.net\/tc.php?t=36648C38513858B\" target=\"_blank\"><center><img decoding=\"async\" src=\"https:\/\/www.financeads.net\/tb.php?t=36648V38513858B&https=1\" alt=\"\" border=\"0\" width=\"468\" height=\"60\"><\/a><!-- Ende https:\/\/www.financeads.net\/-Code --><\/div>\n\t\t\t\t<\/div>\n\t\t\t\t<\/div>\n\t\t\t\t<div class=\"elementor-element elementor-element-21c3450 elementor-widget-divider--view-line elementor-widget elementor-widget-divider\" data-id=\"21c3450\" data-element_type=\"widget\" data-widget_type=\"divider.default\">\n\t\t\t\t<div class=\"elementor-widget-container\">\n\t\t\t\t\t<div class=\"elementor-divider\">\n\t\t\t<span class=\"elementor-divider-separator\">\n\t\t\t\t\t\t<\/span>\n\t\t<\/div>\n\t\t\t\t<\/div>\n\t\t\t\t<\/div>\n\t\t\t\t<div class=\"elementor-element elementor-element-f4c690c elementor-widget elementor-widget-google_maps\" data-id=\"f4c690c\" data-element_type=\"widget\" data-widget_type=\"google_maps.default\">\n\t\t\t\t<div class=\"elementor-widget-container\">\n\t\t\t\t\t<div class=\"elementor-custom-embed\">\n\t\t\t<iframe loading=\"lazy\"\n\t\t\t\t\tsrc=\"https:\/\/maps.google.com\/maps?q=K%C3%B6nigslatz%201%2C%20Schwabach%2C%20Deutschland&#038;t=m&#038;z=18&#038;output=embed&#038;iwloc=near\"\n\t\t\t\t\ttitle=\"K\u00f6nigslatz 1, Schwabach, Deutschland\"\n\t\t\t\t\taria-label=\"K\u00f6nigslatz 1, Schwabach, Deutschland\"\n\t\t\t><\/iframe>\n\t\t<\/div>\n\t\t\t\t<\/div>\n\t\t\t\t<\/div>\n\t\t\t\t\t<\/div>\n\t\t<\/div>\n\t\t\t\t<div class=\"elementor-column elementor-col-50 elementor-top-column elementor-element elementor-element-dd4c02c\" data-id=\"dd4c02c\" data-element_type=\"column\">\n\t\t\t<div class=\"elementor-widget-wrap elementor-element-populated\">\n\t\t\t\t\t\t<div class=\"elementor-element elementor-element-afcda01 elementor-widget elementor-widget-heading\" data-id=\"afcda01\" data-element_type=\"widget\" data-widget_type=\"heading.default\">\n\t\t\t\t<div class=\"elementor-widget-container\">\n\t\t\t<h3 class=\"elementor-heading-title elementor-size-default\">Schnell vergleichen und sparen!<\/h3>\t\t<\/div>\n\t\t\t\t<\/div>\n\t\t\t\t<div class=\"elementor-element elementor-element-4a29827 elementor-widget elementor-widget-wp-widget-advads_ad_widget\" data-id=\"4a29827\" data-element_type=\"widget\" data-widget_type=\"wp-widget-advads_ad_widget.default\">\n\t\t\t\t<div class=\"elementor-widget-container\">\n\t\t\t<div id=\"regio-599957254\"><div class=\"regio-adlabel\">Werbung<\/div><!-- Beginn https:\/\/www.financeads.net\/-Code --><a href=\"https:\/\/www.financeads.net\/tc.php?t=36648C236142529B\" target=\"_blank\"><img fetchpriority=\"high\" decoding=\"async\" src=\"https:\/\/www.financeads.net\/tb.php?t=36648V236142529B&https=1\" alt=\"\" border=\"0\" width=\"300\" height=\"250\"><\/a><!-- Ende https:\/\/www.financeads.net\/-Code --><\/div>\t\t<\/div>\n\t\t\t\t<\/div>\n\t\t\t\t<div class=\"elementor-element elementor-element-1017dfe elementor-widget elementor-widget-wp-widget-advads_ad_widget\" data-id=\"1017dfe\" data-element_type=\"widget\" data-widget_type=\"wp-widget-advads_ad_widget.default\">\n\t\t\t\t<div class=\"elementor-widget-container\">\n\t\t\t<div id=\"regio-2511262493\"><div class=\"regio-adlabel\">Werbung<\/div><!-- Beginn https:\/\/www.financeads.net\/-Code --><a href=\"https:\/\/www.financeads.net\/tc.php?t=36648C42614510B\" target=\"_blank\"><img decoding=\"async\" src=\"https:\/\/www.financeads.net\/tb.php?t=36648V42614510B&https=1\" alt=\"\" border=\"0\" width=\"200\" height=\"300\"><\/a><!-- Ende https:\/\/www.financeads.net\/-Code --><\/div>\t\t<\/div>\n\t\t\t\t<\/div>\n\t\t\t\t<div class=\"elementor-element elementor-element-fd0ad79 elementor-widget elementor-widget-wp-widget-advads_ad_widget\" data-id=\"fd0ad79\" data-element_type=\"widget\" data-widget_type=\"wp-widget-advads_ad_widget.default\">\n\t\t\t\t<div class=\"elementor-widget-container\">\n\t\t\t<div id=\"regio-1312976642\"><div class=\"regio-adlabel\">Werbung<\/div><!-- Beginn https:\/\/www.financeads.net\/-Code --><a href=\"https:\/\/www.financeads.net\/tc.php?t=36648C205040072B\" target=\"_blank\"><img loading=\"lazy\" decoding=\"async\" src=\"https:\/\/www.financeads.net\/tb.php?t=36648V205040072B&https=1\" alt=\"\" border=\"0\" width=\"300\" height=\"250\"><\/a><!-- Ende https:\/\/www.financeads.net\/-Code --><\/div>\t\t<\/div>\n\t\t\t\t<\/div>\n\t\t\t\t<div class=\"elementor-element elementor-element-4484a81 elementor-widget elementor-widget-wp-widget-advads_ad_widget\" data-id=\"4484a81\" data-element_type=\"widget\" data-widget_type=\"wp-widget-advads_ad_widget.default\">\n\t\t\t\t<div class=\"elementor-widget-container\">\n\t\t\t<div id=\"regio-2186069106\"><div class=\"regio-adlabel\">Werbung<\/div><!-- Beginn https:\/\/www.financeads.net\/-Code --><a href=\"https:\/\/www.financeads.net\/tc.php?t=36648C271460142B\" target=\"_blank\"><img loading=\"lazy\" decoding=\"async\" src=\"https:\/\/www.financeads.net\/tb.php?t=36648V271460142B&https=1\" alt=\"PETPROTECT_Hund&Katze_Banner\" border=\"0\" width=\"250\" height=\"250\"><\/a><!-- Ende https:\/\/www.financeads.net\/-Code --><\/div>\t\t<\/div>\n\t\t\t\t<\/div>\n\t\t\t\t\t<\/div>\n\t\t<\/div>\n\t\t\t\t\t<\/div>\n\t\t<\/section>\n\t\t\t\t<\/div>\n\t\t","protected":false},"excerpt":{"rendered":"<div class=\"mh-excerpt\"><p>Zum 31. August 2022:\u00a0Dr. Christine Meyer legt Amt als Umweltreferentin nieder Schwabach &#8211; Die Referentin f\u00fcr Umwelt, Mobilit\u00e4t, Nachhaltigkeit und Klimaschutz, Dr. Christine Meyer, hat darum gebeten, das Amt zum 31. August niederzulegen. Formal entscheidet <a class=\"mh-excerpt-more\" href=\"https:\/\/www.region-schwabach.de\/wordpress\/dr-christine-meyer-legt-amt-als-referentin-fur-umwelt-mobilitat-nachhaltigkeit-und-klima-nieder\/\" title=\"Dr. Christine Meyer legt Amt als Referentin f\u00fcr Umwelt, Mobilit\u00e4t, Nachhaltigkeit und Klima nieder\">[&#8230;]<\/a><\/p>\n<\/div>","protected":false},"author":1,"featured_media":175895,"comment_status":"open","ping_status":"open","sticky":false,"template":"","format":"standard","meta":{"_cbd_carousel_blocks":"[]","footnotes":""},"categories":[16,79,61],"tags":[19645,19644,19307,19638,19306,19642,19641,16911,5269,12385,1480,19639,19,3151,19640,19643],"class_list":{"0":"post-175894","1":"post","2":"type-post","3":"status-publish","4":"format-standard","5":"has-post-thumbnail","7":"category-aktuell","8":"category-politik","9":"category-rathaus","10":"tag-31-august-2022","11":"tag-31-08-2022","12":"tag-august-2022","13":"tag-dr-christine-meyer","14":"tag-juli-2022","15":"tag-klima","16":"tag-mobilitaet","17":"tag-nachhaltigkeit","18":"tag-oberbuergermeister","19":"tag-peter-reiss","20":"tag-rathaus","21":"tag-referentin","22":"tag-schwabach","23":"tag-stadt-schwabach","24":"tag-umwelt","25":"tag-umweltreferentin"},"_links":{"self":[{"href":"https:\/\/www.region-schwabach.de\/wordpress\/wp-json\/wp\/v2\/posts\/175894","targetHints":{"allow":["GET"]}}],"collection":[{"href":"https:\/\/www.region-schwabach.de\/wordpress\/wp-json\/wp\/v2\/posts"}],"about":[{"href":"https:\/\/www.region-schwabach.de\/wordpress\/wp-json\/wp\/v2\/types\/post"}],"author":[{"embeddable":true,"href":"https:\/\/www.region-schwabach.de\/wordpress\/wp-json\/wp\/v2\/users\/1"}],"replies":[{"embeddable":true,"href":"https:\/\/www.region-schwabach.de\/wordpress\/wp-json\/wp\/v2\/comments?post=175894"}],"version-history":[{"count":0,"href":"https:\/\/www.region-schwabach.de\/wordpress\/wp-json\/wp\/v2\/posts\/175894\/revisions"}],"wp:featuredmedia":[{"embeddable":true,"href":"https:\/\/www.region-schwabach.de\/wordpress\/wp-json\/wp\/v2\/media\/175895"}],"wp:attachment":[{"href":"https:\/\/www.region-schwabach.de\/wordpress\/wp-json\/wp\/v2\/media?parent=175894"}],"wp:term":[{"taxonomy":"category","embeddable":true,"href":"https:\/\/www.region-schwabach.de\/wordpress\/wp-json\/wp\/v2\/categories?post=175894"},{"taxonomy":"post_tag","embeddable":true,"href":"https:\/\/www.region-schwabach.de\/wordpress\/wp-json\/wp\/v2\/tags?post=175894"}],"curies":[{"name":"wp","href":"https:\/\/api.w.org\/{rel}","templated":true}]}}