{"id":175900,"date":"2022-07-08T01:15:00","date_gmt":"2022-07-07T23:15:00","guid":{"rendered":"https:\/\/www.region-schwabach.de\/wordpress\/?p=175900"},"modified":"2022-07-07T23:26:59","modified_gmt":"2022-07-07T21:26:59","slug":"deutsch-israelischer-psychologe-autor-und-trager-des-bundesverdienstkreuzes-ahmad-mansour-zu-gast-in-schwabach","status":"publish","type":"post","link":"https:\/\/www.region-schwabach.de\/wordpress\/deutsch-israelischer-psychologe-autor-und-trager-des-bundesverdienstkreuzes-ahmad-mansour-zu-gast-in-schwabach\/","title":{"rendered":"Deutsch-israelischer Psychologe, Autor und Tr\u00e4ger des Bundesverdienstkreuzes &#8211; Ahmad Mansour &#8211; zu Gast in Schwabach"},"content":{"rendered":"\t\t<div data-elementor-type=\"wp-post\" data-elementor-id=\"175900\" class=\"elementor elementor-175900\">\n\t\t\t\t\t\t<section class=\"elementor-section elementor-top-section elementor-element elementor-element-678181b elementor-section-boxed elementor-section-height-default elementor-section-height-default\" data-id=\"678181b\" data-element_type=\"section\">\n\t\t\t\t\t\t<div class=\"elementor-container elementor-column-gap-default\">\n\t\t\t\t\t<div class=\"elementor-column elementor-col-66 elementor-top-column elementor-element elementor-element-6b34026\" data-id=\"6b34026\" data-element_type=\"column\">\n\t\t\t<div class=\"elementor-widget-wrap elementor-element-populated\">\n\t\t\t\t\t\t<div class=\"elementor-element elementor-element-443ab98 elementor-widget elementor-widget-text-editor\" data-id=\"443ab98\" data-element_type=\"widget\" data-widget_type=\"text-editor.default\">\n\t\t\t\t<div class=\"elementor-widget-container\">\n\t\t\t\t\t\t\t<h3><span id=\"page3R_mcid11\" class=\"markedContent\"><span dir=\"ltr\" role=\"presentation\">Ein Tag mit Ahmad Mansour in Schwabach:\u00a0<\/span><\/span><span id=\"page3R_mcid12\" class=\"markedContent\"><\/span><span id=\"page3R_mcid13\" class=\"markedContent\"><br role=\"presentation\" \/><span id=\"page3R_mcid17\" class=\"markedContent\"><span dir=\"ltr\" role=\"presentation\">\u201eWas geh\u00f6rt<\/span> <span dir=\"ltr\" role=\"presentation\">dazu, dazuzugeh\u00f6ren?\u00a0<\/span><\/span><br \/><\/span><\/h3><p><span style=\"font-size: 12pt;\">Schwabach &#8211; <span id=\"page3R_mcid15\" class=\"markedContent\"><span dir=\"ltr\" role=\"presentation\">Mit Ahmad Mansour war ein unerm\u00fcdlicher Aktivist f\u00fcr Demokratief\u00f6rderung <\/span><span dir=\"ltr\" role=\"presentation\">und Extremismus<\/span><span dir=\"ltr\" role=\"presentation\">&#8211;<\/span><span dir=\"ltr\" role=\"presentation\">Pr\u00e4vention<\/span> <span dir=\"ltr\" role=\"presentation\">und gegen Rassismus, Antisemitismus und Hass <\/span><span dir=\"ltr\" role=\"presentation\">in Schwabach zu Gast: Der deutsch<\/span><span dir=\"ltr\" role=\"presentation\">&#8211;<\/span><span dir=\"ltr\" role=\"presentation\">israelische Psychologe und Autor ist in <\/span><span dir=\"ltr\" role=\"presentation\">Schwabach sp\u00e4testens seit der Bildungskonferenz 2021 \u201eBildung zu <\/span><span dir=\"ltr\" role=\"presentation\">demokratischer Kompetenz\u201c bekannt. Nun hat ihn das Bildungsb\u00fcro der Stad<\/span><span dir=\"ltr\" role=\"presentation\">t <\/span><span dir=\"ltr\" role=\"presentation\">mit Unterst\u00fctzung der B\u00fcrgerstiftung Unser Schwabach und der Integrations<\/span><span dir=\"ltr\" role=\"presentation\">stiftung noch einmal eingeladen. Denn: \u201eF\u00fcr einen Austausch eine Plattform zu <\/span><span dir=\"ltr\" role=\"presentation\">schaffen, die Akteure zusammenzubringen, ein Netzwerk zu entwickeln, <\/span><span dir=\"ltr\" role=\"presentation\">Perspektiven aufzuzeigen, ist ein<\/span><span dir=\"ltr\" role=\"presentation\">e klassische Aufgabe der kommunalen <\/span><span dir=\"ltr\" role=\"presentation\">Bildungsb\u00fcros\u201c, so Jessica Kardeis vom Schwabacher Bildungsb\u00fcro. Dieses <\/span><span dir=\"ltr\" role=\"presentation\">hatte die Idee zur Veranstaltung und hat diese organisiert.<\/span><\/span><span id=\"page3R_mcid16\" class=\"markedContent\"><\/span><span id=\"page3R_mcid17\" class=\"markedContent\"><br role=\"presentation\" \/><\/span><\/span><\/p><p><span style=\"font-size: 12pt;\"><span id=\"page3R_mcid17\" class=\"markedContent\"><span dir=\"ltr\" role=\"presentation\">B\u00fcrgerinnen und B\u00fcrger konnten abends an der Diskussionsveranstaltung <\/span><span dir=\"ltr\" role=\"presentation\">\u201eWas geh\u00f6rt<\/span> <span dir=\"ltr\" role=\"presentation\">dazu, dazuzugeh\u00f6ren? Wie Integration zu einem Gewinn f\u00fcr alle <\/span><span dir=\"ltr\" role=\"presentation\">werden kann\u201c im Hof des Alten DG teilnehmen. In Workshops, die am <\/span><span dir=\"ltr\" role=\"presentation\">Nachmittag zuvor stattfanden, arbeiteten in der Bildung Besch\u00e4ftigte, <\/span><span dir=\"ltr\" role=\"presentation\">haupts\u00e4chlich Lehrkr\u00e4fte oder andere P\u00e4dagogen, im Haus de<\/span><span dir=\"ltr\" role=\"presentation\">r Begegnung. <\/span><span dir=\"ltr\" role=\"presentation\">Den Akteuren und Akteurinnen aus Schulen, Jugendarbeit und Stadtverwal<\/span><span dir=\"ltr\" role=\"presentation\">tung gab Mansour dort Impulse f\u00fcr Strategien und Perspektiven, die Integration <\/span><span dir=\"ltr\" role=\"presentation\">von Menschen mit Migrationserfahrung in der Stadt zu f\u00f6rdern.<\/span><\/span><span id=\"page3R_mcid18\" class=\"markedContent\"><\/span><span id=\"page3R_mcid19\" class=\"markedContent\"><br role=\"presentation\" \/><\/span><\/span><\/p><p><span style=\"font-size: 12pt;\"><span id=\"page3R_mcid19\" class=\"markedContent\"><span dir=\"ltr\" role=\"presentation\">Mit seinen Kollegen Asmen Ilh<\/span><span dir=\"ltr\" role=\"presentation\">an und Yilmaz Atmaca zeigte er anhand von <\/span><span dir=\"ltr\" role=\"presentation\">Rollenspielen, dass \u201eJugendliche hochpolitisch sind und streiten wollen.\u201c <\/span><\/span><\/span><span style=\"font-size: 12pt;\"><span id=\"page15R_mcid0\" class=\"markedContent\"><span dir=\"ltr\" role=\"presentation\">Themen der Rollenspiele waren etwa israelbezogener Antisemitismus und <\/span><span dir=\"ltr\" role=\"presentation\">Konflikte, die aus den Herkunftsl\u00e4ndern der Migranten nach Deutschland <\/span><span dir=\"ltr\" role=\"presentation\">mitgebracht werden. Der Nachmittag diente dazu, den P\u00e4dagoginnen und <\/span><span dir=\"ltr\" role=\"presentation\">P\u00e4dagogen Vorschl\u00e4ge zu machen, welche Denkanst\u00f6\u00dfe im Schulleben <\/span><span dir=\"ltr\" role=\"presentation\">wirksam sein k\u00f6nnten und wie Toleranz gegen\u00fcber anderen Verhaltensweisen <\/span><span dir=\"ltr\" role=\"presentation\">einge\u00fcbt werden kann.<\/span><\/span><span id=\"page15R_mcid1\" class=\"markedContent\"><\/span><span id=\"page15R_mcid2\" class=\"markedContent\"><br role=\"presentation\" \/><\/span><\/span><\/p><p><span style=\"font-size: 12pt;\"><span id=\"page15R_mcid2\" class=\"markedContent\"><span dir=\"ltr\" role=\"presentation\">In der Abendveranstaltun<\/span><span dir=\"ltr\" role=\"presentation\">g hielt Ahmad Mansour zun\u00e4chst einen Impulsvortrag <\/span><span dir=\"ltr\" role=\"presentation\">zum Thema Integration. \u201eIntegration bedeutet vor allem emotionales <\/span><span dir=\"ltr\" role=\"presentation\">Ankommen\u201c, betonte er gleich zu Beginn. Und wichtig sei es auch, Probleme <\/span><span dir=\"ltr\" role=\"presentation\">zu benennen, ohne zu pauschalisieren. \u201eAber dabei Klartext sprec<\/span><span dir=\"ltr\" role=\"presentation\">hen, Themen <\/span><span dir=\"ltr\" role=\"presentation\">beim Namen nennen\u201c, forderte Mansour, der f\u00fcr seine Arbeit am 7. Juli 2022 das <\/span><span dir=\"ltr\" role=\"presentation\">Bundesverdienstkreuz erh\u00e4lt. Die drei zentralen Punkte f\u00fcr eine gelingende <\/span><span dir=\"ltr\" role=\"presentation\">Integration sind f\u00fcr den Extremismusforscher Gleichberechtigung<\/span> <span dir=\"ltr\" role=\"presentation\">\u2013<\/span> <span dir=\"ltr\" role=\"presentation\">nicht nur <\/span><span dir=\"ltr\" role=\"presentation\">von Frauen und M\u00e4nn<\/span><span dir=\"ltr\" role=\"presentation\">ern<\/span> <span dir=\"ltr\" role=\"presentation\">\u2013<\/span><span dir=\"ltr\" role=\"presentation\">, Religionsfreiheit und die Bek\u00e4mpfung von <\/span><span dir=\"ltr\" role=\"presentation\">Antisemitismus. Am Ende seines Referats hob Mansour hervor, dass <\/span><span dir=\"ltr\" role=\"presentation\">Integration machbar ist und nur durch die Begegnung funktioniert.<\/span><\/span><span id=\"page15R_mcid3\" class=\"markedContent\"><\/span><span id=\"page15R_mcid4\" class=\"markedContent\"><br role=\"presentation\" \/><\/span><\/span><\/p><p><span style=\"font-size: 12pt;\"><span id=\"page15R_mcid4\" class=\"markedContent\"><span dir=\"ltr\" role=\"presentation\">Diese Aspekte nahm Ella Schindler vom Verlag N\u00fcrnberger Presse auf, die <\/span><span dir=\"ltr\" role=\"presentation\">ein<\/span><span dir=\"ltr\" role=\"presentation\">e anschlie\u00dfende Diskussionsrunde mit Oberb\u00fcrgermeister Peter Rei\u00df, Karl <\/span><span dir=\"ltr\" role=\"presentation\">Freller, Vizepr\u00e4sident des Bayerischen Landtags und Direktor der Stiftung <\/span><span dir=\"ltr\" role=\"presentation\">Bayerische Gedenkst\u00e4tten, der Historikerin und Landtagsabgeordneten Dr. <\/span><span dir=\"ltr\" role=\"presentation\">Sabine Weigand und der Vorsitzenden de<\/span><span dir=\"ltr\" role=\"presentation\">s Integrationsrats der Stadt, Sandra <\/span><span dir=\"ltr\" role=\"presentation\">Niyonteze, moderierte. Niyonteze, selbst auf Frankreich stammend, betonte <\/span><span dir=\"ltr\" role=\"presentation\">dabei, wie wichtig es sei, Zeit zum Ankommen zu haben. Und sie benannte aus <\/span><span dir=\"ltr\" role=\"presentation\">Erfahrung das Gef\u00fchl, ausgegrenzt zu werden.<\/span><\/span><span id=\"page15R_mcid5\" class=\"markedContent\"><br role=\"presentation\" \/><\/span><\/span><\/p><p><span style=\"font-size: 12pt;\"><span id=\"page15R_mcid5\" class=\"markedContent\"><span dir=\"ltr\" role=\"presentation\">\u201eWas ist bei allen Fluch<\/span><span dir=\"ltr\" role=\"presentation\">tbewegungen gleich?\u201c, war Schindlers Frage an die <\/span><span dir=\"ltr\" role=\"presentation\">Historikerin. \u201eExistenzielle \u00c4ngste\u201c, lautete Weigands Antwort. \u201eDie k\u00f6nnten mir <\/span><span dir=\"ltr\" role=\"presentation\">was wegnehmen\u201c, das d\u00e4chten viele. Das sei schon bei den Hugenotten so <\/span><span dir=\"ltr\" role=\"presentation\">gewesen, die ihr Wei\u00dfbrot nach Schwabach brachten und<\/span> <span dir=\"ltr\" role=\"presentation\">damit die Grundlage <\/span><span dir=\"ltr\" role=\"presentation\">der hiesigen B\u00e4cker zu gef\u00e4hrden schienen.<\/span><\/span><span id=\"page15R_mcid6\" class=\"markedContent\"><br role=\"presentation\" \/><\/span><\/span><\/p><p><span style=\"font-size: 12pt;\"><span id=\"page15R_mcid6\" class=\"markedContent\"><span dir=\"ltr\" role=\"presentation\">F\u00fcr Karl Freller, das hob er hervor, ist der Gedanke der Gleichheit wichtig. \u201eUnd <\/span><span dir=\"ltr\" role=\"presentation\">dass Antisemitismus bek\u00e4mpft wird.\u201c <\/span><\/span><span id=\"page15R_mcid7\" class=\"markedContent\"><span dir=\"ltr\" role=\"presentation\">Ahmad Mansour empfahl, Kinder darin zu trainieren, Gef\u00fchle zu erkennen und <\/span><span dir=\"ltr\" role=\"presentation\">zu akzeptieren. Nur so k\u00f6nne Empathie f\u00fcr andere entstehen.<\/span><\/span><span id=\"page15R_mcid8\" class=\"markedContent\"><\/span><\/span><\/p><p><span style=\"font-size: 12pt;\"><span id=\"page17R_mcid0\" class=\"markedContent\"><span dir=\"ltr\" role=\"presentation\">Ein wichtiger Punkt in der Diskussion war die Rolle der Sozialen Medien. \u201eSie <\/span><span dir=\"ltr\" role=\"presentation\">sind in der Kommunikation ein wichtiger Faktor. Und sie sind niedrigschwellig\u201c, <\/span><span dir=\"ltr\" role=\"presentation\">fand OB Rei\u00df, der selbst \u00fcber die So<\/span><span dir=\"ltr\" role=\"presentation\">zialen Medien kontaktiert wird. In diesem <\/span><span dir=\"ltr\" role=\"presentation\">Punkt waren sich die Diskutanten einig. \u201eJunge Leute erreicht man nur \u00fcber <\/span><span dir=\"ltr\" role=\"presentation\">Social Media\u201c, so Weigand. \u201eDie suchen sich ihre Influencer.\u201c<\/span><\/span><span id=\"page17R_mcid1\" class=\"markedContent\"><\/span><span id=\"page17R_mcid2\" class=\"markedContent\"><br role=\"presentation\" \/><\/span><\/span><\/p><p><span style=\"font-size: 12pt;\"><span id=\"page17R_mcid2\" class=\"markedContent\"><span dir=\"ltr\" role=\"presentation\">Anschlie\u00dfende Fragen aus dem Publikum bezogen sich auf die Abwendung <\/span><span dir=\"ltr\" role=\"presentation\">der Me<\/span><span dir=\"ltr\" role=\"presentation\">nschen von demokratischen Prozessen sowie auf den Umgang mit <\/span><span dir=\"ltr\" role=\"presentation\">Kriminellen unter Zugewanderten.\u00a0<\/span><\/span><\/span><span id=\"page17R_mcid3\" class=\"markedContent\"><\/span><span id=\"page17R_mcid4\" class=\"markedContent\"><br role=\"presentation\" \/><\/span><\/p><p><span style=\"font-size: 12pt;\"><span id=\"page17R_mcid4\" class=\"markedContent\"><span dir=\"ltr\" role=\"presentation\">Foto1: Die Diskussionsteilnehmenden, Unterst\u00fctzenden und Organisatorin <\/span><span dir=\"ltr\" role=\"presentation\">Jessica Kardeis.<\/span><\/span><span id=\"page17R_mcid5\" class=\"markedContent\"><br role=\"presentation\" \/><span dir=\"ltr\" role=\"presentation\">Foto2: Die Podiumsdiskussion<\/span><\/span><span id=\"page17R_mcid6\" class=\"markedContent\"><br role=\"presentation\" \/><span dir=\"ltr\" role=\"presentation\">Foto 3: Workshop am Nachmittag<\/span><\/span><span id=\"page17R_mcid7\" class=\"markedContent\"><br role=\"presentation\" \/><span dir=\"ltr\" role=\"presentation\">Foto 4: Ahmad<\/span> <span dir=\"ltr\" role=\"presentation\">Mansour\u00a0<\/span><\/span><\/span><\/p><p><a href=\"https:\/\/www.region-schwabach.de\/wordpress\/wp-content\/uploads\/2022\/07\/PM95_1Veranstaltung-Dazugehoeren-scaled-e1657210848998.jpg\"><img fetchpriority=\"high\" decoding=\"async\" class=\"aligncenter size-full wp-image-175910\" src=\"https:\/\/www.region-schwabach.de\/wordpress\/wp-content\/uploads\/2022\/07\/PM95_1Veranstaltung-Dazugehoeren-scaled-e1657210848998.jpg\" alt=\"\" width=\"640\" height=\"427\" srcset=\"https:\/\/www.region-schwabach.de\/wordpress\/wp-content\/uploads\/2022\/07\/PM95_1Veranstaltung-Dazugehoeren-scaled-e1657210848998.jpg 640w, https:\/\/www.region-schwabach.de\/wordpress\/wp-content\/uploads\/2022\/07\/PM95_1Veranstaltung-Dazugehoeren-scaled-e1657210848998-300x200.jpg 300w\" sizes=\"(max-width: 640px) 100vw, 640px\" \/><\/a><a href=\"https:\/\/www.region-schwabach.de\/wordpress\/wp-content\/uploads\/2022\/07\/PM95_2_Podiumsdiskussion_Mansour-1-scaled-e1657210934641.jpg\"><img decoding=\"async\" class=\"aligncenter size-full wp-image-175911\" src=\"https:\/\/www.region-schwabach.de\/wordpress\/wp-content\/uploads\/2022\/07\/PM95_2_Podiumsdiskussion_Mansour-1-scaled-e1657210934641.jpg\" alt=\"\" width=\"640\" height=\"427\" srcset=\"https:\/\/www.region-schwabach.de\/wordpress\/wp-content\/uploads\/2022\/07\/PM95_2_Podiumsdiskussion_Mansour-1-scaled-e1657210934641.jpg 640w, https:\/\/www.region-schwabach.de\/wordpress\/wp-content\/uploads\/2022\/07\/PM95_2_Podiumsdiskussion_Mansour-1-scaled-e1657210934641-300x200.jpg 300w\" sizes=\"(max-width: 640px) 100vw, 640px\" \/><\/a><\/p><p><a href=\"https:\/\/www.region-schwabach.de\/wordpress\/wp-content\/uploads\/2022\/07\/PM95_3_Workshop_Plenum-scaled-e1657211020104.jpg\"><img decoding=\"async\" class=\"aligncenter size-full wp-image-175912\" src=\"https:\/\/www.region-schwabach.de\/wordpress\/wp-content\/uploads\/2022\/07\/PM95_3_Workshop_Plenum-scaled-e1657211020104.jpg\" alt=\"\" width=\"640\" height=\"427\" srcset=\"https:\/\/www.region-schwabach.de\/wordpress\/wp-content\/uploads\/2022\/07\/PM95_3_Workshop_Plenum-scaled-e1657211020104.jpg 640w, https:\/\/www.region-schwabach.de\/wordpress\/wp-content\/uploads\/2022\/07\/PM95_3_Workshop_Plenum-scaled-e1657211020104-300x200.jpg 300w\" sizes=\"(max-width: 640px) 100vw, 640px\" \/><\/a><\/p><p><a href=\"https:\/\/www.region-schwabach.de\/wordpress\/wp-content\/uploads\/2022\/07\/PM95_4_Ahmad-Mansour-scaled-e1657211083686.jpg\"><img loading=\"lazy\" decoding=\"async\" class=\"aligncenter size-full wp-image-175913\" src=\"https:\/\/www.region-schwabach.de\/wordpress\/wp-content\/uploads\/2022\/07\/PM95_4_Ahmad-Mansour-scaled-e1657211083686.jpg\" alt=\"\" width=\"640\" height=\"960\" srcset=\"https:\/\/www.region-schwabach.de\/wordpress\/wp-content\/uploads\/2022\/07\/PM95_4_Ahmad-Mansour-scaled-e1657211083686.jpg 640w, https:\/\/www.region-schwabach.de\/wordpress\/wp-content\/uploads\/2022\/07\/PM95_4_Ahmad-Mansour-scaled-e1657211083686-200x300.jpg 200w\" sizes=\"(max-width: 640px) 100vw, 640px\" \/><\/a><\/p>\t\t\t\t\t\t<\/div>\n\t\t\t\t<\/div>\n\t\t\t\t<div class=\"elementor-element elementor-element-0c834d7 elementor-widget-divider--view-line elementor-widget elementor-widget-divider\" data-id=\"0c834d7\" data-element_type=\"widget\" data-widget_type=\"divider.default\">\n\t\t\t\t<div class=\"elementor-widget-container\">\n\t\t\t\t\t<div class=\"elementor-divider\">\n\t\t\t<span class=\"elementor-divider-separator\">\n\t\t\t\t\t\t<\/span>\n\t\t<\/div>\n\t\t\t\t<\/div>\n\t\t\t\t<\/div>\n\t\t\t\t<div class=\"elementor-element elementor-element-d08c758 elementor-widget elementor-widget-google_maps\" data-id=\"d08c758\" data-element_type=\"widget\" data-widget_type=\"google_maps.default\">\n\t\t\t\t<div class=\"elementor-widget-container\">\n\t\t\t\t\t<div class=\"elementor-custom-embed\">\n\t\t\t<iframe loading=\"lazy\"\n\t\t\t\t\tsrc=\"https:\/\/maps.google.com\/maps?q=K%C3%B6nigstra%C3%9Fe%2020a%2C%20Schwabach%2C%20Deutschland&#038;t=m&#038;z=17&#038;output=embed&#038;iwloc=near\"\n\t\t\t\t\ttitle=\"K\u00f6nigstra\u00dfe 20a, Schwabach, Deutschland\"\n\t\t\t\t\taria-label=\"K\u00f6nigstra\u00dfe 20a, Schwabach, Deutschland\"\n\t\t\t><\/iframe>\n\t\t<\/div>\n\t\t\t\t<\/div>\n\t\t\t\t<\/div>\n\t\t\t\t\t<\/div>\n\t\t<\/div>\n\t\t\t\t<div class=\"elementor-column elementor-col-33 elementor-top-column elementor-element elementor-element-f645137\" data-id=\"f645137\" data-element_type=\"column\">\n\t\t\t<div class=\"elementor-widget-wrap elementor-element-populated\">\n\t\t\t\t\t\t<div class=\"elementor-element elementor-element-25043c1 elementor-widget elementor-widget-image\" data-id=\"25043c1\" data-element_type=\"widget\" data-widget_type=\"image.default\">\n\t\t\t\t<div class=\"elementor-widget-container\">\n\t\t\t\t\t\t\t\t\t\t\t\t\t<img loading=\"lazy\" decoding=\"async\" width=\"300\" height=\"300\" src=\"https:\/\/www.region-schwabach.de\/wordpress\/wp-content\/uploads\/2018\/04\/werbung1-300x300.png\" class=\"attachment-medium size-medium wp-image-35382\" alt=\"\" srcset=\"https:\/\/www.region-schwabach.de\/wordpress\/wp-content\/uploads\/2018\/04\/werbung1-300x300.png 300w, https:\/\/www.region-schwabach.de\/wordpress\/wp-content\/uploads\/2018\/04\/werbung1-150x150.png 150w, https:\/\/www.region-schwabach.de\/wordpress\/wp-content\/uploads\/2018\/04\/werbung1-768x768.png 768w, https:\/\/www.region-schwabach.de\/wordpress\/wp-content\/uploads\/2018\/04\/werbung1-1024x1024.png 1024w, https:\/\/www.region-schwabach.de\/wordpress\/wp-content\/uploads\/2018\/04\/werbung1.png 1200w\" sizes=\"(max-width: 300px) 100vw, 300px\" \/>\t\t\t\t\t\t\t\t\t\t\t\t\t<\/div>\n\t\t\t\t<\/div>\n\t\t\t\t\t<\/div>\n\t\t<\/div>\n\t\t\t\t\t<\/div>\n\t\t<\/section>\n\t\t\t\t<\/div>\n\t\t","protected":false},"excerpt":{"rendered":"<div class=\"mh-excerpt\"><p>Ein Tag mit Ahmad Mansour in Schwabach:\u00a0\u201eWas geh\u00f6rt dazu, dazuzugeh\u00f6ren?\u00a0 Schwabach &#8211; Mit Ahmad Mansour war ein unerm\u00fcdlicher Aktivist f\u00fcr Demokratief\u00f6rderung und Extremismus-Pr\u00e4vention und gegen Rassismus, Antisemitismus und Hass in Schwabach zu Gast: Der deutsch-israelische <a class=\"mh-excerpt-more\" href=\"https:\/\/www.region-schwabach.de\/wordpress\/deutsch-israelischer-psychologe-autor-und-trager-des-bundesverdienstkreuzes-ahmad-mansour-zu-gast-in-schwabach\/\" title=\"Deutsch-israelischer Psychologe, Autor und Tr\u00e4ger des Bundesverdienstkreuzes &#8211; Ahmad Mansour &#8211; zu Gast in Schwabach\">[&#8230;]<\/a><\/p>\n<\/div>","protected":false},"author":1,"featured_media":175903,"comment_status":"open","ping_status":"open","sticky":false,"template":"","format":"standard","meta":{"_cbd_carousel_blocks":"[]","footnotes":""},"categories":[16,1,287,61,231,46],"tags":[19648,19651,19658,12749,19652,19653,19647,19655,19650,19654,18421,19306,522,19649,1480,19,19646,19659],"class_list":{"0":"post-175900","1":"post","2":"type-post","3":"status-publish","4":"format-standard","5":"has-post-thumbnail","7":"category-aktuell","8":"category-allgemein","9":"category-jugend-und-familie","10":"category-rathaus","11":"category-veranstaltungsnews","12":"category-verbaende","13":"tag-ahmad-mansour","14":"tag-antisemitismus","15":"tag-asmen-ilhan","16":"tag-autor","17":"tag-bildungsbuero","18":"tag-buergerstiftung-unser-schwabach-2","19":"tag-deutsch-israelischer-psychologe","20":"tag-diskussionsveranstaltung","21":"tag-hass","22":"tag-integrationsstiftung","23":"tag-jessica-kardeis","24":"tag-juli-2022","25":"tag-koenigsplatz","26":"tag-rassismus","27":"tag-rathaus","28":"tag-schwabach","29":"tag-traeger-des-bundesverdienstkreuzes","30":"tag-yilmaz-atmaca"},"_links":{"self":[{"href":"https:\/\/www.region-schwabach.de\/wordpress\/wp-json\/wp\/v2\/posts\/175900","targetHints":{"allow":["GET"]}}],"collection":[{"href":"https:\/\/www.region-schwabach.de\/wordpress\/wp-json\/wp\/v2\/posts"}],"about":[{"href":"https:\/\/www.region-schwabach.de\/wordpress\/wp-json\/wp\/v2\/types\/post"}],"author":[{"embeddable":true,"href":"https:\/\/www.region-schwabach.de\/wordpress\/wp-json\/wp\/v2\/users\/1"}],"replies":[{"embeddable":true,"href":"https:\/\/www.region-schwabach.de\/wordpress\/wp-json\/wp\/v2\/comments?post=175900"}],"version-history":[{"count":0,"href":"https:\/\/www.region-schwabach.de\/wordpress\/wp-json\/wp\/v2\/posts\/175900\/revisions"}],"wp:featuredmedia":[{"embeddable":true,"href":"https:\/\/www.region-schwabach.de\/wordpress\/wp-json\/wp\/v2\/media\/175903"}],"wp:attachment":[{"href":"https:\/\/www.region-schwabach.de\/wordpress\/wp-json\/wp\/v2\/media?parent=175900"}],"wp:term":[{"taxonomy":"category","embeddable":true,"href":"https:\/\/www.region-schwabach.de\/wordpress\/wp-json\/wp\/v2\/categories?post=175900"},{"taxonomy":"post_tag","embeddable":true,"href":"https:\/\/www.region-schwabach.de\/wordpress\/wp-json\/wp\/v2\/tags?post=175900"}],"curies":[{"name":"wp","href":"https:\/\/api.w.org\/{rel}","templated":true}]}}