{"id":176581,"date":"2022-07-14T00:45:00","date_gmt":"2022-07-13T22:45:00","guid":{"rendered":"https:\/\/www.region-schwabach.de\/wordpress\/?p=176581"},"modified":"2022-07-13T20:15:10","modified_gmt":"2022-07-13T18:15:10","slug":"metropolregion-nurnberg-baut-beziehungen-zu-afrika-aus-initiativkreis-kommunale-entwicklungszusammenarbeit-afrika-gegrundet","status":"publish","type":"post","link":"https:\/\/www.region-schwabach.de\/wordpress\/metropolregion-nurnberg-baut-beziehungen-zu-afrika-aus-initiativkreis-kommunale-entwicklungszusammenarbeit-afrika-gegrundet\/","title":{"rendered":"Metropolregion N\u00fcrnberg baut Beziehungen zu Afrika aus: Initiativkreis Kommunale Entwicklungszusammenarbeit Afrika gegr\u00fcndet"},"content":{"rendered":"\t\t<div data-elementor-type=\"wp-post\" data-elementor-id=\"176581\" class=\"elementor elementor-176581\">\n\t\t\t\t\t\t<section class=\"elementor-section elementor-top-section elementor-element elementor-element-678181b elementor-section-boxed elementor-section-height-default elementor-section-height-default\" data-id=\"678181b\" data-element_type=\"section\">\n\t\t\t\t\t\t<div class=\"elementor-container elementor-column-gap-default\">\n\t\t\t\t\t<div class=\"elementor-column elementor-col-50 elementor-top-column elementor-element elementor-element-6b34026\" data-id=\"6b34026\" data-element_type=\"column\">\n\t\t\t<div class=\"elementor-widget-wrap elementor-element-populated\">\n\t\t\t\t\t\t<div class=\"elementor-element elementor-element-2e31143 elementor-widget elementor-widget-wp-widget-advads_ad_widget\" data-id=\"2e31143\" data-element_type=\"widget\" data-widget_type=\"wp-widget-advads_ad_widget.default\">\n\t\t\t\t<div class=\"elementor-widget-container\">\n\t\t\t<div id=\"regio-1955811239\"><div class=\"regio-adlabel\">Werbung<\/div><center><a href=\"https:\/\/a.partner-versicherung.de\/click.php?partner_id=19992&ad_id=1578&deep=kreditkarten\"  target=\"_blank\"><img decoding=\"async\" src=\"https:\/\/a.partner-versicherung.de\/view.php?partner_id=19992&ad_id=1578\" ><\/a><\/center><\/div>\t\t<\/div>\n\t\t\t\t<\/div>\n\t\t\t\t<div class=\"elementor-element elementor-element-443ab98 elementor-widget elementor-widget-text-editor\" data-id=\"443ab98\" data-element_type=\"widget\" data-widget_type=\"text-editor.default\">\n\t\t\t\t<div class=\"elementor-widget-container\">\n\t\t\t\t\t\t\t<h3><span id=\"page3R_mcid12\" class=\"markedContent\"><span dir=\"ltr\" role=\"presentation\">Europ\u00e4ische Metropolregion N\u00fcrnberg erweitert Partnerschaften mit Afrika<\/span><\/span><span id=\"page3R_mcid13\" class=\"markedContent\"><\/span><span id=\"page3R_mcid14\" class=\"markedContent\"><br role=\"presentation\" \/><span dir=\"ltr\" role=\"presentation\">Initiativkreis Kommunale Entwicklungszusammenarbeit <\/span><span dir=\"ltr\" role=\"presentation\">Afrika gegr\u00fcndet<\/span><\/span><\/h3><p><span style=\"font-size: 12pt;\">Schwabach &#8211; <span id=\"page3R_mcid16\" class=\"markedContent\"><span dir=\"ltr\" role=\"presentation\">Die<\/span> <span dir=\"ltr\" role=\"presentation\">Europ\u00e4ische Metropolregion N\u00fcrnberg m\u00f6chte die Partnerschaften zu <\/span><span dir=\"ltr\" role=\"presentation\">Kommunen und Organisationen in Afrika verst\u00e4rken und b\u00fcndeln. Zu diesem <\/span><span dir=\"ltr\" role=\"presentation\">Zweck wurde der \u201eInitiativkreis Kommunale Entwicklungszusammenarbeit <\/span><span dir=\"ltr\" role=\"presentation\">Afrika\u201c gegr\u00fcndet. Bei der Gr\u00fcndungsveranstaltung<\/span> <span dir=\"ltr\" role=\"presentation\">im Schwabacher <\/span><span dir=\"ltr\" role=\"presentation\">B\u00fcrgerhaus wurden Sandra Niyonteze zur fachlichen Sprecherin und Nasser <\/span><span dir=\"ltr\" role=\"presentation\">Ahmed zum politischen Sprecher des Initiativkreises gew\u00e4hlt. Mit dem <\/span><span dir=\"ltr\" role=\"presentation\">Initiativkreis sollen Kommunen, Hochschuleinrichtungen, Unternehmen, <\/span><span dir=\"ltr\" role=\"presentation\">zivilgesellschaftliche Initiat<\/span><span dir=\"ltr\" role=\"presentation\">iven und andere Einrichtungen der Metropolregion <\/span><span dir=\"ltr\" role=\"presentation\">vernetzt und beraten werden, die Partnerschaften zu Kommunen und <\/span><span dir=\"ltr\" role=\"presentation\">Organisationen in Afrika entweder bereits pflegen oder neu aufnehmen <\/span><span dir=\"ltr\" role=\"presentation\">m\u00f6chten. Damit soll auf breiter Front ein Beitrag zum Erf\u00fcllen der 17 Glo<\/span><span dir=\"ltr\" role=\"presentation\">balen <\/span><span dir=\"ltr\" role=\"presentation\">Nachhaltigkeitsziele (SDGs) der Vereinten Nationen geleistet werden.\u00a0<\/span><\/span><span id=\"page3R_mcid17\" class=\"markedContent\"><\/span><span id=\"page3R_mcid18\" class=\"markedContent\"><br role=\"presentation\" \/><\/span><\/span><\/p><h3><span style=\"font-size: 14pt;\">Angesiedelt an <span id=\"page3R_mcid18\" class=\"markedContent\"><span dir=\"ltr\" role=\"presentation\">\u201eForum Klimaschutz und nachhaltige Entwicklung\u201c<\/span><\/span><\/span><\/h3><p><span style=\"font-size: 12pt;\"><span id=\"page3R_mcid18\" class=\"markedContent\"><span dir=\"ltr\" role=\"presentation\">Angesiedelt wird der Initiativkreis innerhalb der Metropolregion N\u00fcrnberg am <\/span><span dir=\"ltr\" role=\"presentation\">etablierten \u201eForum Klimaschutz und nachhaltige Entwicklung\u201c. Dessen <\/span><span dir=\"ltr\" role=\"presentation\">Gesch\u00e4ftsf\u00fchrerin, Britta Walthelm,<\/span> <span dir=\"ltr\" role=\"presentation\">begr\u00fc\u00dfte die Gr\u00fcndung des Initiativkreises: <\/span><span dir=\"ltr\" role=\"presentation\">\u201eIn unserem Forum wird eine freiwillige und wertvolle Zusammenarbeit in <\/span><span dir=\"ltr\" role=\"presentation\">Sachen Nachhaltigkeit geleistet. So wurden wir 2017 zur ersten Metropolregion <\/span><span dir=\"ltr\" role=\"presentation\">weltweit, die sich zertifiziert dem fairen Handel verpflichte<\/span><span dir=\"ltr\" role=\"presentation\">t hat. Die <\/span><span dir=\"ltr\" role=\"presentation\">Initiatorinnen und Initiatoren des neuen Initiativkreises haben gro\u00dfes <\/span><span dir=\"ltr\" role=\"presentation\">Engagement bewiesen, das von vielen Unterst\u00fctzern getragen wird.\u201c<\/span><\/span><\/span><\/p><h3><span style=\"font-size: 14pt;\"><span id=\"page17R_mcid0\" class=\"markedContent\"><span dir=\"ltr\" role=\"presentation\">Initiative der St\u00e4dte N\u00fcrnberg, F\u00fcrth, <\/span><span dir=\"ltr\" role=\"presentation\">Neumarkt und Schwabach<\/span><\/span><\/span><\/h3><p><span style=\"font-size: 12pt;\"><span id=\"page17R_mcid0\" class=\"markedContent\"><span dir=\"ltr\" role=\"presentation\">Die Gr\u00fcndung des Arbeitskreises war eine Initiative der St\u00e4dte N\u00fcrnberg, F\u00fcrth, <\/span><span dir=\"ltr\" role=\"presentation\">Neumarkt und Schwabach, die<\/span> <span dir=\"ltr\" role=\"presentation\">teils auf jahrzehntelange Partnerschaften mit <\/span><span dir=\"ltr\" role=\"presentation\">Kommunen in Afrika zur\u00fcckblicken k\u00f6nnen. Gesch\u00e4ftsf\u00fchrerin des <\/span><span dir=\"ltr\" role=\"presentation\">Initiativkreises wird Anna Spaulding, die bei der Stadt Schwabach besch\u00e4ftigt <\/span><span dir=\"ltr\" role=\"presentation\">ist. Finanziert wird der Initiativkreis mit Mitteln des Bundesministe<\/span><span dir=\"ltr\" role=\"presentation\">riums f\u00fcr <\/span><span dir=\"ltr\" role=\"presentation\">wirtschaftliche Zusammenarbeit und Entwicklung im Auftrag von Engagement <\/span><span dir=\"ltr\" role=\"presentation\">Global mit ihrer Servicestelle Kommunen in der Einen Welt. Schwabachs <\/span><span dir=\"ltr\" role=\"presentation\">Oberb\u00fcrgermeister Peter Rei\u00df hob die strategische Rolle der Kommunen f\u00fcr <\/span><span dir=\"ltr\" role=\"presentation\">nachhaltige Entwicklung hervor<\/span><span dir=\"ltr\" role=\"presentation\">: \u201eWir Kommunen leisten die Daseinsvorsorge <\/span><span dir=\"ltr\" role=\"presentation\">f\u00fcr die Menschen. Wir k\u00f6nnen auf Augenh\u00f6he voneinander lernen und die <\/span><span dir=\"ltr\" role=\"presentation\">Lebensumst\u00e4nde der Menschen vor Ort verbessern.\u201c<\/span><\/span><span id=\"page17R_mcid1\" class=\"markedContent\"><\/span><span id=\"page17R_mcid2\" class=\"markedContent\"><br role=\"presentation\" \/><\/span><\/span><\/p><h3><span style=\"font-size: 14pt;\"><span id=\"page17R_mcid2\" class=\"markedContent\"><span dir=\"ltr\" role=\"presentation\">\u201eWir <\/span><span dir=\"ltr\" role=\"presentation\">leben auf Kosten anderer L\u00e4nder und nachfolgender Generationen&#8220;\u00a0<\/span><\/span><\/span><\/h3><p><span style=\"font-size: 12pt;\"><span id=\"page17R_mcid2\" class=\"markedContent\"><span dir=\"ltr\" role=\"presentation\">Die Leiterin des Amts f\u00fcr Internationale Beziehungen der Stadt N\u00fcrnberg, <\/span><span dir=\"ltr\" role=\"presentation\">Christine Sch\u00fc\u00dfler,<\/span> <span dir=\"ltr\" role=\"presentation\">erweiterte diesen Fokus in ihrem Gru\u00dfwort: \u201eAfrika ist noch <\/span><span dir=\"ltr\" role=\"presentation\">weit davon entfernt als gleichwertiger Kontinent anerkannt werden. Dem <\/span><span dir=\"ltr\" role=\"presentation\">m\u00f6chten wir als Kommunen entgegenwirken. Bereits heute ist absehbar, dass <\/span><span dir=\"ltr\" role=\"presentation\">der Alltag prek\u00e4rer wird. Unser Verhalten<\/span> <span dir=\"ltr\" role=\"presentation\">hier<\/span> <span dir=\"ltr\" role=\"presentation\">hat<\/span> <span dir=\"ltr\" role=\"presentation\">darauf Einfluss, denn wir <\/span><span dir=\"ltr\" role=\"presentation\">leben auf Kosten anderer L\u00e4nder und nachfolgender Generationen. Durch den <\/span><span dir=\"ltr\" role=\"presentation\">Austausch k\u00f6nnen wir f\u00fcr unser Leben und unser Verhalten viel lernen.\u201c<\/span><\/span><span id=\"page17R_mcid3\" class=\"markedContent\"><\/span><span id=\"page17R_mcid4\" class=\"markedContent\"><br role=\"presentation\" \/><\/span><\/span><\/p><h3><span style=\"font-size: 14pt;\"><span id=\"page17R_mcid4\" class=\"markedContent\"><span dir=\"ltr\" role=\"presentation\">Nasser Ahmed:\u00a0<\/span><\/span><\/span><\/h3><p><span style=\"font-size: 12pt;\"><span id=\"page17R_mcid4\" class=\"markedContent\"><span dir=\"ltr\" role=\"presentation\">Nasser Ahmed, der neue politische Sprecher des Initiativkreises, betonte: <\/span><span dir=\"ltr\" role=\"presentation\">\u201eDiese Fu<\/span><span dir=\"ltr\" role=\"presentation\">nktion ist mir eine Herzensangelegenheit. Nicht \u00fcberall auf der Welt <\/span><span dir=\"ltr\" role=\"presentation\">ist die \u00dcberwindung von Hunger und Zugang zu Medizin allen Menschen <\/span><span dir=\"ltr\" role=\"presentation\">m\u00f6glich. Wenn aber Kommunen in Deutschland mit Kommunen in Afrika <\/span><span dir=\"ltr\" role=\"presentation\">zusammenarbeiten, kann vor Ort sehr viel erreicht wer<\/span><span dir=\"ltr\" role=\"presentation\">den. Wir wollen noch <\/span><span dir=\"ltr\" role=\"presentation\">mehr Kommunen \u00fcberzeugen, diese wichtige Arbeit mitzumachen.\u201c<\/span><\/span><span id=\"page17R_mcid5\" class=\"markedContent\"><\/span><span id=\"page17R_mcid6\" class=\"markedContent\"><br role=\"presentation\" \/><\/span><\/span><\/p><h3><span style=\"font-size: 14pt;\"><span id=\"page17R_mcid6\" class=\"markedContent\"><span dir=\"ltr\" role=\"presentation\">Sandra Niyonteze:\u00a0<\/span><\/span><\/span><\/h3><p><span style=\"font-size: 12pt;\"><span id=\"page17R_mcid6\" class=\"markedContent\"><span dir=\"ltr\" role=\"presentation\">Sandra Niyonteze, neue fachliche Sprecherin und seit langem in Schwabachs <\/span><span dir=\"ltr\" role=\"presentation\">Partnerschaft mit Gossas im Senegal engagiert: \u201eIn Europa sehen viele <\/span><span dir=\"ltr\" role=\"presentation\">Menschen Afrika als Land, ni<\/span><span dir=\"ltr\" role=\"presentation\">cht als Kontinent. Aber es ist ein Kontinent mit <\/span><span dir=\"ltr\" role=\"presentation\">sch\u00f6nen, aber auch teils grausamen Facetten. In einer immer komplexeren <\/span><span dir=\"ltr\" role=\"presentation\">Welt m\u00fcssen Europa und Afrika immer enger zusammenarbeiten. Ich bin <\/span><span dir=\"ltr\" role=\"presentation\">bereit, daf\u00fcr den Grundstein zu legen.\u201c<\/span><\/span><span id=\"page17R_mcid7\" class=\"markedContent\"><\/span><span id=\"page17R_mcid8\" class=\"markedContent\"><br role=\"presentation\" \/><\/span><\/span><\/p><h3><span style=\"font-size: 14pt;\">B\u00fcrgermeister <span id=\"page17R_mcid8\" class=\"markedContent\"><span dir=\"ltr\" role=\"presentation\">Conrad Poole:\u00a0<\/span><\/span><\/span><\/h3><p><span style=\"font-size: 12pt;\"><span id=\"page17R_mcid8\" class=\"markedContent\"><span dir=\"ltr\" role=\"presentation\">Wie diese Arbeit konkret a<\/span><span dir=\"ltr\" role=\"presentation\">ussehen kann, legte der B\u00fcrgermeister der <\/span><span dir=\"ltr\" role=\"presentation\">s\u00fcdafrikanischen Stadt Drakenstein, Partnerkommune der Stadt Neumarkt, <\/span><span dir=\"ltr\" role=\"presentation\">Conrad Poole, in einem Gru\u00dfwort dar: \u201eDer Klimawandel ist f\u00fcr Neumarkt und <\/span><\/span><\/span><span style=\"font-size: 12pt;\"><span id=\"page19R_mcid0\" class=\"markedContent\"><span dir=\"ltr\" role=\"presentation\">Drakenstein eine Herausforderung, daher haben wir die Partnerschaft<\/span> <span dir=\"ltr\" role=\"presentation\">2014 <\/span><span dir=\"ltr\" role=\"presentation\">begonnen. So wurde Drakenstein die erste \u201aFair Trade City\u2018 in unserer Provinz. <\/span><span dir=\"ltr\" role=\"presentation\">Der faire Handel kann das Wohlergehen der Menschen konkret steigern. Und <\/span><span dir=\"ltr\" role=\"presentation\">so arbeiten wir auch k\u00fcnftig gemeinsam mit unseren Partnern in Neumarkt an <\/span><span dir=\"ltr\" role=\"presentation\">Ideen, die das Leben der<\/span> <span dir=\"ltr\" role=\"presentation\">Menschen in den urbanen und l\u00e4ndlichen Gegenden <\/span><span dir=\"ltr\" role=\"presentation\">in Drakenstein verbessern.\u201c\u00a0<\/span><\/span><\/span><\/p>\t\t\t\t\t\t<\/div>\n\t\t\t\t<\/div>\n\t\t\t\t<div class=\"elementor-element elementor-element-6520198 elementor-widget elementor-widget-shortcode\" data-id=\"6520198\" data-element_type=\"widget\" data-widget_type=\"shortcode.default\">\n\t\t\t\t<div class=\"elementor-widget-container\">\n\t\t\t\t\t<div class=\"elementor-shortcode\"><!-- Beginn https:\/\/www.financeads.net\/-Code --><a href=\"https:\/\/www.financeads.net\/tc.php?t=36648C38513858B\" target=\"_blank\"><center><img decoding=\"async\" src=\"https:\/\/www.financeads.net\/tb.php?t=36648V38513858B&https=1\" alt=\"\" border=\"0\" width=\"468\" height=\"60\"><\/a><!-- Ende https:\/\/www.financeads.net\/-Code --><\/div>\n\t\t\t\t<\/div>\n\t\t\t\t<\/div>\n\t\t\t\t<div class=\"elementor-element elementor-element-21c3450 elementor-widget-divider--view-line elementor-widget elementor-widget-divider\" data-id=\"21c3450\" data-element_type=\"widget\" data-widget_type=\"divider.default\">\n\t\t\t\t<div class=\"elementor-widget-container\">\n\t\t\t\t\t<div class=\"elementor-divider\">\n\t\t\t<span class=\"elementor-divider-separator\">\n\t\t\t\t\t\t<\/span>\n\t\t<\/div>\n\t\t\t\t<\/div>\n\t\t\t\t<\/div>\n\t\t\t\t<div class=\"elementor-element elementor-element-f4c690c elementor-widget elementor-widget-google_maps\" data-id=\"f4c690c\" data-element_type=\"widget\" data-widget_type=\"google_maps.default\">\n\t\t\t\t<div class=\"elementor-widget-container\">\n\t\t\t\t\t<div class=\"elementor-custom-embed\">\n\t\t\t<iframe loading=\"lazy\"\n\t\t\t\t\tsrc=\"https:\/\/maps.google.com\/maps?q=K%C3%B6nigslatz%201%2C%20Schwabach%2C%20Deutschland&#038;t=m&#038;z=18&#038;output=embed&#038;iwloc=near\"\n\t\t\t\t\ttitle=\"K\u00f6nigslatz 1, Schwabach, Deutschland\"\n\t\t\t\t\taria-label=\"K\u00f6nigslatz 1, Schwabach, Deutschland\"\n\t\t\t><\/iframe>\n\t\t<\/div>\n\t\t\t\t<\/div>\n\t\t\t\t<\/div>\n\t\t\t\t\t<\/div>\n\t\t<\/div>\n\t\t\t\t<div class=\"elementor-column elementor-col-50 elementor-top-column elementor-element elementor-element-dd4c02c\" data-id=\"dd4c02c\" data-element_type=\"column\">\n\t\t\t<div class=\"elementor-widget-wrap elementor-element-populated\">\n\t\t\t\t\t\t<div class=\"elementor-element elementor-element-afcda01 elementor-widget elementor-widget-heading\" data-id=\"afcda01\" data-element_type=\"widget\" data-widget_type=\"heading.default\">\n\t\t\t\t<div class=\"elementor-widget-container\">\n\t\t\t<h3 class=\"elementor-heading-title elementor-size-default\">Schnell vergleichen und sparen!<\/h3>\t\t<\/div>\n\t\t\t\t<\/div>\n\t\t\t\t<div class=\"elementor-element elementor-element-4a29827 elementor-widget elementor-widget-wp-widget-advads_ad_widget\" data-id=\"4a29827\" data-element_type=\"widget\" data-widget_type=\"wp-widget-advads_ad_widget.default\">\n\t\t\t\t<div class=\"elementor-widget-container\">\n\t\t\t<div id=\"regio-3188199252\"><div class=\"regio-adlabel\">Werbung<\/div><!-- Beginn https:\/\/www.financeads.net\/-Code --><a href=\"https:\/\/www.financeads.net\/tc.php?t=36648C236142529B\" target=\"_blank\"><img fetchpriority=\"high\" decoding=\"async\" src=\"https:\/\/www.financeads.net\/tb.php?t=36648V236142529B&https=1\" alt=\"\" border=\"0\" width=\"300\" height=\"250\"><\/a><!-- Ende https:\/\/www.financeads.net\/-Code --><\/div>\t\t<\/div>\n\t\t\t\t<\/div>\n\t\t\t\t<div class=\"elementor-element elementor-element-1017dfe elementor-widget elementor-widget-wp-widget-advads_ad_widget\" data-id=\"1017dfe\" data-element_type=\"widget\" data-widget_type=\"wp-widget-advads_ad_widget.default\">\n\t\t\t\t<div class=\"elementor-widget-container\">\n\t\t\t<div id=\"regio-1273517965\"><div class=\"regio-adlabel\">Werbung<\/div><!-- Beginn https:\/\/www.financeads.net\/-Code --><a href=\"https:\/\/www.financeads.net\/tc.php?t=36648C42614510B\" target=\"_blank\"><img decoding=\"async\" src=\"https:\/\/www.financeads.net\/tb.php?t=36648V42614510B&https=1\" alt=\"\" border=\"0\" width=\"200\" height=\"300\"><\/a><!-- Ende https:\/\/www.financeads.net\/-Code --><\/div>\t\t<\/div>\n\t\t\t\t<\/div>\n\t\t\t\t<div class=\"elementor-element elementor-element-fd0ad79 elementor-widget elementor-widget-wp-widget-advads_ad_widget\" data-id=\"fd0ad79\" data-element_type=\"widget\" data-widget_type=\"wp-widget-advads_ad_widget.default\">\n\t\t\t\t<div class=\"elementor-widget-container\">\n\t\t\t<div id=\"regio-706920062\"><div class=\"regio-adlabel\">Werbung<\/div><!-- Beginn https:\/\/www.financeads.net\/-Code --><a href=\"https:\/\/www.financeads.net\/tc.php?t=36648C205040072B\" target=\"_blank\"><img loading=\"lazy\" decoding=\"async\" src=\"https:\/\/www.financeads.net\/tb.php?t=36648V205040072B&https=1\" alt=\"\" border=\"0\" width=\"300\" height=\"250\"><\/a><!-- Ende https:\/\/www.financeads.net\/-Code --><\/div>\t\t<\/div>\n\t\t\t\t<\/div>\n\t\t\t\t<div class=\"elementor-element elementor-element-4484a81 elementor-widget elementor-widget-wp-widget-advads_ad_widget\" data-id=\"4484a81\" data-element_type=\"widget\" data-widget_type=\"wp-widget-advads_ad_widget.default\">\n\t\t\t\t<div class=\"elementor-widget-container\">\n\t\t\t<div id=\"regio-3369859053\"><div class=\"regio-adlabel\">Werbung<\/div><!-- Beginn https:\/\/www.financeads.net\/-Code --><a href=\"https:\/\/www.financeads.net\/tc.php?t=36648C271460142B\" target=\"_blank\"><img loading=\"lazy\" decoding=\"async\" src=\"https:\/\/www.financeads.net\/tb.php?t=36648V271460142B&https=1\" alt=\"PETPROTECT_Hund&Katze_Banner\" border=\"0\" width=\"250\" height=\"250\"><\/a><!-- Ende https:\/\/www.financeads.net\/-Code --><\/div>\t\t<\/div>\n\t\t\t\t<\/div>\n\t\t\t\t\t<\/div>\n\t\t<\/div>\n\t\t\t\t\t<\/div>\n\t\t<\/section>\n\t\t\t\t<\/div>\n\t\t","protected":false},"excerpt":{"rendered":"<div class=\"mh-excerpt\"><p>Europ\u00e4ische Metropolregion N\u00fcrnberg erweitert Partnerschaften mit AfrikaInitiativkreis Kommunale Entwicklungszusammenarbeit Afrika gegr\u00fcndet Schwabach &#8211; Die Europ\u00e4ische Metropolregion N\u00fcrnberg m\u00f6chte die Partnerschaften zu Kommunen und Organisationen in Afrika verst\u00e4rken und b\u00fcndeln. Zu diesem Zweck wurde der \u201eInitiativkreis <a class=\"mh-excerpt-more\" href=\"https:\/\/www.region-schwabach.de\/wordpress\/metropolregion-nurnberg-baut-beziehungen-zu-afrika-aus-initiativkreis-kommunale-entwicklungszusammenarbeit-afrika-gegrundet\/\" title=\"Metropolregion N\u00fcrnberg baut Beziehungen zu Afrika aus: Initiativkreis Kommunale Entwicklungszusammenarbeit Afrika gegr\u00fcndet\">[&#8230;]<\/a><\/p>\n<\/div>","protected":false},"author":1,"featured_media":176582,"comment_status":"open","ping_status":"open","sticky":false,"template":"","format":"standard","meta":{"_cbd_carousel_blocks":"[]","footnotes":""},"categories":[16,79,61],"tags":[19705,19702,3604,19704,19703,19306,522,7720,5269,12385,1480,19,3151],"class_list":{"0":"post-176581","1":"post","2":"type-post","3":"status-publish","4":"format-standard","5":"has-post-thumbnail","7":"category-aktuell","8":"category-politik","9":"category-rathaus","10":"tag-initiativkreis-kommunale-entwicklungszusammenarbeit-afrika","11":"tag-afrika","12":"tag-buergerhaus","13":"tag-entwicklungszusammenarbeit","14":"tag-initiativkreis","15":"tag-juli-2022","16":"tag-koenigsplatz","17":"tag-metropolregion-nuernberg","18":"tag-oberbuergermeister","19":"tag-peter-reiss","20":"tag-rathaus","21":"tag-schwabach","22":"tag-stadt-schwabach"},"_links":{"self":[{"href":"https:\/\/www.region-schwabach.de\/wordpress\/wp-json\/wp\/v2\/posts\/176581","targetHints":{"allow":["GET"]}}],"collection":[{"href":"https:\/\/www.region-schwabach.de\/wordpress\/wp-json\/wp\/v2\/posts"}],"about":[{"href":"https:\/\/www.region-schwabach.de\/wordpress\/wp-json\/wp\/v2\/types\/post"}],"author":[{"embeddable":true,"href":"https:\/\/www.region-schwabach.de\/wordpress\/wp-json\/wp\/v2\/users\/1"}],"replies":[{"embeddable":true,"href":"https:\/\/www.region-schwabach.de\/wordpress\/wp-json\/wp\/v2\/comments?post=176581"}],"version-history":[{"count":0,"href":"https:\/\/www.region-schwabach.de\/wordpress\/wp-json\/wp\/v2\/posts\/176581\/revisions"}],"wp:featuredmedia":[{"embeddable":true,"href":"https:\/\/www.region-schwabach.de\/wordpress\/wp-json\/wp\/v2\/media\/176582"}],"wp:attachment":[{"href":"https:\/\/www.region-schwabach.de\/wordpress\/wp-json\/wp\/v2\/media?parent=176581"}],"wp:term":[{"taxonomy":"category","embeddable":true,"href":"https:\/\/www.region-schwabach.de\/wordpress\/wp-json\/wp\/v2\/categories?post=176581"},{"taxonomy":"post_tag","embeddable":true,"href":"https:\/\/www.region-schwabach.de\/wordpress\/wp-json\/wp\/v2\/tags?post=176581"}],"curies":[{"name":"wp","href":"https:\/\/api.w.org\/{rel}","templated":true}]}}