{"id":176592,"date":"2022-07-14T01:15:00","date_gmt":"2022-07-13T23:15:00","guid":{"rendered":"https:\/\/www.region-schwabach.de\/wordpress\/?p=176592"},"modified":"2022-07-13T20:14:50","modified_gmt":"2022-07-13T18:14:50","slug":"oberburgermeister-peter-reiss-legt-symbolisch-den-grundstein-fur-den-bau-des-hallenbads","status":"publish","type":"post","link":"https:\/\/www.region-schwabach.de\/wordpress\/oberburgermeister-peter-reiss-legt-symbolisch-den-grundstein-fur-den-bau-des-hallenbads\/","title":{"rendered":"Oberb\u00fcrgermeister Peter Rei\u00df legt symbolisch den Grundstein f\u00fcr den Bau des Hallenbads"},"content":{"rendered":"\t\t<div data-elementor-type=\"wp-post\" data-elementor-id=\"176592\" class=\"elementor elementor-176592\">\n\t\t\t\t\t\t<section class=\"elementor-section elementor-top-section elementor-element elementor-element-678181b elementor-section-boxed elementor-section-height-default elementor-section-height-default\" data-id=\"678181b\" data-element_type=\"section\">\n\t\t\t\t\t\t<div class=\"elementor-container elementor-column-gap-default\">\n\t\t\t\t\t<div class=\"elementor-column elementor-col-50 elementor-top-column elementor-element elementor-element-6b34026\" data-id=\"6b34026\" data-element_type=\"column\">\n\t\t\t<div class=\"elementor-widget-wrap elementor-element-populated\">\n\t\t\t\t\t\t<div class=\"elementor-element elementor-element-2e31143 elementor-widget elementor-widget-wp-widget-advads_ad_widget\" data-id=\"2e31143\" data-element_type=\"widget\" data-widget_type=\"wp-widget-advads_ad_widget.default\">\n\t\t\t\t<div class=\"elementor-widget-container\">\n\t\t\t<div id=\"regio-768690820\"><div class=\"regio-adlabel\">Werbung<\/div><center><a href=\"https:\/\/a.partner-versicherung.de\/click.php?partner_id=19992&ad_id=1578&deep=kreditkarten\"  target=\"_blank\"><img decoding=\"async\" src=\"https:\/\/a.partner-versicherung.de\/view.php?partner_id=19992&ad_id=1578\" ><\/a><\/center><\/div>\t\t<\/div>\n\t\t\t\t<\/div>\n\t\t\t\t<div class=\"elementor-element elementor-element-443ab98 elementor-widget elementor-widget-text-editor\" data-id=\"443ab98\" data-element_type=\"widget\" data-widget_type=\"text-editor.default\">\n\t\t\t\t<div class=\"elementor-widget-container\">\n\t\t\t\t\t\t\t<h3>Grundstein f\u00fcr Schwabacher Hallenbad symbolisch gelegt\u00a0<\/h3><p><span style=\"font-size: 12pt;\">Schwabach &#8211;\u00a0Im Mai 2022 legten die ersten Bagger los. Das neue Schwabacher Hallenbad als Dreifach\u00fcbungsst\u00e4tte entsteht derzeit auf dem Gel\u00e4nde des Parkbads.<\/span><\/p><p><span style=\"font-size: 12pt;\">Gebaut wird ein energieeffizientes Hallenbad als Dreifach\u00fcbungsst\u00e4tte auf dem Gel\u00e4nde des Schwabacher Parkbads. Insgesamt wird es drei Becken geben, ein 25 x 12,5 m Schwimmerbecken, ein separates Lehrschwimmbecken (8 x 16,66 m) und einen Kleinkindbereich.\u00a0<\/span><\/p><h3>F\u00fcr Schul- und Vereinssport<\/h3><p><span style=\"font-size: 12pt;\">Das Neubauprojekt soll vor allem f\u00fcr den Schul- und Vereinssport zur Verf\u00fcgung stehen und das veraltete Hallenbad, das an einem anderen Standort steht, ersetzen. Planung und Umsetzung liegen in der Zust\u00e4ndigkeit der stadteigenen Stadtb\u00e4der Schwabach GmbH.<\/span><\/p><p><span style=\"font-size: 12pt;\">Die Gesamtkosten betragen 15,3 Millionen Euro (netto).\u00a0<\/span><\/p><h3>F\u00f6rderungen<\/h3><p><span style=\"font-size: 12pt;\">Von staatlicher Seite wird das Projekt finanziell durch den Freistaat Bayern, durch den Bund (Projekttr\u00e4ger J\u00fclich) aus dem F\u00f6rderprogramm \u201eSanierung kommunaler Einrichtungen in den Bereichen Sport, Jugend und Kultur\u201c und durch die Stadt Schwabach gef\u00f6rdert.<\/span><\/p><p><span style=\"font-size: 12pt;\">Die ersten Ausschreibungen f\u00fcr die Planungen wurden bereits im Herbst 2019 europaweit ver\u00f6ffentlicht. \u201eNach den Monaten der Vorarbeit freuen wir uns, dass der Bau nun begonnen hat. Die ersten Maschinen arbeiten seit Mai an dieser Baustelle, parallel zum \u00f6ffentlichen Parkbad-Betrieb, so haben alle Interessierten auch die M\u00f6glichkeit die Entstehung \u00fcber die n\u00e4chsten Jahre direkt mitzuverfolgen. An dieser Stelle gilt unser herzlicher Dank allen F\u00f6rdergebern und Gremien, die den Bau unterst\u00fctzen und dem Projektteam, die f\u00fcr die Umsetzung verantwortlich zeichnen\u201c, so Stadtb\u00e4der-Gesch\u00e4ftsf\u00fchrer Winfried Klinger.<\/span><\/p><h3>Oberb\u00fcrgermeister Peter Rei\u00df:\u00a0<\/h3><p><span style=\"font-size: 12pt;\">\u201eF\u00fcr unseren Schulstandort und die hiesige Sportlandschaft hat der Neubau eine enorme Bedeutung, wir freuen uns auf das neue Hallenbad!\u201c, so Oberb\u00fcrgermeister Peter Rei\u00df.\u00a0<\/span><\/p>\t\t\t\t\t\t<\/div>\n\t\t\t\t<\/div>\n\t\t\t\t<div class=\"elementor-element elementor-element-6520198 elementor-widget elementor-widget-shortcode\" data-id=\"6520198\" data-element_type=\"widget\" data-widget_type=\"shortcode.default\">\n\t\t\t\t<div class=\"elementor-widget-container\">\n\t\t\t\t\t<div class=\"elementor-shortcode\"><!-- Beginn https:\/\/www.financeads.net\/-Code --><a href=\"https:\/\/www.financeads.net\/tc.php?t=36648C38513858B\" target=\"_blank\"><center><img decoding=\"async\" src=\"https:\/\/www.financeads.net\/tb.php?t=36648V38513858B&https=1\" alt=\"\" border=\"0\" width=\"468\" height=\"60\"><\/a><!-- Ende https:\/\/www.financeads.net\/-Code --><\/div>\n\t\t\t\t<\/div>\n\t\t\t\t<\/div>\n\t\t\t\t<div class=\"elementor-element elementor-element-21c3450 elementor-widget-divider--view-line elementor-widget elementor-widget-divider\" data-id=\"21c3450\" data-element_type=\"widget\" data-widget_type=\"divider.default\">\n\t\t\t\t<div class=\"elementor-widget-container\">\n\t\t\t\t\t<div class=\"elementor-divider\">\n\t\t\t<span class=\"elementor-divider-separator\">\n\t\t\t\t\t\t<\/span>\n\t\t<\/div>\n\t\t\t\t<\/div>\n\t\t\t\t<\/div>\n\t\t\t\t<div class=\"elementor-element elementor-element-f4c690c elementor-widget elementor-widget-google_maps\" data-id=\"f4c690c\" data-element_type=\"widget\" data-widget_type=\"google_maps.default\">\n\t\t\t\t<div class=\"elementor-widget-container\">\n\t\t\t\t\t<div class=\"elementor-custom-embed\">\n\t\t\t<iframe loading=\"lazy\"\n\t\t\t\t\tsrc=\"https:\/\/maps.google.com\/maps?q=Angerstra%C3%9Fe%2010%2C%20Schwabach%2C%20Deutschland&#038;t=m&#038;z=18&#038;output=embed&#038;iwloc=near\"\n\t\t\t\t\ttitle=\"Angerstra\u00dfe 10, Schwabach, Deutschland\"\n\t\t\t\t\taria-label=\"Angerstra\u00dfe 10, Schwabach, Deutschland\"\n\t\t\t><\/iframe>\n\t\t<\/div>\n\t\t\t\t<\/div>\n\t\t\t\t<\/div>\n\t\t\t\t\t<\/div>\n\t\t<\/div>\n\t\t\t\t<div class=\"elementor-column elementor-col-50 elementor-top-column elementor-element elementor-element-dd4c02c\" data-id=\"dd4c02c\" data-element_type=\"column\">\n\t\t\t<div class=\"elementor-widget-wrap elementor-element-populated\">\n\t\t\t\t\t\t<div class=\"elementor-element elementor-element-afcda01 elementor-widget elementor-widget-heading\" data-id=\"afcda01\" data-element_type=\"widget\" data-widget_type=\"heading.default\">\n\t\t\t\t<div class=\"elementor-widget-container\">\n\t\t\t<h3 class=\"elementor-heading-title elementor-size-default\">Schnell vergleichen und sparen!<\/h3>\t\t<\/div>\n\t\t\t\t<\/div>\n\t\t\t\t<div class=\"elementor-element elementor-element-4a29827 elementor-widget elementor-widget-wp-widget-advads_ad_widget\" data-id=\"4a29827\" data-element_type=\"widget\" data-widget_type=\"wp-widget-advads_ad_widget.default\">\n\t\t\t\t<div class=\"elementor-widget-container\">\n\t\t\t<div id=\"regio-3101771425\"><div class=\"regio-adlabel\">Werbung<\/div><!-- Beginn https:\/\/www.financeads.net\/-Code --><a href=\"https:\/\/www.financeads.net\/tc.php?t=36648C236142529B\" target=\"_blank\"><img fetchpriority=\"high\" decoding=\"async\" src=\"https:\/\/www.financeads.net\/tb.php?t=36648V236142529B&https=1\" alt=\"\" border=\"0\" width=\"300\" height=\"250\"><\/a><!-- Ende https:\/\/www.financeads.net\/-Code --><\/div>\t\t<\/div>\n\t\t\t\t<\/div>\n\t\t\t\t<div class=\"elementor-element elementor-element-1017dfe elementor-widget elementor-widget-wp-widget-advads_ad_widget\" data-id=\"1017dfe\" data-element_type=\"widget\" data-widget_type=\"wp-widget-advads_ad_widget.default\">\n\t\t\t\t<div class=\"elementor-widget-container\">\n\t\t\t<div id=\"regio-1312451217\"><div class=\"regio-adlabel\">Werbung<\/div><!-- Beginn https:\/\/www.financeads.net\/-Code --><a href=\"https:\/\/www.financeads.net\/tc.php?t=36648C42614510B\" target=\"_blank\"><img decoding=\"async\" src=\"https:\/\/www.financeads.net\/tb.php?t=36648V42614510B&https=1\" alt=\"\" border=\"0\" width=\"200\" height=\"300\"><\/a><!-- Ende https:\/\/www.financeads.net\/-Code --><\/div>\t\t<\/div>\n\t\t\t\t<\/div>\n\t\t\t\t<div class=\"elementor-element elementor-element-fd0ad79 elementor-widget elementor-widget-wp-widget-advads_ad_widget\" data-id=\"fd0ad79\" data-element_type=\"widget\" data-widget_type=\"wp-widget-advads_ad_widget.default\">\n\t\t\t\t<div class=\"elementor-widget-container\">\n\t\t\t<div id=\"regio-2430813392\"><div class=\"regio-adlabel\">Werbung<\/div><!-- Beginn https:\/\/www.financeads.net\/-Code --><a href=\"https:\/\/www.financeads.net\/tc.php?t=36648C205040072B\" target=\"_blank\"><img loading=\"lazy\" decoding=\"async\" src=\"https:\/\/www.financeads.net\/tb.php?t=36648V205040072B&https=1\" alt=\"\" border=\"0\" width=\"300\" height=\"250\"><\/a><!-- Ende https:\/\/www.financeads.net\/-Code --><\/div>\t\t<\/div>\n\t\t\t\t<\/div>\n\t\t\t\t<div class=\"elementor-element elementor-element-4484a81 elementor-widget elementor-widget-wp-widget-advads_ad_widget\" data-id=\"4484a81\" data-element_type=\"widget\" data-widget_type=\"wp-widget-advads_ad_widget.default\">\n\t\t\t\t<div class=\"elementor-widget-container\">\n\t\t\t<div id=\"regio-768840134\"><div class=\"regio-adlabel\">Werbung<\/div><!-- Beginn https:\/\/www.financeads.net\/-Code --><a href=\"https:\/\/www.financeads.net\/tc.php?t=36648C271460142B\" target=\"_blank\"><img loading=\"lazy\" decoding=\"async\" src=\"https:\/\/www.financeads.net\/tb.php?t=36648V271460142B&https=1\" alt=\"PETPROTECT_Hund&Katze_Banner\" border=\"0\" width=\"250\" height=\"250\"><\/a><!-- Ende https:\/\/www.financeads.net\/-Code --><\/div>\t\t<\/div>\n\t\t\t\t<\/div>\n\t\t\t\t\t<\/div>\n\t\t<\/div>\n\t\t\t\t\t<\/div>\n\t\t<\/section>\n\t\t\t\t<\/div>\n\t\t","protected":false},"excerpt":{"rendered":"<div class=\"mh-excerpt\"><p>Grundstein f\u00fcr Schwabacher Hallenbad symbolisch gelegt\u00a0 Schwabach &#8211;\u00a0Im Mai 2022 legten die ersten Bagger los. Das neue Schwabacher Hallenbad als Dreifach\u00fcbungsst\u00e4tte entsteht derzeit auf dem Gel\u00e4nde des Parkbads. Gebaut wird ein energieeffizientes Hallenbad als Dreifach\u00fcbungsst\u00e4tte <a class=\"mh-excerpt-more\" href=\"https:\/\/www.region-schwabach.de\/wordpress\/oberburgermeister-peter-reiss-legt-symbolisch-den-grundstein-fur-den-bau-des-hallenbads\/\" title=\"Oberb\u00fcrgermeister Peter Rei\u00df legt symbolisch den Grundstein f\u00fcr den Bau des Hallenbads\">[&#8230;]<\/a><\/p>\n<\/div>","protected":false},"author":1,"featured_media":176593,"comment_status":"open","ping_status":"open","sticky":false,"template":"","format":"standard","meta":{"_cbd_carousel_blocks":"[]","footnotes":""},"categories":[16,79,61],"tags":[941,19707,19706,794,19306,522,19708,5269,2546,12385,1480,19709,19,3151],"class_list":{"0":"post-176592","1":"post","2":"type-post","3":"status-publish","4":"format-standard","5":"has-post-thumbnail","7":"category-aktuell","8":"category-politik","9":"category-rathaus","10":"tag-angerstrasse","11":"tag-dreifachuebungsstaette","12":"tag-grundsteinlegung","13":"tag-hallenbad","14":"tag-juli-2022","15":"tag-koenigsplatz","16":"tag-neubauprojekt","17":"tag-oberbuergermeister","18":"tag-parkbad","19":"tag-peter-reiss","20":"tag-rathaus","21":"tag-schul-und-vereinssport","22":"tag-schwabach","23":"tag-stadt-schwabach"},"_links":{"self":[{"href":"https:\/\/www.region-schwabach.de\/wordpress\/wp-json\/wp\/v2\/posts\/176592","targetHints":{"allow":["GET"]}}],"collection":[{"href":"https:\/\/www.region-schwabach.de\/wordpress\/wp-json\/wp\/v2\/posts"}],"about":[{"href":"https:\/\/www.region-schwabach.de\/wordpress\/wp-json\/wp\/v2\/types\/post"}],"author":[{"embeddable":true,"href":"https:\/\/www.region-schwabach.de\/wordpress\/wp-json\/wp\/v2\/users\/1"}],"replies":[{"embeddable":true,"href":"https:\/\/www.region-schwabach.de\/wordpress\/wp-json\/wp\/v2\/comments?post=176592"}],"version-history":[{"count":0,"href":"https:\/\/www.region-schwabach.de\/wordpress\/wp-json\/wp\/v2\/posts\/176592\/revisions"}],"wp:featuredmedia":[{"embeddable":true,"href":"https:\/\/www.region-schwabach.de\/wordpress\/wp-json\/wp\/v2\/media\/176593"}],"wp:attachment":[{"href":"https:\/\/www.region-schwabach.de\/wordpress\/wp-json\/wp\/v2\/media?parent=176592"}],"wp:term":[{"taxonomy":"category","embeddable":true,"href":"https:\/\/www.region-schwabach.de\/wordpress\/wp-json\/wp\/v2\/categories?post=176592"},{"taxonomy":"post_tag","embeddable":true,"href":"https:\/\/www.region-schwabach.de\/wordpress\/wp-json\/wp\/v2\/tags?post=176592"}],"curies":[{"name":"wp","href":"https:\/\/api.w.org\/{rel}","templated":true}]}}