{"id":177039,"date":"2022-08-18T01:00:00","date_gmt":"2022-08-17T23:00:00","guid":{"rendered":"https:\/\/www.region-schwabach.de\/wordpress\/?p=177039"},"modified":"2022-08-25T20:44:53","modified_gmt":"2022-08-25T18:44:53","slug":"sommernachtsfilmfestival-im-innenhof-des-alten-dg-vom-21-bis-27-august-2022-vorverkauf-gestartet","status":"publish","type":"post","link":"https:\/\/www.region-schwabach.de\/wordpress\/sommernachtsfilmfestival-im-innenhof-des-alten-dg-vom-21-bis-27-august-2022-vorverkauf-gestartet\/","title":{"rendered":"Sommernachtsfilmfestival im Innenhof des Alten DG vom 21. bis 27. August 2022 &#8211; Vorverkauf gestartet"},"content":{"rendered":"\t\t<div data-elementor-type=\"wp-post\" data-elementor-id=\"177039\" class=\"elementor elementor-177039\">\n\t\t\t\t\t\t<section class=\"elementor-section elementor-top-section elementor-element elementor-element-678181b elementor-section-boxed elementor-section-height-default elementor-section-height-default\" data-id=\"678181b\" data-element_type=\"section\">\n\t\t\t\t\t\t<div class=\"elementor-container elementor-column-gap-default\">\n\t\t\t\t\t<div class=\"elementor-column elementor-col-66 elementor-top-column elementor-element elementor-element-6b34026\" data-id=\"6b34026\" data-element_type=\"column\">\n\t\t\t<div class=\"elementor-widget-wrap elementor-element-populated\">\n\t\t\t\t\t\t<div class=\"elementor-element elementor-element-8c2b086 elementor-widget elementor-widget-wp-widget-advads_ad_widget\" data-id=\"8c2b086\" data-element_type=\"widget\" data-widget_type=\"wp-widget-advads_ad_widget.default\">\n\t\t\t\t<div class=\"elementor-widget-container\">\n\t\t\t<div id=\"regio-2246194318\"><div class=\"regio-adlabel\">Werbung<\/div><center><a href=\"https:\/\/a.partner-versicherung.de\/click.php?partner_id=19992&ad_id=1578&deep=kreditkarten\"  target=\"_blank\"><img decoding=\"async\" src=\"https:\/\/a.partner-versicherung.de\/view.php?partner_id=19992&ad_id=1578\" ><\/a><\/center><\/div>\t\t<\/div>\n\t\t\t\t<\/div>\n\t\t\t\t<div class=\"elementor-element elementor-element-443ab98 elementor-widget elementor-widget-text-editor\" data-id=\"443ab98\" data-element_type=\"widget\" data-widget_type=\"text-editor.default\">\n\t\t\t\t<div class=\"elementor-widget-container\">\n\t\t\t\t\t\t\t<h3>Sommernachtsfilmfestival im Alten DG:<br \/>Sieben Kino-N\u00e4chte unter freiem Himmel<\/h3><p><span style=\"font-size: 12pt;\">Schwabach &#8211; <span id=\"page64R_mcid15\" class=\"markedContent\"><span dir=\"ltr\" role=\"presentation\">Das Mobile Kino stellt auch dieses Jahr wieder die gro\u00dfe Leinwand im <\/span><span dir=\"ltr\" role=\"presentation\">Innenhof des Altes DG auf. Fans des Freiluftkinos d\u00fcrfen sich \u00fcber sieben <\/span><span dir=\"ltr\" role=\"presentation\">wunderbare und sehr unterschiedliche Filme freuen. Die Vorstellungen beginnen <\/span><span dir=\"ltr\" role=\"presentation\">jeden Abend um 20.30 Uhr (Einlass 19.30 Uhr). <\/span><\/span><\/span><\/p><p><span style=\"font-size: 12pt;\"><span id=\"page64R_mcid15\" class=\"markedContent\"><span dir=\"ltr\" role=\"presentation\">F\u00fcr Getr\u00e4nke und kleine <\/span><span dir=\"ltr\" role=\"presentation\">Snacks ist gesorgt. Der Vorverkauf hat bereits begonnen und Karten f\u00fcr alle <\/span><span dir=\"ltr\" role=\"presentation\">Filme gibt es auf<\/span><\/span><span id=\"page64R_mcid16\" class=\"markedContent\"> <span dir=\"ltr\" role=\"presentation\">www.sommernachtfilmfestival.de<\/span><\/span><span id=\"page64R_mcid22\" class=\"markedContent\"> <span dir=\"ltr\" role=\"presentation\">und ggfs. an der <\/span><\/span><span id=\"page64R_mcid23\" class=\"markedContent\"><span dir=\"ltr\" role=\"presentation\">Abendkasse.\u00a0<\/span><\/span><\/span><\/p><h3>Und hier das Programm:\u00a0<\/h3><ul style=\"list-style-type: disc;\"><li><p><span style=\"font-size: 12pt;\"><strong>Sonntag, 21. August 2022, 20.30 Uhr:\u00a0Es ist nur eine Phase, Hase<\/strong><\/span><\/p><p><span style=\"font-size: 12pt;\">Deutschland 2021, Spielzeit 105 Minuten, FSK ab 12<\/span><br \/><span style=\"font-size: 12pt;\">Regie: Florian Gallenberger<\/span><br \/><span style=\"font-size: 12pt;\">mit <span class=\"a-size-base a-color-secondary\">\u00a0<\/span>Christoph Maria Herbst\u00a0<span class=\"a-size-base\">,\u00a0<\/span>Christiane Paul\u00a0<span class=\"a-size-base\">,\u00a0<\/span>J\u00fcrgen Vogel\u00a0<\/span><\/p><p><span id=\"page64R_mcid18\" class=\"markedContent\" style=\"font-size: 12pt;\"><span dir=\"ltr\" role=\"presentation\">Deutsche Kom\u00f6die um ein Ehepaar in den Wirren der \u201eAlterspubert\u00e4t\u201c. Wem <\/span><span dir=\"ltr\" role=\"presentation\">die Sinn- und Lebensfragen der knapp 50-j\u00e4hrigen nicht fremd sind, wird sich <\/span><span dir=\"ltr\" role=\"presentation\">wiederfinden: Was bleibt, wenn die Haare schwinden, die Kinder das Haus <\/span><span dir=\"ltr\" role=\"presentation\">verlassen und Zweisamkeit sich anders anf\u00fchlt als in jungen Jahren?\u00a0<\/span><\/span><\/p><p><span style=\"font-size: 12pt;\"><a href=\"https:\/\/www.youtube.com\/watch?v=WIsIwjzLjqw&amp;t=10s\" target=\"_blank\" rel=\"noopener\">Vorschau-Trailer zu &#8222;Es ist nur eine Phase, Hase&#8220; (hier klicken &#8230;)<\/a><\/span><\/p><\/li><li><p><span style=\"font-size: 12pt;\"><strong>Montag, 22. August 2022, 20.30 Uhr: House of Gucci\u00a0<\/strong><\/span><\/p><p><span style=\"font-size: 12pt;\">USA 2021, Spielzeit 157 Minuten, FSK ab 12<\/span><br \/><span style=\"font-size: 12pt;\">Regie: Ridley Scott\u00a0<\/span><br \/><span style=\"font-size: 12pt;\">mit Lady Gaga\u00a0<span class=\"a-size-base\">,\u00a0<\/span>Adam Driver\u00a0<span class=\"a-size-base\">,\u00a0<\/span>Jared Leto\u00a0<span class=\"a-size-base\">und\u00a0<\/span>Jeremy Irons<\/span><\/p><p><span style=\"font-size: 12pt;\">Biopic um eine der ber\u00fchmtesten Familien der Welt und ihre Abgr\u00fcnde. Als die junge Patrizia den Millionenerben Maurizio Gucci ehelicht, will sie nicht nur h\u00fcbsches Beiwerk sein: Von Anfang an macht sie keinen Hehl daraus, dass sie strategisch ins Firmenimperium eingreifen will.\u00a0<\/span><\/p><p><span style=\"font-size: 12pt;\"><a href=\"https:\/\/www.youtube.com\/watch?v=SJ8U0hi-EhY\" target=\"_blank\" rel=\"noopener\">Vorschau-Trailer zu &#8222;House of Gucci&#8220; (hier klicken &#8230;)<\/a><\/span><\/p><\/li><li><span style=\"font-size: 12pt;\"><strong>Dienstag, 23. August 2022, 20.30 Uhr: Contra<\/strong><\/span><p><span style=\"font-size: 12pt;\">Deutschland 2022, Spielzeit 104 Minuten, FSK ab 12<\/span><br \/><span style=\"font-size: 12pt;\">Regie: S\u00f6nke Wortmann<\/span><br \/><span style=\"font-size: 12pt;\">mit Nilam Farooq\u00a0<span class=\"a-size-base\">,\u00a0<\/span>Christoph Maria Herbst\u00a0<span class=\"a-size-base\">,\u00a0<\/span>Hassan Akkouch\u00a0<\/span><\/p><p><span style=\"font-size: 12pt;\">An der altehrw\u00fcrdigen Frankfurter Goethe-Universit\u00e4t sorgt Professor Pohl durch seinen latenten Alltagsrassismus immer wieder f\u00fcr Unmut. Um ihn endlich zu kurieren, wird er der jungen Jura-Studentin Naima zur Seite gestellt.\u00a0<\/span><\/p><p><span style=\"font-size: 12pt;\"><a href=\"https:\/\/www.youtube.com\/watch?v=Y3mhiTsJsmk&amp;t=3s\" target=\"_blank\" rel=\"noopener\">Vorschau-Trailer zu &#8222;Contra&#8220; (hier klicken &#8230;)<\/a><\/span><\/p><\/li><li><span style=\"font-size: 12pt;\"><span style=\"font-size: 12pt;\"><strong>\u00a0Mittwoch, 24. August 2022, 20.30 Uhr: <\/strong><\/span><strong>The French Dispatch<\/strong><\/span><p><span style=\"font-size: 12pt;\">USA 2020, Spielzeit 108 Minuten, FSK ab 12<\/span><br \/><span style=\"font-size: 12pt;\">Regie: Chlo\u00e9 Zhao<\/span><br \/><span style=\"font-size: 12pt;\">mit Frances McDormand, David Strathairn, Linda May, Charlene Swankie, Bob Wells<\/span><\/p><p><span style=\"font-size: 12pt;\">Ein typisch fulminanter Wes-Anderson-Film, der den Mikrokosmos des Magazins \u201eThe French Dispatch\u201c und seiner Mitarbeitenden in einer Collage skurriler Geschichte erbl\u00fchen l\u00e4sst: Die eines K\u00fcnstlers im Gef\u00e4ngnis und seiner Muse, die einer wilden Aff\u00e4re w\u00e4hrend der Studentenunruhen oder die der Entf\u00fchrung eines Kindes, das dank eines Sternekochs gerettet wird.<\/span><\/p><p><span style=\"font-size: 12pt;\"><a href=\"https:\/\/www.youtube.com\/watch?v=G-tNU743NIo\" target=\"_blank\" rel=\"noopener\">Vorschau-Trailer zu &#8222;The French Dispatch&#8220; (hier klicken &#8230;)\u00a0<\/a><\/span><\/p><\/li><li><span style=\"font-size: 12pt;\"><span style=\"font-size: 12pt;\"><span style=\"font-size: 12pt;\"><span style=\"font-size: 12pt;\"><strong>Donnerstag, 25. August 2022, 20.30 Uhr: Rabiye Kurnaz gegen George W. Bush<\/strong><\/span><\/span><\/span><\/span><p>\u00a0<\/p><span style=\"font-size: 12pt;\">Deutschland \/ Frankreich 2022, Spielzeit 108 Minuten, FSK ab 6<\/span><br \/><span style=\"font-size: 12pt;\">Regie: Andres Dresen <\/span><br \/><span style=\"font-size: 12pt;\"><span style=\"font-size: 12pt;\">mit Alexander Scheer<span class=\"a-size-base\">, Charly <\/span>H\u00fcbner, Nazmi Kirik<\/span><\/span><p>Eine Bremer Hausfrau f\u00e4llt aus allen Wolken, als sie erf\u00e4hrt, dass ihr Sohn Murat in Guantanamo einsitzt. Ohne Verfahren und ohne Gerichtsurteil haben die amerikanischen Beh\u00f6rden ihn nach den Anschl\u00e4gen vom 11. September als Terrorist eingestuft. Rabiye Kurnaz heuert Rechtsanwalt Bernhard an, im Gegensatz zu ihr ein eher in sich gekehrter Mensch. Zusammen gehen sie durch die Instanzen.\u00a0<\/p><p><a href=\"https:\/\/www.youtube.com\/watch?v=xfAd2ne38eA\" target=\"_blank\" rel=\"noopener\">Vorschau-Trailer zu &#8222;Rabiye Kurnaz gegen George W. Bush&#8220; (hier klicken &#8230;)<\/a><\/p>\u00a0<\/li><li><span style=\"font-size: 12pt;\"><span style=\"font-size: 12pt;\"><span style=\"font-size: 12pt;\"><span style=\"font-size: 12pt;\"><span style=\"font-size: 12pt;\"><strong>Freitag, 26. August 2022, 20.30 Uhr: Gl\u00fcck auf einer Skala von 1 bis 10<\/strong><\/span><\/span><\/span><\/span><\/span><p>\u00a0<\/p><span style=\"font-size: 12pt;\">Frankreich \/ Schweiz 2021, Spielzeit 92 Minuten, FSK ab 6\u00a0<\/span><br \/><span style=\"font-size: 12pt;\">Regie: Bernhard Campan, Alexandre Jollien\u00a0<\/span><br \/><span style=\"font-size: 12pt;\"><span style=\"font-size: 12pt;\">mit Bernard Campan<span class=\"a-size-base\">, Alexandre <\/span>Jollien<span class=\"a-size-base\">, Tiphaine <\/span>Daviot\u00a0<\/span><\/span><p><br \/><span style=\"font-size: 12pt;\">Ber\u00fchrender Film \u00fcber eine gro\u00dfe Freundschaft! Das erste Aufeinandertreffen von Igor und Louis ist schmerzhaft, Igor landet n\u00e4mlich im Stra\u00dfengraben. Bestatter Louis hat ihn versehentlich von der Stra\u00dfe gedr\u00e4ngt. Zum Gl\u00fcck ist Igor, der an den Folgen von zerebraler Kinderl\u00e4hmung leidet, nicht viel passiert, doch fortan heftet sich er sich an Louis\u2018 Fersen.\u00a0<\/span><\/p><p><a style=\"font-size: 12pt;\" href=\"https:\/\/www.youtube.com\/watch?v=GtNBNQWFiZM\" target=\"_blank\" rel=\"noopener\">Vorschau-Trailer zu &#8222;Gl\u00fcck auf einer Skala von 1 bis 10&#8220; (hier klicken &#8230;)<\/a><\/p><\/li><li><span style=\"font-size: 12pt;\"><span style=\"font-size: 12pt;\"><span style=\"font-size: 12pt;\"><span style=\"font-size: 12pt;\"><strong>Samstag, 27. August 2022, 20.30 Uhr: <\/strong><\/span><\/span><strong>Eingeschlossene Gesellschaft<\/strong><\/span><\/span><p>\u00a0<\/p><span style=\"font-size: 12pt;\">Deutschland 2022, Spielzeit 101 Minuten, FSK ab 12<\/span><p><span style=\"font-size: 12pt;\">Regie: S\u00f6nke Wortmann<\/span><br \/><span style=\"font-size: 12pt;\">mit Florian David Fitz<span class=\"a-size-base\">, Anke <\/span>Engelke<span class=\"a-size-base\">, Torben <\/span>Kessler<span class=\"a-size-base\">\u00a0<\/span><\/span><\/p><p><span style=\"font-size: 12pt;\">Prohaska will reden. Seinem Sohn fehlt n\u00e4mlich genau ein Punkt, um zum Abitur zugelassen zu werden. Und das liegt aus seiner Sicht am Lehrk\u00f6rper. Mit Waffengewalt erzwingt der erboste Vater eine Lehrerkonferenz: Die Herren und Damen sollen sich gef\u00e4lligst einigen, wer von ihnen seine Benotung revidieren wird. Doch je l\u00e4nger das Gespr\u00e4ch dauert, desto weniger geht es um den Sch\u00fcler, und desto mehr pikante Details kommen ans Licht\u2026\u00a0<\/span><\/p><p><span style=\"font-size: 12pt;\"><a href=\"https:\/\/www.youtube.com\/watch?v=9_mLLeZDYTI\" target=\"_blank\" rel=\"noopener\">Vorschau-Trailer zu &#8222;Eingeschlossene Gesellschaft&#8220; (hier klicken &#8230;)<\/a><\/span><\/p><\/li><\/ul><h3>Infos:<\/h3><p><span style=\"font-size: 12pt;\">Die Vorstellungen beginnen alle um 20:30 Uhr.\u00a0<\/span><span style=\"font-size: 12pt;\">Die Karten gibt es im Vorverkauf unter <a href=\"http:\/\/www.sommernachtfilmfestival.de\" target=\"_blank\" rel=\"noopener\">www.sommernachtfilmfestival.de<\/a> und Restkarten an der Abendkasse. Wenn der Film online ausverkauft ist, gibt es keine Abendkasse mehr. Der Eintrittspreis betr\u00e4gt 10 \u20ac (dieses Jahr ist keine Erm\u00e4\u00dfigung m\u00f6glich). Wer zusammensitzen m\u00f6chte, sollte auch gemeinsam buchen.\u00a0<\/span><\/p><h3>Getr\u00e4nkeausschank<\/h3><p><span style=\"font-size: 12pt;\">Aus Gr\u00fcnden des Umweltschutzes und der Hygienevorschriften werden dieses Jahr nur Getr\u00e4nke in geschlossenen Flaschen verkauft. Wer Wein, Bier, Wasser oder Limo aus einem Glas trinken m\u00f6chte, wird gebeten, ein eigenes Glas mitzubringen.<\/span><\/p><h3>Karten im Vorverkauf gibt es hier:<\/h3><ul style=\"list-style-type: disc;\"><li><span style=\"font-size: 12pt;\"><a title=\"Online-Kartenvorverkauf\" href=\"https:\/\/www.sommernachtfilmfestival.de\/filme\/?tx_showings_showings%5Baction%5D=show&amp;tx_showings_showings%5Bcontroller%5D=Venue&amp;tx_showings_showings%5Bvenue%5D=75&amp;cHash=0d51475efdad752af82b3691950d50c7\" target=\"_blank\" rel=\"noopener\">Im Online-Vorverkauf (hier klicken &#8230;)<\/a><\/span><\/li><li><span style=\"font-size: 12pt;\">An der Abendkasse<\/span><\/li><\/ul><h3>Weiterf\u00fchrende Links:<\/h3><p><span style=\"font-size: 12pt;\"><a href=\"https:\/\/www.youtube.com\/watch?v=WIsIwjzLjqw&amp;t=10s\" target=\"_blank\" rel=\"noopener\">Vorschau-Trailer zu &#8222;Es ist nur eine Phase, Hase&#8220; (hier klicken &#8230;)<\/a><\/span>\u00a0<\/p><p><span style=\"font-size: 12pt;\"><a href=\"https:\/\/www.youtube.com\/watch?v=SJ8U0hi-EhY\" target=\"_blank\" rel=\"noopener\">Vorschau-Trailer zu &#8222;House of Gucci&#8220; (hier klicken &#8230;)<\/a><\/span>\u00a0<\/p><p><span style=\"font-size: 12pt;\"><a href=\"https:\/\/www.youtube.com\/watch?v=Y3mhiTsJsmk&amp;t=3s\" target=\"_blank\" rel=\"noopener\">Vorschau-Trailer zu &#8222;Contra&#8220; (hier klicken &#8230;)<\/a><\/span>\u00a0<\/p><p><span style=\"font-size: 12pt;\"><a href=\"https:\/\/www.youtube.com\/watch?v=G-tNU743NIo\" target=\"_blank\" rel=\"noopener\">Vorschau-Trailer zu &#8222;The French Dispatch&#8220; (hier klicken &#8230;)\u00a0<\/a><\/span><\/p><p><span style=\"font-size: 12pt;\"><a href=\"https:\/\/www.youtube.com\/watch?v=xfAd2ne38eA\" target=\"_blank\" rel=\"noopener\">Vorschau-Trailer zu &#8222;Rabiye Kurnaz gegen George W. Bush&#8220; (hier klicken &#8230;)<\/a><\/span>\u00a0<\/p><p><a style=\"font-size: 12pt;\" href=\"https:\/\/www.youtube.com\/watch?v=GtNBNQWFiZM\" target=\"_blank\" rel=\"noopener\">Vorschau-Trailer zu &#8222;Gl\u00fcck auf einer Skala von 1 bis 10&#8220; (hier klicken &#8230;)<\/a>\u00a0<\/p><p><span style=\"font-size: 12pt;\"><a href=\"https:\/\/www.youtube.com\/watch?v=9_mLLeZDYTI\" target=\"_blank\" rel=\"noopener\">Vorschau-Trailer zu &#8222;Eingeschlossene Gesellschaft&#8220; (hier klicken &#8230;)<\/a><\/span>\u00a0<\/p><ul style=\"list-style-type: disc;\"><li>\u00a0<\/li><\/ul>\t\t\t\t\t\t<\/div>\n\t\t\t\t<\/div>\n\t\t\t\t<div class=\"elementor-element elementor-element-b61d463 elementor-widget elementor-widget-shortcode\" data-id=\"b61d463\" data-element_type=\"widget\" data-widget_type=\"shortcode.default\">\n\t\t\t\t<div class=\"elementor-widget-container\">\n\t\t\t\t\t<div class=\"elementor-shortcode\"><center><a href=\"https:\/\/a.partner-versicherung.de\/click.php?partner_id=19992&ad_id=441&deep=kfz-versicherung\"  target=\"_blank\"><img decoding=\"async\" src=\"https:\/\/a.partner-versicherung.de\/view.php?partner_id=19992&ad_id=441\" ><\/a><\/center><\/div>\n\t\t\t\t<\/div>\n\t\t\t\t<\/div>\n\t\t\t\t<div class=\"elementor-element elementor-element-0c834d7 elementor-widget-divider--view-line elementor-widget elementor-widget-divider\" data-id=\"0c834d7\" data-element_type=\"widget\" data-widget_type=\"divider.default\">\n\t\t\t\t<div class=\"elementor-widget-container\">\n\t\t\t\t\t<div class=\"elementor-divider\">\n\t\t\t<span class=\"elementor-divider-separator\">\n\t\t\t\t\t\t<\/span>\n\t\t<\/div>\n\t\t\t\t<\/div>\n\t\t\t\t<\/div>\n\t\t\t\t<div class=\"elementor-element elementor-element-325f51f elementor-widget elementor-widget-google_maps\" data-id=\"325f51f\" data-element_type=\"widget\" data-widget_type=\"google_maps.default\">\n\t\t\t\t<div class=\"elementor-widget-container\">\n\t\t\t\t\t<div class=\"elementor-custom-embed\">\n\t\t\t<iframe loading=\"lazy\"\n\t\t\t\t\tsrc=\"https:\/\/maps.google.com\/maps?q=Wittelsbacher%20Stra%C3%9Fe%201%2C%20Schwabach%2C%20Deutschland&#038;t=m&#038;z=18&#038;output=embed&#038;iwloc=near\"\n\t\t\t\t\ttitle=\"Wittelsbacher Stra\u00dfe 1, Schwabach, Deutschland\"\n\t\t\t\t\taria-label=\"Wittelsbacher Stra\u00dfe 1, Schwabach, Deutschland\"\n\t\t\t><\/iframe>\n\t\t<\/div>\n\t\t\t\t<\/div>\n\t\t\t\t<\/div>\n\t\t\t\t\t<\/div>\n\t\t<\/div>\n\t\t\t\t<div class=\"elementor-column elementor-col-33 elementor-top-column elementor-element elementor-element-f645137\" data-id=\"f645137\" data-element_type=\"column\">\n\t\t\t<div class=\"elementor-widget-wrap elementor-element-populated\">\n\t\t\t\t\t\t<div class=\"elementor-element elementor-element-78f122a elementor-widget elementor-widget-heading\" data-id=\"78f122a\" data-element_type=\"widget\" data-widget_type=\"heading.default\">\n\t\t\t\t<div class=\"elementor-widget-container\">\n\t\t\t<h3 class=\"elementor-heading-title elementor-size-default\">Schnell vergleichen und sparen!<\/h3>\t\t<\/div>\n\t\t\t\t<\/div>\n\t\t\t\t<div class=\"elementor-element elementor-element-815595f elementor-widget elementor-widget-wp-widget-advads_ad_widget\" data-id=\"815595f\" data-element_type=\"widget\" data-widget_type=\"wp-widget-advads_ad_widget.default\">\n\t\t\t\t<div class=\"elementor-widget-container\">\n\t\t\t<div id=\"regio-2076226311\"><div class=\"regio-adlabel\">Werbung<\/div><!-- Beginn https:\/\/www.financeads.net\/-Code --><a href=\"https:\/\/www.financeads.net\/tc.php?t=36648C236142529B\" target=\"_blank\"><img fetchpriority=\"high\" decoding=\"async\" src=\"https:\/\/www.financeads.net\/tb.php?t=36648V236142529B&https=1\" alt=\"\" border=\"0\" width=\"300\" height=\"250\"><\/a><!-- Ende https:\/\/www.financeads.net\/-Code --><\/div>\t\t<\/div>\n\t\t\t\t<\/div>\n\t\t\t\t<div class=\"elementor-element elementor-element-fa1c790 elementor-widget elementor-widget-wp-widget-advads_ad_widget\" data-id=\"fa1c790\" data-element_type=\"widget\" data-widget_type=\"wp-widget-advads_ad_widget.default\">\n\t\t\t\t<div class=\"elementor-widget-container\">\n\t\t\t<div id=\"regio-2859335251\"><div class=\"regio-adlabel\">Werbung<\/div><!-- Beginn https:\/\/www.financeads.net\/-Code --><a href=\"https:\/\/www.financeads.net\/tc.php?t=36648C42614510B\" target=\"_blank\"><img decoding=\"async\" src=\"https:\/\/www.financeads.net\/tb.php?t=36648V42614510B&https=1\" alt=\"\" border=\"0\" width=\"200\" height=\"300\"><\/a><!-- Ende https:\/\/www.financeads.net\/-Code --><\/div>\t\t<\/div>\n\t\t\t\t<\/div>\n\t\t\t\t<div class=\"elementor-element elementor-element-93f6842 elementor-widget elementor-widget-wp-widget-advads_ad_widget\" data-id=\"93f6842\" data-element_type=\"widget\" data-widget_type=\"wp-widget-advads_ad_widget.default\">\n\t\t\t\t<div class=\"elementor-widget-container\">\n\t\t\t<div id=\"regio-1195580298\"><div class=\"regio-adlabel\">Werbung<\/div><!-- Beginn https:\/\/www.financeads.net\/-Code --><a href=\"https:\/\/www.financeads.net\/tc.php?t=36648C205040072B\" target=\"_blank\"><img decoding=\"async\" src=\"https:\/\/www.financeads.net\/tb.php?t=36648V205040072B&https=1\" alt=\"\" border=\"0\" width=\"300\" height=\"250\"><\/a><!-- Ende https:\/\/www.financeads.net\/-Code --><\/div>\t\t<\/div>\n\t\t\t\t<\/div>\n\t\t\t\t<div class=\"elementor-element elementor-element-3baf264 elementor-widget elementor-widget-wp-widget-advads_ad_widget\" data-id=\"3baf264\" data-element_type=\"widget\" data-widget_type=\"wp-widget-advads_ad_widget.default\">\n\t\t\t\t<div class=\"elementor-widget-container\">\n\t\t\t<div id=\"regio-586729850\"><div class=\"regio-adlabel\">Werbung<\/div><!-- Beginn https:\/\/www.financeads.net\/-Code --><a href=\"https:\/\/www.financeads.net\/tc.php?t=36648C271460142B\" target=\"_blank\"><img loading=\"lazy\" decoding=\"async\" src=\"https:\/\/www.financeads.net\/tb.php?t=36648V271460142B&https=1\" alt=\"PETPROTECT_Hund&Katze_Banner\" border=\"0\" width=\"250\" height=\"250\"><\/a><!-- Ende https:\/\/www.financeads.net\/-Code --><\/div>\t\t<\/div>\n\t\t\t\t<\/div>\n\t\t\t\t\t<\/div>\n\t\t<\/div>\n\t\t\t\t\t<\/div>\n\t\t<\/section>\n\t\t\t\t<\/div>\n\t\t","protected":false},"excerpt":{"rendered":"<div class=\"mh-excerpt\"><p>Sommernachtsfilmfestival im Alten DG:Sieben Kino-N\u00e4chte unter freiem Himmel Schwabach &#8211; Das Mobile Kino stellt auch dieses Jahr wieder die gro\u00dfe Leinwand im Innenhof des Altes DG auf. Fans des Freiluftkinos d\u00fcrfen sich \u00fcber sieben wunderbare <a class=\"mh-excerpt-more\" href=\"https:\/\/www.region-schwabach.de\/wordpress\/sommernachtsfilmfestival-im-innenhof-des-alten-dg-vom-21-bis-27-august-2022-vorverkauf-gestartet\/\" title=\"Sommernachtsfilmfestival im Innenhof des Alten DG vom 21. bis 27. August 2022 &#8211; Vorverkauf gestartet\">[&#8230;]<\/a><\/p>\n<\/div>","protected":false},"author":1,"featured_media":177040,"comment_status":"open","ping_status":"open","sticky":false,"template":"","format":"standard","meta":{"_cbd_carousel_blocks":"[]","footnotes":""},"categories":[16,1,287,231],"tags":[16636,16637,16634,16635,16630,16626,16631,16627,16632,16628,16633,16629,5332,5333,5331,5330,1480,19,5329,3012,3151,2678],"class_list":{"0":"post-177039","1":"post","2":"type-post","3":"status-publish","4":"format-standard","5":"has-post-thumbnail","7":"category-aktuell","8":"category-allgemein","9":"category-jugend-und-familie","10":"category-veranstaltungsnews","11":"tag-ich-bin-dein-mensch","12":"tag-nomadland","13":"tag-rosas-hochzeit","14":"tag-weissbier-im-blut","15":"tag-25-august-2021","16":"tag-25-08-2021","17":"tag-26-august-2021","18":"tag-26-08-2021","19":"tag-27-august-2021","20":"tag-27-08-2021","21":"tag-28-august-2021","22":"tag-28-08-2021","23":"tag-hof","24":"tag-hof-des-alten-dg","25":"tag-leinwnd","26":"tag-mobiles-kino","27":"tag-rathaus","28":"tag-schwabach","29":"tag-sommernachtfilmfestival","30":"tag-stadt","31":"tag-stadt-schwabach","32":"tag-wittelsbacherstrasse"},"_links":{"self":[{"href":"https:\/\/www.region-schwabach.de\/wordpress\/wp-json\/wp\/v2\/posts\/177039","targetHints":{"allow":["GET"]}}],"collection":[{"href":"https:\/\/www.region-schwabach.de\/wordpress\/wp-json\/wp\/v2\/posts"}],"about":[{"href":"https:\/\/www.region-schwabach.de\/wordpress\/wp-json\/wp\/v2\/types\/post"}],"author":[{"embeddable":true,"href":"https:\/\/www.region-schwabach.de\/wordpress\/wp-json\/wp\/v2\/users\/1"}],"replies":[{"embeddable":true,"href":"https:\/\/www.region-schwabach.de\/wordpress\/wp-json\/wp\/v2\/comments?post=177039"}],"version-history":[{"count":0,"href":"https:\/\/www.region-schwabach.de\/wordpress\/wp-json\/wp\/v2\/posts\/177039\/revisions"}],"wp:featuredmedia":[{"embeddable":true,"href":"https:\/\/www.region-schwabach.de\/wordpress\/wp-json\/wp\/v2\/media\/177040"}],"wp:attachment":[{"href":"https:\/\/www.region-schwabach.de\/wordpress\/wp-json\/wp\/v2\/media?parent=177039"}],"wp:term":[{"taxonomy":"category","embeddable":true,"href":"https:\/\/www.region-schwabach.de\/wordpress\/wp-json\/wp\/v2\/categories?post=177039"},{"taxonomy":"post_tag","embeddable":true,"href":"https:\/\/www.region-schwabach.de\/wordpress\/wp-json\/wp\/v2\/tags?post=177039"}],"curies":[{"name":"wp","href":"https:\/\/api.w.org\/{rel}","templated":true}]}}