{"id":177265,"date":"2022-07-23T01:00:00","date_gmt":"2022-07-22T23:00:00","guid":{"rendered":"https:\/\/www.region-schwabach.de\/wordpress\/?p=177265"},"modified":"2022-07-23T05:07:12","modified_gmt":"2022-07-23T03:07:12","slug":"stadtradeln-siegerehrung-am-burgerfest-am-samstag-den-23-juli-2022-durch-ob-peter-reiss","status":"publish","type":"post","link":"https:\/\/www.region-schwabach.de\/wordpress\/stadtradeln-siegerehrung-am-burgerfest-am-samstag-den-23-juli-2022-durch-ob-peter-reiss\/","title":{"rendered":"Stadtradeln-Siegerehrung am B\u00fcrgerfest, am Samstag, den 23. Juli 2022, durch OB Peter Rei\u00df"},"content":{"rendered":"\t\t<div data-elementor-type=\"wp-post\" data-elementor-id=\"177265\" class=\"elementor elementor-177265\">\n\t\t\t\t\t\t<section class=\"elementor-section elementor-top-section elementor-element elementor-element-tlus4ia elementor-section-boxed elementor-section-height-default elementor-section-height-default\" data-id=\"tlus4ia\" data-element_type=\"section\">\n\t\t\t\t\t\t<div class=\"elementor-container elementor-column-gap-default\">\n\t\t\t\t\t<div class=\"elementor-column elementor-col-50 elementor-top-column elementor-element elementor-element-sphcucl\" data-id=\"sphcucl\" data-element_type=\"column\">\n\t\t\t<div class=\"elementor-widget-wrap elementor-element-populated\">\n\t\t\t\t\t\t<div class=\"elementor-element elementor-element-4f2h2af elementor-widget elementor-widget-text-editor\" data-id=\"4f2h2af\" data-element_type=\"widget\" data-widget_type=\"text-editor.default\">\n\t\t\t\t<div class=\"elementor-widget-container\">\n\t\t\t\t\t\t\t<h3 class=\"entry-title\"><span id=\"page30R_mcid15\" class=\"markedContent\"><span dir=\"ltr\" role=\"presentation\">Siegerehrung am B\u00fcrgerfestsamstag<\/span><\/span><span id=\"undefined\" class=\"markedContent\"><\/span><span id=\"page30R_mcid11\" class=\"markedContent\"><\/span><span id=\"page30R_mcid12\" class=\"markedContent\"><br role=\"presentation\" \/><span dir=\"ltr\" role=\"presentation\">Attraktive Preise f\u00fcr \u201eStadtradeln-Beste\u201c\u00a0<\/span><\/span><\/h3><p><span style=\"font-size: 12pt;\">Schwabach &#8211; <span id=\"page30R_mcid14\" class=\"markedContent\"><span dir=\"ltr\" role=\"presentation\">Nach 21 Tagen endete die Aktion STADTRADELN am Samstag, den 9. Juli 2022. Rund 50 <\/span><span dir=\"ltr\" role=\"presentation\">Schwabacherinnen und Schwabacher haben dabei erfolgreich insgesamt \u00fcber <\/span><span dir=\"ltr\" role=\"presentation\">65 000 klimafreundliche Fahrrad-Kilometer gesammelt (Stand: 7. Juli). Das <\/span><span dir=\"ltr\" role=\"presentation\">entspricht einer CO2 -Einsparung von etwa zehn Tonnen gegen\u00fcber dem Auto <\/span><span dir=\"ltr\" role=\"presentation\">als Verkehrsmittel.\u00a0<\/span><\/span><\/span><\/p><h3><span style=\"font-size: 14pt;\"><span id=\"page30R_mcid14\" class=\"markedContent\"><span dir=\"ltr\" role=\"presentation\">Siegerehrung auf der <\/span><span dir=\"ltr\" role=\"presentation\">B\u00fchne am K\u00f6nigsplatz\u00a0<\/span><\/span><\/span><\/h3><p><span style=\"font-size: 12pt;\"><span id=\"page30R_mcid14\" class=\"markedContent\"><span dir=\"ltr\" role=\"presentation\">Zum Abschluss des Wettbewerbs findet am Samstag, den 23. <\/span><span dir=\"ltr\" role=\"presentation\">Juli 2022, um 11.30 Uhr auf dem Schwabacher B\u00fcrgerfest eine Siegerehrung auf der <\/span><span dir=\"ltr\" role=\"presentation\">B\u00fchne am K\u00f6nigsplatz statt. Hier werden unter anderem die Radlerinnen und <\/span><span dir=\"ltr\" role=\"presentation\">Radler mit den meisten Kilometern oder das Team mit den meisten <\/span><span dir=\"ltr\" role=\"presentation\">Teammitgliedern von Oberb\u00fcrgermeister Peter Rei\u00df und Umweltreferentin Dr. <\/span><span dir=\"ltr\" role=\"presentation\">Christine Meyer geehrt.\u00a0<\/span><\/span><\/span><\/p><h3><span style=\"font-size: 14pt;\"><span id=\"page30R_mcid14\" class=\"markedContent\"><span dir=\"ltr\" role=\"presentation\">Insgesamt vier Gewinnkategorien\u00a0<\/span><\/span><\/span><\/h3><p><span style=\"font-size: 12pt;\"><span id=\"page30R_mcid14\" class=\"markedContent\"><span dir=\"ltr\" role=\"presentation\">Insgesamt gibt es vier Gewinnkategorien. Die Stadt <\/span><span dir=\"ltr\" role=\"presentation\">l\u00e4dt alle ein, die teilgenommen haben, zur Siegerehrung zu kommen. Denn <\/span><span dir=\"ltr\" role=\"presentation\">jede und jeder k\u00f6nnte zu den Gl\u00fccklichen geh\u00f6ren, die einen der tollen Preise <\/span><span dir=\"ltr\" role=\"presentation\">erhalten.\u00a0<\/span><\/span><\/span><\/p>\t\t\t\t\t\t<\/div>\n\t\t\t\t<\/div>\n\t\t\t\t<div class=\"elementor-element elementor-element-7a2960c elementor-widget elementor-widget-image\" data-id=\"7a2960c\" data-element_type=\"widget\" data-widget_type=\"image.default\">\n\t\t\t\t<div class=\"elementor-widget-container\">\n\t\t\t\t\t\t\t\t\t\t\t\t\t<img fetchpriority=\"high\" decoding=\"async\" width=\"1024\" height=\"681\" src=\"https:\/\/www.region-schwabach.de\/wordpress\/wp-content\/uploads\/2022\/05\/PM68_Stadtradeln_2-1024x681.jpg\" class=\"attachment-large size-large wp-image-172734\" alt=\"\" srcset=\"https:\/\/www.region-schwabach.de\/wordpress\/wp-content\/uploads\/2022\/05\/PM68_Stadtradeln_2-1024x681.jpg 1024w, https:\/\/www.region-schwabach.de\/wordpress\/wp-content\/uploads\/2022\/05\/PM68_Stadtradeln_2-e1654023754823-300x200.jpg 300w, https:\/\/www.region-schwabach.de\/wordpress\/wp-content\/uploads\/2022\/05\/PM68_Stadtradeln_2-e1654023754823-768x511.jpg 768w, https:\/\/www.region-schwabach.de\/wordpress\/wp-content\/uploads\/2022\/05\/PM68_Stadtradeln_2-1536x1022.jpg 1536w, https:\/\/www.region-schwabach.de\/wordpress\/wp-content\/uploads\/2022\/05\/PM68_Stadtradeln_2-2048x1362.jpg 2048w, https:\/\/www.region-schwabach.de\/wordpress\/wp-content\/uploads\/2022\/05\/PM68_Stadtradeln_2-e1654023754823.jpg 960w\" sizes=\"(max-width: 1024px) 100vw, 1024px\" \/>\t\t\t\t\t\t\t\t\t\t\t\t\t<\/div>\n\t\t\t\t<\/div>\n\t\t\t\t<div class=\"elementor-element elementor-element-a030f1b elementor-widget elementor-widget-google_maps\" data-id=\"a030f1b\" data-element_type=\"widget\" data-widget_type=\"google_maps.default\">\n\t\t\t\t<div class=\"elementor-widget-container\">\n\t\t\t\t\t<div class=\"elementor-custom-embed\">\n\t\t\t<iframe loading=\"lazy\"\n\t\t\t\t\tsrc=\"https:\/\/maps.google.com\/maps?q=Schwabach%2C%20Deutschland&#038;t=m&#038;z=15&#038;output=embed&#038;iwloc=near\"\n\t\t\t\t\ttitle=\"Schwabach, Deutschland\"\n\t\t\t\t\taria-label=\"Schwabach, Deutschland\"\n\t\t\t><\/iframe>\n\t\t<\/div>\n\t\t\t\t<\/div>\n\t\t\t\t<\/div>\n\t\t\t\t\t<\/div>\n\t\t<\/div>\n\t\t\t\t<div class=\"elementor-column elementor-col-50 elementor-top-column elementor-element elementor-element-4233827\" data-id=\"4233827\" data-element_type=\"column\">\n\t\t\t<div class=\"elementor-widget-wrap elementor-element-populated\">\n\t\t\t\t\t\t<div class=\"elementor-element elementor-element-4a16d76 elementor-widget elementor-widget-heading\" data-id=\"4a16d76\" data-element_type=\"widget\" data-widget_type=\"heading.default\">\n\t\t\t\t<div class=\"elementor-widget-container\">\n\t\t\t<h3 class=\"elementor-heading-title elementor-size-default\">Schnell vergleichen und sparen!<\/h3>\t\t<\/div>\n\t\t\t\t<\/div>\n\t\t\t\t<div class=\"elementor-element elementor-element-3bb9546 elementor-widget elementor-widget-wp-widget-advads_ad_widget\" data-id=\"3bb9546\" data-element_type=\"widget\" data-widget_type=\"wp-widget-advads_ad_widget.default\">\n\t\t\t\t<div class=\"elementor-widget-container\">\n\t\t\t<div id=\"regio-2822162160\"><div class=\"regio-adlabel\">Werbung<\/div><!-- Beginn https:\/\/www.financeads.net\/-Code --><a href=\"https:\/\/www.financeads.net\/tc.php?t=36648C236142529B\" target=\"_blank\"><img decoding=\"async\" src=\"https:\/\/www.financeads.net\/tb.php?t=36648V236142529B&https=1\" alt=\"\" border=\"0\" width=\"300\" height=\"250\"><\/a><!-- Ende https:\/\/www.financeads.net\/-Code --><\/div>\t\t<\/div>\n\t\t\t\t<\/div>\n\t\t\t\t<div class=\"elementor-element elementor-element-bdb2bd9 elementor-widget elementor-widget-wp-widget-advads_ad_widget\" data-id=\"bdb2bd9\" data-element_type=\"widget\" data-widget_type=\"wp-widget-advads_ad_widget.default\">\n\t\t\t\t<div class=\"elementor-widget-container\">\n\t\t\t<div id=\"regio-3174651929\"><div class=\"regio-adlabel\">Werbung<\/div><!-- Beginn https:\/\/www.financeads.net\/-Code --><a href=\"https:\/\/www.financeads.net\/tc.php?t=36648C42614510B\" target=\"_blank\"><img decoding=\"async\" src=\"https:\/\/www.financeads.net\/tb.php?t=36648V42614510B&https=1\" alt=\"\" border=\"0\" width=\"200\" height=\"300\"><\/a><!-- Ende https:\/\/www.financeads.net\/-Code --><\/div>\t\t<\/div>\n\t\t\t\t<\/div>\n\t\t\t\t<div class=\"elementor-element elementor-element-1bb58b3 elementor-widget elementor-widget-wp-widget-advads_ad_widget\" data-id=\"1bb58b3\" data-element_type=\"widget\" data-widget_type=\"wp-widget-advads_ad_widget.default\">\n\t\t\t\t<div class=\"elementor-widget-container\">\n\t\t\t<div id=\"regio-4181123814\"><div class=\"regio-adlabel\">Werbung<\/div><!-- Beginn https:\/\/www.financeads.net\/-Code --><a href=\"https:\/\/www.financeads.net\/tc.php?t=36648C205040072B\" target=\"_blank\"><img loading=\"lazy\" decoding=\"async\" src=\"https:\/\/www.financeads.net\/tb.php?t=36648V205040072B&https=1\" alt=\"\" border=\"0\" width=\"300\" height=\"250\"><\/a><!-- Ende https:\/\/www.financeads.net\/-Code --><\/div>\t\t<\/div>\n\t\t\t\t<\/div>\n\t\t\t\t<div class=\"elementor-element elementor-element-d6fa9ae elementor-widget elementor-widget-wp-widget-advads_ad_widget\" data-id=\"d6fa9ae\" data-element_type=\"widget\" data-widget_type=\"wp-widget-advads_ad_widget.default\">\n\t\t\t\t<div class=\"elementor-widget-container\">\n\t\t\t<div id=\"regio-3490798813\"><div class=\"regio-adlabel\">Werbung<\/div><!-- Beginn https:\/\/www.financeads.net\/-Code --><a href=\"https:\/\/www.financeads.net\/tc.php?t=36648C271460142B\" target=\"_blank\"><img loading=\"lazy\" decoding=\"async\" src=\"https:\/\/www.financeads.net\/tb.php?t=36648V271460142B&https=1\" alt=\"PETPROTECT_Hund&Katze_Banner\" border=\"0\" width=\"250\" height=\"250\"><\/a><!-- Ende https:\/\/www.financeads.net\/-Code --><\/div>\t\t<\/div>\n\t\t\t\t<\/div>\n\t\t\t\t\t<\/div>\n\t\t<\/div>\n\t\t\t\t\t<\/div>\n\t\t<\/section>\n\t\t\t\t<\/div>\n\t\t","protected":false},"excerpt":{"rendered":"<div class=\"mh-excerpt\"><p>Siegerehrung am B\u00fcrgerfestsamstagAttraktive Preise f\u00fcr \u201eStadtradeln-Beste\u201c&nbsp; Schwabach &#8211; Nach 21 Tagen endete die Aktion STADTRADELN am Samstag, den 9. Juli 2022. Rund 50 Schwabacherinnen und Schwabacher haben dabei erfolgreich insgesamt \u00fcber 65 000 klimafreundliche Fahrrad-Kilometer <a class=\"mh-excerpt-more\" href=\"https:\/\/www.region-schwabach.de\/wordpress\/stadtradeln-siegerehrung-am-burgerfest-am-samstag-den-23-juli-2022-durch-ob-peter-reiss\/\" title=\"Stadtradeln-Siegerehrung am B\u00fcrgerfest, am Samstag, den 23. Juli 2022, durch OB Peter Rei\u00df\">[&#8230;]<\/a><\/p>\n<\/div>","protected":false},"author":1,"featured_media":177270,"comment_status":"open","ping_status":"open","sticky":false,"template":"","format":"standard","meta":{"_cbd_carousel_blocks":"[]","footnotes":""},"categories":[16,1,13,61],"tags":[19103,19769,19767,19108,18281,19109,19110,522,19105,15780,1480,19,3012,3151,19102,19106,19104,19107,3634],"class_list":{"0":"post-177265","1":"post","2":"type-post","3":"status-publish","4":"format-standard","5":"has-post-thumbnail","7":"category-aktuell","8":"category-allgemein","9":"category-nachrichten","10":"category-rathaus","11":"tag-19-juni-2022-bis-9-juli-2022","12":"tag-23-juli-2022","13":"tag-23-07-2022","14":"tag-adfc","15":"tag-auftaktveranstaltung","16":"tag-bund-naturschutz","17":"tag-gefuehrte-radtouren","18":"tag-koenigsplatz","19":"tag-mobilitaetsplan","20":"tag-oberbuergermeister-peter-reiss","21":"tag-rathaus","22":"tag-schwabach","23":"tag-stadt","24":"tag-stadt-schwabach","25":"tag-stadtradeln","26":"tag-umweltfreundliche-verkehrsarten","27":"tag-umweltreferentin-christine-meyer","28":"tag-vcd","29":"tag-wettbewerb"},"_links":{"self":[{"href":"https:\/\/www.region-schwabach.de\/wordpress\/wp-json\/wp\/v2\/posts\/177265","targetHints":{"allow":["GET"]}}],"collection":[{"href":"https:\/\/www.region-schwabach.de\/wordpress\/wp-json\/wp\/v2\/posts"}],"about":[{"href":"https:\/\/www.region-schwabach.de\/wordpress\/wp-json\/wp\/v2\/types\/post"}],"author":[{"embeddable":true,"href":"https:\/\/www.region-schwabach.de\/wordpress\/wp-json\/wp\/v2\/users\/1"}],"replies":[{"embeddable":true,"href":"https:\/\/www.region-schwabach.de\/wordpress\/wp-json\/wp\/v2\/comments?post=177265"}],"version-history":[{"count":0,"href":"https:\/\/www.region-schwabach.de\/wordpress\/wp-json\/wp\/v2\/posts\/177265\/revisions"}],"wp:featuredmedia":[{"embeddable":true,"href":"https:\/\/www.region-schwabach.de\/wordpress\/wp-json\/wp\/v2\/media\/177270"}],"wp:attachment":[{"href":"https:\/\/www.region-schwabach.de\/wordpress\/wp-json\/wp\/v2\/media?parent=177265"}],"wp:term":[{"taxonomy":"category","embeddable":true,"href":"https:\/\/www.region-schwabach.de\/wordpress\/wp-json\/wp\/v2\/categories?post=177265"},{"taxonomy":"post_tag","embeddable":true,"href":"https:\/\/www.region-schwabach.de\/wordpress\/wp-json\/wp\/v2\/tags?post=177265"}],"curies":[{"name":"wp","href":"https:\/\/api.w.org\/{rel}","templated":true}]}}