{"id":177345,"date":"2022-07-22T01:30:00","date_gmt":"2022-07-21T23:30:00","guid":{"rendered":"https:\/\/www.region-schwabach.de\/wordpress\/?p=177345"},"modified":"2022-07-21T23:07:24","modified_gmt":"2022-07-21T21:07:24","slug":"forum-burgerstiftung-konzert-und-vortrag-am-freitag-den-22-juli-2022-in-der-dreieinigkeitskirche-in-schwabach","status":"publish","type":"post","link":"https:\/\/www.region-schwabach.de\/wordpress\/forum-burgerstiftung-konzert-und-vortrag-am-freitag-den-22-juli-2022-in-der-dreieinigkeitskirche-in-schwabach\/","title":{"rendered":"Forum B\u00fcrgerstiftung: \u201eKonzert und Vortrag&#8220; am Freitag, den 22. Juli 2022 in der Dreieinigkeitskirche in Schwabach"},"content":{"rendered":"\t\t<div data-elementor-type=\"wp-post\" data-elementor-id=\"177345\" class=\"elementor elementor-177345\">\n\t\t\t\t\t\t<section class=\"elementor-section elementor-top-section elementor-element elementor-element-e04de7f elementor-section-boxed elementor-section-height-default elementor-section-height-default\" data-id=\"e04de7f\" data-element_type=\"section\">\n\t\t\t\t\t\t<div class=\"elementor-container elementor-column-gap-default\">\n\t\t\t\t\t<div class=\"elementor-column elementor-col-50 elementor-top-column elementor-element elementor-element-0e30e33\" data-id=\"0e30e33\" data-element_type=\"column\">\n\t\t\t<div class=\"elementor-widget-wrap elementor-element-populated\">\n\t\t\t\t\t\t<div class=\"elementor-element elementor-element-a547771 elementor-widget elementor-widget-wp-widget-advads_ad_widget\" data-id=\"a547771\" data-element_type=\"widget\" data-widget_type=\"wp-widget-advads_ad_widget.default\">\n\t\t\t\t<div class=\"elementor-widget-container\">\n\t\t\t<div id=\"regio-3133983249\"><div class=\"regio-adlabel\">Werbung<\/div><center><a href=\"https:\/\/a.partner-versicherung.de\/click.php?partner_id=19992&ad_id=1578&deep=kreditkarten\"  target=\"_blank\"><img decoding=\"async\" src=\"https:\/\/a.partner-versicherung.de\/view.php?partner_id=19992&ad_id=1578\" ><\/a><\/center><\/div>\t\t<\/div>\n\t\t\t\t<\/div>\n\t\t\t\t<div class=\"elementor-element elementor-element-1331cc3 elementor-widget elementor-widget-text-editor\" data-id=\"1331cc3\" data-element_type=\"widget\" data-widget_type=\"text-editor.default\">\n\t\t\t\t<div class=\"elementor-widget-container\">\n\t\t\t\t\t\t\t<h3><span id=\"page137R_mcid52\" class=\"markedContent\"><span dir=\"ltr\" role=\"presentation\">Freitag, den 22. Juli 2022, um 19.30 Uhr in der Dreieinigkeitskirche in Schwabach<br \/>Konzert und Vortrag &#8211; <\/span><\/span><span id=\"page137R_mcid54\" class=\"markedContent\"><span dir=\"ltr\" role=\"presentation\">Spanische Streichquartette des <\/span><\/span><span id=\"page137R_mcid56\" class=\"markedContent\"><span dir=\"ltr\" role=\"presentation\">19. und fr\u00fchen 20. Jahrhunderts<\/span><\/span><\/h3><p><span style=\"font-size: 12pt;\">Schwabach &#8211; Am Freitagabend, den 22. Juli 2022, l\u00e4dt d<span id=\"page1R_mcid0\" class=\"markedContent\"><span dir=\"ltr\" role=\"presentation\">ie B\u00fcrgerstiftung &#8222;Unser Schwabach&#8220; &#8211; in Kooperation mit dem Kulturamt der <\/span><span dir=\"ltr\" role=\"presentation\">Stadt Schwabach &#8211; zu einem exklusiven wie exzellenten Musikabend ein. Die Veranstaltung findet in der Dreieinigkeitskirche in der Bahnhofstra\u00dfe 1 in Schwabach statt.\u00a0<\/span><\/span><span id=\"page1R_mcid1\" class=\"markedContent\"><br role=\"presentation\" \/><\/span><\/span><\/p><p><span style=\"font-size: 12pt;\"><span id=\"page1R_mcid3\" class=\"markedContent\"><span dir=\"ltr\" role=\"presentation\">Das Ensemble<\/span> <span dir=\"ltr\" role=\"presentation\">Nuevas Cuerdas<\/span> <span dir=\"ltr\" role=\"presentation\">stellt in deutscher Erstauff\u00fchrung drei von der <\/span><span dir=\"ltr\" role=\"presentation\">Musikwissenschaflerin Christiane Heine wiederentdeckte Streichquartette spanischer <\/span><span dir=\"ltr\" role=\"presentation\">Komponisten vor:\u00a0<\/span><\/span><\/span><\/p><ul style=\"list-style-type: disc;\"><li><strong><span style=\"font-size: 12pt;\"><span id=\"page1R_mcid7\" class=\"markedContent\"><span dir=\"ltr\" role=\"presentation\">Salvador Giner (1832-1911),<\/span> <span dir=\"ltr\" role=\"presentation\">Streichquartett Nr. 1 in G-Dur (ca. 1870)\u00a0<\/span><\/span><\/span><\/strong><\/li><li><strong><span style=\"font-size: 12pt;\"><span id=\"page1R_mcid11\" class=\"markedContent\"><span dir=\"ltr\" role=\"presentation\">Vicente Arregui (1871-1925),<\/span> <span dir=\"ltr\" role=\"presentation\">Streichquartett in c-Moll, 2. Satz<\/span> <span dir=\"ltr\" role=\"presentation\">Romanza<\/span> <span dir=\"ltr\" role=\"presentation\">(1912)\u00a0<\/span><\/span><\/span><\/strong><\/li><li><span style=\"font-size: 12pt;\"><strong><span id=\"page1R_mcid15\" class=\"markedContent\"><span dir=\"ltr\" role=\"presentation\">Manuel Rodr\u00edguez S\u00e1ez (1826-1885),<\/span> <span dir=\"ltr\" role=\"presentation\">Streichquartett in e-Moll (vor 1880)<\/span><\/span><\/strong><span id=\"page1R_mcid18\" class=\"markedContent\"><\/span><span id=\"page1R_mcid19\" class=\"markedContent\"><br role=\"presentation\" \/><\/span><\/span><\/li><\/ul><p><span style=\"font-size: 12pt;\"><span id=\"page1R_mcid19\" class=\"markedContent\"><span dir=\"ltr\" role=\"presentation\">Christiane Heine<\/span> <span dir=\"ltr\" role=\"presentation\">(Universit\u00e4t zu Granada\/Spanien) pr\u00e4sentiert Ergebnisse ihrer <\/span><span dir=\"ltr\" role=\"presentation\">langj\u00e4hrigen Forschungsarbeit zur spanischen Kammermusik des 19. und 20. <\/span><span dir=\"ltr\" role=\"presentation\">Jahrhundert, speziell \u00fcber die Entwicklung der Streichquartetts.\u00a0<\/span><\/span><span id=\"page1R_mcid20\" class=\"markedContent\"><\/span><span id=\"page1R_mcid21\" class=\"markedContent\"><br role=\"presentation\" \/><\/span><\/span><\/p><p><span style=\"font-size: 12pt;\"><span id=\"page1R_mcid21\" class=\"markedContent\"><span dir=\"ltr\" role=\"presentation\">Das Ensemble<\/span> <span dir=\"ltr\" role=\"presentation\">Nuevas Cuerdas<\/span> <span dir=\"ltr\" role=\"presentation\">wurde zur Vorbereitung des Konzertabends vom <\/span><span dir=\"ltr\" role=\"presentation\">Schwabacher Bratscher Gunther Hillienhoff (auch<\/span> <span dir=\"ltr\" role=\"presentation\">Neue N\u00fcrnberger Ratsmusik<\/span><span dir=\"ltr\" role=\"presentation\">) ins <\/span><span dir=\"ltr\" role=\"presentation\">Leben gerufen. Neben ihm werden seine Kolleg*innen der Staatsphilharmonie N\u00fcrnberg <\/span><span dir=\"ltr\" role=\"presentation\">Kea Wolter und Rolf Gelbarth (Violinen) sowie Inken Dwars (Violoncello) zu h\u00f6ren sein.\u00a0<\/span><\/span><span id=\"page1R_mcid22\" class=\"markedContent\"><\/span><span id=\"page1R_mcid23\" class=\"markedContent\"><br role=\"presentation\" \/><\/span><\/span><\/p><p><span style=\"font-size: 12pt;\"><span id=\"page1R_mcid23\" class=\"markedContent\"><span dir=\"ltr\" role=\"presentation\">Christiane Heine, geboren in N\u00fcrnberg, besuchte in Schwabach das Wolfram-von-<\/span><span dir=\"ltr\" role=\"presentation\">Eschenbach-Gymnasium (damals Musisches Gymnasium) und startete ihren Berufsweg <\/span><span dir=\"ltr\" role=\"presentation\">im Studio Franken des Bayerischen Rundfunks mit einem Praktikum zur Tontechnikerin, <\/span><span dir=\"ltr\" role=\"presentation\">dem die Ausbildung an der dortigen Schule f\u00fcr Rundfunktechnik und anschlie\u00dfende <\/span><span dir=\"ltr\" role=\"presentation\">Berufst\u00e4tigkeit folgten. Sie studierte Musikwissenschaft, Kunstgeschichte, <\/span><span dir=\"ltr\" role=\"presentation\">Mittelaltergeschichte und Romanistik an der Friedrich-Alexander-Universit\u00e4t Erlangen-<\/span><span dir=\"ltr\" role=\"presentation\">N\u00fcrnberg, wo sie 1992 \u00fcber den spanischen Komponisten Salvador Bacarisse <\/span><span dir=\"ltr\" role=\"presentation\">promovierte. <\/span><\/span><\/span><\/p><p><span style=\"font-size: 12pt;\"><span id=\"page1R_mcid23\" class=\"markedContent\"><span dir=\"ltr\" role=\"presentation\">Seit 1993 lehrt sie Musikanalyse an der Philosophischen Fakult\u00e4t der <\/span><span dir=\"ltr\" role=\"presentation\">Universit\u00e4t zu Granada. Ihr Forschungsgebiet umfasst die abendl\u00e4ndische Musik des <\/span><span dir=\"ltr\" role=\"presentation\">19. und 20. Jahrhunderts, mit Schwerpunkt auf der Instrumentalmusik Spaniens im <\/span><span dir=\"ltr\" role=\"presentation\">Kontext der europ\u00e4ischen Entwicklung. Diverse Forschungsaufenthalte f\u00fchrten sie nach <\/span><span dir=\"ltr\" role=\"presentation\">Madrid, Paris, Basel und Prag. Sie nahm an zahlreichen Forschungsprojekten teil und <\/span><span dir=\"ltr\" role=\"presentation\">ver\u00f6ffentlichte den Sammelband<\/span> <span dir=\"ltr\" role=\"presentation\">The String Quartet in Spain<\/span> <span dir=\"ltr\" role=\"presentation\">(Bern, Peter Lang, 2016, <\/span><span dir=\"ltr\" role=\"presentation\">986 S.), ein Standardwerk \u00fcber die Gattung des Streichquartetts.<\/span><\/span><span id=\"page1R_mcid24\" class=\"markedContent\"><\/span><span id=\"page1R_mcid25\" class=\"markedContent\"><br role=\"presentation\" \/><\/span><\/span><\/p><p><span style=\"font-size: 12pt;\"><span id=\"page1R_mcid25\" class=\"markedContent\"><span dir=\"ltr\" role=\"presentation\">G\u00f6nnen Sie sich einen informativen und wohlklingenden Freitagabend mit etwa <\/span><span dir=\"ltr\" role=\"presentation\">90 Minuten in der sch\u00f6nen historischen Dreieinigkeitskirche in Schwabach.<\/span><\/span><span id=\"page1R_mcid26\" class=\"markedContent\"><\/span><span id=\"page1R_mcid27\" class=\"markedContent\"><br role=\"presentation\" \/><\/span><\/span><\/p><p><span style=\"font-size: 12pt;\"><span id=\"page1R_mcid27\" class=\"markedContent\"><span dir=\"ltr\" role=\"presentation\">Die Veranstaltung wird unterst\u00fctzt durch die Schwabacher Stiftung BILDUNG &amp; KUNST.<\/span><\/span><span id=\"page1R_mcid28\" class=\"markedContent\"><\/span><span id=\"page1R_mcid29\" class=\"markedContent\"><br role=\"presentation\" \/><\/span><\/span><\/p><p><span style=\"font-size: 12pt;\"><span id=\"page1R_mcid29\" class=\"markedContent\"><span dir=\"ltr\" role=\"presentation\">Karten sind im Vorverkauf bei \u201e<\/span><span dir=\"ltr\" role=\"presentation\">Lesezeichen<\/span> <span dir=\"ltr\" role=\"presentation\">Buch &amp; Caff\u00e8\u201c, K\u00f6nigsplatz 29 in <\/span><span dir=\"ltr\" role=\"presentation\">Schwabach erh\u00e4ltlich. Reservierungen f\u00fcr den Abend bitten wir schriftlich und <\/span><span dir=\"ltr\" role=\"presentation\">formlos unter<\/span><\/span><a href=\"mailto:info@buergerstiftung-schwabach.de\" target=\"_blank\" rel=\"noopener\"><span id=\"page1R_mcid30\" class=\"markedContent\"> <span dir=\"ltr\" role=\"presentation\">info@buergerstiftung-schwabach.de<\/span><\/span><\/a><span id=\"page1R_mcid31\" class=\"markedContent\"> <span dir=\"ltr\" role=\"presentation\">vorzunehmen.\u00a0<\/span><\/span><br \/><\/span><\/p><h3>Weiterf\u00fchrende Links:<\/h3><p><span style=\"font-size: 12pt;\"><a href=\"https:\/\/www.buergerstiftung-schwabach.de\/cm\/\" target=\"_blank\" rel=\"noopener\">Homepage der B\u00fcrgerstiftung Schwabach &#8230;\u00a0<\/a><\/span><\/p>\t\t\t\t\t\t<\/div>\n\t\t\t\t<\/div>\n\t\t\t\t<div class=\"elementor-element elementor-element-2cd8ba4 elementor-widget elementor-widget-shortcode\" data-id=\"2cd8ba4\" data-element_type=\"widget\" data-widget_type=\"shortcode.default\">\n\t\t\t\t<div class=\"elementor-widget-container\">\n\t\t\t\t\t<div class=\"elementor-shortcode\"><center><a href=\"https:\/\/a.partner-versicherung.de\/click.php?partner_id=19992&ad_id=441&deep=kfz-versicherung\"  target=\"_blank\"><img decoding=\"async\" src=\"https:\/\/a.partner-versicherung.de\/view.php?partner_id=19992&ad_id=441\" ><\/a><\/center><\/div>\n\t\t\t\t<\/div>\n\t\t\t\t<\/div>\n\t\t\t\t<div class=\"elementor-element elementor-element-9c4562b elementor-widget-divider--view-line elementor-widget elementor-widget-divider\" data-id=\"9c4562b\" data-element_type=\"widget\" data-widget_type=\"divider.default\">\n\t\t\t\t<div class=\"elementor-widget-container\">\n\t\t\t\t\t<div class=\"elementor-divider\">\n\t\t\t<span class=\"elementor-divider-separator\">\n\t\t\t\t\t\t<\/span>\n\t\t<\/div>\n\t\t\t\t<\/div>\n\t\t\t\t<\/div>\n\t\t\t\t<div class=\"elementor-element elementor-element-86e1f80 elementor-widget elementor-widget-google_maps\" data-id=\"86e1f80\" data-element_type=\"widget\" data-widget_type=\"google_maps.default\">\n\t\t\t\t<div class=\"elementor-widget-container\">\n\t\t\t\t\t<div class=\"elementor-custom-embed\">\n\t\t\t<iframe loading=\"lazy\"\n\t\t\t\t\tsrc=\"https:\/\/maps.google.com\/maps?q=Bahnhofstra%C3%9Fe%201%2C%20Schwabach%2C%20Deutschland&#038;t=m&#038;z=16&#038;output=embed&#038;iwloc=near\"\n\t\t\t\t\ttitle=\"Bahnhofstra\u00dfe 1, Schwabach, Deutschland\"\n\t\t\t\t\taria-label=\"Bahnhofstra\u00dfe 1, Schwabach, Deutschland\"\n\t\t\t><\/iframe>\n\t\t<\/div>\n\t\t\t\t<\/div>\n\t\t\t\t<\/div>\n\t\t\t\t\t<\/div>\n\t\t<\/div>\n\t\t\t\t<div class=\"elementor-column elementor-col-50 elementor-top-column elementor-element elementor-element-6593bea\" data-id=\"6593bea\" data-element_type=\"column\">\n\t\t\t<div class=\"elementor-widget-wrap elementor-element-populated\">\n\t\t\t\t\t\t<div class=\"elementor-element elementor-element-fc2a6e1 elementor-widget elementor-widget-heading\" data-id=\"fc2a6e1\" data-element_type=\"widget\" data-widget_type=\"heading.default\">\n\t\t\t\t<div class=\"elementor-widget-container\">\n\t\t\t<h3 class=\"elementor-heading-title elementor-size-default\">Schnell vergleichen und sparen!<\/h3>\t\t<\/div>\n\t\t\t\t<\/div>\n\t\t\t\t<div class=\"elementor-element elementor-element-ddf0bc8 elementor-widget elementor-widget-wp-widget-advads_ad_widget\" data-id=\"ddf0bc8\" data-element_type=\"widget\" data-widget_type=\"wp-widget-advads_ad_widget.default\">\n\t\t\t\t<div class=\"elementor-widget-container\">\n\t\t\t<div id=\"regio-2550409249\"><div class=\"regio-adlabel\">Werbung<\/div><!-- Beginn https:\/\/www.financeads.net\/-Code --><a href=\"https:\/\/www.financeads.net\/tc.php?t=36648C236142529B\" target=\"_blank\"><img fetchpriority=\"high\" decoding=\"async\" src=\"https:\/\/www.financeads.net\/tb.php?t=36648V236142529B&https=1\" alt=\"\" border=\"0\" width=\"300\" height=\"250\"><\/a><!-- Ende https:\/\/www.financeads.net\/-Code --><\/div>\t\t<\/div>\n\t\t\t\t<\/div>\n\t\t\t\t<div class=\"elementor-element elementor-element-6d4efc9 elementor-widget elementor-widget-wp-widget-advads_ad_widget\" data-id=\"6d4efc9\" data-element_type=\"widget\" data-widget_type=\"wp-widget-advads_ad_widget.default\">\n\t\t\t\t<div class=\"elementor-widget-container\">\n\t\t\t<div id=\"regio-3979539658\"><div class=\"regio-adlabel\">Werbung<\/div><!-- Beginn https:\/\/www.financeads.net\/-Code --><a href=\"https:\/\/www.financeads.net\/tc.php?t=36648C42614510B\" target=\"_blank\"><img decoding=\"async\" src=\"https:\/\/www.financeads.net\/tb.php?t=36648V42614510B&https=1\" alt=\"\" border=\"0\" width=\"200\" height=\"300\"><\/a><!-- Ende https:\/\/www.financeads.net\/-Code --><\/div>\t\t<\/div>\n\t\t\t\t<\/div>\n\t\t\t\t<div class=\"elementor-element elementor-element-6bb80a8 elementor-widget elementor-widget-wp-widget-advads_ad_widget\" data-id=\"6bb80a8\" data-element_type=\"widget\" data-widget_type=\"wp-widget-advads_ad_widget.default\">\n\t\t\t\t<div class=\"elementor-widget-container\">\n\t\t\t<div id=\"regio-535091279\"><div class=\"regio-adlabel\">Werbung<\/div><!-- Beginn https:\/\/www.financeads.net\/-Code --><a href=\"https:\/\/www.financeads.net\/tc.php?t=36648C205040072B\" target=\"_blank\"><img decoding=\"async\" src=\"https:\/\/www.financeads.net\/tb.php?t=36648V205040072B&https=1\" alt=\"\" border=\"0\" width=\"300\" height=\"250\"><\/a><!-- Ende https:\/\/www.financeads.net\/-Code --><\/div>\t\t<\/div>\n\t\t\t\t<\/div>\n\t\t\t\t<div class=\"elementor-element elementor-element-adcddc0 elementor-widget elementor-widget-wp-widget-advads_ad_widget\" data-id=\"adcddc0\" data-element_type=\"widget\" data-widget_type=\"wp-widget-advads_ad_widget.default\">\n\t\t\t\t<div class=\"elementor-widget-container\">\n\t\t\t<div id=\"regio-278324252\"><div class=\"regio-adlabel\">Werbung<\/div><!-- Beginn https:\/\/www.financeads.net\/-Code --><a href=\"https:\/\/www.financeads.net\/tc.php?t=36648C271460142B\" target=\"_blank\"><img loading=\"lazy\" decoding=\"async\" src=\"https:\/\/www.financeads.net\/tb.php?t=36648V271460142B&https=1\" alt=\"PETPROTECT_Hund&Katze_Banner\" border=\"0\" width=\"250\" height=\"250\"><\/a><!-- Ende https:\/\/www.financeads.net\/-Code --><\/div>\t\t<\/div>\n\t\t\t\t<\/div>\n\t\t\t\t\t<\/div>\n\t\t<\/div>\n\t\t\t\t\t<\/div>\n\t\t<\/section>\n\t\t\t\t<\/div>\n\t\t","protected":false},"excerpt":{"rendered":"<div class=\"mh-excerpt\"><p>Freitag, den 22. Juli 2022, um 19.30 Uhr in der Dreieinigkeitskirche in SchwabachKonzert und Vortrag &#8211; Spanische Streichquartette des 19. und fr\u00fchen 20. Jahrhunderts Schwabach &#8211; Am Freitagabend, den 22. Juli 2022, l\u00e4dt die B\u00fcrgerstiftung <a class=\"mh-excerpt-more\" href=\"https:\/\/www.region-schwabach.de\/wordpress\/forum-burgerstiftung-konzert-und-vortrag-am-freitag-den-22-juli-2022-in-der-dreieinigkeitskirche-in-schwabach\/\" title=\"Forum B\u00fcrgerstiftung: \u201eKonzert und Vortrag&#8220; am Freitag, den 22. Juli 2022 in der Dreieinigkeitskirche in Schwabach\">[&#8230;]<\/a><\/p>\n<\/div>","protected":false},"author":1,"featured_media":177346,"comment_status":"open","ping_status":"open","sticky":false,"template":"","format":"standard","meta":{"_cbd_carousel_blocks":"[]","footnotes":""},"categories":[16,287,61,231,46],"tags":[19764,19763,398,19791,3915,19789,6525,3128,19,19790,5652],"class_list":{"0":"post-177345","1":"post","2":"type-post","3":"status-publish","4":"format-standard","5":"has-post-thumbnail","7":"category-aktuell","8":"category-jugend-und-familie","9":"category-rathaus","10":"category-veranstaltungsnews","11":"category-verbaende","12":"tag-22-juli-2022","13":"tag-22-07-2022","14":"tag-bahnhofstrasse","15":"tag-dr-christiane-heine","16":"tag-dreieinigkeitskirche","17":"tag-ensemble-nuevas-cuerdas","18":"tag-forum-buergerstiftung","19":"tag-konzert","20":"tag-schwabach","21":"tag-spanische-streichquartette","22":"tag-vortrag"},"_links":{"self":[{"href":"https:\/\/www.region-schwabach.de\/wordpress\/wp-json\/wp\/v2\/posts\/177345","targetHints":{"allow":["GET"]}}],"collection":[{"href":"https:\/\/www.region-schwabach.de\/wordpress\/wp-json\/wp\/v2\/posts"}],"about":[{"href":"https:\/\/www.region-schwabach.de\/wordpress\/wp-json\/wp\/v2\/types\/post"}],"author":[{"embeddable":true,"href":"https:\/\/www.region-schwabach.de\/wordpress\/wp-json\/wp\/v2\/users\/1"}],"replies":[{"embeddable":true,"href":"https:\/\/www.region-schwabach.de\/wordpress\/wp-json\/wp\/v2\/comments?post=177345"}],"version-history":[{"count":0,"href":"https:\/\/www.region-schwabach.de\/wordpress\/wp-json\/wp\/v2\/posts\/177345\/revisions"}],"wp:featuredmedia":[{"embeddable":true,"href":"https:\/\/www.region-schwabach.de\/wordpress\/wp-json\/wp\/v2\/media\/177346"}],"wp:attachment":[{"href":"https:\/\/www.region-schwabach.de\/wordpress\/wp-json\/wp\/v2\/media?parent=177345"}],"wp:term":[{"taxonomy":"category","embeddable":true,"href":"https:\/\/www.region-schwabach.de\/wordpress\/wp-json\/wp\/v2\/categories?post=177345"},{"taxonomy":"post_tag","embeddable":true,"href":"https:\/\/www.region-schwabach.de\/wordpress\/wp-json\/wp\/v2\/tags?post=177345"}],"curies":[{"name":"wp","href":"https:\/\/api.w.org\/{rel}","templated":true}]}}