{"id":177898,"date":"2022-07-30T01:45:00","date_gmt":"2022-07-29T23:45:00","guid":{"rendered":"https:\/\/www.region-schwabach.de\/wordpress\/?p=177898"},"modified":"2022-07-29T22:27:22","modified_gmt":"2022-07-29T20:27:22","slug":"kinderliteraturfest-im-apothekersgarten-in-schwabach-am-samstag-den-30-juli-2022","status":"publish","type":"post","link":"https:\/\/www.region-schwabach.de\/wordpress\/kinderliteraturfest-im-apothekersgarten-in-schwabach-am-samstag-den-30-juli-2022\/","title":{"rendered":"&#8222;KinderLiteraturFest&#8220; im Apothekersgarten in Schwabach, am Samstag, den 30. Juli 2022"},"content":{"rendered":"\t\t<div data-elementor-type=\"wp-post\" data-elementor-id=\"177898\" class=\"elementor elementor-177898\">\n\t\t\t\t\t\t<section class=\"elementor-section elementor-top-section elementor-element elementor-element-678181b elementor-section-boxed elementor-section-height-default elementor-section-height-default\" data-id=\"678181b\" data-element_type=\"section\">\n\t\t\t\t\t\t<div class=\"elementor-container elementor-column-gap-default\">\n\t\t\t\t\t<div class=\"elementor-column elementor-col-50 elementor-top-column elementor-element elementor-element-6b34026\" data-id=\"6b34026\" data-element_type=\"column\">\n\t\t\t<div class=\"elementor-widget-wrap elementor-element-populated\">\n\t\t\t\t\t\t<div class=\"elementor-element elementor-element-dbcebd8 elementor-widget elementor-widget-wp-widget-advads_ad_widget\" data-id=\"dbcebd8\" data-element_type=\"widget\" data-widget_type=\"wp-widget-advads_ad_widget.default\">\n\t\t\t\t<div class=\"elementor-widget-container\">\n\t\t\t<div id=\"regio-591323103\"><div class=\"regio-adlabel\">Werbung<\/div><center><a href=\"https:\/\/a.partner-versicherung.de\/click.php?partner_id=19992&ad_id=1578&deep=kreditkarten\"  target=\"_blank\"><img decoding=\"async\" src=\"https:\/\/a.partner-versicherung.de\/view.php?partner_id=19992&ad_id=1578\" ><\/a><\/center><\/div>\t\t<\/div>\n\t\t\t\t<\/div>\n\t\t\t\t<div class=\"elementor-element elementor-element-443ab98 elementor-widget elementor-widget-text-editor\" data-id=\"443ab98\" data-element_type=\"widget\" data-widget_type=\"text-editor.default\">\n\t\t\t\t<div class=\"elementor-widget-container\">\n\t\t\t\t\t\t\t<h3 class=\"entry-title\">Am Samstag, den 30. Juli 2022, im Apothekersgarten:<br \/>KinderLiteraturFest mit Musik und Mitmach-Programm<\/h3><p><span style=\"font-size: 12pt;\">Schwabach &#8211; Zu einem KinderLiteraturFest l\u00e4dt die Stadtbibliothek Schwabach am Samstag, den 30. Juli 2021, ab 14.00 Uhr und 18.00 Uhr in den Apothekersgarten in der K\u00f6nigstra\u00dfe ein. <\/span><\/p><h3>Programm:<\/h3><p><span style=\"font-size: 12pt;\"><span id=\"page43R_mcid14\" class=\"markedContent\"><span dir=\"ltr\" role=\"presentation\">Julia Ginsbach, kreative Erdm\u00e4nnchen-Zeichnerin des Bilderbuch-<\/span><span dir=\"ltr\" role=\"presentation\">Helden Tafiti er\u00f6ffnet um 14.30 Uhr den Reigen im Gr\u00fcnen. Kleine und gro\u00dfe <\/span><span dir=\"ltr\" role=\"presentation\">Besucherinnen und Besucher werden bei einer h\u00f6chst vergn\u00fcglichen Lesung <\/span><span dir=\"ltr\" role=\"presentation\">mit Handpuppen, Live-Zeichnen und Tafiti-Liedern ins wilde Afrika entf\u00fchrt.<\/span><\/span><span id=\"page43R_mcid15\" class=\"markedContent\"><br role=\"presentation\" \/><\/span><\/span><\/p><p><span style=\"font-size: 12pt;\"><span id=\"page43R_mcid15\" class=\"markedContent\"><span dir=\"ltr\" role=\"presentation\">\u201eTierisch\u201c abenteuerlich und witzig geht es auch zu, wenn Ann-Katrin Heger ab <\/span><span dir=\"ltr\" role=\"presentation\">15.30 Uhr mit der beliebten Kinderbuchreihe \u201eDie Heuboden-Bande\u201c loslegt. <\/span><span dir=\"ltr\" role=\"presentation\">Die Ermittler mit Schar(f)sinn Huhn Hilde, Schaf Wolle und Wolfshund Herr <\/span><span dir=\"ltr\" role=\"presentation\">Schulz l\u00f6sen jeden noch so kniffligen Fall rund um den Bauernhof. Von wegen, <\/span><span dir=\"ltr\" role=\"presentation\">auf dem Land ist nichts los!<\/span><\/span><span id=\"page43R_mcid16\" class=\"markedContent\"><br role=\"presentation\" \/><\/span><\/span><\/p><p><span style=\"font-size: 12pt;\"><span id=\"page43R_mcid16\" class=\"markedContent\"><span dir=\"ltr\" role=\"presentation\">Zwei Detektive mit Durchblick, die es ebenfalls \u201edrauf haben\u201c, sind auch Nickel <\/span><span dir=\"ltr\" role=\"presentation\">und Horn mit ihren schrillen Brillen. Die beiden \u2013 ein temperamentvoller, <\/span><span dir=\"ltr\" role=\"presentation\">fr\u00fcherer Piratenpapagei und die eher besonnene, aber grundclevere und sehr <\/span><span dir=\"ltr\" role=\"presentation\">belesene Meerschweinchendame &#8211; bringen noch ihren Erfinder, Autor Florian <\/span><span dir=\"ltr\" role=\"presentation\">Beckerhoff mit. Selbstverst\u00e4ndlich z\u00e4hlen die drei voll auf alle kleinen G\u00e4ste &#8211; <\/span><span dir=\"ltr\" role=\"presentation\">nur gemeinsam mit ihnen kann der Fall gel\u00f6st werden! F\u00fcr seine \u201eDetektivshow <\/span><span dir=\"ltr\" role=\"presentation\">mit Nickel und Horn\u201c hat Florian Beckerhoff au\u00dferdem seine Gitarre und den <\/span><span dir=\"ltr\" role=\"presentation\">ber\u00fchmten Nickel und Horn-Song im Gep\u00e4ck.<\/span><\/span><span id=\"page43R_mcid17\" class=\"markedContent\"><\/span><span id=\"page43R_mcid18\" class=\"markedContent\"><br role=\"presentation\" \/><\/span><\/span><\/p><p><span style=\"font-size: 12pt;\"><span id=\"page43R_mcid18\" class=\"markedContent\"><span dir=\"ltr\" role=\"presentation\">Vor und zwischen den Auftritten bietet Luca De Rocco auch in diesem Jahr mit <\/span><span dir=\"ltr\" role=\"presentation\">seinem Nostalgie-Eiswagen das beste Eis aller Zeiten an. Ansonsten gibt es <\/span><span dir=\"ltr\" role=\"presentation\">keine Vor-Ort-Gastronomie, Essen und Trinken darf aber mitgebracht werden &#8211; <\/span><span dir=\"ltr\" role=\"presentation\">zum Verzehr am Sitzplatz.<\/span><\/span><\/span><\/p><p><span style=\"font-size: 12pt;\"><span id=\"page1R_mcid0\" class=\"markedContent\"><span dir=\"ltr\" role=\"presentation\">Der Eintritt zum KinderLiteraturFest im Park ist frei. Der Einlass beginnt um 14.00 <\/span><span dir=\"ltr\" role=\"presentation\">Uhr. Bei schlechtem Wetter finden die Veranstaltungen im B\u00fcrgerhaus, <\/span><span dir=\"ltr\" role=\"presentation\">K\u00f6nigsplatz 33 a statt. Kostenlose Eintrittskarten sind ab Freitag, 22. Juli, in der <\/span><span dir=\"ltr\" role=\"presentation\">Stadtbibliothek Schwabach zu den gewohnten \u00d6ffnungszeiten erh\u00e4ltlich. Es <\/span><span dir=\"ltr\" role=\"presentation\">k\u00f6nnen ausschlie\u00dflich Karten f\u00fcr die eigene Familie abgeholt werden. Weitere <\/span><span dir=\"ltr\" role=\"presentation\">Informationen unter <a href=\"http:\/\/www.schwabach.de\/stadtbibliothek\" target=\"_blank\" rel=\"noopener\">www.schwabach.de\/stadtbibliothek<\/a><\/span><\/span><span id=\"page1R_mcid1\" class=\"markedContent\"><\/span><span id=\"page1R_mcid2\" class=\"markedContent\"><br role=\"presentation\" \/><\/span><\/span><\/p><p><span style=\"font-size: 12pt;\"><span id=\"page1R_mcid2\" class=\"markedContent\"><span dir=\"ltr\" role=\"presentation\">WICHTIGER HINWEIS: Sollte es wider Erwarten coronabedingt zu einer <\/span><span dir=\"ltr\" role=\"presentation\">Absage der Live-Veranstaltungen kommen, sind digitale Online-<\/span><span dir=\"ltr\" role=\"presentation\">Veranstaltungen geplant. Aktuelle Hinweise finden Sie unter <\/span><a href=\"http:\/\/www.schwabach.de\/stadtbibliothek\" target=\"_blank\" rel=\"noopener\"><span dir=\"ltr\" role=\"presentation\">www.schwabach.de\/stadtbibliothek\u00a0<\/span><\/a><\/span><\/span><span id=\"page1R_mcid3\" class=\"markedContent\"><\/span><span id=\"page1R_mcid4\" class=\"markedContent\"><br role=\"presentation\" \/><\/span><\/p><p><strong><span style=\"font-size: 12pt;\"><span id=\"page1R_mcid4\" class=\"markedContent\"><span dir=\"ltr\" role=\"presentation\">Fotos: <\/span><\/span><span id=\"page1R_mcid5\" class=\"markedContent\"><span dir=\"ltr\" role=\"presentation\">Plakat \u00a9 formfinder, Foto \u00a9 Florian Beckerhoff<\/span><\/span><\/span><\/strong><\/p><h3>Weitere Infos zum Programm:\u00a0<\/h3><p><span style=\"font-size: 12pt;\">Weitere Informationen zum Programm unter <a href=\"http:\/\/www.schwabach.de\/stadtbibliothek.\" target=\"_blank\" rel=\"noopener\">www.schwabach.de\/stadtbibliothek.<\/a> <\/span><\/p><h3>Weiterf\u00fchrende Links:<\/h3><p><a href=\"http:\/\/www.schwabach.de\/de\/schwabach-erleben\/kultur\/einrichtungen\/bibliothek.html\" target=\"_blank\" rel=\"noopener\"><span style=\"font-size: 12pt;\">Hier geht&#8217;s zur Homepage<\/span> der\u00a0<span style=\"font-size: 12pt;\">Stadtbibliothek Schwabach &#8230;<\/span><\/a><\/p><p><a href=\"https:\/\/www.region-schwabach.de\/wordpress\/wp-content\/uploads\/2022\/07\/PM105_Florian-Beckerhoff_Nickel-und-HorncFlorian-Beckerhoff-scaled-e1658946874306.jpg\"><img fetchpriority=\"high\" decoding=\"async\" class=\"aligncenter size-full wp-image-177902\" src=\"https:\/\/www.region-schwabach.de\/wordpress\/wp-content\/uploads\/2022\/07\/PM105_Florian-Beckerhoff_Nickel-und-HorncFlorian-Beckerhoff-scaled-e1658946874306.jpg\" alt=\"\" width=\"640\" height=\"574\" srcset=\"https:\/\/www.region-schwabach.de\/wordpress\/wp-content\/uploads\/2022\/07\/PM105_Florian-Beckerhoff_Nickel-und-HorncFlorian-Beckerhoff-scaled-e1658946874306.jpg 640w, https:\/\/www.region-schwabach.de\/wordpress\/wp-content\/uploads\/2022\/07\/PM105_Florian-Beckerhoff_Nickel-und-HorncFlorian-Beckerhoff-scaled-e1658946874306-300x269.jpg 300w\" sizes=\"(max-width: 640px) 100vw, 640px\" \/><\/a><\/p>\t\t\t\t\t\t<\/div>\n\t\t\t\t<\/div>\n\t\t\t\t<div class=\"elementor-element elementor-element-7e92798 elementor-widget elementor-widget-shortcode\" data-id=\"7e92798\" data-element_type=\"widget\" data-widget_type=\"shortcode.default\">\n\t\t\t\t<div class=\"elementor-widget-container\">\n\t\t\t\t\t<div class=\"elementor-shortcode\"><!-- Beginn https:\/\/www.financeads.net\/-Code --><a href=\"https:\/\/www.financeads.net\/tc.php?t=36648C38513858B\" target=\"_blank\"><center><img decoding=\"async\" src=\"https:\/\/www.financeads.net\/tb.php?t=36648V38513858B&https=1\" alt=\"\" border=\"0\" width=\"468\" height=\"60\"><\/a><!-- Ende https:\/\/www.financeads.net\/-Code --><\/div>\n\t\t\t\t<\/div>\n\t\t\t\t<\/div>\n\t\t\t\t<section class=\"elementor-section elementor-inner-section elementor-element elementor-element-b943953 elementor-section-boxed elementor-section-height-default elementor-section-height-default\" data-id=\"b943953\" data-element_type=\"section\">\n\t\t\t\t\t\t<div class=\"elementor-container elementor-column-gap-default\">\n\t\t\t\t\t<div class=\"elementor-column elementor-col-100 elementor-inner-column elementor-element elementor-element-7d40117\" data-id=\"7d40117\" data-element_type=\"column\">\n\t\t\t<div class=\"elementor-widget-wrap elementor-element-populated\">\n\t\t\t\t\t\t<div class=\"elementor-element elementor-element-325f51f elementor-widget elementor-widget-google_maps\" data-id=\"325f51f\" data-element_type=\"widget\" data-widget_type=\"google_maps.default\">\n\t\t\t\t<div class=\"elementor-widget-container\">\n\t\t\t\t\t<div class=\"elementor-custom-embed\">\n\t\t\t<iframe loading=\"lazy\"\n\t\t\t\t\tsrc=\"https:\/\/maps.google.com\/maps?q=Apothekersgarten%2C%20Schwabach%2C%20Deutschland&#038;t=m&#038;z=17&#038;output=embed&#038;iwloc=near\"\n\t\t\t\t\ttitle=\"Apothekersgarten, Schwabach, Deutschland\"\n\t\t\t\t\taria-label=\"Apothekersgarten, Schwabach, Deutschland\"\n\t\t\t><\/iframe>\n\t\t<\/div>\n\t\t\t\t<\/div>\n\t\t\t\t<\/div>\n\t\t\t\t\t<\/div>\n\t\t<\/div>\n\t\t\t\t\t<\/div>\n\t\t<\/section>\n\t\t\t\t<div class=\"elementor-element elementor-element-0c834d7 elementor-widget-divider--view-line elementor-widget elementor-widget-divider\" data-id=\"0c834d7\" data-element_type=\"widget\" data-widget_type=\"divider.default\">\n\t\t\t\t<div class=\"elementor-widget-container\">\n\t\t\t\t\t<div class=\"elementor-divider\">\n\t\t\t<span class=\"elementor-divider-separator\">\n\t\t\t\t\t\t<\/span>\n\t\t<\/div>\n\t\t\t\t<\/div>\n\t\t\t\t<\/div>\n\t\t\t\t\t<\/div>\n\t\t<\/div>\n\t\t\t\t<div class=\"elementor-column elementor-col-50 elementor-top-column elementor-element elementor-element-7c08364\" data-id=\"7c08364\" data-element_type=\"column\">\n\t\t\t<div class=\"elementor-widget-wrap elementor-element-populated\">\n\t\t\t\t\t\t<div class=\"elementor-element elementor-element-1c1ec8b elementor-widget elementor-widget-heading\" data-id=\"1c1ec8b\" data-element_type=\"widget\" data-widget_type=\"heading.default\">\n\t\t\t\t<div class=\"elementor-widget-container\">\n\t\t\t<h3 class=\"elementor-heading-title elementor-size-default\">Schnell vergleichen und sparen!<\/h3>\t\t<\/div>\n\t\t\t\t<\/div>\n\t\t\t\t<div class=\"elementor-element elementor-element-de71dd7 elementor-widget elementor-widget-wp-widget-advads_ad_widget\" data-id=\"de71dd7\" data-element_type=\"widget\" data-widget_type=\"wp-widget-advads_ad_widget.default\">\n\t\t\t\t<div class=\"elementor-widget-container\">\n\t\t\t<div id=\"regio-4190281564\"><div class=\"regio-adlabel\">Werbung<\/div><!-- Beginn https:\/\/www.financeads.net\/-Code --><a href=\"https:\/\/www.financeads.net\/tc.php?t=36648C236142529B\" target=\"_blank\"><img decoding=\"async\" src=\"https:\/\/www.financeads.net\/tb.php?t=36648V236142529B&https=1\" alt=\"\" border=\"0\" width=\"300\" height=\"250\"><\/a><!-- Ende https:\/\/www.financeads.net\/-Code --><\/div>\t\t<\/div>\n\t\t\t\t<\/div>\n\t\t\t\t<div class=\"elementor-element elementor-element-bfde62f elementor-widget elementor-widget-wp-widget-advads_ad_widget\" data-id=\"bfde62f\" data-element_type=\"widget\" data-widget_type=\"wp-widget-advads_ad_widget.default\">\n\t\t\t\t<div class=\"elementor-widget-container\">\n\t\t\t<div id=\"regio-1094728958\"><div class=\"regio-adlabel\">Werbung<\/div><!-- Beginn https:\/\/www.financeads.net\/-Code --><a href=\"https:\/\/www.financeads.net\/tc.php?t=36648C42614510B\" target=\"_blank\"><img loading=\"lazy\" decoding=\"async\" src=\"https:\/\/www.financeads.net\/tb.php?t=36648V42614510B&https=1\" alt=\"\" border=\"0\" width=\"200\" height=\"300\"><\/a><!-- Ende https:\/\/www.financeads.net\/-Code --><\/div>\t\t<\/div>\n\t\t\t\t<\/div>\n\t\t\t\t<div class=\"elementor-element elementor-element-2d5d28d elementor-widget elementor-widget-wp-widget-advads_ad_widget\" data-id=\"2d5d28d\" data-element_type=\"widget\" data-widget_type=\"wp-widget-advads_ad_widget.default\">\n\t\t\t\t<div class=\"elementor-widget-container\">\n\t\t\t<div id=\"regio-314842511\"><div class=\"regio-adlabel\">Werbung<\/div><!-- Beginn https:\/\/www.financeads.net\/-Code --><a href=\"https:\/\/www.financeads.net\/tc.php?t=36648C205040072B\" target=\"_blank\"><img loading=\"lazy\" decoding=\"async\" src=\"https:\/\/www.financeads.net\/tb.php?t=36648V205040072B&https=1\" alt=\"\" border=\"0\" width=\"300\" height=\"250\"><\/a><!-- Ende https:\/\/www.financeads.net\/-Code --><\/div>\t\t<\/div>\n\t\t\t\t<\/div>\n\t\t\t\t<div class=\"elementor-element elementor-element-e2c6a6a elementor-widget elementor-widget-wp-widget-advads_ad_widget\" data-id=\"e2c6a6a\" data-element_type=\"widget\" data-widget_type=\"wp-widget-advads_ad_widget.default\">\n\t\t\t\t<div class=\"elementor-widget-container\">\n\t\t\t<div id=\"regio-3332082869\"><div class=\"regio-adlabel\">Werbung<\/div><!-- Beginn https:\/\/www.financeads.net\/-Code --><a href=\"https:\/\/www.financeads.net\/tc.php?t=36648C271460142B\" target=\"_blank\"><img loading=\"lazy\" decoding=\"async\" src=\"https:\/\/www.financeads.net\/tb.php?t=36648V271460142B&https=1\" alt=\"PETPROTECT_Hund&Katze_Banner\" border=\"0\" width=\"250\" height=\"250\"><\/a><!-- Ende https:\/\/www.financeads.net\/-Code --><\/div>\t\t<\/div>\n\t\t\t\t<\/div>\n\t\t\t\t\t<\/div>\n\t\t<\/div>\n\t\t\t\t\t<\/div>\n\t\t<\/section>\n\t\t\t\t<\/div>\n\t\t","protected":false},"excerpt":{"rendered":"<div class=\"mh-excerpt\"><p>Am Samstag, den 30. Juli 2022, im Apothekersgarten:KinderLiteraturFest mit Musik und Mitmach-Programm Schwabach &#8211; Zu einem KinderLiteraturFest l\u00e4dt die Stadtbibliothek Schwabach am Samstag, den 30. Juli 2021, ab 14.00 Uhr und 18.00 Uhr in den <a class=\"mh-excerpt-more\" href=\"https:\/\/www.region-schwabach.de\/wordpress\/kinderliteraturfest-im-apothekersgarten-in-schwabach-am-samstag-den-30-juli-2022\/\" title=\"&#8222;KinderLiteraturFest&#8220; im Apothekersgarten in Schwabach, am Samstag, den 30. Juli 2022\">[&#8230;]<\/a><\/p>\n<\/div>","protected":false},"author":1,"featured_media":177899,"comment_status":"open","ping_status":"open","sticky":false,"template":"","format":"standard","meta":{"_cbd_carousel_blocks":"[]","footnotes":""},"categories":[16,287,61,231],"tags":[19851,16175,19843,19844,19850,4392,19846,16183,19847,19845,16185,522,4275,19848,16186,16187,13300,1480,19,3012,3151,2555,19849],"class_list":{"0":"post-177898","1":"post","2":"type-post","3":"status-publish","4":"format-standard","5":"has-post-thumbnail","7":"category-aktuell","8":"category-jugend-und-familie","9":"category-rathaus","10":"category-veranstaltungsnews","11":"tag-die-heuboden-bande","12":"tag-kinderliteraturfest","13":"tag-30-juli-2022","14":"tag-30-07-2022","15":"tag-ann-katrin-heger","16":"tag-apothekersgarten","17":"tag-bilderbuch-held-tafiti","18":"tag-comedy-kuenstler","19":"tag-handpuppen","20":"tag-julia-ginsbach","21":"tag-kinderlieder-programm","22":"tag-koenigsplatz","23":"tag-lesung","24":"tag-live-zeichnen","25":"tag-luca-de-rocco","26":"tag-nostalgie-eiswagen","27":"tag-open-air-2","28":"tag-rathaus","29":"tag-schwabach","30":"tag-stadt","31":"tag-stadt-schwabach","32":"tag-stadtbibliothek","33":"tag-tafiti-lieder"},"_links":{"self":[{"href":"https:\/\/www.region-schwabach.de\/wordpress\/wp-json\/wp\/v2\/posts\/177898","targetHints":{"allow":["GET"]}}],"collection":[{"href":"https:\/\/www.region-schwabach.de\/wordpress\/wp-json\/wp\/v2\/posts"}],"about":[{"href":"https:\/\/www.region-schwabach.de\/wordpress\/wp-json\/wp\/v2\/types\/post"}],"author":[{"embeddable":true,"href":"https:\/\/www.region-schwabach.de\/wordpress\/wp-json\/wp\/v2\/users\/1"}],"replies":[{"embeddable":true,"href":"https:\/\/www.region-schwabach.de\/wordpress\/wp-json\/wp\/v2\/comments?post=177898"}],"version-history":[{"count":0,"href":"https:\/\/www.region-schwabach.de\/wordpress\/wp-json\/wp\/v2\/posts\/177898\/revisions"}],"wp:featuredmedia":[{"embeddable":true,"href":"https:\/\/www.region-schwabach.de\/wordpress\/wp-json\/wp\/v2\/media\/177899"}],"wp:attachment":[{"href":"https:\/\/www.region-schwabach.de\/wordpress\/wp-json\/wp\/v2\/media?parent=177898"}],"wp:term":[{"taxonomy":"category","embeddable":true,"href":"https:\/\/www.region-schwabach.de\/wordpress\/wp-json\/wp\/v2\/categories?post=177898"},{"taxonomy":"post_tag","embeddable":true,"href":"https:\/\/www.region-schwabach.de\/wordpress\/wp-json\/wp\/v2\/tags?post=177898"}],"curies":[{"name":"wp","href":"https:\/\/api.w.org\/{rel}","templated":true}]}}