{"id":178340,"date":"2022-08-02T01:00:00","date_gmt":"2022-08-01T23:00:00","guid":{"rendered":"https:\/\/www.region-schwabach.de\/wordpress\/?p=178340"},"modified":"2022-08-02T00:12:07","modified_gmt":"2022-08-01T22:12:07","slug":"baumassnahmen-im-schulzentrum-mitte-in-schwabach-ab-montag-den-1-august-2022","status":"publish","type":"post","link":"https:\/\/www.region-schwabach.de\/wordpress\/baumassnahmen-im-schulzentrum-mitte-in-schwabach-ab-montag-den-1-august-2022\/","title":{"rendered":"Bauma\u00dfnahmen im Schulzentrum Mitte in Schwabach ab Montag, den 1. August 2022"},"content":{"rendered":"\t\t<div data-elementor-type=\"wp-post\" data-elementor-id=\"178340\" class=\"elementor elementor-178340\">\n\t\t\t\t\t\t<section class=\"elementor-section elementor-top-section elementor-element elementor-element-1dzeyuh elementor-section-boxed elementor-section-height-default elementor-section-height-default\" data-id=\"1dzeyuh\" data-element_type=\"section\">\n\t\t\t\t\t\t<div class=\"elementor-container elementor-column-gap-default\">\n\t\t\t\t\t<div class=\"elementor-column elementor-col-50 elementor-top-column elementor-element elementor-element-aam59ft\" data-id=\"aam59ft\" data-element_type=\"column\">\n\t\t\t<div class=\"elementor-widget-wrap elementor-element-populated\">\n\t\t\t\t\t\t<div class=\"elementor-element elementor-element-c2a29be elementor-widget elementor-widget-wp-widget-advads_ad_widget\" data-id=\"c2a29be\" data-element_type=\"widget\" data-widget_type=\"wp-widget-advads_ad_widget.default\">\n\t\t\t\t<div class=\"elementor-widget-container\">\n\t\t\t<div id=\"regio-3820156660\"><div class=\"regio-adlabel\">Werbung<\/div><center><a href=\"https:\/\/a.partner-versicherung.de\/click.php?partner_id=19992&ad_id=1578&deep=kreditkarten\"  target=\"_blank\"><img decoding=\"async\" src=\"https:\/\/a.partner-versicherung.de\/view.php?partner_id=19992&ad_id=1578\" ><\/a><\/center><\/div>\t\t<\/div>\n\t\t\t\t<\/div>\n\t\t\t\t<div class=\"elementor-element elementor-element-k9p1oyc elementor-widget elementor-widget-text-editor\" data-id=\"k9p1oyc\" data-element_type=\"widget\" data-widget_type=\"text-editor.default\">\n\t\t\t\t<div class=\"elementor-widget-container\">\n\t\t\t\t\t\t\t<h3><span id=\"page46R_mcid10\" class=\"markedContent\"><span dir=\"ltr\" role=\"presentation\">Ab Montag, den 1. August2022:\u00a0<\/span><\/span><span id=\"page46R_mcid11\" class=\"markedContent\"><\/span><span id=\"page46R_mcid12\" class=\"markedContent\"><br role=\"presentation\" \/><span id=\"page31R_mcid16\" class=\"markedContent\"><span dir=\"ltr\" role=\"presentation\">Bauma\u00dfnahmen im Schulzentrum Mitte\u00a0<\/span><\/span><br \/><\/span><\/h3><p><span style=\"font-size: 12pt;\">Schwabach &#8211; <span id=\"page31R_mcid15\" class=\"markedContent\"><span dir=\"ltr\" role=\"presentation\">In den Sommerferien wird mit den Arbeiten an den Au\u00dfenanlagen im <\/span><span dir=\"ltr\" role=\"presentation\">Schulzentrum Mitte begonnen. Dies betrifft zun\u00e4chst den Pausenhof der <\/span><span dir=\"ltr\" role=\"presentation\">Luitpoldschule sowie den Bereich am zentralen Podest zwischen Schulhof <\/span><span dir=\"ltr\" role=\"presentation\">Luitpoldschule und AKG Altbau. <\/span><\/span><\/span><\/p><p><span style=\"font-size: 12pt;\"><span id=\"page31R_mcid15\" class=\"markedContent\"><span dir=\"ltr\" role=\"presentation\">Der Schulhof der Luitpoldschule wird w\u00e4hrend <\/span><span dir=\"ltr\" role=\"presentation\">der gesamten Sommerferien nicht zug\u00e4nglich sein. Im Bereich des Podestes <\/span><span dir=\"ltr\" role=\"presentation\">bleiben die Zug\u00e4nge aus allen Richtungen (Luitpoldschule, Schillerplatz, <\/span><span dir=\"ltr\" role=\"presentation\">S\u00fcdliche Ringstra\u00dfe, Bismarckstra\u00dfe) ab Montag, den 1. August 2022, f\u00fcr zwei Wochen <\/span><span dir=\"ltr\" role=\"presentation\">gesperrt. Dort wird das Podest abgerissen und ein provisorischer Durchgang <\/span><span dir=\"ltr\" role=\"presentation\">geschaffen.\u00a0<\/span><\/span><\/span><\/p>\t\t\t\t\t\t<\/div>\n\t\t\t\t<\/div>\n\t\t\t\t<div class=\"elementor-element elementor-element-1b352fc elementor-widget elementor-widget-shortcode\" data-id=\"1b352fc\" data-element_type=\"widget\" data-widget_type=\"shortcode.default\">\n\t\t\t\t<div class=\"elementor-widget-container\">\n\t\t\t\t\t<div class=\"elementor-shortcode\"><!-- Beginn https:\/\/www.financeads.net\/-Code --><a href=\"https:\/\/www.financeads.net\/tc.php?t=36648C38513858B\" target=\"_blank\"><center><img decoding=\"async\" src=\"https:\/\/www.financeads.net\/tb.php?t=36648V38513858B&https=1\" alt=\"\" border=\"0\" width=\"468\" height=\"60\"><\/a><!-- Ende https:\/\/www.financeads.net\/-Code --><\/div>\n\t\t\t\t<\/div>\n\t\t\t\t<\/div>\n\t\t\t\t<div class=\"elementor-element elementor-element-rf47wqh elementor-widget elementor-widget-google_maps\" data-id=\"rf47wqh\" data-element_type=\"widget\" data-widget_type=\"google_maps.default\">\n\t\t\t\t<div class=\"elementor-widget-container\">\n\t\t\t\t\t<div class=\"elementor-custom-embed\">\n\t\t\t<iframe loading=\"lazy\"\n\t\t\t\t\tsrc=\"https:\/\/maps.google.com\/maps?q=Schillerplatz%2C%20Schwabach%2C%20Deutschland&#038;t=m&#038;z=16&#038;output=embed&#038;iwloc=near\"\n\t\t\t\t\ttitle=\"Schillerplatz, Schwabach, Deutschland\"\n\t\t\t\t\taria-label=\"Schillerplatz, Schwabach, Deutschland\"\n\t\t\t><\/iframe>\n\t\t<\/div>\n\t\t\t\t<\/div>\n\t\t\t\t<\/div>\n\t\t\t\t\t<\/div>\n\t\t<\/div>\n\t\t\t\t<div class=\"elementor-column elementor-col-50 elementor-top-column elementor-element elementor-element-721372a\" data-id=\"721372a\" data-element_type=\"column\">\n\t\t\t<div class=\"elementor-widget-wrap elementor-element-populated\">\n\t\t\t\t\t\t<div class=\"elementor-element elementor-element-f284a7e elementor-widget elementor-widget-heading\" data-id=\"f284a7e\" data-element_type=\"widget\" data-widget_type=\"heading.default\">\n\t\t\t\t<div class=\"elementor-widget-container\">\n\t\t\t<h3 class=\"elementor-heading-title elementor-size-default\">Schnell vergleichen und sparen!<\/h3>\t\t<\/div>\n\t\t\t\t<\/div>\n\t\t\t\t<div class=\"elementor-element elementor-element-ef1c96d elementor-widget elementor-widget-wp-widget-advads_ad_widget\" data-id=\"ef1c96d\" data-element_type=\"widget\" data-widget_type=\"wp-widget-advads_ad_widget.default\">\n\t\t\t\t<div class=\"elementor-widget-container\">\n\t\t\t<div id=\"regio-52080054\"><div class=\"regio-adlabel\">Werbung<\/div><!-- Beginn https:\/\/www.financeads.net\/-Code --><a href=\"https:\/\/www.financeads.net\/tc.php?t=36648C236142529B\" target=\"_blank\"><img fetchpriority=\"high\" decoding=\"async\" src=\"https:\/\/www.financeads.net\/tb.php?t=36648V236142529B&https=1\" alt=\"\" border=\"0\" width=\"300\" height=\"250\"><\/a><!-- Ende https:\/\/www.financeads.net\/-Code --><\/div>\t\t<\/div>\n\t\t\t\t<\/div>\n\t\t\t\t<div class=\"elementor-element elementor-element-2c2aba6 elementor-widget elementor-widget-wp-widget-advads_ad_widget\" data-id=\"2c2aba6\" data-element_type=\"widget\" data-widget_type=\"wp-widget-advads_ad_widget.default\">\n\t\t\t\t<div class=\"elementor-widget-container\">\n\t\t\t<div id=\"regio-1487717860\"><div class=\"regio-adlabel\">Werbung<\/div><!-- Beginn https:\/\/www.financeads.net\/-Code --><a href=\"https:\/\/www.financeads.net\/tc.php?t=36648C42614510B\" target=\"_blank\"><img decoding=\"async\" src=\"https:\/\/www.financeads.net\/tb.php?t=36648V42614510B&https=1\" alt=\"\" border=\"0\" width=\"200\" height=\"300\"><\/a><!-- Ende https:\/\/www.financeads.net\/-Code --><\/div>\t\t<\/div>\n\t\t\t\t<\/div>\n\t\t\t\t<div class=\"elementor-element elementor-element-5f99573 elementor-widget elementor-widget-wp-widget-advads_ad_widget\" data-id=\"5f99573\" data-element_type=\"widget\" data-widget_type=\"wp-widget-advads_ad_widget.default\">\n\t\t\t\t<div class=\"elementor-widget-container\">\n\t\t\t<div id=\"regio-2945068691\"><div class=\"regio-adlabel\">Werbung<\/div><!-- Beginn https:\/\/www.financeads.net\/-Code --><a href=\"https:\/\/www.financeads.net\/tc.php?t=36648C205040072B\" target=\"_blank\"><img loading=\"lazy\" decoding=\"async\" src=\"https:\/\/www.financeads.net\/tb.php?t=36648V205040072B&https=1\" alt=\"\" border=\"0\" width=\"300\" height=\"250\"><\/a><!-- Ende https:\/\/www.financeads.net\/-Code --><\/div>\t\t<\/div>\n\t\t\t\t<\/div>\n\t\t\t\t<div class=\"elementor-element elementor-element-1684c4c elementor-widget elementor-widget-wp-widget-advads_ad_widget\" data-id=\"1684c4c\" data-element_type=\"widget\" data-widget_type=\"wp-widget-advads_ad_widget.default\">\n\t\t\t\t<div class=\"elementor-widget-container\">\n\t\t\t<div id=\"regio-1015295034\"><div class=\"regio-adlabel\">Werbung<\/div><!-- Beginn https:\/\/www.financeads.net\/-Code --><a href=\"https:\/\/www.financeads.net\/tc.php?t=36648C271460142B\" target=\"_blank\"><img loading=\"lazy\" decoding=\"async\" src=\"https:\/\/www.financeads.net\/tb.php?t=36648V271460142B&https=1\" alt=\"PETPROTECT_Hund&Katze_Banner\" border=\"0\" width=\"250\" height=\"250\"><\/a><!-- Ende https:\/\/www.financeads.net\/-Code --><\/div>\t\t<\/div>\n\t\t\t\t<\/div>\n\t\t\t\t\t<\/div>\n\t\t<\/div>\n\t\t\t\t\t<\/div>\n\t\t<\/section>\n\t\t\t\t<\/div>\n\t\t","protected":false},"excerpt":{"rendered":"<div class=\"mh-excerpt\"><p>Ab Montag, den 1. August2022:\u00a0Bauma\u00dfnahmen im Schulzentrum Mitte\u00a0 Schwabach &#8211; In den Sommerferien wird mit den Arbeiten an den Au\u00dfenanlagen im Schulzentrum Mitte begonnen. Dies betrifft zun\u00e4chst den Pausenhof der Luitpoldschule sowie den Bereich am <a class=\"mh-excerpt-more\" href=\"https:\/\/www.region-schwabach.de\/wordpress\/baumassnahmen-im-schulzentrum-mitte-in-schwabach-ab-montag-den-1-august-2022\/\" title=\"Bauma\u00dfnahmen im Schulzentrum Mitte in Schwabach ab Montag, den 1. August 2022\">[&#8230;]<\/a><\/p>\n<\/div>","protected":false},"author":1,"featured_media":178341,"comment_status":"open","ping_status":"open","sticky":false,"template":"template-full.php","format":"standard","meta":{"_cbd_carousel_blocks":"[]","footnotes":""},"categories":[16,14],"tags":[19871,19872,19881,19307,19879,15899,4671,388,18427,3449,13550,1480,6899,4996,19880,19,19536,276,3012,3151,66],"class_list":{"0":"post-178340","1":"post","2":"type-post","3":"status-publish","4":"format-standard","5":"has-post-thumbnail","7":"category-aktuell","8":"category-verkehrsinfos","9":"tag-01-08-2022","10":"tag-1-august-2022","11":"tag-akg-altbau","12":"tag-august-2022","13":"tag-aussenanlagen","14":"tag-baumassnahme","15":"tag-bismarckstrasse","16":"tag-innenstadt","17":"tag-luitpoldschule","18":"tag-pausenhof","19":"tag-podest","20":"tag-rathaus","21":"tag-schillerplatz","22":"tag-schulhof","23":"tag-schulzentrum-mitte","24":"tag-schwabach","25":"tag-september-2022","26":"tag-sperrung","27":"tag-stadt","28":"tag-stadt-schwabach","29":"tag-suedliche-ringstrasse"},"_links":{"self":[{"href":"https:\/\/www.region-schwabach.de\/wordpress\/wp-json\/wp\/v2\/posts\/178340","targetHints":{"allow":["GET"]}}],"collection":[{"href":"https:\/\/www.region-schwabach.de\/wordpress\/wp-json\/wp\/v2\/posts"}],"about":[{"href":"https:\/\/www.region-schwabach.de\/wordpress\/wp-json\/wp\/v2\/types\/post"}],"author":[{"embeddable":true,"href":"https:\/\/www.region-schwabach.de\/wordpress\/wp-json\/wp\/v2\/users\/1"}],"replies":[{"embeddable":true,"href":"https:\/\/www.region-schwabach.de\/wordpress\/wp-json\/wp\/v2\/comments?post=178340"}],"version-history":[{"count":0,"href":"https:\/\/www.region-schwabach.de\/wordpress\/wp-json\/wp\/v2\/posts\/178340\/revisions"}],"wp:featuredmedia":[{"embeddable":true,"href":"https:\/\/www.region-schwabach.de\/wordpress\/wp-json\/wp\/v2\/media\/178341"}],"wp:attachment":[{"href":"https:\/\/www.region-schwabach.de\/wordpress\/wp-json\/wp\/v2\/media?parent=178340"}],"wp:term":[{"taxonomy":"category","embeddable":true,"href":"https:\/\/www.region-schwabach.de\/wordpress\/wp-json\/wp\/v2\/categories?post=178340"},{"taxonomy":"post_tag","embeddable":true,"href":"https:\/\/www.region-schwabach.de\/wordpress\/wp-json\/wp\/v2\/tags?post=178340"}],"curies":[{"name":"wp","href":"https:\/\/api.w.org\/{rel}","templated":true}]}}