{"id":179106,"date":"2022-08-10T01:30:00","date_gmt":"2022-08-09T23:30:00","guid":{"rendered":"https:\/\/www.region-schwabach.de\/wordpress\/?p=179106"},"modified":"2022-08-09T23:44:19","modified_gmt":"2022-08-09T21:44:19","slug":"fahrplan-wechsel-der-schwabacher-stadtwerke-zum-6-august-2022","status":"publish","type":"post","link":"https:\/\/www.region-schwabach.de\/wordpress\/fahrplan-wechsel-der-schwabacher-stadtwerke-zum-6-august-2022\/","title":{"rendered":"Fahrplan-Wechsel der Schwabacher Stadtwerke zum 6. August 2022"},"content":{"rendered":"\t\t<div data-elementor-type=\"wp-post\" data-elementor-id=\"179106\" class=\"elementor elementor-179106\">\n\t\t\t\t\t\t<section class=\"elementor-section elementor-top-section elementor-element elementor-element-tlus4ia elementor-section-boxed elementor-section-height-default elementor-section-height-default\" data-id=\"tlus4ia\" data-element_type=\"section\">\n\t\t\t\t\t\t<div class=\"elementor-container elementor-column-gap-default\">\n\t\t\t\t\t<div class=\"elementor-column elementor-col-50 elementor-top-column elementor-element elementor-element-sphcucl\" data-id=\"sphcucl\" data-element_type=\"column\">\n\t\t\t<div class=\"elementor-widget-wrap elementor-element-populated\">\n\t\t\t\t\t\t<div class=\"elementor-element elementor-element-903340f elementor-widget elementor-widget-wp-widget-advads_ad_widget\" data-id=\"903340f\" data-element_type=\"widget\" data-widget_type=\"wp-widget-advads_ad_widget.default\">\n\t\t\t\t<div class=\"elementor-widget-container\">\n\t\t\t<div id=\"regio-959703609\"><div class=\"regio-adlabel\">Werbung<\/div><center><a href=\"https:\/\/a.partner-versicherung.de\/click.php?partner_id=19992&ad_id=1578&deep=kreditkarten\"  target=\"_blank\"><img decoding=\"async\" src=\"https:\/\/a.partner-versicherung.de\/view.php?partner_id=19992&ad_id=1578\" ><\/a><\/center><\/div>\t\t<\/div>\n\t\t\t\t<\/div>\n\t\t\t\t<div class=\"elementor-element elementor-element-4f2h2af elementor-widget elementor-widget-text-editor\" data-id=\"4f2h2af\" data-element_type=\"widget\" data-widget_type=\"text-editor.default\">\n\t\t\t\t<div class=\"elementor-widget-container\">\n\t\t\t\t\t\t\t<h3><span dir=\"ltr\" role=\"presentation\">Engp\u00e4sse in Bundesdruckerei:<\/span><br role=\"presentation\" \/><span dir=\"ltr\" role=\"presentation\">(Kinder-) Reisepass rechtzeitig vor dem Urlaub <\/span><span dir=\"ltr\" role=\"presentation\">beantragen<\/span><\/h3><p><span style=\"font-size: 12pt;\">Schwabach &#8211; Zu einem ungewohnten Termin, am Samstag, den 6. August 2022, mitten in den Sommerferien, meldet der Stadtverkehr einen angepassten Fahrplan mit zahlreichen Verbesserungen im Bussystem.\u00a0<\/span><\/p><p><span style=\"font-size: 12pt;\">Dass Fahrplan\u00e4nderungen im Sommer kommen und nicht wie gewohnt im Dezember hat zwei Gr\u00fcnde: Es ist ein Entgegenkommen an die Kunden. Bisher standen Fahrg\u00e4ste, die nicht vom Fahrplanwechsel mitbekommen hatten, im Winter morgens bei K\u00e4lte, Schnee und Regen an der Haltestelle und konnten wegen Dunkelheit die neuen Abfahrtszeiten nicht lesen. K\u00fcnftig sollen weitreichende \u00c4nderungen immer im Sommer umgesetzt werden.\u00a0<\/span><\/p><h3>Hier einige Details:\u00a0<\/h3><ul style=\"list-style-type: disc;\"><li><span style=\"font-size: 12pt;\">662 &#8211; Die Linie 662 f\u00e4hrt probeweise zwischen Bahnhof und Forsthof \u00fcber den Stadtpark und bedient die neue Haltestelle Birkenstra\u00dfe an der Ecke zur Stadtparkstra\u00dfe.\u00a0<\/span><\/li><li><span style=\"font-size: 12pt;\">663 &#8211; Auf der Linie 663 wird es montags bis donnerstags an Schultagen gegen 16 Uhr eine zus\u00e4tzliche Fahrt in die Penzendorfer Stra\u00dfe \u00fcber Penzendorf geben. Damit wird eine weitere Taktl\u00fccke geschlossen. Ebenfalls ein lang gehegter Wunsch: etwa ein halbes Dutzend Fahrten, bei denen man bisher am Bahnhof auf derselben Linie umsteigen musste, fahren nun durch.\u00a0<\/span><\/li><li><span style=\"font-size: 12pt;\">664 &#8211; Alle Fahrten ab 8 Uhr werden aus betrieblichen Gr\u00fcnden um 50 Minuten verschoben. Dies soll die P\u00fcnktlichkeit auf allen Linien verbessern. Im Zuge dessen \u00e4ndern sich auch die angefahrenen Bussteige der Linie 661 und 662 und es entsteht ein zeitlich neues Fahrtangebot zwischen Rathaus und Bahnhof zus\u00e4tzlich zur Linie 663, die aktuell noch zeitgleich zur 664 f\u00e4hrt.\u00a0<\/span><\/li><li><span style=\"font-size: 12pt;\">665 &#8211; Die Fahrt 7:13 Uhr Igelsdorf \u2013 Stadtwerke f\u00e4hrt k\u00fcnftig ab Bahnhof Schwabach \u00fcber die neue Haltestelle Birkenstra\u00dfe. Dort besteht eine neue Aussteigem\u00f6glichkeit zum Schulzentrum Mitte.\u00a0<\/span><\/li><li><span style=\"font-size: 12pt;\">667 &#8211; Augenscheinlichste Neuerung wird eine neue \u201eExpress\u201c-Buslinie vom O\u2019Brien-Park zum Bahnhof \u00fcber die F\u00fcrther Stra\u00dfe.\u00a0<\/span><\/li><\/ul><h3>Weiterf\u00fchrende Infos:\u00a0<\/h3><p><span style=\"font-size: 12pt;\"><a href=\"https:\/\/www.schwabach-mobil.de\/fahrplan-liniennetz\/\" target=\"_blank\" rel=\"noopener\">Alle Informationen zu den Fahrplan\u00e4nderungen sind hier zu finden (hier klicken &#8230;)\u00a0<\/a><\/span><\/p>\t\t\t\t\t\t<\/div>\n\t\t\t\t<\/div>\n\t\t\t\t<div class=\"elementor-element elementor-element-36f6d65 elementor-widget elementor-widget-shortcode\" data-id=\"36f6d65\" data-element_type=\"widget\" data-widget_type=\"shortcode.default\">\n\t\t\t\t<div class=\"elementor-widget-container\">\n\t\t\t\t\t<div class=\"elementor-shortcode\"><center><a href=\"https:\/\/a.partner-versicherung.de\/click.php?partner_id=19992&ad_id=441&deep=kfz-versicherung\"  target=\"_blank\"><img decoding=\"async\" src=\"https:\/\/a.partner-versicherung.de\/view.php?partner_id=19992&ad_id=441\" ><\/a><\/center><\/div>\n\t\t\t\t<\/div>\n\t\t\t\t<\/div>\n\t\t\t\t<div class=\"elementor-element elementor-element-39c5f74 elementor-widget elementor-widget-google_maps\" data-id=\"39c5f74\" data-element_type=\"widget\" data-widget_type=\"google_maps.default\">\n\t\t\t\t<div class=\"elementor-widget-container\">\n\t\t\t\t\t<div class=\"elementor-custom-embed\">\n\t\t\t<iframe loading=\"lazy\"\n\t\t\t\t\tsrc=\"https:\/\/maps.google.com\/maps?q=Schwabach%2C%20Deutschland&#038;t=m&#038;z=13&#038;output=embed&#038;iwloc=near\"\n\t\t\t\t\ttitle=\"Schwabach, Deutschland\"\n\t\t\t\t\taria-label=\"Schwabach, Deutschland\"\n\t\t\t><\/iframe>\n\t\t<\/div>\n\t\t\t\t<\/div>\n\t\t\t\t<\/div>\n\t\t\t\t\t<\/div>\n\t\t<\/div>\n\t\t\t\t<div class=\"elementor-column elementor-col-50 elementor-top-column elementor-element elementor-element-e69aac1\" data-id=\"e69aac1\" data-element_type=\"column\">\n\t\t\t<div class=\"elementor-widget-wrap elementor-element-populated\">\n\t\t\t\t\t\t<div class=\"elementor-element elementor-element-99c00af elementor-widget elementor-widget-heading\" data-id=\"99c00af\" data-element_type=\"widget\" data-widget_type=\"heading.default\">\n\t\t\t\t<div class=\"elementor-widget-container\">\n\t\t\t<h3 class=\"elementor-heading-title elementor-size-default\">Schnell vergleichen und sparen!<\/h3>\t\t<\/div>\n\t\t\t\t<\/div>\n\t\t\t\t<div class=\"elementor-element elementor-element-d5349f5 elementor-widget elementor-widget-wp-widget-advads_ad_widget\" data-id=\"d5349f5\" data-element_type=\"widget\" data-widget_type=\"wp-widget-advads_ad_widget.default\">\n\t\t\t\t<div class=\"elementor-widget-container\">\n\t\t\t<div id=\"regio-3809718871\"><div class=\"regio-adlabel\">Werbung<\/div><!-- Beginn https:\/\/www.financeads.net\/-Code --><a href=\"https:\/\/www.financeads.net\/tc.php?t=36648C236142529B\" target=\"_blank\"><img fetchpriority=\"high\" decoding=\"async\" src=\"https:\/\/www.financeads.net\/tb.php?t=36648V236142529B&https=1\" alt=\"\" border=\"0\" width=\"300\" height=\"250\"><\/a><!-- Ende https:\/\/www.financeads.net\/-Code --><\/div>\t\t<\/div>\n\t\t\t\t<\/div>\n\t\t\t\t<div class=\"elementor-element elementor-element-4111b41 elementor-widget elementor-widget-wp-widget-advads_ad_widget\" data-id=\"4111b41\" data-element_type=\"widget\" data-widget_type=\"wp-widget-advads_ad_widget.default\">\n\t\t\t\t<div class=\"elementor-widget-container\">\n\t\t\t<div id=\"regio-1362175654\"><div class=\"regio-adlabel\">Werbung<\/div><!-- Beginn https:\/\/www.financeads.net\/-Code --><a href=\"https:\/\/www.financeads.net\/tc.php?t=36648C42614510B\" target=\"_blank\"><img decoding=\"async\" src=\"https:\/\/www.financeads.net\/tb.php?t=36648V42614510B&https=1\" alt=\"\" border=\"0\" width=\"200\" height=\"300\"><\/a><!-- Ende https:\/\/www.financeads.net\/-Code --><\/div>\t\t<\/div>\n\t\t\t\t<\/div>\n\t\t\t\t<div class=\"elementor-element elementor-element-049ce1a elementor-widget elementor-widget-wp-widget-advads_ad_widget\" data-id=\"049ce1a\" data-element_type=\"widget\" data-widget_type=\"wp-widget-advads_ad_widget.default\">\n\t\t\t\t<div class=\"elementor-widget-container\">\n\t\t\t<div id=\"regio-3331948687\"><div class=\"regio-adlabel\">Werbung<\/div><!-- Beginn https:\/\/www.financeads.net\/-Code --><a href=\"https:\/\/www.financeads.net\/tc.php?t=36648C205040072B\" target=\"_blank\"><img decoding=\"async\" src=\"https:\/\/www.financeads.net\/tb.php?t=36648V205040072B&https=1\" alt=\"\" border=\"0\" width=\"300\" height=\"250\"><\/a><!-- Ende https:\/\/www.financeads.net\/-Code --><\/div>\t\t<\/div>\n\t\t\t\t<\/div>\n\t\t\t\t<div class=\"elementor-element elementor-element-ebec242 elementor-widget elementor-widget-wp-widget-advads_ad_widget\" data-id=\"ebec242\" data-element_type=\"widget\" data-widget_type=\"wp-widget-advads_ad_widget.default\">\n\t\t\t\t<div class=\"elementor-widget-container\">\n\t\t\t<div id=\"regio-3139184006\"><div class=\"regio-adlabel\">Werbung<\/div><!-- Beginn https:\/\/www.financeads.net\/-Code --><a href=\"https:\/\/www.financeads.net\/tc.php?t=36648C271460142B\" target=\"_blank\"><img loading=\"lazy\" decoding=\"async\" src=\"https:\/\/www.financeads.net\/tb.php?t=36648V271460142B&https=1\" alt=\"PETPROTECT_Hund&Katze_Banner\" border=\"0\" width=\"250\" height=\"250\"><\/a><!-- Ende https:\/\/www.financeads.net\/-Code --><\/div>\t\t<\/div>\n\t\t\t\t<\/div>\n\t\t\t\t\t<\/div>\n\t\t<\/div>\n\t\t\t\t\t<\/div>\n\t\t<\/section>\n\t\t\t\t<\/div>\n\t\t","protected":false},"excerpt":{"rendered":"<div class=\"mh-excerpt\"><p>Engp\u00e4sse in Bundesdruckerei:(Kinder-) Reisepass rechtzeitig vor dem Urlaub beantragen Schwabach &#8211; Zu einem ungewohnten Termin, am Samstag, den 6. August 2022, mitten in den Sommerferien, meldet der Stadtverkehr einen angepassten Fahrplan mit zahlreichen Verbesserungen im <a class=\"mh-excerpt-more\" href=\"https:\/\/www.region-schwabach.de\/wordpress\/fahrplan-wechsel-der-schwabacher-stadtwerke-zum-6-august-2022\/\" title=\"Fahrplan-Wechsel der Schwabacher Stadtwerke zum 6. August 2022\">[&#8230;]<\/a><\/p>\n<\/div>","protected":false},"author":1,"featured_media":179107,"comment_status":"open","ping_status":"open","sticky":false,"template":"","format":"standard","meta":{"_cbd_carousel_blocks":"[]","footnotes":""},"categories":[16,287,79,61,14],"tags":[19892,19893,19973,19974,19975,19976,19972,419,19307,19971,522,1480,19,19535,3151,4477],"class_list":{"0":"post-179106","1":"post","2":"type-post","3":"status-publish","4":"format-standard","5":"has-post-thumbnail","7":"category-aktuell","8":"category-jugend-und-familie","9":"category-politik","10":"category-rathaus","11":"category-verkehrsinfos","12":"tag-06-08-2022","13":"tag-6-august-2022","14":"tag-19973","15":"tag-19974","16":"tag-19975","17":"tag-19976","18":"tag-19972","19":"tag-ansbacher-strasse","20":"tag-august-2022","21":"tag-fahrplanaenderung","22":"tag-koenigsplatz","23":"tag-rathaus","24":"tag-schwabach","25":"tag-sommer-2022","26":"tag-stadt-schwabach","27":"tag-stadtwerke"},"_links":{"self":[{"href":"https:\/\/www.region-schwabach.de\/wordpress\/wp-json\/wp\/v2\/posts\/179106","targetHints":{"allow":["GET"]}}],"collection":[{"href":"https:\/\/www.region-schwabach.de\/wordpress\/wp-json\/wp\/v2\/posts"}],"about":[{"href":"https:\/\/www.region-schwabach.de\/wordpress\/wp-json\/wp\/v2\/types\/post"}],"author":[{"embeddable":true,"href":"https:\/\/www.region-schwabach.de\/wordpress\/wp-json\/wp\/v2\/users\/1"}],"replies":[{"embeddable":true,"href":"https:\/\/www.region-schwabach.de\/wordpress\/wp-json\/wp\/v2\/comments?post=179106"}],"version-history":[{"count":0,"href":"https:\/\/www.region-schwabach.de\/wordpress\/wp-json\/wp\/v2\/posts\/179106\/revisions"}],"wp:featuredmedia":[{"embeddable":true,"href":"https:\/\/www.region-schwabach.de\/wordpress\/wp-json\/wp\/v2\/media\/179107"}],"wp:attachment":[{"href":"https:\/\/www.region-schwabach.de\/wordpress\/wp-json\/wp\/v2\/media?parent=179106"}],"wp:term":[{"taxonomy":"category","embeddable":true,"href":"https:\/\/www.region-schwabach.de\/wordpress\/wp-json\/wp\/v2\/categories?post=179106"},{"taxonomy":"post_tag","embeddable":true,"href":"https:\/\/www.region-schwabach.de\/wordpress\/wp-json\/wp\/v2\/tags?post=179106"}],"curies":[{"name":"wp","href":"https:\/\/api.w.org\/{rel}","templated":true}]}}