{"id":181230,"date":"2022-09-04T01:00:00","date_gmt":"2022-09-03T23:00:00","guid":{"rendered":"https:\/\/www.region-schwabach.de\/wordpress\/?p=181230"},"modified":"2022-09-03T22:14:13","modified_gmt":"2022-09-03T20:14:13","slug":"stadtrundgang-die-hohen-feiertage-mit-jutta-muller-am-sonntag-den-4-september-2022-um-14-00-uhr","status":"publish","type":"post","link":"https:\/\/www.region-schwabach.de\/wordpress\/stadtrundgang-die-hohen-feiertage-mit-jutta-muller-am-sonntag-den-4-september-2022-um-14-00-uhr\/","title":{"rendered":"Stadtrundgang &#8211; \u201eDie hohen Feiertage&#8220; mit Jutta M\u00fcller am Sonntag, den 4. September 2022, um 14.00 Uhr"},"content":{"rendered":"\t\t<div data-elementor-type=\"wp-post\" data-elementor-id=\"181230\" class=\"elementor elementor-181230\">\n\t\t\t\t\t\t<section class=\"elementor-section elementor-top-section elementor-element elementor-element-678181b elementor-section-boxed elementor-section-height-default elementor-section-height-default\" data-id=\"678181b\" data-element_type=\"section\">\n\t\t\t\t\t\t<div class=\"elementor-container elementor-column-gap-default\">\n\t\t\t\t\t<div class=\"elementor-column elementor-col-50 elementor-top-column elementor-element elementor-element-6b34026\" data-id=\"6b34026\" data-element_type=\"column\">\n\t\t\t<div class=\"elementor-widget-wrap elementor-element-populated\">\n\t\t\t\t\t\t<div class=\"elementor-element elementor-element-e3fa2ca elementor-widget elementor-widget-wp-widget-advads_ad_widget\" data-id=\"e3fa2ca\" data-element_type=\"widget\" data-widget_type=\"wp-widget-advads_ad_widget.default\">\n\t\t\t\t<div class=\"elementor-widget-container\">\n\t\t\t<div id=\"regio-1291125238\"><div class=\"regio-adlabel\">Werbung<\/div><center><a href=\"https:\/\/a.partner-versicherung.de\/click.php?partner_id=19992&ad_id=1578&deep=kreditkarten\"  target=\"_blank\"><img decoding=\"async\" src=\"https:\/\/a.partner-versicherung.de\/view.php?partner_id=19992&ad_id=1578\" ><\/a><\/center><\/div>\t\t<\/div>\n\t\t\t\t<\/div>\n\t\t\t\t<div class=\"elementor-element elementor-element-443ab98 elementor-widget elementor-widget-text-editor\" data-id=\"443ab98\" data-element_type=\"widget\" data-widget_type=\"text-editor.default\">\n\t\t\t\t<div class=\"elementor-widget-container\">\n\t\t\t\t\t\t\t<h3><span dir=\"ltr\" role=\"presentation\">Sonntag, den 4. September 2022, um 14.00 Uhr <br role=\"presentation\" \/>\u201eHohe Feiertage&#8220; &#8211; Stadtrundgang mit Jutta M\u00fcller<\/span><\/h3><h3><strong>Stadtf\u00fchrung mit Jutta M\u00fcller zum Europ\u00e4ischen Tag der j\u00fcdischen Kultur\u00a0<\/strong><\/h3><p><span style=\"font-size: 12pt;\">Schwabach &#8211;\u00a0Nach dem j\u00fcdischen Kalender stehen im September die Hohen Feiertage vor der T\u00fcr: das J\u00fcdische Neujahr, der Vers\u00f6hnungstag und das Laubh\u00fcttenfest. Begleiten Jutta M\u00fcller, die Sie durch die historische Synagogengasse und Umgebung f\u00fchrt, und erfahren Sie wie die j\u00fcdische Gemeinde fr\u00fcher die Feste gefeiert hat.<\/span><\/p><p><span style=\"font-size: 12pt;\">Im Anschluss an die Stadtf\u00fchrung besuchen die G\u00e4ste die Wechselausstellung \u201eDas Mikwen-Projekt\u201c in der Ehemaligen Synagoge und im J\u00fcdischen Museum Franken in Schwabach.\u00a0<\/span><\/p><p><span style=\"font-size: 12pt;\"><span dir=\"ltr\" role=\"presentation\">Anmeldung erforderlich: <\/span><a href=\"mailto:schwabach@juedisches-museum.org\" target=\"_blank\" rel=\"noopener\"><span dir=\"ltr\" role=\"presentation\">schwabach@juedisches<\/span><span dir=\"ltr\" role=\"presentation\">&#8211;<\/span><span dir=\"ltr\" role=\"presentation\">museum.org<\/span><\/a> <br role=\"presentation\" \/><br role=\"presentation\" \/><strong><span dir=\"ltr\" role=\"presentation\">Pressefoto:\u00a0<\/span><\/strong>Schofar, \u00a9 Helmut Meyer zur Capellen\u00a0(Nutzung im Rahmen der Berichterstattung frei)\u00a0<\/span><\/p><h3><span style=\"font-size: 12pt;\"><span style=\"font-size: 14pt;\">Infos:<\/span><br \/><\/span><\/h3><ul style=\"list-style-type: disc;\"><li><span style=\"font-size: 12pt;\"><strong>Wann:<\/strong> Sonntag, den 4. September 2022, 14.00 Uhr\u00a0<\/span><\/li><li><span style=\"font-size: 12pt;\"><strong>Dauer:<\/strong> 90 Min.\u00a0<\/span><\/li><li><span style=\"font-size: 12pt;\"><strong>Wo:<\/strong> J\u00fcdisches Museum Franken in Schwabach, Synagogengasse 10a (r\u00fcckw\u00e4rtiger Eingang)\u00a0<\/span><\/li><li><span style=\"font-size: 12pt;\"><strong>Altersempfehlung:<\/strong> ab 6 Jahren\u00a0<\/span><\/li><li><span style=\"font-size: 12pt;\"><strong>Anmeldung:<\/strong> erforderlich per Mail an <a href=\"mailto:schwabach@juedisches-museum.org\" target=\"_blank\" rel=\"noopener\">schwabach@juedisches-museum.org<\/a><\/span><\/li><li><span style=\"font-size: 12pt;\"><strong>F\u00fchrungsgeb\u00fchr:<\/strong> 6\u20ac regul\u00e4r | 4\u20ac erm\u00e4\u00dfigt, zzgl. 3 \u20ac Eintrtt\u00a0<\/span><\/li><li><span style=\"font-size: 12pt;\"><strong>Barrierefreiheit:<\/strong> nicht barrierefrei\u00a0<\/span><\/li><\/ul><h3>Weiterf\u00fchrende Links:<\/h3><p><a href=\"http:\/\/www.juedisches-museum.org\/judisches-museum-franken-in-schwabach\/\" target=\"_blank\" rel=\"noopener\"><span style=\"font-size: 12pt;\">Hier geht&#8217;s zur Homepage vom JMF Schwabach &#8230;<\/span><\/a><\/p><p>\u00a0<\/p>\t\t\t\t\t\t<\/div>\n\t\t\t\t<\/div>\n\t\t\t\t<div class=\"elementor-element elementor-element-362ac52 elementor-widget elementor-widget-shortcode\" data-id=\"362ac52\" data-element_type=\"widget\" data-widget_type=\"shortcode.default\">\n\t\t\t\t<div class=\"elementor-widget-container\">\n\t\t\t\t\t<div class=\"elementor-shortcode\"><!-- Beginn https:\/\/www.financeads.net\/-Code --><a href=\"https:\/\/www.financeads.net\/tc.php?t=36648C38513858B\" target=\"_blank\"><center><img decoding=\"async\" src=\"https:\/\/www.financeads.net\/tb.php?t=36648V38513858B&https=1\" alt=\"\" border=\"0\" width=\"468\" height=\"60\"><\/a><!-- Ende https:\/\/www.financeads.net\/-Code --><\/div>\n\t\t\t\t<\/div>\n\t\t\t\t<\/div>\n\t\t\t\t<div class=\"elementor-element elementor-element-0c834d7 elementor-widget-divider--view-line elementor-widget elementor-widget-divider\" data-id=\"0c834d7\" data-element_type=\"widget\" data-widget_type=\"divider.default\">\n\t\t\t\t<div class=\"elementor-widget-container\">\n\t\t\t\t\t<div class=\"elementor-divider\">\n\t\t\t<span class=\"elementor-divider-separator\">\n\t\t\t\t\t\t<\/span>\n\t\t<\/div>\n\t\t\t\t<\/div>\n\t\t\t\t<\/div>\n\t\t\t\t<div class=\"elementor-element elementor-element-325f51f elementor-widget elementor-widget-google_maps\" data-id=\"325f51f\" data-element_type=\"widget\" data-widget_type=\"google_maps.default\">\n\t\t\t\t<div class=\"elementor-widget-container\">\n\t\t\t\t\t<div class=\"elementor-custom-embed\">\n\t\t\t<iframe loading=\"lazy\"\n\t\t\t\t\tsrc=\"https:\/\/maps.google.com\/maps?q=Synagogengasse%2010a%2C%20Schwabach%2C%20Deutschland&#038;t=m&#038;z=17&#038;output=embed&#038;iwloc=near\"\n\t\t\t\t\ttitle=\"Synagogengasse 10a, Schwabach, Deutschland\"\n\t\t\t\t\taria-label=\"Synagogengasse 10a, Schwabach, Deutschland\"\n\t\t\t><\/iframe>\n\t\t<\/div>\n\t\t\t\t<\/div>\n\t\t\t\t<\/div>\n\t\t\t\t\t<\/div>\n\t\t<\/div>\n\t\t\t\t<div class=\"elementor-column elementor-col-50 elementor-top-column elementor-element elementor-element-f3d2d15\" data-id=\"f3d2d15\" data-element_type=\"column\">\n\t\t\t<div class=\"elementor-widget-wrap elementor-element-populated\">\n\t\t\t\t\t\t<div class=\"elementor-element elementor-element-6165363 elementor-widget elementor-widget-heading\" data-id=\"6165363\" data-element_type=\"widget\" data-widget_type=\"heading.default\">\n\t\t\t\t<div class=\"elementor-widget-container\">\n\t\t\t<h3 class=\"elementor-heading-title elementor-size-default\">Schnell vergleichen und sparen!<\/h3>\t\t<\/div>\n\t\t\t\t<\/div>\n\t\t\t\t<div class=\"elementor-element elementor-element-3842e95 elementor-widget elementor-widget-wp-widget-advads_ad_widget\" data-id=\"3842e95\" data-element_type=\"widget\" data-widget_type=\"wp-widget-advads_ad_widget.default\">\n\t\t\t\t<div class=\"elementor-widget-container\">\n\t\t\t<div id=\"regio-1112416633\"><div class=\"regio-adlabel\">Werbung<\/div><!-- Beginn https:\/\/www.financeads.net\/-Code --><a href=\"https:\/\/www.financeads.net\/tc.php?t=36648C236142529B\" target=\"_blank\"><img fetchpriority=\"high\" decoding=\"async\" src=\"https:\/\/www.financeads.net\/tb.php?t=36648V236142529B&https=1\" alt=\"\" border=\"0\" width=\"300\" height=\"250\"><\/a><!-- Ende https:\/\/www.financeads.net\/-Code --><\/div>\t\t<\/div>\n\t\t\t\t<\/div>\n\t\t\t\t<div class=\"elementor-element elementor-element-afdf71e elementor-widget elementor-widget-wp-widget-advads_ad_widget\" data-id=\"afdf71e\" data-element_type=\"widget\" data-widget_type=\"wp-widget-advads_ad_widget.default\">\n\t\t\t\t<div class=\"elementor-widget-container\">\n\t\t\t<div id=\"regio-1050963204\"><div class=\"regio-adlabel\">Werbung<\/div><!-- Beginn https:\/\/www.financeads.net\/-Code --><a href=\"https:\/\/www.financeads.net\/tc.php?t=36648C42614510B\" target=\"_blank\"><img decoding=\"async\" src=\"https:\/\/www.financeads.net\/tb.php?t=36648V42614510B&https=1\" alt=\"\" border=\"0\" width=\"200\" height=\"300\"><\/a><!-- Ende https:\/\/www.financeads.net\/-Code --><\/div>\t\t<\/div>\n\t\t\t\t<\/div>\n\t\t\t\t<div class=\"elementor-element elementor-element-faa70d1 elementor-widget elementor-widget-wp-widget-advads_ad_widget\" data-id=\"faa70d1\" data-element_type=\"widget\" data-widget_type=\"wp-widget-advads_ad_widget.default\">\n\t\t\t\t<div class=\"elementor-widget-container\">\n\t\t\t<div id=\"regio-282457243\"><div class=\"regio-adlabel\">Werbung<\/div><!-- Beginn https:\/\/www.financeads.net\/-Code --><a href=\"https:\/\/www.financeads.net\/tc.php?t=36648C205040072B\" target=\"_blank\"><img loading=\"lazy\" decoding=\"async\" src=\"https:\/\/www.financeads.net\/tb.php?t=36648V205040072B&https=1\" alt=\"\" border=\"0\" width=\"300\" height=\"250\"><\/a><!-- Ende https:\/\/www.financeads.net\/-Code --><\/div>\t\t<\/div>\n\t\t\t\t<\/div>\n\t\t\t\t<div class=\"elementor-element elementor-element-3478f11 elementor-widget elementor-widget-wp-widget-advads_ad_widget\" data-id=\"3478f11\" data-element_type=\"widget\" data-widget_type=\"wp-widget-advads_ad_widget.default\">\n\t\t\t\t<div class=\"elementor-widget-container\">\n\t\t\t<div id=\"regio-4041473876\"><div class=\"regio-adlabel\">Werbung<\/div><!-- Beginn https:\/\/www.financeads.net\/-Code --><a href=\"https:\/\/www.financeads.net\/tc.php?t=36648C271460142B\" target=\"_blank\"><img loading=\"lazy\" decoding=\"async\" src=\"https:\/\/www.financeads.net\/tb.php?t=36648V271460142B&https=1\" alt=\"PETPROTECT_Hund&Katze_Banner\" border=\"0\" width=\"250\" height=\"250\"><\/a><!-- Ende https:\/\/www.financeads.net\/-Code --><\/div>\t\t<\/div>\n\t\t\t\t<\/div>\n\t\t\t\t\t<\/div>\n\t\t<\/div>\n\t\t\t\t\t<\/div>\n\t\t<\/section>\n\t\t\t\t<\/div>\n\t\t","protected":false},"excerpt":{"rendered":"<div class=\"mh-excerpt\"><p>Sonntag, den 4. September 2022, um 14.00 Uhr \u201eHohe Feiertage&#8220; &#8211; Stadtrundgang mit Jutta M\u00fcller Stadtf\u00fchrung mit Jutta M\u00fcller zum Europ\u00e4ischen Tag der j\u00fcdischen Kultur\u00a0 Schwabach &#8211;\u00a0Nach dem j\u00fcdischen Kalender stehen im September die Hohen <a class=\"mh-excerpt-more\" href=\"https:\/\/www.region-schwabach.de\/wordpress\/stadtrundgang-die-hohen-feiertage-mit-jutta-muller-am-sonntag-den-4-september-2022-um-14-00-uhr\/\" title=\"Stadtrundgang &#8211; \u201eDie hohen Feiertage&#8220; mit Jutta M\u00fcller am Sonntag, den 4. September 2022, um 14.00 Uhr\">[&#8230;]<\/a><\/p>\n<\/div>","protected":false},"author":1,"featured_media":181231,"comment_status":"open","ping_status":"open","sticky":false,"template":"","format":"standard","meta":{"_cbd_carousel_blocks":"[]","footnotes":""},"categories":[16,287,231,140],"tags":[20157,20136,20137,20158,4691,20161,18467,5746,20159,17768,522,5748,1480,19,4324,4692,20160],"class_list":{"0":"post-181230","1":"post","2":"type-post","3":"status-publish","4":"format-standard","5":"has-post-thumbnail","7":"category-aktuell","8":"category-jugend-und-familie","9":"category-veranstaltungsnews","10":"category-vereine","11":"tag-die-hohen-feiertage","12":"tag-04-09-2022","13":"tag-4-september-2022","14":"tag-europaeischer-tag-der-juedischen-kultur","15":"tag-fraenkisch-juedische-geschichte","16":"tag-juedischer-kalender","17":"tag-juedisches-alltagsleben","18":"tag-juedisches-museum-franken","19":"tag-juedisches-neujahr","20":"tag-jutta-mueller","21":"tag-koenigsplatz","22":"tag-laubhuettenfest","23":"tag-rathaus","24":"tag-schwabach","25":"tag-stadtrundgang","26":"tag-synagogengasse","27":"tag-versoehnungstag"},"_links":{"self":[{"href":"https:\/\/www.region-schwabach.de\/wordpress\/wp-json\/wp\/v2\/posts\/181230","targetHints":{"allow":["GET"]}}],"collection":[{"href":"https:\/\/www.region-schwabach.de\/wordpress\/wp-json\/wp\/v2\/posts"}],"about":[{"href":"https:\/\/www.region-schwabach.de\/wordpress\/wp-json\/wp\/v2\/types\/post"}],"author":[{"embeddable":true,"href":"https:\/\/www.region-schwabach.de\/wordpress\/wp-json\/wp\/v2\/users\/1"}],"replies":[{"embeddable":true,"href":"https:\/\/www.region-schwabach.de\/wordpress\/wp-json\/wp\/v2\/comments?post=181230"}],"version-history":[{"count":0,"href":"https:\/\/www.region-schwabach.de\/wordpress\/wp-json\/wp\/v2\/posts\/181230\/revisions"}],"wp:featuredmedia":[{"embeddable":true,"href":"https:\/\/www.region-schwabach.de\/wordpress\/wp-json\/wp\/v2\/media\/181231"}],"wp:attachment":[{"href":"https:\/\/www.region-schwabach.de\/wordpress\/wp-json\/wp\/v2\/media?parent=181230"}],"wp:term":[{"taxonomy":"category","embeddable":true,"href":"https:\/\/www.region-schwabach.de\/wordpress\/wp-json\/wp\/v2\/categories?post=181230"},{"taxonomy":"post_tag","embeddable":true,"href":"https:\/\/www.region-schwabach.de\/wordpress\/wp-json\/wp\/v2\/tags?post=181230"}],"curies":[{"name":"wp","href":"https:\/\/api.w.org\/{rel}","templated":true}]}}