{"id":181606,"date":"2022-09-07T01:00:00","date_gmt":"2022-09-06T23:00:00","guid":{"rendered":"https:\/\/www.region-schwabach.de\/wordpress\/?p=181606"},"modified":"2022-09-06T23:44:20","modified_gmt":"2022-09-06T21:44:20","slug":"nachwuchskrafte-starten-im-september-2022-ihre-ausbildung-bei-der-stadt-schwabach","status":"publish","type":"post","link":"https:\/\/www.region-schwabach.de\/wordpress\/nachwuchskrafte-starten-im-september-2022-ihre-ausbildung-bei-der-stadt-schwabach\/","title":{"rendered":"Nachwuchskr\u00e4fte starten im September 2022 ihre Ausbildung bei der Stadt Schwabach"},"content":{"rendered":"\t\t<div data-elementor-type=\"wp-post\" data-elementor-id=\"181606\" class=\"elementor elementor-181606\">\n\t\t\t\t\t\t<section class=\"elementor-section elementor-top-section elementor-element elementor-element-678181b elementor-section-boxed elementor-section-height-default elementor-section-height-default\" data-id=\"678181b\" data-element_type=\"section\">\n\t\t\t\t\t\t<div class=\"elementor-container elementor-column-gap-default\">\n\t\t\t\t\t<div class=\"elementor-column elementor-col-66 elementor-top-column elementor-element elementor-element-6b34026\" data-id=\"6b34026\" data-element_type=\"column\">\n\t\t\t<div class=\"elementor-widget-wrap elementor-element-populated\">\n\t\t\t\t\t\t<div class=\"elementor-element elementor-element-0d3f93f elementor-widget elementor-widget-wp-widget-advads_ad_widget\" data-id=\"0d3f93f\" data-element_type=\"widget\" data-widget_type=\"wp-widget-advads_ad_widget.default\">\n\t\t\t\t<div class=\"elementor-widget-container\">\n\t\t\t<div id=\"regio-1463702844\"><div class=\"regio-adlabel\">Werbung<\/div><center><a href=\"https:\/\/a.partner-versicherung.de\/click.php?partner_id=19992&ad_id=1578&deep=kreditkarten\"  target=\"_blank\"><img decoding=\"async\" src=\"https:\/\/a.partner-versicherung.de\/view.php?partner_id=19992&ad_id=1578\" ><\/a><\/center><\/div>\t\t<\/div>\n\t\t\t\t<\/div>\n\t\t\t\t<div class=\"elementor-element elementor-element-443ab98 elementor-widget elementor-widget-text-editor\" data-id=\"443ab98\" data-element_type=\"widget\" data-widget_type=\"text-editor.default\">\n\t\t\t\t<div class=\"elementor-widget-container\">\n\t\t\t\t\t\t\t<h3><span id=\"page3R_mcid11\" class=\"markedContent\"><span dir=\"ltr\" role=\"presentation\">Einf\u00fchrungstage im September 2022:\u00a0<\/span><\/span><span id=\"page3R_mcid12\" class=\"markedContent\"><\/span><span id=\"page3R_mcid13\" class=\"markedContent\"><br role=\"presentation\" \/><span dir=\"ltr\" role=\"presentation\">Sieben Nachwuchskr\u00e4fte starten bei der Stadt<\/span><\/span><\/h3><p><span style=\"font-size: 12pt;\">Schwabach &#8211; <span id=\"page3R_mcid15\" class=\"markedContent\"><span dir=\"ltr\" role=\"presentation\">\u201eNur mit motivierten Leuten ist es m\u00f6glich, den Laden am Laufen zu halten.\u201c<\/span> <span dir=\"ltr\" role=\"presentation\">\u2013 <\/span><span dir=\"ltr\" role=\"presentation\">Mit diesem<\/span> <span dir=\"ltr\" role=\"presentation\">salopp formulierten Satz brachte Oberb\u00fcrgermeister Peter Rei\u00df f\u00fcr <\/span><span dir=\"ltr\" role=\"presentation\">die Nachwuchskr\u00e4fte, die am Donnerstag, den 1. September 2022, ihre Ausbildung bei der Stadt begannen, die <\/span><span dir=\"ltr\" role=\"presentation\">Bedeutung<\/span> <span dir=\"ltr\" role=\"presentation\">ihrer zuk\u00fcnftigen Aufgaben auf den Punkt. <\/span><\/span><\/span><\/p><p><span style=\"font-size: 12pt;\"><span id=\"page3R_mcid15\" class=\"markedContent\"><span dir=\"ltr\" role=\"presentation\">\u201eDie<\/span> <span dir=\"ltr\" role=\"presentation\">Le<\/span><span dir=\"ltr\" role=\"presentation\">istungen<\/span> <span dir=\"ltr\" role=\"presentation\">der <\/span><span dir=\"ltr\" role=\"presentation\">\u00f6ffentlichen Hand sind vielf\u00e4ltig<\/span> <span dir=\"ltr\" role=\"presentation\">und wichtig<\/span><span dir=\"ltr\" role=\"presentation\">. Der Stra<\/span><span dir=\"ltr\" role=\"presentation\">\u00dfenbau geh\u00f6rt genauso <\/span><span dir=\"ltr\" role=\"presentation\">dazu wie warmes Wasser, das aus der Leitung kommt.\u201c Insgesamt begr\u00fc\u00dfte <\/span><span dir=\"ltr\" role=\"presentation\">Rei\u00df<\/span> <span dir=\"ltr\" role=\"presentation\">\u2013<\/span> <span dir=\"ltr\" role=\"presentation\">gemeinsam mit Vertreterinnen der Personalentwicklung<\/span> <span dir=\"ltr\" role=\"presentation\">\u2013<\/span> <span dir=\"ltr\" role=\"presentation\">sieben neue <\/span><span dir=\"ltr\" role=\"presentation\">Nachwuchskr\u00e4fte im B\u00fcrgerhaussaal: zwei Beamtenanw\u00e4rter der zweiten <\/span><span dir=\"ltr\" role=\"presentation\">Qualifikationsebene,<\/span> <span dir=\"ltr\" role=\"presentation\">drei angehende Verwal<\/span><span dir=\"ltr\" role=\"presentation\">tungsfachangestellte, einen <\/span><span dir=\"ltr\" role=\"presentation\">Auszubildenden zum Stra\u00dfenw\u00e4rter und eine junge Frau, die Zierpflanzen<\/span><span dir=\"ltr\" role=\"presentation\">g\u00e4rtnerin werden m\u00f6chte. Zwei Frauen und ein Mann beginnen zudem zum 1. <\/span><span dir=\"ltr\" role=\"presentation\">Oktober 2022 ein Duales Studium als Diplom<\/span><span dir=\"ltr\" role=\"presentation\">&#8211;<\/span><span dir=\"ltr\" role=\"presentation\">Verwaltungswirt\/in.<\/span><\/span><span id=\"page3R_mcid16\" class=\"markedContent\"><\/span><span id=\"page3R_mcid17\" class=\"markedContent\"><br role=\"presentation\" \/><\/span><\/span><\/p><p><span style=\"font-size: 12pt;\"><span id=\"page3R_mcid17\" class=\"markedContent\"><span dir=\"ltr\" role=\"presentation\">Nach<\/span> <span dir=\"ltr\" role=\"presentation\">der Begr\u00fc\u00dfung, einf\u00fchrenden Worten und vielen Informationen zum <\/span><span dir=\"ltr\" role=\"presentation\">Ablauf der Ausbildung gingen alle gemeinsam zum Mittagessen. Dem <\/span><span dir=\"ltr\" role=\"presentation\">Kennenlernen dien<\/span><span dir=\"ltr\" role=\"presentation\">en<\/span> <span dir=\"ltr\" role=\"presentation\">auch die anschlie\u00dfende Stadtf\u00fchrung<\/span> <span dir=\"ltr\" role=\"presentation\">und eine <\/span><span dir=\"ltr\" role=\"presentation\">Stadtrallye am zweiten Tag<\/span><span dir=\"ltr\" role=\"presentation\">, bei der die<\/span> <span dir=\"ltr\" role=\"presentation\">Neuen<\/span> <span dir=\"ltr\" role=\"presentation\">die verschiedenen \u00c4mt<\/span><span dir=\"ltr\" role=\"presentation\">er der <\/span><span dir=\"ltr\" role=\"presentation\">Stadtverwaltung erkunden<\/span> <span dir=\"ltr\" role=\"presentation\">k\u00f6nnen<\/span><span dir=\"ltr\" role=\"presentation\">.<\/span><\/span><span id=\"page3R_mcid18\" class=\"markedContent\"><\/span><span id=\"page3R_mcid19\" class=\"markedContent\"><br role=\"presentation\" \/><\/span><\/span><\/p><p><strong><span style=\"font-size: 12pt;\"><span id=\"page3R_mcid19\" class=\"markedContent\"><span dir=\"ltr\" role=\"presentation\">Foto: Die neuen Nachwuchskr\u00e4fte mit den Vertreterinnen des Personalamtes <\/span><span dir=\"ltr\" role=\"presentation\">und mit OB Peter Rei\u00df (von links) Saskia Cammareri<\/span><span dir=\"ltr\" role=\"presentation\">, Leiterin des Amtes f\u00fcr <\/span><span dir=\"ltr\" role=\"presentation\">Personal und Organisation, Marion Reiners, Personalentwicklung, Bianca <\/span><span dir=\"ltr\" role=\"presentation\">Langner, Lena Schulz, Ausbildungsleiterin Michaela Weber, Jaqueline Mack, <\/span><\/span><span id=\"page15R_mcid0\" class=\"markedContent\"><span dir=\"ltr\" role=\"presentation\">Christian Kirstein, Finn Stellwag, Jan Behringer, Jannik Stallwitz und OB Peter <\/span><span dir=\"ltr\" role=\"presentation\">Rei\u00df.\u00a0<\/span><\/span><\/span><\/strong><\/p>\t\t\t\t\t\t<\/div>\n\t\t\t\t<\/div>\n\t\t\t\t<div class=\"elementor-element elementor-element-be99ed7 elementor-widget elementor-widget-image\" data-id=\"be99ed7\" data-element_type=\"widget\" data-widget_type=\"image.default\">\n\t\t\t\t<div class=\"elementor-widget-container\">\n\t\t\t\t\t\t\t\t\t\t\t\t\t<img fetchpriority=\"high\" decoding=\"async\" width=\"960\" height=\"672\" src=\"https:\/\/www.region-schwabach.de\/wordpress\/wp-content\/uploads\/2022\/09\/PM135_Neue-Nachwuchskraefte-scaled-e1662499459167.jpg\" class=\"attachment-full size-full wp-image-181607\" alt=\"\" srcset=\"https:\/\/www.region-schwabach.de\/wordpress\/wp-content\/uploads\/2022\/09\/PM135_Neue-Nachwuchskraefte-scaled-e1662499459167.jpg 960w, https:\/\/www.region-schwabach.de\/wordpress\/wp-content\/uploads\/2022\/09\/PM135_Neue-Nachwuchskraefte-scaled-e1662499459167-300x210.jpg 300w, https:\/\/www.region-schwabach.de\/wordpress\/wp-content\/uploads\/2022\/09\/PM135_Neue-Nachwuchskraefte-scaled-e1662499459167-768x538.jpg 768w\" sizes=\"(max-width: 960px) 100vw, 960px\" \/>\t\t\t\t\t\t\t\t\t\t\t\t\t<\/div>\n\t\t\t\t<\/div>\n\t\t\t\t<div class=\"elementor-element elementor-element-4c73996 elementor-widget elementor-widget-shortcode\" data-id=\"4c73996\" data-element_type=\"widget\" data-widget_type=\"shortcode.default\">\n\t\t\t\t<div class=\"elementor-widget-container\">\n\t\t\t\t\t<div class=\"elementor-shortcode\"><center><a href=\"https:\/\/a.partner-versicherung.de\/click.php?partner_id=19992&ad_id=441&deep=kfz-versicherung\"  target=\"_blank\"><img decoding=\"async\" src=\"https:\/\/a.partner-versicherung.de\/view.php?partner_id=19992&ad_id=441\" ><\/a><\/center><\/div>\n\t\t\t\t<\/div>\n\t\t\t\t<\/div>\n\t\t\t\t<div class=\"elementor-element elementor-element-9ac84f6 elementor-widget-divider--view-line elementor-widget elementor-widget-divider\" data-id=\"9ac84f6\" data-element_type=\"widget\" data-widget_type=\"divider.default\">\n\t\t\t\t<div class=\"elementor-widget-container\">\n\t\t\t\t\t<div class=\"elementor-divider\">\n\t\t\t<span class=\"elementor-divider-separator\">\n\t\t\t\t\t\t<\/span>\n\t\t<\/div>\n\t\t\t\t<\/div>\n\t\t\t\t<\/div>\n\t\t\t\t<div class=\"elementor-element elementor-element-f0b3882 elementor-widget elementor-widget-google_maps\" data-id=\"f0b3882\" data-element_type=\"widget\" data-widget_type=\"google_maps.default\">\n\t\t\t\t<div class=\"elementor-widget-container\">\n\t\t\t\t\t<div class=\"elementor-custom-embed\">\n\t\t\t<iframe loading=\"lazy\"\n\t\t\t\t\tsrc=\"https:\/\/maps.google.com\/maps?q=K%C3%B6nigsplatz%201%2C%20Schwabach%2C%20Deutschland&#038;t=m&#038;z=17&#038;output=embed&#038;iwloc=near\"\n\t\t\t\t\ttitle=\"K\u00f6nigsplatz 1, Schwabach, Deutschland\"\n\t\t\t\t\taria-label=\"K\u00f6nigsplatz 1, Schwabach, Deutschland\"\n\t\t\t><\/iframe>\n\t\t<\/div>\n\t\t\t\t<\/div>\n\t\t\t\t<\/div>\n\t\t\t\t\t<\/div>\n\t\t<\/div>\n\t\t\t\t<div class=\"elementor-column elementor-col-33 elementor-top-column elementor-element elementor-element-f645137\" data-id=\"f645137\" data-element_type=\"column\">\n\t\t\t<div class=\"elementor-widget-wrap elementor-element-populated\">\n\t\t\t\t\t\t<div class=\"elementor-element elementor-element-8205d68 elementor-widget elementor-widget-heading\" data-id=\"8205d68\" data-element_type=\"widget\" data-widget_type=\"heading.default\">\n\t\t\t\t<div class=\"elementor-widget-container\">\n\t\t\t<h3 class=\"elementor-heading-title elementor-size-default\">Schnell vergleichen und sparen!<\/h3>\t\t<\/div>\n\t\t\t\t<\/div>\n\t\t\t\t<div class=\"elementor-element elementor-element-06486d9 elementor-widget elementor-widget-wp-widget-advads_ad_widget\" data-id=\"06486d9\" data-element_type=\"widget\" data-widget_type=\"wp-widget-advads_ad_widget.default\">\n\t\t\t\t<div class=\"elementor-widget-container\">\n\t\t\t<div id=\"regio-347258372\"><div class=\"regio-adlabel\">Werbung<\/div><!-- Beginn https:\/\/www.financeads.net\/-Code --><a href=\"https:\/\/www.financeads.net\/tc.php?t=36648C236142529B\" target=\"_blank\"><img decoding=\"async\" src=\"https:\/\/www.financeads.net\/tb.php?t=36648V236142529B&https=1\" alt=\"\" border=\"0\" width=\"300\" height=\"250\"><\/a><!-- Ende https:\/\/www.financeads.net\/-Code --><\/div>\t\t<\/div>\n\t\t\t\t<\/div>\n\t\t\t\t<div class=\"elementor-element elementor-element-103c6ce elementor-widget elementor-widget-wp-widget-advads_ad_widget\" data-id=\"103c6ce\" data-element_type=\"widget\" data-widget_type=\"wp-widget-advads_ad_widget.default\">\n\t\t\t\t<div class=\"elementor-widget-container\">\n\t\t\t<div id=\"regio-2385008567\"><div class=\"regio-adlabel\">Werbung<\/div><!-- Beginn https:\/\/www.financeads.net\/-Code --><a href=\"https:\/\/www.financeads.net\/tc.php?t=36648C42614510B\" target=\"_blank\"><img decoding=\"async\" src=\"https:\/\/www.financeads.net\/tb.php?t=36648V42614510B&https=1\" alt=\"\" border=\"0\" width=\"200\" height=\"300\"><\/a><!-- Ende https:\/\/www.financeads.net\/-Code --><\/div>\t\t<\/div>\n\t\t\t\t<\/div>\n\t\t\t\t<div class=\"elementor-element elementor-element-277c3ba elementor-widget elementor-widget-wp-widget-advads_ad_widget\" data-id=\"277c3ba\" data-element_type=\"widget\" data-widget_type=\"wp-widget-advads_ad_widget.default\">\n\t\t\t\t<div class=\"elementor-widget-container\">\n\t\t\t<div id=\"regio-1394481611\"><div class=\"regio-adlabel\">Werbung<\/div><!-- Beginn https:\/\/www.financeads.net\/-Code --><a href=\"https:\/\/www.financeads.net\/tc.php?t=36648C205040072B\" target=\"_blank\"><img loading=\"lazy\" decoding=\"async\" src=\"https:\/\/www.financeads.net\/tb.php?t=36648V205040072B&https=1\" alt=\"\" border=\"0\" width=\"300\" height=\"250\"><\/a><!-- Ende https:\/\/www.financeads.net\/-Code --><\/div>\t\t<\/div>\n\t\t\t\t<\/div>\n\t\t\t\t<div class=\"elementor-element elementor-element-014099f elementor-widget elementor-widget-wp-widget-advads_ad_widget\" data-id=\"014099f\" data-element_type=\"widget\" data-widget_type=\"wp-widget-advads_ad_widget.default\">\n\t\t\t\t<div class=\"elementor-widget-container\">\n\t\t\t<div id=\"regio-659092105\"><div class=\"regio-adlabel\">Werbung<\/div><!-- Beginn https:\/\/www.financeads.net\/-Code --><a href=\"https:\/\/www.financeads.net\/tc.php?t=36648C271460142B\" target=\"_blank\"><img loading=\"lazy\" decoding=\"async\" src=\"https:\/\/www.financeads.net\/tb.php?t=36648V271460142B&https=1\" alt=\"PETPROTECT_Hund&Katze_Banner\" border=\"0\" width=\"250\" height=\"250\"><\/a><!-- Ende https:\/\/www.financeads.net\/-Code --><\/div>\t\t<\/div>\n\t\t\t\t<\/div>\n\t\t\t\t\t<\/div>\n\t\t<\/div>\n\t\t\t\t\t<\/div>\n\t\t<\/section>\n\t\t\t\t<section class=\"elementor-section elementor-top-section elementor-element elementor-element-65827af elementor-section-boxed elementor-section-height-default elementor-section-height-default\" data-id=\"65827af\" data-element_type=\"section\">\n\t\t\t\t\t\t<div class=\"elementor-container elementor-column-gap-default\">\n\t\t\t\t\t<div class=\"elementor-column elementor-col-100 elementor-top-column elementor-element elementor-element-e5d901d\" data-id=\"e5d901d\" data-element_type=\"column\">\n\t\t\t<div class=\"elementor-widget-wrap\">\n\t\t\t\t\t\t\t<\/div>\n\t\t<\/div>\n\t\t\t\t\t<\/div>\n\t\t<\/section>\n\t\t\t\t<\/div>\n\t\t","protected":false},"excerpt":{"rendered":"<div class=\"mh-excerpt\"><p>Einf\u00fchrungstage im September 2022:&nbsp;Sieben Nachwuchskr\u00e4fte starten bei der Stadt Schwabach &#8211; \u201eNur mit motivierten Leuten ist es m\u00f6glich, den Laden am Laufen zu halten.\u201c \u2013 Mit diesem salopp formulierten Satz brachte Oberb\u00fcrgermeister Peter Rei\u00df f\u00fcr <a class=\"mh-excerpt-more\" href=\"https:\/\/www.region-schwabach.de\/wordpress\/nachwuchskrafte-starten-im-september-2022-ihre-ausbildung-bei-der-stadt-schwabach\/\" title=\"Nachwuchskr\u00e4fte starten im September 2022 ihre Ausbildung bei der Stadt Schwabach\">[&#8230;]<\/a><\/p>\n<\/div>","protected":false},"author":1,"featured_media":181607,"comment_status":"open","ping_status":"open","sticky":false,"template":"","format":"standard","meta":{"_cbd_carousel_blocks":"[]","footnotes":""},"categories":[16,1,61,3967,231],"tags":[20131,20132,4260,299,5797,19687,1480,19,19536,3151,5800,5799,5798],"class_list":{"0":"post-181606","1":"post","2":"type-post","3":"status-publish","4":"format-standard","5":"has-post-thumbnail","7":"category-aktuell","8":"category-allgemein","9":"category-rathaus","10":"category-unternehmen","11":"category-veranstaltungsnews","12":"tag-01-09-2022","13":"tag-1-september-2022","14":"tag-ausbildung","15":"tag-gaertner","16":"tag-nachwuchskraefte","17":"tag-ob-peter-reiss","18":"tag-rathaus","19":"tag-schwabach","20":"tag-september-2022","21":"tag-stadt-schwabach","22":"tag-strassenwaerter","23":"tag-verwaltungsfachangestellte","24":"tag-verwaltungswirt-in"},"_links":{"self":[{"href":"https:\/\/www.region-schwabach.de\/wordpress\/wp-json\/wp\/v2\/posts\/181606","targetHints":{"allow":["GET"]}}],"collection":[{"href":"https:\/\/www.region-schwabach.de\/wordpress\/wp-json\/wp\/v2\/posts"}],"about":[{"href":"https:\/\/www.region-schwabach.de\/wordpress\/wp-json\/wp\/v2\/types\/post"}],"author":[{"embeddable":true,"href":"https:\/\/www.region-schwabach.de\/wordpress\/wp-json\/wp\/v2\/users\/1"}],"replies":[{"embeddable":true,"href":"https:\/\/www.region-schwabach.de\/wordpress\/wp-json\/wp\/v2\/comments?post=181606"}],"version-history":[{"count":0,"href":"https:\/\/www.region-schwabach.de\/wordpress\/wp-json\/wp\/v2\/posts\/181606\/revisions"}],"wp:featuredmedia":[{"embeddable":true,"href":"https:\/\/www.region-schwabach.de\/wordpress\/wp-json\/wp\/v2\/media\/181607"}],"wp:attachment":[{"href":"https:\/\/www.region-schwabach.de\/wordpress\/wp-json\/wp\/v2\/media?parent=181606"}],"wp:term":[{"taxonomy":"category","embeddable":true,"href":"https:\/\/www.region-schwabach.de\/wordpress\/wp-json\/wp\/v2\/categories?post=181606"},{"taxonomy":"post_tag","embeddable":true,"href":"https:\/\/www.region-schwabach.de\/wordpress\/wp-json\/wp\/v2\/tags?post=181606"}],"curies":[{"name":"wp","href":"https:\/\/api.w.org\/{rel}","templated":true}]}}