{"id":181727,"date":"2022-09-09T01:30:00","date_gmt":"2022-09-08T23:30:00","guid":{"rendered":"https:\/\/www.region-schwabach.de\/wordpress\/?p=181727"},"modified":"2022-09-08T23:19:03","modified_gmt":"2022-09-08T21:19:03","slug":"zusatzliche-gartenabfallcontainer-im-stadtgebiet-ab-freitag-den-9-september-2022","status":"publish","type":"post","link":"https:\/\/www.region-schwabach.de\/wordpress\/zusatzliche-gartenabfallcontainer-im-stadtgebiet-ab-freitag-den-9-september-2022\/","title":{"rendered":"Zus\u00e4tzliche Gartenabfallcontainer im Stadtgebiet ab Freitag, den 9. September 2022"},"content":{"rendered":"\t\t<div data-elementor-type=\"wp-post\" data-elementor-id=\"181727\" class=\"elementor elementor-181727\">\n\t\t\t\t\t\t<section class=\"elementor-section elementor-top-section elementor-element elementor-element-tlus4ia elementor-section-boxed elementor-section-height-default elementor-section-height-default\" data-id=\"tlus4ia\" data-element_type=\"section\">\n\t\t\t\t\t\t<div class=\"elementor-container elementor-column-gap-default\">\n\t\t\t\t\t<div class=\"elementor-column elementor-col-50 elementor-top-column elementor-element elementor-element-sphcucl\" data-id=\"sphcucl\" data-element_type=\"column\">\n\t\t\t<div class=\"elementor-widget-wrap elementor-element-populated\">\n\t\t\t\t\t\t<div class=\"elementor-element elementor-element-95bb7e3 elementor-widget elementor-widget-wp-widget-advads_ad_widget\" data-id=\"95bb7e3\" data-element_type=\"widget\" data-widget_type=\"wp-widget-advads_ad_widget.default\">\n\t\t\t\t<div class=\"elementor-widget-container\">\n\t\t\t<div id=\"regio-1617845329\"><div class=\"regio-adlabel\">Werbung<\/div><center><a href=\"https:\/\/a.partner-versicherung.de\/click.php?partner_id=19992&ad_id=1578&deep=kreditkarten\"  target=\"_blank\"><img decoding=\"async\" src=\"https:\/\/a.partner-versicherung.de\/view.php?partner_id=19992&ad_id=1578\" ><\/a><\/center><\/div>\t\t<\/div>\n\t\t\t\t<\/div>\n\t\t\t\t<div class=\"elementor-element elementor-element-4f2h2af elementor-widget elementor-widget-text-editor\" data-id=\"4f2h2af\" data-element_type=\"widget\" data-widget_type=\"text-editor.default\">\n\t\t\t\t<div class=\"elementor-widget-container\">\n\t\t\t\t\t\t\t<h3>Zus\u00e4tzliche Gartenabfallcontainer ab 9. September 2022<br \/>Abgabe auch an der Kompostierungsanlage m\u00f6glich<\/h3><p><span style=\"font-size: 12pt;\">Schwabach &#8211; Ab Freitag, den 9. September 2022, stellt die Stadtdienste Schwabach GmbH an neun Stellen wieder zus\u00e4tzliche Gartenabfallcontainer auf. Diese bleiben bis einschlie\u00dflich Samstag, den 3. Dezember 2022, am jeweiligen Standort stehen.<\/span><\/p><h3>Die Standorte<\/h3><ul style=\"list-style-type: disc;\"><li><span style=\"font-size: 12pt;\">Joachimsthaler Stra\u00dfe\/Ecke\u00a0Kettelerstra\u00dfe<\/span><\/li><li><span style=\"font-size: 12pt;\">Rohrersm\u00fchle\/Dreitorweg<\/span><\/li><li><span style=\"font-size: 12pt;\">Dr.-Georg-Betz-Stra\u00dfe (Eichwasen)<\/span><\/li><li><span style=\"font-size: 12pt;\">Obermainbach (Parkplatz)<\/span><\/li><li><span style=\"font-size: 12pt;\">Schaftnach (Feuerwehrhaus)<\/span><\/li><li><span style=\"font-size: 12pt;\">Schlo\u00dfsteig\u00a0(Unterreichenbach)<\/span><\/li><li><span style=\"font-size: 12pt;\">Igelsdorfer Weg (Vogelherd)\u00a0<\/span><\/li><li><span style=\"font-size: 12pt;\">Regelsbacher Stra\u00dfe (Alte Linde)\u00a0<\/span><\/li><li><span style=\"font-size: 12pt;\">Am Pfaffensteig (Wolkersdorf) &#8211; Freitag, den 30. September 2022, bis einschlie\u00dflich Samstag, den 12. November 2022\u00a0<\/span><\/li><\/ul><p><span style=\"font-size: 12pt;\">Strauch- oder Heckenschnitt, Gras und Laub werden am besten im eigenen\u00a0Garten kompostiert. In kleinen Mengen d\u00fcrfen Gr\u00fcnabf\u00e4lle auch in die Biotonne\u00a0gegeben werden.<\/span><\/p><h3>Bei der Anlieferung an einem Gartenabfallcontainer ist folgendes zu beachten:<\/h3><ul style=\"list-style-type: disc;\"><li><span style=\"font-size: 12pt;\">Einwurf nur bis zwei Kubikmeter<\/span><\/li><li><span style=\"font-size: 12pt;\">keine\u00a0Kunststoffs\u00e4cke, Blument\u00f6pfe, Wurzelst\u00f6cke oder Asche von<\/span><br \/><span style=\"font-size: 12pt;\">Feuerungsanlagen<\/span><\/li><li><span style=\"font-size: 12pt;\">kein Bauholz oder Restm\u00fcll<\/span><\/li><li><span style=\"font-size: 12pt;\">neben den Containern d\u00fcrfen\u00a0weder Gr\u00fcngut noch Erdaushub oder Bauschutt abgelagert werden.<\/span><\/li><\/ul><h3>Einwurfzeiten beachten!<\/h3><p><span style=\"font-size: 12pt;\">Im Interesse der Anwohner gelten die Einwurfzeiten Montag bis Samstag von 07.00 Uhr\u00a0bis 19.00 Uhr. Gartenabf\u00e4lle k\u00f6nnen von Dienstag bis Freitag von 10.00 Uhr bis 17.00 Uhr und\u00a0Samstag von 09.00 bis 15.00 Uhr auch direkt zur Kompostierungsanlage in der\u00a0Hirschenholzstra\u00dfe (st\u00e4dtisches Entsorgungszentrum) gebracht werden.<\/span><\/p><h3>Bis zu vier\u00a0Kubikmeter kostenlos<\/h3><p><span style=\"font-size: 12pt;\">Sie\u00a0werden \u00fcber die Fahrzeugwaage erfasst und k\u00f6nnen dann \u2013 bis zu vier\u00a0Kubikmeter \u2013 kostenlos abgekippt werden. Gr\u00fcngut aus gewerblicher T\u00e4tigkeit,\u00a0zum Beispiel aus G\u00e4rtnereien oder der Land- und Forstwirtschaft, ist hingegen\u00a0kostenpflichtig.<\/span><\/p><h3>Weitere Informationen<\/h3><p><span style=\"font-size: 12pt;\">Weitere Informationen finden sich im Internet unter\u00a0<a href=\"http:\/\/www.schwabach.de\/Entsorgungswegweiser\" target=\"_blank\" rel=\"noopener\">www.schwabach.de\/Entsorgungswegweiser<\/a>. Auch die Abfallberatung hilft unter\u00a0der Telefonnummer 860-228 weiter.<\/span><\/p><h3>Weiterf\u00fchrende Links:\u00a0<\/h3><p><a href=\"https:\/\/www.schwabach.de\/de\/stadtverwaltung\/referat-5-umwelt-mobilitaet-nachhaltigkeit-und-klimaschutz\/637-umweltschutzamt\/640-dienstleistungen\/642-abfallwirtschaft\/10231-gartenabfaelle.html\" target=\"_blank\" rel=\"noopener\"><span style=\"font-size: 12pt;\">Die wichtigsten Antworten im Zusammenhang mit der Abfallwirtschaft finden Sie hier &#8230;<\/span><\/a><\/p>\t\t\t\t\t\t<\/div>\n\t\t\t\t<\/div>\n\t\t\t\t<div class=\"elementor-element elementor-element-772dde2 elementor-widget-divider--view-line elementor-widget elementor-widget-divider\" data-id=\"772dde2\" data-element_type=\"widget\" data-widget_type=\"divider.default\">\n\t\t\t\t<div class=\"elementor-widget-container\">\n\t\t\t\t\t<div class=\"elementor-divider\">\n\t\t\t<span class=\"elementor-divider-separator\">\n\t\t\t\t\t\t<\/span>\n\t\t<\/div>\n\t\t\t\t<\/div>\n\t\t\t\t<\/div>\n\t\t\t\t<div class=\"elementor-element elementor-element-39c5f74 elementor-widget elementor-widget-google_maps\" data-id=\"39c5f74\" data-element_type=\"widget\" data-widget_type=\"google_maps.default\">\n\t\t\t\t<div class=\"elementor-widget-container\">\n\t\t\t\t\t<div class=\"elementor-custom-embed\">\n\t\t\t<iframe loading=\"lazy\"\n\t\t\t\t\tsrc=\"https:\/\/maps.google.com\/maps?q=Schwabach%2C%20Deutschland&#038;t=m&#038;z=12&#038;output=embed&#038;iwloc=near\"\n\t\t\t\t\ttitle=\"Schwabach, Deutschland\"\n\t\t\t\t\taria-label=\"Schwabach, Deutschland\"\n\t\t\t><\/iframe>\n\t\t<\/div>\n\t\t\t\t<\/div>\n\t\t\t\t<\/div>\n\t\t\t\t\t<\/div>\n\t\t<\/div>\n\t\t\t\t<div class=\"elementor-column elementor-col-50 elementor-top-column elementor-element elementor-element-b9723ad\" data-id=\"b9723ad\" data-element_type=\"column\">\n\t\t\t<div class=\"elementor-widget-wrap elementor-element-populated\">\n\t\t\t\t\t\t<div class=\"elementor-element elementor-element-abe8916 elementor-widget elementor-widget-heading\" data-id=\"abe8916\" data-element_type=\"widget\" data-widget_type=\"heading.default\">\n\t\t\t\t<div class=\"elementor-widget-container\">\n\t\t\t<h3 class=\"elementor-heading-title elementor-size-default\">Schnell vergleichen und sparen!<\/h3>\t\t<\/div>\n\t\t\t\t<\/div>\n\t\t\t\t<div class=\"elementor-element elementor-element-9d49bd1 elementor-widget elementor-widget-wp-widget-advads_ad_widget\" data-id=\"9d49bd1\" data-element_type=\"widget\" data-widget_type=\"wp-widget-advads_ad_widget.default\">\n\t\t\t\t<div class=\"elementor-widget-container\">\n\t\t\t<div id=\"regio-2347292635\"><div class=\"regio-adlabel\">Werbung<\/div><!-- Beginn https:\/\/www.financeads.net\/-Code --><a href=\"https:\/\/www.financeads.net\/tc.php?t=36648C236142529B\" target=\"_blank\"><img fetchpriority=\"high\" decoding=\"async\" src=\"https:\/\/www.financeads.net\/tb.php?t=36648V236142529B&https=1\" alt=\"\" border=\"0\" width=\"300\" height=\"250\"><\/a><!-- Ende https:\/\/www.financeads.net\/-Code --><\/div>\t\t<\/div>\n\t\t\t\t<\/div>\n\t\t\t\t<div class=\"elementor-element elementor-element-3441980 elementor-widget elementor-widget-wp-widget-advads_ad_widget\" data-id=\"3441980\" data-element_type=\"widget\" data-widget_type=\"wp-widget-advads_ad_widget.default\">\n\t\t\t\t<div class=\"elementor-widget-container\">\n\t\t\t<div id=\"regio-2591456204\"><div class=\"regio-adlabel\">Werbung<\/div><!-- Beginn https:\/\/www.financeads.net\/-Code --><a href=\"https:\/\/www.financeads.net\/tc.php?t=36648C42614510B\" target=\"_blank\"><img decoding=\"async\" src=\"https:\/\/www.financeads.net\/tb.php?t=36648V42614510B&https=1\" alt=\"\" border=\"0\" width=\"200\" height=\"300\"><\/a><!-- Ende https:\/\/www.financeads.net\/-Code --><\/div>\t\t<\/div>\n\t\t\t\t<\/div>\n\t\t\t\t<div class=\"elementor-element elementor-element-3ec3780 elementor-widget elementor-widget-wp-widget-advads_ad_widget\" data-id=\"3ec3780\" data-element_type=\"widget\" data-widget_type=\"wp-widget-advads_ad_widget.default\">\n\t\t\t\t<div class=\"elementor-widget-container\">\n\t\t\t<div id=\"regio-1666811064\"><div class=\"regio-adlabel\">Werbung<\/div><!-- Beginn https:\/\/www.financeads.net\/-Code --><a href=\"https:\/\/www.financeads.net\/tc.php?t=36648C205040072B\" target=\"_blank\"><img decoding=\"async\" src=\"https:\/\/www.financeads.net\/tb.php?t=36648V205040072B&https=1\" alt=\"\" border=\"0\" width=\"300\" height=\"250\"><\/a><!-- Ende https:\/\/www.financeads.net\/-Code --><\/div>\t\t<\/div>\n\t\t\t\t<\/div>\n\t\t\t\t<div class=\"elementor-element elementor-element-8c1338c elementor-widget elementor-widget-wp-widget-advads_ad_widget\" data-id=\"8c1338c\" data-element_type=\"widget\" data-widget_type=\"wp-widget-advads_ad_widget.default\">\n\t\t\t\t<div class=\"elementor-widget-container\">\n\t\t\t<div id=\"regio-1566327156\"><div class=\"regio-adlabel\">Werbung<\/div><!-- Beginn https:\/\/www.financeads.net\/-Code --><a href=\"https:\/\/www.financeads.net\/tc.php?t=36648C271460142B\" target=\"_blank\"><img loading=\"lazy\" decoding=\"async\" src=\"https:\/\/www.financeads.net\/tb.php?t=36648V271460142B&https=1\" alt=\"PETPROTECT_Hund&Katze_Banner\" border=\"0\" width=\"250\" height=\"250\"><\/a><!-- Ende https:\/\/www.financeads.net\/-Code --><\/div>\t\t<\/div>\n\t\t\t\t<\/div>\n\t\t\t\t\t<\/div>\n\t\t<\/div>\n\t\t\t\t\t<\/div>\n\t\t<\/section>\n\t\t\t\t<\/div>\n\t\t","protected":false},"excerpt":{"rendered":"<div class=\"mh-excerpt\"><p>Zus\u00e4tzliche Gartenabfallcontainer ab 9. September 2022Abgabe auch an der Kompostierungsanlage m\u00f6glich Schwabach &#8211; Ab Freitag, den 9. September 2022, stellt die Stadtdienste Schwabach GmbH an neun Stellen wieder zus\u00e4tzliche Gartenabfallcontainer auf. Diese bleiben bis einschlie\u00dflich <a class=\"mh-excerpt-more\" href=\"https:\/\/www.region-schwabach.de\/wordpress\/zusatzliche-gartenabfallcontainer-im-stadtgebiet-ab-freitag-den-9-september-2022\/\" title=\"Zus\u00e4tzliche Gartenabfallcontainer im Stadtgebiet ab Freitag, den 9. September 2022\">[&#8230;]<\/a><\/p>\n<\/div>","protected":false},"author":1,"featured_media":55895,"comment_status":"open","ping_status":"open","sticky":false,"template":"","format":"standard","meta":{"_cbd_carousel_blocks":"[]","footnotes":""},"categories":[16,4306,61,203],"tags":[20209,20208,20213,4075,20216,20210,5888,20212,1480,20217,20211,20214,20215,19,3151,5887,5889],"class_list":{"0":"post-181727","1":"post","2":"type-post","3":"status-publish","4":"format-standard","5":"has-post-thumbnail","7":"category-aktuell","8":"category-ratgeber","9":"category-rathaus","10":"category-umwelt-nachrichten","11":"tag-09-09-2022-bis-03-12-2022","12":"tag-9-september-2022-bis-3-dezember-2022","13":"tag-dr-georg-betz-strasse-eichwasen","14":"tag-gartenabfallcontainer","15":"tag-igelsdorfer-weg-vogelherd","16":"tag-joachimsthaler-strasse-ecke-kettelerstrasse","17":"tag-kompostierungsanlage","18":"tag-obermainbach-parkplatz","19":"tag-rathaus","20":"tag-regelsbacher-strasse-alte-linde","21":"tag-rohrersmuehle-dreitorweg","22":"tag-schaftnach-feuerwehrhaus","23":"tag-schlosssteig-unterreichenbach","24":"tag-schwabach","25":"tag-stadt-schwabach","26":"tag-stadtdienste-schwabach-gmbh","27":"tag-staedtisches-entsorgungszentrum"},"_links":{"self":[{"href":"https:\/\/www.region-schwabach.de\/wordpress\/wp-json\/wp\/v2\/posts\/181727","targetHints":{"allow":["GET"]}}],"collection":[{"href":"https:\/\/www.region-schwabach.de\/wordpress\/wp-json\/wp\/v2\/posts"}],"about":[{"href":"https:\/\/www.region-schwabach.de\/wordpress\/wp-json\/wp\/v2\/types\/post"}],"author":[{"embeddable":true,"href":"https:\/\/www.region-schwabach.de\/wordpress\/wp-json\/wp\/v2\/users\/1"}],"replies":[{"embeddable":true,"href":"https:\/\/www.region-schwabach.de\/wordpress\/wp-json\/wp\/v2\/comments?post=181727"}],"version-history":[{"count":0,"href":"https:\/\/www.region-schwabach.de\/wordpress\/wp-json\/wp\/v2\/posts\/181727\/revisions"}],"wp:featuredmedia":[{"embeddable":true,"href":"https:\/\/www.region-schwabach.de\/wordpress\/wp-json\/wp\/v2\/media\/55895"}],"wp:attachment":[{"href":"https:\/\/www.region-schwabach.de\/wordpress\/wp-json\/wp\/v2\/media?parent=181727"}],"wp:term":[{"taxonomy":"category","embeddable":true,"href":"https:\/\/www.region-schwabach.de\/wordpress\/wp-json\/wp\/v2\/categories?post=181727"},{"taxonomy":"post_tag","embeddable":true,"href":"https:\/\/www.region-schwabach.de\/wordpress\/wp-json\/wp\/v2\/tags?post=181727"}],"curies":[{"name":"wp","href":"https:\/\/api.w.org\/{rel}","templated":true}]}}