{"id":181851,"date":"2022-09-11T00:27:00","date_gmt":"2022-09-10T22:27:00","guid":{"rendered":"https:\/\/www.region-schwabach.de\/wordpress\/?p=181851"},"modified":"2022-09-10T20:26:31","modified_gmt":"2022-09-10T18:26:31","slug":"brand-in-gemeinschaftsunterkunft-in-schwabach-haftbefehl-erlassen","status":"publish","type":"post","link":"https:\/\/www.region-schwabach.de\/wordpress\/brand-in-gemeinschaftsunterkunft-in-schwabach-haftbefehl-erlassen\/","title":{"rendered":"Brand in Gemeinschaftsunterkunft in Schwabach &#8211; Haftbefehl erlassen"},"content":{"rendered":"\t\t<div data-elementor-type=\"wp-post\" data-elementor-id=\"181851\" class=\"elementor elementor-181851\">\n\t\t\t\t\t\t<section class=\"elementor-section elementor-top-section elementor-element elementor-element-1cuv9jr elementor-section-boxed elementor-section-height-default elementor-section-height-default\" data-id=\"1cuv9jr\" data-element_type=\"section\">\n\t\t\t\t\t\t<div class=\"elementor-container elementor-column-gap-default\">\n\t\t\t\t\t<div class=\"elementor-column elementor-col-50 elementor-top-column elementor-element elementor-element-q5zak7b\" data-id=\"q5zak7b\" data-element_type=\"column\">\n\t\t\t<div class=\"elementor-widget-wrap elementor-element-populated\">\n\t\t\t\t\t\t<div class=\"elementor-element elementor-element-dcef279 elementor-widget elementor-widget-wp-widget-advads_ad_widget\" data-id=\"dcef279\" data-element_type=\"widget\" data-widget_type=\"wp-widget-advads_ad_widget.default\">\n\t\t\t\t<div class=\"elementor-widget-container\">\n\t\t\t<div id=\"regio-1299062750\"><div class=\"regio-adlabel\">Werbung<\/div><center><a href=\"https:\/\/a.partner-versicherung.de\/click.php?partner_id=19992&ad_id=1578&deep=kreditkarten\"  target=\"_blank\"><img decoding=\"async\" src=\"https:\/\/a.partner-versicherung.de\/view.php?partner_id=19992&ad_id=1578\" ><\/a><\/center><\/div>\t\t<\/div>\n\t\t\t\t<\/div>\n\t\t\t\t<div class=\"elementor-element elementor-element-a4daeae elementor-widget elementor-widget-text-editor\" data-id=\"a4daeae\" data-element_type=\"widget\" data-widget_type=\"text-editor.default\">\n\t\t\t\t<div class=\"elementor-widget-container\">\n\t\t\t\t\t\t\t<h3>Brand in Gemeinschaftsunterkunft\u00a0<\/h3><p><span style=\"font-size: 12pt;\">Schwabach (ots) &#8211; Wie bereits diese Woche berichtet, ereignete sich am Dienstagabend (06.09.2022) ein Brand in einer Gemeinschaftsunterkunft in Schwabach. Die Kriminalpolizei geht von einer vors\u00e4tzlichen Brandstiftung aus. Gegen den 38-j\u00e4hrigen Tatverd\u00e4chtigen erging nun Haftbefehl.\u00a0<\/span><\/p><p><span style=\"font-size: 12pt;\">Gegen 19:20 Uhr meldeten Zeugen einen Brand in der Asylbewerberunterkunft in der Wasserstra\u00dfe. Drei Personen erlitten durch das Feuer jeweils Rauchgasvergiftungen und mussten medizinisch versorgt werden. Zudem entstand am Geb\u00e4ude Sachschaden in H\u00f6he von rund 100.000 Euro.\u00a0<\/span><\/p><p><span style=\"font-size: 12pt;\">Bereits im Rahmen der ersten Ermittlungen vor Ort ergaben sich Hinweise auf eine vors\u00e4tzliche Brandstiftung. Der dringende Tatverdacht richtete sich hierbei gegen einen 38-j\u00e4hrigen, psychisch auff\u00e4lligen Bewohner der Unterkunft. Bei ihm handelte es sich um eine der drei Personen, die durch den Brand leichte Verletzungen erlitten.\u00a0<\/span><\/p><p><span style=\"font-size: 12pt;\">Der Kriminaldauerdienst Mittelfranken sicherte vor Ort Spuren am Brandort. Die weiteren Ermittlungen \u00fcbernahm das zust\u00e4ndige Fachkommissariat der Schwabacher Kriminalpolizei.\u00a0<\/span><\/p><p><span style=\"font-size: 12pt;\">Auf Anordnung der Staatsanwaltschaft N\u00fcrnberg-F\u00fcrth wurde der 38-J\u00e4hrige am Mittwoch (07.09.2022) dem zust\u00e4ndigen Ermittlungsrichter zur Pr\u00fcfung der Haftfrage vorgef\u00fchrt. Dieser erlie\u00df gegen den Tatverd\u00e4chtigen Haftbefehl wegen des Verdachts der schweren Brandstiftung.\u00a0<\/span><\/p><p><span style=\"font-size: 12pt;\">Ausk\u00fcnfte an Medienvertreter im weiteren Verlauf des Verfahrens erteilt die Pressestelle der Staatsanwaltschaft N\u00fcrnberg-F\u00fcrth unter der Telefonnummer 0911 321-2780.\u00a0<\/span><\/p><p><strong><span style=\"font-size: 12pt;\">Erstellt durch: Lisa Hierl \/ bl\u00a0<\/span><\/strong><\/p><p><span style=\"font-size: 12pt;\">Original-Content von: Polizeipr\u00e4sidium Mittelfranken\u00a0<\/span><\/p>\t\t\t\t\t\t<\/div>\n\t\t\t\t<\/div>\n\t\t\t\t<div class=\"elementor-element elementor-element-6c3f9de elementor-widget elementor-widget-shortcode\" data-id=\"6c3f9de\" data-element_type=\"widget\" data-widget_type=\"shortcode.default\">\n\t\t\t\t<div class=\"elementor-widget-container\">\n\t\t\t\t\t<div class=\"elementor-shortcode\"><center><a href=\"https:\/\/a.partner-versicherung.de\/click.php?partner_id=19992&ad_id=441&deep=kfz-versicherung\"  target=\"_blank\"><img decoding=\"async\" src=\"https:\/\/a.partner-versicherung.de\/view.php?partner_id=19992&ad_id=441\" ><\/a><\/center><\/div>\n\t\t\t\t<\/div>\n\t\t\t\t<\/div>\n\t\t\t\t<div class=\"elementor-element elementor-element-ace1283 elementor-widget-divider--view-line elementor-widget elementor-widget-divider\" data-id=\"ace1283\" data-element_type=\"widget\" data-widget_type=\"divider.default\">\n\t\t\t\t<div class=\"elementor-widget-container\">\n\t\t\t\t\t<div class=\"elementor-divider\">\n\t\t\t<span class=\"elementor-divider-separator\">\n\t\t\t\t\t\t<\/span>\n\t\t<\/div>\n\t\t\t\t<\/div>\n\t\t\t\t<\/div>\n\t\t\t\t<div class=\"elementor-element elementor-element-ac34ac3 elementor-widget elementor-widget-google_maps\" data-id=\"ac34ac3\" data-element_type=\"widget\" data-widget_type=\"google_maps.default\">\n\t\t\t\t<div class=\"elementor-widget-container\">\n\t\t\t\t\t<div class=\"elementor-custom-embed\">\n\t\t\t<iframe loading=\"lazy\"\n\t\t\t\t\tsrc=\"https:\/\/maps.google.com\/maps?q=Wasserstra%C3%9Fe%2C%20Schwabach%2C%20Deutschland&#038;t=m&#038;z=16&#038;output=embed&#038;iwloc=near\"\n\t\t\t\t\ttitle=\"Wasserstra\u00dfe, Schwabach, Deutschland\"\n\t\t\t\t\taria-label=\"Wasserstra\u00dfe, Schwabach, Deutschland\"\n\t\t\t><\/iframe>\n\t\t<\/div>\n\t\t\t\t<\/div>\n\t\t\t\t<\/div>\n\t\t\t\t\t<\/div>\n\t\t<\/div>\n\t\t\t\t<div class=\"elementor-column elementor-col-50 elementor-top-column elementor-element elementor-element-4ce46fb\" data-id=\"4ce46fb\" data-element_type=\"column\">\n\t\t\t<div class=\"elementor-widget-wrap elementor-element-populated\">\n\t\t\t\t\t\t<div class=\"elementor-element elementor-element-38f4e35 elementor-widget elementor-widget-heading\" data-id=\"38f4e35\" data-element_type=\"widget\" data-widget_type=\"heading.default\">\n\t\t\t\t<div class=\"elementor-widget-container\">\n\t\t\t<h3 class=\"elementor-heading-title elementor-size-default\">Schnell vergleichen und sparen!<\/h3>\t\t<\/div>\n\t\t\t\t<\/div>\n\t\t\t\t<div class=\"elementor-element elementor-element-92c49bc elementor-widget elementor-widget-wp-widget-advads_ad_widget\" data-id=\"92c49bc\" data-element_type=\"widget\" data-widget_type=\"wp-widget-advads_ad_widget.default\">\n\t\t\t\t<div class=\"elementor-widget-container\">\n\t\t\t<div id=\"regio-4160892481\"><div class=\"regio-adlabel\">Werbung<\/div><!-- Beginn https:\/\/www.financeads.net\/-Code --><a href=\"https:\/\/www.financeads.net\/tc.php?t=36648C236142529B\" target=\"_blank\"><img fetchpriority=\"high\" decoding=\"async\" src=\"https:\/\/www.financeads.net\/tb.php?t=36648V236142529B&https=1\" alt=\"\" border=\"0\" width=\"300\" height=\"250\"><\/a><!-- Ende https:\/\/www.financeads.net\/-Code --><\/div>\t\t<\/div>\n\t\t\t\t<\/div>\n\t\t\t\t<div class=\"elementor-element elementor-element-cb0c78c elementor-widget elementor-widget-wp-widget-advads_ad_widget\" data-id=\"cb0c78c\" data-element_type=\"widget\" data-widget_type=\"wp-widget-advads_ad_widget.default\">\n\t\t\t\t<div class=\"elementor-widget-container\">\n\t\t\t<div id=\"regio-3098855921\"><div class=\"regio-adlabel\">Werbung<\/div><!-- Beginn https:\/\/www.financeads.net\/-Code --><a href=\"https:\/\/www.financeads.net\/tc.php?t=36648C42614510B\" target=\"_blank\"><img decoding=\"async\" src=\"https:\/\/www.financeads.net\/tb.php?t=36648V42614510B&https=1\" alt=\"\" border=\"0\" width=\"200\" height=\"300\"><\/a><!-- Ende https:\/\/www.financeads.net\/-Code --><\/div>\t\t<\/div>\n\t\t\t\t<\/div>\n\t\t\t\t<div class=\"elementor-element elementor-element-31c9ced elementor-widget elementor-widget-wp-widget-advads_ad_widget\" data-id=\"31c9ced\" data-element_type=\"widget\" data-widget_type=\"wp-widget-advads_ad_widget.default\">\n\t\t\t\t<div class=\"elementor-widget-container\">\n\t\t\t<div id=\"regio-1803796609\"><div class=\"regio-adlabel\">Werbung<\/div><!-- Beginn https:\/\/www.financeads.net\/-Code --><a href=\"https:\/\/www.financeads.net\/tc.php?t=36648C205040072B\" target=\"_blank\"><img decoding=\"async\" src=\"https:\/\/www.financeads.net\/tb.php?t=36648V205040072B&https=1\" alt=\"\" border=\"0\" width=\"300\" height=\"250\"><\/a><!-- Ende https:\/\/www.financeads.net\/-Code --><\/div>\t\t<\/div>\n\t\t\t\t<\/div>\n\t\t\t\t<div class=\"elementor-element elementor-element-0344b9f elementor-widget elementor-widget-wp-widget-advads_ad_widget\" data-id=\"0344b9f\" data-element_type=\"widget\" data-widget_type=\"wp-widget-advads_ad_widget.default\">\n\t\t\t\t<div class=\"elementor-widget-container\">\n\t\t\t<div id=\"regio-342318321\"><div class=\"regio-adlabel\">Werbung<\/div><!-- Beginn https:\/\/www.financeads.net\/-Code --><a href=\"https:\/\/www.financeads.net\/tc.php?t=36648C271460142B\" target=\"_blank\"><img loading=\"lazy\" decoding=\"async\" src=\"https:\/\/www.financeads.net\/tb.php?t=36648V271460142B&https=1\" alt=\"PETPROTECT_Hund&Katze_Banner\" border=\"0\" width=\"250\" height=\"250\"><\/a><!-- Ende https:\/\/www.financeads.net\/-Code --><\/div>\t\t<\/div>\n\t\t\t\t<\/div>\n\t\t\t\t\t<\/div>\n\t\t<\/div>\n\t\t\t\t\t<\/div>\n\t\t<\/section>\n\t\t\t\t<\/div>\n\t\t","protected":false},"excerpt":{"rendered":"<div class=\"mh-excerpt\"><p>Brand in Gemeinschaftsunterkunft\u00a0 Schwabach (ots) &#8211; Wie bereits diese Woche berichtet, ereignete sich am Dienstagabend (06.09.2022) ein Brand in einer Gemeinschaftsunterkunft in Schwabach. Die Kriminalpolizei geht von einer vors\u00e4tzlichen Brandstiftung aus. Gegen den 38-j\u00e4hrigen Tatverd\u00e4chtigen <a class=\"mh-excerpt-more\" href=\"https:\/\/www.region-schwabach.de\/wordpress\/brand-in-gemeinschaftsunterkunft-in-schwabach-haftbefehl-erlassen\/\" title=\"Brand in Gemeinschaftsunterkunft in Schwabach &#8211; Haftbefehl erlassen\">[&#8230;]<\/a><\/p>\n<\/div>","protected":false},"author":1,"featured_media":181852,"comment_status":"open","ping_status":"open","sticky":false,"template":"","format":"standard","meta":{"_cbd_carousel_blocks":"[]","footnotes":""},"categories":[15],"tags":[20187,12128,2612,293,1444,14718,543,296,20203,469,1856,1375,7408,981,5418,2103,19,7360,5404,2330],"class_list":{"0":"post-181851","1":"post","2":"type-post","3":"status-publish","4":"format-standard","5":"has-post-thumbnail","7":"category-polizeimeldungen","8":"tag-06-09-2022","9":"tag-asylbewerberunterkunft","10":"tag-bewohner","11":"tag-brand","12":"tag-brandstiftung","13":"tag-ersthelfer","14":"tag-feuer","15":"tag-feuerwehr","16":"tag-gemeinschaftunterkunft","17":"tag-haftbefehl","18":"tag-krankenhaus","19":"tag-leicht-verletzt","20":"tag-leiter","21":"tag-polizei","22":"tag-rauchgasvergiftung","23":"tag-rettungsdienst","24":"tag-schwabach","25":"tag-spurensicherung","26":"tag-wasserstrasse","27":"tag-zeugen"},"_links":{"self":[{"href":"https:\/\/www.region-schwabach.de\/wordpress\/wp-json\/wp\/v2\/posts\/181851","targetHints":{"allow":["GET"]}}],"collection":[{"href":"https:\/\/www.region-schwabach.de\/wordpress\/wp-json\/wp\/v2\/posts"}],"about":[{"href":"https:\/\/www.region-schwabach.de\/wordpress\/wp-json\/wp\/v2\/types\/post"}],"author":[{"embeddable":true,"href":"https:\/\/www.region-schwabach.de\/wordpress\/wp-json\/wp\/v2\/users\/1"}],"replies":[{"embeddable":true,"href":"https:\/\/www.region-schwabach.de\/wordpress\/wp-json\/wp\/v2\/comments?post=181851"}],"version-history":[{"count":0,"href":"https:\/\/www.region-schwabach.de\/wordpress\/wp-json\/wp\/v2\/posts\/181851\/revisions"}],"wp:featuredmedia":[{"embeddable":true,"href":"https:\/\/www.region-schwabach.de\/wordpress\/wp-json\/wp\/v2\/media\/181852"}],"wp:attachment":[{"href":"https:\/\/www.region-schwabach.de\/wordpress\/wp-json\/wp\/v2\/media?parent=181851"}],"wp:term":[{"taxonomy":"category","embeddable":true,"href":"https:\/\/www.region-schwabach.de\/wordpress\/wp-json\/wp\/v2\/categories?post=181851"},{"taxonomy":"post_tag","embeddable":true,"href":"https:\/\/www.region-schwabach.de\/wordpress\/wp-json\/wp\/v2\/tags?post=181851"}],"curies":[{"name":"wp","href":"https:\/\/api.w.org\/{rel}","templated":true}]}}