{"id":182245,"date":"2022-09-25T01:45:00","date_gmt":"2022-09-24T23:45:00","guid":{"rendered":"https:\/\/www.region-schwabach.de\/wordpress\/?p=182245"},"modified":"2022-09-24T22:04:21","modified_gmt":"2022-09-24T20:04:21","slug":"schwabacher-herbstkirchweih-vom-16-bis-25-september-2022","status":"publish","type":"post","link":"https:\/\/www.region-schwabach.de\/wordpress\/schwabacher-herbstkirchweih-vom-16-bis-25-september-2022\/","title":{"rendered":"Schwabacher Herbstkirchweih vom 16. bis 25. September 2022"},"content":{"rendered":"\t\t<div data-elementor-type=\"wp-post\" data-elementor-id=\"182245\" class=\"elementor elementor-182245\">\n\t\t\t\t\t\t<section class=\"elementor-section elementor-top-section elementor-element elementor-element-1dzeyuh elementor-section-boxed elementor-section-height-default elementor-section-height-default\" data-id=\"1dzeyuh\" data-element_type=\"section\">\n\t\t\t\t\t\t<div class=\"elementor-container elementor-column-gap-default\">\n\t\t\t\t\t<div class=\"elementor-column elementor-col-50 elementor-top-column elementor-element elementor-element-aam59ft\" data-id=\"aam59ft\" data-element_type=\"column\">\n\t\t\t<div class=\"elementor-widget-wrap elementor-element-populated\">\n\t\t\t\t\t\t<div class=\"elementor-element elementor-element-29933c0 elementor-widget elementor-widget-wp-widget-advads_ad_widget\" data-id=\"29933c0\" data-element_type=\"widget\" data-widget_type=\"wp-widget-advads_ad_widget.default\">\n\t\t\t\t<div class=\"elementor-widget-container\">\n\t\t\t<div id=\"regio-385043101\"><div class=\"regio-adlabel\">Werbung<\/div><center><a href=\"https:\/\/a.partner-versicherung.de\/click.php?partner_id=19992&ad_id=1578&deep=kreditkarten\"  target=\"_blank\"><img decoding=\"async\" src=\"https:\/\/a.partner-versicherung.de\/view.php?partner_id=19992&ad_id=1578\" ><\/a><\/center><\/div>\t\t<\/div>\n\t\t\t\t<\/div>\n\t\t\t\t<div class=\"elementor-element elementor-element-k9p1oyc elementor-widget elementor-widget-text-editor\" data-id=\"k9p1oyc\" data-element_type=\"widget\" data-widget_type=\"text-editor.default\">\n\t\t\t\t<div class=\"elementor-widget-container\">\n\t\t\t\t\t\t\t<h3><span id=\"page3R_mcid11\" class=\"markedContent\"><span dir=\"ltr\" role=\"presentation\">Mit Fami<\/span><span dir=\"ltr\" role=\"presentation\">lien<\/span><span dir=\"ltr\" role=\"presentation\">tag am Donnerstag, den 22. S<\/span><span dir=\"ltr\" role=\"presentation\">eptember 2022<\/span><\/span><span id=\"page3R_mcid12\" class=\"markedContent\"><\/span><span id=\"page3R_mcid13\" class=\"markedContent\"><br role=\"presentation\" \/><span dir=\"ltr\" role=\"presentation\">Schwabacher Herbstkirchweih vom 1<\/span><span dir=\"ltr\" role=\"presentation\">6.<\/span> <span dir=\"ltr\" role=\"presentation\">b<\/span><span dir=\"ltr\" role=\"presentation\">is<\/span> <span dir=\"ltr\" role=\"presentation\">2<\/span><span dir=\"ltr\" role=\"presentation\">5. September 2022<\/span><\/span><\/h3><p><span style=\"font-size: 12pt;\">Schwabach &#8211; <span id=\"page3R_mcid15\" class=\"markedContent\"><span dir=\"ltr\" role=\"presentation\">Zehn Tage lang verwandelt sich der Schwabacher K\u00f6nigs<\/span><span dir=\"ltr\" role=\"presentation\">&#8211;<\/span> <span dir=\"ltr\" role=\"presentation\">und Martin<\/span><span dir=\"ltr\" role=\"presentation\">&#8211;<\/span><span dir=\"ltr\" role=\"presentation\">Luther<\/span><span dir=\"ltr\" role=\"presentation\">&#8211;<\/span><span dir=\"ltr\" role=\"presentation\">Platz wieder in ein farbenfrohes Volksfest unter den goldenen D\u00e4chern des <\/span><span dir=\"ltr\" role=\"presentation\">Rathauses. Vom 16. bis 25. September duftet es wieder nach gebrannten <\/span><span dir=\"ltr\" role=\"presentation\">Mandeln, ger\u00e4ucherter Makrele, Cr\u00eapes,<\/span> <span dir=\"ltr\" role=\"presentation\">Langos. Verschiedene bunt werbende <\/span><span dir=\"ltr\" role=\"presentation\">Fahrgesch\u00e4fte laden ein den Adrenalinspiegel der Besucher steigen zu lassen.<\/span><br role=\"presentation\" \/><\/span><\/span><\/p><p><span style=\"font-size: 12pt;\"><span id=\"page3R_mcid15\" class=\"markedContent\"><span dir=\"ltr\" role=\"presentation\">Los geht&#8217;s am Freitag, den 16. September 2022, mit dem traditionellen Kirchweihzug, der <\/span><span dir=\"ltr\" role=\"presentation\">sich von der Bismarckstra\u00dfe bis zum Marktplatz schl\u00e4ngelt. Im Ansc<\/span><span dir=\"ltr\" role=\"presentation\">hluss <\/span><span dir=\"ltr\" role=\"presentation\">er\u00f6ffnet erstmalig Oberb\u00fcrgermeister Peter Rei\u00df mit dem Bieranstich und der <\/span><span dir=\"ltr\" role=\"presentation\">Begr\u00fc\u00dfung offiziell die Schwabacher Herbstkirchweih.<\/span><\/span><span id=\"page3R_mcid16\" class=\"markedContent\"><\/span><span id=\"page3R_mcid17\" class=\"markedContent\"><br role=\"presentation\" \/><\/span><\/span><\/p><p><span style=\"font-size: 12pt;\"><span id=\"page3R_mcid17\" class=\"markedContent\"><span dir=\"ltr\" role=\"presentation\">H\u00f6hepunkte unter anderem sind der verkaufsoffene Sonntag am 18. <\/span><span dir=\"ltr\" role=\"presentation\">September 2022. Der Kirchweihmarkt in der S\u00fcdlichen Ringstra\u00dfe findet vom <\/span><span dir=\"ltr\" role=\"presentation\">Montag bis Mittwoch, den 19. bis 21. September 2022. statt. Ein weiterer H\u00f6hepunkt ist <\/span><span dir=\"ltr\" role=\"presentation\">der beliebte Familientag am Donnerstag, den 22. Se<\/span><span dir=\"ltr\" role=\"presentation\">ptember 2022, mit verbilligten <\/span><span dir=\"ltr\" role=\"presentation\">Preisen, mit Kinderschminken und gro\u00dfer Tombola mit \u00fcber 600 Gewinnen.\u00a0<\/span><\/span><\/span><\/p><h3>\u00d6ffnungszeiten<\/h3><ul><li><span style=\"font-size: 12pt;\">Freitags beginnt der Festbetrieb um 12.00 Uhr und endet um 22.30 Uhr<\/span><\/li><li><span style=\"font-size: 12pt;\">am\u00a0Samstag startet der Festbetrieb um 11 Uhr und endet ebenfalls um 22.30 Uhr<\/span><\/li><li><span style=\"font-size: 12pt;\">an den beiden Sonntagen dauert der Betrieb von 11.00 Uhr bis 21.00 Uhr<\/span><\/li><li><span style=\"font-size: 12pt;\">an den\u00a0Wochentagen Montag bis Donnerstag \u00f6ffnen die Fahrgesch\u00e4fte und<\/span><br \/><span style=\"font-size: 12pt;\">Schaustellerbuden von 12.00 bis 21.00 Uhr\u00a0<\/span><\/li><\/ul><h3>Weiterf\u00fchrende Links:<\/h3><p><span style=\"font-size: 12pt;\"><a href=\"https:\/\/www.schwabach.de\/images\/referate\/referat_3\/downloads\/Tourismus\/Veranstaltungen\/Flyer_Herbstkirchweih2022.pdf\" target=\"_blank\" rel=\"noopener\">Den Programm-Flyer zur Schwabacher Herbstkirchweih 2022 gibt es hier \u2026<\/a><\/span><\/p><p><a href=\"https:\/\/www.region-schwabach.de\/wordpress\/wp-content\/uploads\/2022\/09\/PM147_Wenden-Gugge-Herbstkirchweih-__c_Manuel_Mauer-e1663099887536.jpg\"><img fetchpriority=\"high\" decoding=\"async\" class=\"aligncenter size-full wp-image-182260\" src=\"https:\/\/www.region-schwabach.de\/wordpress\/wp-content\/uploads\/2022\/09\/PM147_Wenden-Gugge-Herbstkirchweih-__c_Manuel_Mauer-e1663099887536.jpg\" alt=\"\" width=\"640\" height=\"424\" srcset=\"https:\/\/www.region-schwabach.de\/wordpress\/wp-content\/uploads\/2022\/09\/PM147_Wenden-Gugge-Herbstkirchweih-__c_Manuel_Mauer-e1663099887536.jpg 640w, https:\/\/www.region-schwabach.de\/wordpress\/wp-content\/uploads\/2022\/09\/PM147_Wenden-Gugge-Herbstkirchweih-__c_Manuel_Mauer-e1663099887536-300x199.jpg 300w\" sizes=\"(max-width: 640px) 100vw, 640px\" \/><\/a><\/p>\t\t\t\t\t\t<\/div>\n\t\t\t\t<\/div>\n\t\t\t\t<div class=\"elementor-element elementor-element-6ca837e elementor-widget elementor-widget-shortcode\" data-id=\"6ca837e\" data-element_type=\"widget\" data-widget_type=\"shortcode.default\">\n\t\t\t\t<div class=\"elementor-widget-container\">\n\t\t\t\t\t<div class=\"elementor-shortcode\"><!-- Beginn https:\/\/www.financeads.net\/-Code --><a href=\"https:\/\/www.financeads.net\/tc.php?t=36648C38513858B\" target=\"_blank\"><center><img decoding=\"async\" src=\"https:\/\/www.financeads.net\/tb.php?t=36648V38513858B&https=1\" alt=\"\" border=\"0\" width=\"468\" height=\"60\"><\/a><!-- Ende https:\/\/www.financeads.net\/-Code --><\/div>\n\t\t\t\t<\/div>\n\t\t\t\t<\/div>\n\t\t\t\t<div class=\"elementor-element elementor-element-00dbae2 elementor-widget elementor-widget-google_maps\" data-id=\"00dbae2\" data-element_type=\"widget\" data-widget_type=\"google_maps.default\">\n\t\t\t\t<div class=\"elementor-widget-container\">\n\t\t\t\t\t<div class=\"elementor-custom-embed\">\n\t\t\t<iframe loading=\"lazy\"\n\t\t\t\t\tsrc=\"https:\/\/maps.google.com\/maps?q=K%C3%B6nigsplatz%2C%20Schwabach%2C%20Deutschland&#038;t=m&#038;z=17&#038;output=embed&#038;iwloc=near\"\n\t\t\t\t\ttitle=\"K\u00f6nigsplatz, Schwabach, Deutschland\"\n\t\t\t\t\taria-label=\"K\u00f6nigsplatz, Schwabach, Deutschland\"\n\t\t\t><\/iframe>\n\t\t<\/div>\n\t\t\t\t<\/div>\n\t\t\t\t<\/div>\n\t\t\t\t\t<\/div>\n\t\t<\/div>\n\t\t\t\t<div class=\"elementor-column elementor-col-50 elementor-top-column elementor-element elementor-element-9ff9619\" data-id=\"9ff9619\" data-element_type=\"column\">\n\t\t\t<div class=\"elementor-widget-wrap elementor-element-populated\">\n\t\t\t\t\t\t<div class=\"elementor-element elementor-element-2b32b32 elementor-widget elementor-widget-heading\" data-id=\"2b32b32\" data-element_type=\"widget\" data-widget_type=\"heading.default\">\n\t\t\t\t<div class=\"elementor-widget-container\">\n\t\t\t<h3 class=\"elementor-heading-title elementor-size-default\">Schnell vergleichen und sparen!<\/h3>\t\t<\/div>\n\t\t\t\t<\/div>\n\t\t\t\t<div class=\"elementor-element elementor-element-0979917 elementor-widget elementor-widget-wp-widget-advads_ad_widget\" data-id=\"0979917\" data-element_type=\"widget\" data-widget_type=\"wp-widget-advads_ad_widget.default\">\n\t\t\t\t<div class=\"elementor-widget-container\">\n\t\t\t<div id=\"regio-3963132271\"><div class=\"regio-adlabel\">Werbung<\/div><!-- Beginn https:\/\/www.financeads.net\/-Code --><a href=\"https:\/\/www.financeads.net\/tc.php?t=36648C236142529B\" target=\"_blank\"><img decoding=\"async\" src=\"https:\/\/www.financeads.net\/tb.php?t=36648V236142529B&https=1\" alt=\"\" border=\"0\" width=\"300\" height=\"250\"><\/a><!-- Ende https:\/\/www.financeads.net\/-Code --><\/div>\t\t<\/div>\n\t\t\t\t<\/div>\n\t\t\t\t<div class=\"elementor-element elementor-element-2e74681 elementor-widget elementor-widget-wp-widget-advads_ad_widget\" data-id=\"2e74681\" data-element_type=\"widget\" data-widget_type=\"wp-widget-advads_ad_widget.default\">\n\t\t\t\t<div class=\"elementor-widget-container\">\n\t\t\t<div id=\"regio-494473126\"><div class=\"regio-adlabel\">Werbung<\/div><!-- Beginn https:\/\/www.financeads.net\/-Code --><a href=\"https:\/\/www.financeads.net\/tc.php?t=36648C42614510B\" target=\"_blank\"><img loading=\"lazy\" decoding=\"async\" src=\"https:\/\/www.financeads.net\/tb.php?t=36648V42614510B&https=1\" alt=\"\" border=\"0\" width=\"200\" height=\"300\"><\/a><!-- Ende https:\/\/www.financeads.net\/-Code --><\/div>\t\t<\/div>\n\t\t\t\t<\/div>\n\t\t\t\t<div class=\"elementor-element elementor-element-792f1eb elementor-widget elementor-widget-wp-widget-advads_ad_widget\" data-id=\"792f1eb\" data-element_type=\"widget\" data-widget_type=\"wp-widget-advads_ad_widget.default\">\n\t\t\t\t<div class=\"elementor-widget-container\">\n\t\t\t<div id=\"regio-3034086392\"><div class=\"regio-adlabel\">Werbung<\/div><!-- Beginn https:\/\/www.financeads.net\/-Code --><a href=\"https:\/\/www.financeads.net\/tc.php?t=36648C205040072B\" target=\"_blank\"><img loading=\"lazy\" decoding=\"async\" src=\"https:\/\/www.financeads.net\/tb.php?t=36648V205040072B&https=1\" alt=\"\" border=\"0\" width=\"300\" height=\"250\"><\/a><!-- Ende https:\/\/www.financeads.net\/-Code --><\/div>\t\t<\/div>\n\t\t\t\t<\/div>\n\t\t\t\t<div class=\"elementor-element elementor-element-568e140 elementor-widget elementor-widget-wp-widget-advads_ad_widget\" data-id=\"568e140\" data-element_type=\"widget\" data-widget_type=\"wp-widget-advads_ad_widget.default\">\n\t\t\t\t<div class=\"elementor-widget-container\">\n\t\t\t<div id=\"regio-1014755567\"><div class=\"regio-adlabel\">Werbung<\/div><!-- Beginn https:\/\/www.financeads.net\/-Code --><a href=\"https:\/\/www.financeads.net\/tc.php?t=36648C271460142B\" target=\"_blank\"><img loading=\"lazy\" decoding=\"async\" src=\"https:\/\/www.financeads.net\/tb.php?t=36648V271460142B&https=1\" alt=\"PETPROTECT_Hund&Katze_Banner\" border=\"0\" width=\"250\" height=\"250\"><\/a><!-- Ende https:\/\/www.financeads.net\/-Code --><\/div>\t\t<\/div>\n\t\t\t\t<\/div>\n\t\t\t\t\t<\/div>\n\t\t<\/div>\n\t\t\t\t\t<\/div>\n\t\t<\/section>\n\t\t\t\t<\/div>\n\t\t","protected":false},"excerpt":{"rendered":"<div class=\"mh-excerpt\"><p>Mit Familientag am Donnerstag, den 22. September 2022Schwabacher Herbstkirchweih vom 16. bis 25. September 2022 Schwabach &#8211; Zehn Tage lang verwandelt sich der Schwabacher K\u00f6nigs- und Martin-Luther-Platz wieder in ein farbenfrohes Volksfest unter den goldenen <a class=\"mh-excerpt-more\" href=\"https:\/\/www.region-schwabach.de\/wordpress\/schwabacher-herbstkirchweih-vom-16-bis-25-september-2022\/\" title=\"Schwabacher Herbstkirchweih vom 16. bis 25. September 2022\">[&#8230;]<\/a><\/p>\n<\/div>","protected":false},"author":1,"featured_media":182253,"comment_status":"open","ping_status":"open","sticky":false,"template":"template-full.php","format":"standard","meta":{"_cbd_carousel_blocks":"[]","footnotes":""},"categories":[16,1,231],"tags":[20267,20270,20268,524,525,20269,522,523,19687,19,521,66,7382,27,11130],"class_list":{"0":"post-182245","1":"post","2":"type-post","3":"status-publish","4":"format-standard","5":"has-post-thumbnail","7":"category-aktuell","8":"category-allgemein","9":"category-veranstaltungsnews","10":"tag-16-september-2022-bis-25-september-2022","11":"tag-bieranstich","12":"tag-fahrgeschaefte","13":"tag-familientag","14":"tag-kirchweihmarkt","15":"tag-kirchweihzug","16":"tag-koenigsplatz","17":"tag-martin-luther-platz","18":"tag-ob-peter-reiss","19":"tag-schwabach","20":"tag-schwabacher-herbstkirchweih","21":"tag-suedliche-ringstrasse","22":"tag-tombola","23":"tag-verkaufsoffener-sonntag","24":"tag-volksfest"},"_links":{"self":[{"href":"https:\/\/www.region-schwabach.de\/wordpress\/wp-json\/wp\/v2\/posts\/182245","targetHints":{"allow":["GET"]}}],"collection":[{"href":"https:\/\/www.region-schwabach.de\/wordpress\/wp-json\/wp\/v2\/posts"}],"about":[{"href":"https:\/\/www.region-schwabach.de\/wordpress\/wp-json\/wp\/v2\/types\/post"}],"author":[{"embeddable":true,"href":"https:\/\/www.region-schwabach.de\/wordpress\/wp-json\/wp\/v2\/users\/1"}],"replies":[{"embeddable":true,"href":"https:\/\/www.region-schwabach.de\/wordpress\/wp-json\/wp\/v2\/comments?post=182245"}],"version-history":[{"count":0,"href":"https:\/\/www.region-schwabach.de\/wordpress\/wp-json\/wp\/v2\/posts\/182245\/revisions"}],"wp:featuredmedia":[{"embeddable":true,"href":"https:\/\/www.region-schwabach.de\/wordpress\/wp-json\/wp\/v2\/media\/182253"}],"wp:attachment":[{"href":"https:\/\/www.region-schwabach.de\/wordpress\/wp-json\/wp\/v2\/media?parent=182245"}],"wp:term":[{"taxonomy":"category","embeddable":true,"href":"https:\/\/www.region-schwabach.de\/wordpress\/wp-json\/wp\/v2\/categories?post=182245"},{"taxonomy":"post_tag","embeddable":true,"href":"https:\/\/www.region-schwabach.de\/wordpress\/wp-json\/wp\/v2\/tags?post=182245"}],"curies":[{"name":"wp","href":"https:\/\/api.w.org\/{rel}","templated":true}]}}