{"id":182349,"date":"2022-09-16T01:15:00","date_gmt":"2022-09-15T23:15:00","guid":{"rendered":"https:\/\/www.region-schwabach.de\/wordpress\/?p=182349"},"modified":"2022-09-16T04:37:08","modified_gmt":"2022-09-16T02:37:08","slug":"zum-abschluss-des-sommerferienleseclubs-wird-am-freitag-den-16-september-2022-in-der-stadtbibliothek-gezaubert","status":"publish","type":"post","link":"https:\/\/www.region-schwabach.de\/wordpress\/zum-abschluss-des-sommerferienleseclubs-wird-am-freitag-den-16-september-2022-in-der-stadtbibliothek-gezaubert\/","title":{"rendered":"Zum Abschluss des Sommerferienleseclubs wird am Freitag, den 16. September 2022 in der Stadtbibliothek gezaubert"},"content":{"rendered":"\t\t<div data-elementor-type=\"wp-post\" data-elementor-id=\"182349\" class=\"elementor elementor-182349\">\n\t\t\t\t\t\t<section class=\"elementor-section elementor-top-section elementor-element elementor-element-678181b elementor-section-boxed elementor-section-height-default elementor-section-height-default\" data-id=\"678181b\" data-element_type=\"section\">\n\t\t\t\t\t\t<div class=\"elementor-container elementor-column-gap-default\">\n\t\t\t\t\t<div class=\"elementor-column elementor-col-50 elementor-top-column elementor-element elementor-element-6b34026\" data-id=\"6b34026\" data-element_type=\"column\">\n\t\t\t<div class=\"elementor-widget-wrap elementor-element-populated\">\n\t\t\t\t\t\t<div class=\"elementor-element elementor-element-5fea1cd elementor-widget elementor-widget-wp-widget-advads_ad_widget\" data-id=\"5fea1cd\" data-element_type=\"widget\" data-widget_type=\"wp-widget-advads_ad_widget.default\">\n\t\t\t\t<div class=\"elementor-widget-container\">\n\t\t\t<div id=\"regio-3200223584\"><div class=\"regio-adlabel\">Werbung<\/div><center><a href=\"https:\/\/a.partner-versicherung.de\/click.php?partner_id=19992&ad_id=1578&deep=kreditkarten\"  target=\"_blank\"><img decoding=\"async\" src=\"https:\/\/a.partner-versicherung.de\/view.php?partner_id=19992&ad_id=1578\" ><\/a><\/center><\/div>\t\t<\/div>\n\t\t\t\t<\/div>\n\t\t\t\t<div class=\"elementor-element elementor-element-443ab98 elementor-widget elementor-widget-text-editor\" data-id=\"443ab98\" data-element_type=\"widget\" data-widget_type=\"text-editor.default\">\n\t\t\t\t<div class=\"elementor-widget-container\">\n\t\t\t\t\t\t\t<h3><span id=\"page37R_mcid21\" class=\"markedContent\"><span dir=\"ltr\" role=\"presentation\">Freitag, den 16. September 2022, um 16.00 Uhr<\/span><\/span><span id=\"undefined\" class=\"markedContent\"><\/span><span id=\"page37R_mcid12\" class=\"markedContent\"><\/span><span id=\"undefined\" class=\"markedContent\"><\/span><span id=\"page37R_mcid22\" class=\"markedContent\"><br role=\"presentation\" \/><span dir=\"ltr\" role=\"presentation\">Eine fr\u00f6hliche Buchstaben-Zauberei f\u00fcr alle, die schon<\/span><\/span><span id=\"undefined\" class=\"markedContent\"><\/span><span id=\"page37R_mcid23\" class=\"markedContent\"><br role=\"presentation\" \/><span dir=\"ltr\" role=\"presentation\">lesen k\u00f6nnen<\/span><\/span><\/h3><p><span style=\"font-size: 12pt;\">Schwabach &#8211; <span id=\"page37R_mcid25\" class=\"markedContent\"><span dir=\"ltr\" role=\"presentation\">Zum diesj\u00e4hrigen Abschluss des Sommerferien-Leseclubs kommt der ausgefuchste <\/span><\/span><span id=\"page37R_mcid26\" class=\"markedContent\"><span dir=\"ltr\" role=\"presentation\">Zauberk\u00fcnstler Urs Jandl mit seinem Programm &#8222;Eselsohren &#8211; Ein wortreiches Getrixe&#8220; <\/span><\/span><span id=\"page37R_mcid27\" class=\"markedContent\"><span dir=\"ltr\" role=\"presentation\">in die Stadtbibliothek. <\/span><\/span><\/span><\/p><p><span style=\"font-size: 12pt;\"><span id=\"page37R_mcid27\" class=\"markedContent\"><span dir=\"ltr\" role=\"presentation\">Es geht um B\u00fccher, Schrift und jede Menge Papier. Urs Jandl <\/span><\/span><span id=\"page37R_mcid28\" class=\"markedContent\"><span dir=\"ltr\" role=\"presentation\">streunt durch den Bl\u00e4tterwald, trifft dort B\u00fccherw\u00fcrmer, Wortungeheuer, Papierdrachen <\/span><\/span><span id=\"page37R_mcid29\" class=\"markedContent\"><span dir=\"ltr\" role=\"presentation\">und andere &#8222;Viecher\u201c. Das Beste: Nicht nur \u201eClubberer\u201c sind zu dem lustigen Zauber-<\/span><\/span><span id=\"page37R_mcid30\" class=\"markedContent\"><span dir=\"ltr\" role=\"presentation\">Programm zum Mitmachen eingeladen, sondern auch alle anderen Buchstabenf\u00fcchse <\/span><\/span><span id=\"page37R_mcid31\" class=\"markedContent\"><span dir=\"ltr\" role=\"presentation\">und Lesem\u00e4use. Die Veranstaltung ist also ge\u00f6ffnet f\u00fcr alle Kinder ab 6 Jahren und ihre <\/span><\/span><span id=\"page37R_mcid32\" class=\"markedContent\"><span dir=\"ltr\" role=\"presentation\">Familien.<\/span><\/span><span id=\"page37R_mcid16\" class=\"markedContent\"><br role=\"presentation\" \/><\/span><\/span><\/p><p><span style=\"font-size: 12pt;\"><span id=\"page37R_mcid16\" class=\"markedContent\"><span dir=\"ltr\" role=\"presentation\">Bevor es allerdings mit der Zauberei losgeht, gibt es wie immer die feierliche \u00dcbergabe <\/span><span dir=\"ltr\" role=\"presentation\">der Sommerferien-Leseclub-Urkunden an all die vielen flei\u00dfigen Leseratten und die K\u00fcr <\/span><span dir=\"ltr\" role=\"presentation\">der allerflei\u00dfigsten.<\/span><\/span><span id=\"page37R_mcid17\" class=\"markedContent\"><br role=\"presentation\" \/><\/span><\/span><\/p><p><span style=\"font-size: 12pt;\"><span id=\"page37R_mcid17\" class=\"markedContent\"><span dir=\"ltr\" role=\"presentation\">Der Eintritt ist frei und f\u00fcr Getr\u00e4nke und Snacks ist auch gesorgt.<\/span><\/span><span id=\"page37R_mcid18\" class=\"markedContent\"><br role=\"presentation\" \/><\/span><\/span><\/p><p><span style=\"font-size: 12pt;\"><span id=\"page37R_mcid18\" class=\"markedContent\"><span dir=\"ltr\" role=\"presentation\">Es wird um Anmeldung gebeten: Entweder unter<\/span><\/span><span id=\"page37R_mcid19\" class=\"markedContent\"> <span dir=\"ltr\" role=\"presentation\">kijubibliothek@schwabach.de <\/span><\/span><span id=\"page37R_mcid34\" class=\"markedContent\"><span dir=\"ltr\" role=\"presentation\">oder am Ausleihtresen im 1. OG der Stadtbibliothek.\u00a0<\/span><\/span><\/span><\/p><h3>Weiterf\u00fchrende Links:\u00a0<\/h3><p><a href=\"https:\/\/www.schwabach.de\/de\/kultureinrichtung-stadtbibliothek\/stadtbibliothek.html\" target=\"_blank\" rel=\"noopener\"><span style=\"font-size: 12pt;\">Zur Homepage der Stadtbibliothek Schwabach geht es hier &#8230;<\/span><\/a><\/p>\t\t\t\t\t\t<\/div>\n\t\t\t\t<\/div>\n\t\t\t\t<div class=\"elementor-element elementor-element-7cc9469 elementor-widget elementor-widget-shortcode\" data-id=\"7cc9469\" data-element_type=\"widget\" data-widget_type=\"shortcode.default\">\n\t\t\t\t<div class=\"elementor-widget-container\">\n\t\t\t\t\t<div class=\"elementor-shortcode\"><!-- Beginn https:\/\/www.financeads.net\/-Code --><a href=\"https:\/\/www.financeads.net\/tc.php?t=36648C38513858B\" target=\"_blank\"><center><img decoding=\"async\" src=\"https:\/\/www.financeads.net\/tb.php?t=36648V38513858B&https=1\" alt=\"\" border=\"0\" width=\"468\" height=\"60\"><\/a><!-- Ende https:\/\/www.financeads.net\/-Code --><\/div>\n\t\t\t\t<\/div>\n\t\t\t\t<\/div>\n\t\t\t\t<div class=\"elementor-element elementor-element-0c834d7 elementor-widget-divider--view-line elementor-widget elementor-widget-divider\" data-id=\"0c834d7\" data-element_type=\"widget\" data-widget_type=\"divider.default\">\n\t\t\t\t<div class=\"elementor-widget-container\">\n\t\t\t\t\t<div class=\"elementor-divider\">\n\t\t\t<span class=\"elementor-divider-separator\">\n\t\t\t\t\t\t<\/span>\n\t\t<\/div>\n\t\t\t\t<\/div>\n\t\t\t\t<\/div>\n\t\t\t\t<div class=\"elementor-element elementor-element-325f51f elementor-widget elementor-widget-google_maps\" data-id=\"325f51f\" data-element_type=\"widget\" data-widget_type=\"google_maps.default\">\n\t\t\t\t<div class=\"elementor-widget-container\">\n\t\t\t\t\t<div class=\"elementor-custom-embed\">\n\t\t\t<iframe loading=\"lazy\"\n\t\t\t\t\tsrc=\"https:\/\/maps.google.com\/maps?q=K%C3%B6nigsplatz%2029a%2C%20Schwabach%2C%20Deutschland&#038;t=m&#038;z=17&#038;output=embed&#038;iwloc=near\"\n\t\t\t\t\ttitle=\"K\u00f6nigsplatz 29a, Schwabach, Deutschland\"\n\t\t\t\t\taria-label=\"K\u00f6nigsplatz 29a, Schwabach, Deutschland\"\n\t\t\t><\/iframe>\n\t\t<\/div>\n\t\t\t\t<\/div>\n\t\t\t\t<\/div>\n\t\t\t\t\t<\/div>\n\t\t<\/div>\n\t\t\t\t<div class=\"elementor-column elementor-col-50 elementor-top-column elementor-element elementor-element-f141625\" data-id=\"f141625\" data-element_type=\"column\">\n\t\t\t<div class=\"elementor-widget-wrap elementor-element-populated\">\n\t\t\t\t\t\t<div class=\"elementor-element elementor-element-aa635e8 elementor-widget elementor-widget-heading\" data-id=\"aa635e8\" data-element_type=\"widget\" data-widget_type=\"heading.default\">\n\t\t\t\t<div class=\"elementor-widget-container\">\n\t\t\t<h3 class=\"elementor-heading-title elementor-size-default\">Schnell vergleichen und sparen!<\/h3>\t\t<\/div>\n\t\t\t\t<\/div>\n\t\t\t\t<div class=\"elementor-element elementor-element-380778c elementor-widget elementor-widget-wp-widget-advads_ad_widget\" data-id=\"380778c\" data-element_type=\"widget\" data-widget_type=\"wp-widget-advads_ad_widget.default\">\n\t\t\t\t<div class=\"elementor-widget-container\">\n\t\t\t<div id=\"regio-710449349\"><div class=\"regio-adlabel\">Werbung<\/div><!-- Beginn https:\/\/www.financeads.net\/-Code --><a href=\"https:\/\/www.financeads.net\/tc.php?t=36648C236142529B\" target=\"_blank\"><img fetchpriority=\"high\" decoding=\"async\" src=\"https:\/\/www.financeads.net\/tb.php?t=36648V236142529B&https=1\" alt=\"\" border=\"0\" width=\"300\" height=\"250\"><\/a><!-- Ende https:\/\/www.financeads.net\/-Code --><\/div>\t\t<\/div>\n\t\t\t\t<\/div>\n\t\t\t\t<div class=\"elementor-element elementor-element-bd26aa5 elementor-widget elementor-widget-wp-widget-advads_ad_widget\" data-id=\"bd26aa5\" data-element_type=\"widget\" data-widget_type=\"wp-widget-advads_ad_widget.default\">\n\t\t\t\t<div class=\"elementor-widget-container\">\n\t\t\t<div id=\"regio-890250282\"><div class=\"regio-adlabel\">Werbung<\/div><!-- Beginn https:\/\/www.financeads.net\/-Code --><a href=\"https:\/\/www.financeads.net\/tc.php?t=36648C42614510B\" target=\"_blank\"><img decoding=\"async\" src=\"https:\/\/www.financeads.net\/tb.php?t=36648V42614510B&https=1\" alt=\"\" border=\"0\" width=\"200\" height=\"300\"><\/a><!-- Ende https:\/\/www.financeads.net\/-Code --><\/div>\t\t<\/div>\n\t\t\t\t<\/div>\n\t\t\t\t<div class=\"elementor-element elementor-element-abfc6b5 elementor-widget elementor-widget-wp-widget-advads_ad_widget\" data-id=\"abfc6b5\" data-element_type=\"widget\" data-widget_type=\"wp-widget-advads_ad_widget.default\">\n\t\t\t\t<div class=\"elementor-widget-container\">\n\t\t\t<div id=\"regio-130487329\"><div class=\"regio-adlabel\">Werbung<\/div><!-- Beginn https:\/\/www.financeads.net\/-Code --><a href=\"https:\/\/www.financeads.net\/tc.php?t=36648C205040072B\" target=\"_blank\"><img loading=\"lazy\" decoding=\"async\" src=\"https:\/\/www.financeads.net\/tb.php?t=36648V205040072B&https=1\" alt=\"\" border=\"0\" width=\"300\" height=\"250\"><\/a><!-- Ende https:\/\/www.financeads.net\/-Code --><\/div>\t\t<\/div>\n\t\t\t\t<\/div>\n\t\t\t\t<div class=\"elementor-element elementor-element-9b68655 elementor-widget elementor-widget-wp-widget-advads_ad_widget\" data-id=\"9b68655\" data-element_type=\"widget\" data-widget_type=\"wp-widget-advads_ad_widget.default\">\n\t\t\t\t<div class=\"elementor-widget-container\">\n\t\t\t<div id=\"regio-2726667429\"><div class=\"regio-adlabel\">Werbung<\/div><!-- Beginn https:\/\/www.financeads.net\/-Code --><a href=\"https:\/\/www.financeads.net\/tc.php?t=36648C271460142B\" target=\"_blank\"><img loading=\"lazy\" decoding=\"async\" src=\"https:\/\/www.financeads.net\/tb.php?t=36648V271460142B&https=1\" alt=\"PETPROTECT_Hund&Katze_Banner\" border=\"0\" width=\"250\" height=\"250\"><\/a><!-- Ende https:\/\/www.financeads.net\/-Code --><\/div>\t\t<\/div>\n\t\t\t\t<\/div>\n\t\t\t\t\t<\/div>\n\t\t<\/div>\n\t\t\t\t\t<\/div>\n\t\t<\/section>\n\t\t\t\t<\/div>\n\t\t","protected":false},"excerpt":{"rendered":"<div class=\"mh-excerpt\"><p>Freitag, den 16. September 2022, um 16.00 UhrEine fr\u00f6hliche Buchstaben-Zauberei f\u00fcr alle, die schonlesen k\u00f6nnen Schwabach &#8211; Zum diesj\u00e4hrigen Abschluss des Sommerferien-Leseclubs kommt der ausgefuchste Zauberk\u00fcnstler Urs Jandl mit seinem Programm &#8222;Eselsohren &#8211; Ein wortreiches <a class=\"mh-excerpt-more\" href=\"https:\/\/www.region-schwabach.de\/wordpress\/zum-abschluss-des-sommerferienleseclubs-wird-am-freitag-den-16-september-2022-in-der-stadtbibliothek-gezaubert\/\" title=\"Zum Abschluss des Sommerferienleseclubs wird am Freitag, den 16. September 2022 in der Stadtbibliothek gezaubert\">[&#8230;]<\/a><\/p>\n<\/div>","protected":false},"author":1,"featured_media":182350,"comment_status":"open","ping_status":"open","sticky":false,"template":"","format":"standard","meta":{"_cbd_carousel_blocks":"[]","footnotes":""},"categories":[16,1,287,61],"tags":[20287,20282,20281,5427,5428,20290,20285,15503,522,19995,20289,1480,20288,19,5160,16227,2555,16179,20291,20286],"class_list":{"0":"post-182349","1":"post","2":"type-post","3":"status-publish","4":"format-standard","5":"has-post-thumbnail","7":"category-aktuell","8":"category-allgemein","9":"category-jugend-und-familie","10":"category-rathaus","11":"tag-eselsohren-ein-wortreiches-getrixe","12":"tag-16-september-2022","13":"tag-16-09-2022","14":"tag-buch","15":"tag-buecher","16":"tag-buecherwuermer","17":"tag-buchstaben-zauberei","18":"tag-kinder-und-jugendbibliothek","19":"tag-koenigsplatz","20":"tag-papier","21":"tag-papierdrachen","22":"tag-rathaus","23":"tag-schrift","24":"tag-schwabach","25":"tag-sommerferien","26":"tag-sommerferien-leseclub","27":"tag-stadtbibliothek","28":"tag-urs-jandl","29":"tag-wortungeheuer","30":"tag-zauberkuenstler"},"_links":{"self":[{"href":"https:\/\/www.region-schwabach.de\/wordpress\/wp-json\/wp\/v2\/posts\/182349","targetHints":{"allow":["GET"]}}],"collection":[{"href":"https:\/\/www.region-schwabach.de\/wordpress\/wp-json\/wp\/v2\/posts"}],"about":[{"href":"https:\/\/www.region-schwabach.de\/wordpress\/wp-json\/wp\/v2\/types\/post"}],"author":[{"embeddable":true,"href":"https:\/\/www.region-schwabach.de\/wordpress\/wp-json\/wp\/v2\/users\/1"}],"replies":[{"embeddable":true,"href":"https:\/\/www.region-schwabach.de\/wordpress\/wp-json\/wp\/v2\/comments?post=182349"}],"version-history":[{"count":0,"href":"https:\/\/www.region-schwabach.de\/wordpress\/wp-json\/wp\/v2\/posts\/182349\/revisions"}],"wp:featuredmedia":[{"embeddable":true,"href":"https:\/\/www.region-schwabach.de\/wordpress\/wp-json\/wp\/v2\/media\/182350"}],"wp:attachment":[{"href":"https:\/\/www.region-schwabach.de\/wordpress\/wp-json\/wp\/v2\/media?parent=182349"}],"wp:term":[{"taxonomy":"category","embeddable":true,"href":"https:\/\/www.region-schwabach.de\/wordpress\/wp-json\/wp\/v2\/categories?post=182349"},{"taxonomy":"post_tag","embeddable":true,"href":"https:\/\/www.region-schwabach.de\/wordpress\/wp-json\/wp\/v2\/tags?post=182349"}],"curies":[{"name":"wp","href":"https:\/\/api.w.org\/{rel}","templated":true}]}}