{"id":182499,"date":"2022-10-02T01:00:00","date_gmt":"2022-10-01T23:00:00","guid":{"rendered":"https:\/\/www.region-schwabach.de\/wordpress\/?p=182499"},"modified":"2022-10-01T21:32:31","modified_gmt":"2022-10-01T19:32:31","slug":"ausstellung-in-der-stadtkirche-schwabach-anna-luise-oechsler-kraftvoller-aufbruch-ab-samstag-den-10-september-2022","status":"publish","type":"post","link":"https:\/\/www.region-schwabach.de\/wordpress\/ausstellung-in-der-stadtkirche-schwabach-anna-luise-oechsler-kraftvoller-aufbruch-ab-samstag-den-10-september-2022\/","title":{"rendered":"Ausstellung in der Stadtkirche Schwabach &#8211; &#8222;Anna-Luise Oechsler &#8211; Kraftvoller Aufbruch&#8220; &#8211; ab Samstag, den 10. September 2022"},"content":{"rendered":"\t\t<div data-elementor-type=\"wp-post\" data-elementor-id=\"182499\" class=\"elementor elementor-182499\">\n\t\t\t\t\t\t<section class=\"elementor-section elementor-top-section elementor-element elementor-element-678181b elementor-section-boxed elementor-section-height-default elementor-section-height-default\" data-id=\"678181b\" data-element_type=\"section\">\n\t\t\t\t\t\t<div class=\"elementor-container elementor-column-gap-default\">\n\t\t\t\t\t<div class=\"elementor-column elementor-col-50 elementor-top-column elementor-element elementor-element-6b34026\" data-id=\"6b34026\" data-element_type=\"column\">\n\t\t\t<div class=\"elementor-widget-wrap elementor-element-populated\">\n\t\t\t\t\t\t<div class=\"elementor-element elementor-element-230cdb4 elementor-widget elementor-widget-wp-widget-advads_ad_widget\" data-id=\"230cdb4\" data-element_type=\"widget\" data-widget_type=\"wp-widget-advads_ad_widget.default\">\n\t\t\t\t<div class=\"elementor-widget-container\">\n\t\t\t<div id=\"regio-1725351967\"><div class=\"regio-adlabel\">Werbung<\/div><center><a href=\"https:\/\/a.partner-versicherung.de\/click.php?partner_id=19992&ad_id=1578&deep=kreditkarten\"  target=\"_blank\"><img decoding=\"async\" src=\"https:\/\/a.partner-versicherung.de\/view.php?partner_id=19992&ad_id=1578\" ><\/a><\/center><\/div>\t\t<\/div>\n\t\t\t\t<\/div>\n\t\t\t\t<div class=\"elementor-element elementor-element-443ab98 elementor-widget elementor-widget-text-editor\" data-id=\"443ab98\" data-element_type=\"widget\" data-widget_type=\"text-editor.default\">\n\t\t\t\t<div class=\"elementor-widget-container\">\n\t\t\t\t\t\t\t<h3 class=\"entry-title\">Von Samstag, den 10. September 2022, bis Sonntag, den 2. Oktober 2022<br \/>Ausstellung: &#8222;Anna-Luise Oechsler &#8211; Kraftvoller Aufbruch&#8220;<\/h3><p><span style=\"font-size: 12pt;\">Schwabach &#8211; Von Samstag, den 10. September 2022, bis Sonntag, den 2. Oktober 2022, ist in der Evangelischen Stadtkirche am Martin-Luther-Platz in Schwabach die Ausstellung <strong>\u201eAnna-Luise Oechsler &#8211; Kraftvoller Aufbruch\u201c <\/strong>zu sehen.<\/span><\/p><p><span style=\"font-size: 12pt;\">Unter dem Titel <strong>&#8222;kraftvoller Aufbruch&#8220;<\/strong> m\u00f6chte <strong>Anna-Luise Oechsler<\/strong> mit ihren Bildern ausdr\u00fccken, dass die uns auferlegten Pr\u00fcfungen und Aufgaben mit der uns ebenfalls gegebenen Kraft und Energie gel\u00f6st werden k\u00f6nnen.<\/span><\/p><p><span style=\"font-size: 12pt;\">Bei allen Anstrengungen sollten aber auch immer wieder Phasen der Ruhe und Besinnung eingelegt werden.\u00a0<\/span><\/p><p><span style=\"font-size: 12pt;\">Die Ausstellung ist t\u00e4glich von Montag bis Sonntag von 09.00 Uhr bis 18.00 Uhr ge\u00f6ffnet.\u00a0<\/span><\/p><h3>Veranstaltungsort:<\/h3><p><span style=\"font-size: 12pt;\">Evangelische Stadtkirche Schwabach<\/span><br \/><span style=\"font-size: 12pt;\">Martin-Luther-Platz 2<\/span><br \/><span style=\"font-size: 12pt;\">91126 Schwabach<\/span><\/p><h3>Weiterf\u00fchrende Links:<\/h3><p><span style=\"font-size: 12pt;\"><a href=\"https:\/\/www.kuenstlerbund-schwabach.de\/ausstellungen\/ausstellung-anna-luise-oechsler-kraftvoller-aufbruch\/\" target=\"_blank\" rel=\"noopener\">Weitere Infos zu der Ausstellung gibt es hier &#8230;<\/a><\/span><\/p>\t\t\t\t\t\t<\/div>\n\t\t\t\t<\/div>\n\t\t\t\t<div class=\"elementor-element elementor-element-913e5e1 elementor-widget-divider--view-line elementor-widget elementor-widget-divider\" data-id=\"913e5e1\" data-element_type=\"widget\" data-widget_type=\"divider.default\">\n\t\t\t\t<div class=\"elementor-widget-container\">\n\t\t\t\t\t<div class=\"elementor-divider\">\n\t\t\t<span class=\"elementor-divider-separator\">\n\t\t\t\t\t\t<\/span>\n\t\t<\/div>\n\t\t\t\t<\/div>\n\t\t\t\t<\/div>\n\t\t\t\t<div class=\"elementor-element elementor-element-28ae44d elementor-widget elementor-widget-google_maps\" data-id=\"28ae44d\" data-element_type=\"widget\" data-widget_type=\"google_maps.default\">\n\t\t\t\t<div class=\"elementor-widget-container\">\n\t\t\t\t\t<div class=\"elementor-custom-embed\">\n\t\t\t<iframe loading=\"lazy\"\n\t\t\t\t\tsrc=\"https:\/\/maps.google.com\/maps?q=Martin-Luther-Platz%202%2C%20Schwabach%2C%20Deutschland&#038;t=m&#038;z=17&#038;output=embed&#038;iwloc=near\"\n\t\t\t\t\ttitle=\"Martin-Luther-Platz 2, Schwabach, Deutschland\"\n\t\t\t\t\taria-label=\"Martin-Luther-Platz 2, Schwabach, Deutschland\"\n\t\t\t><\/iframe>\n\t\t<\/div>\n\t\t\t\t<\/div>\n\t\t\t\t<\/div>\n\t\t\t\t\t<\/div>\n\t\t<\/div>\n\t\t\t\t<div class=\"elementor-column elementor-col-50 elementor-top-column elementor-element elementor-element-a1cafc2\" data-id=\"a1cafc2\" data-element_type=\"column\">\n\t\t\t<div class=\"elementor-widget-wrap elementor-element-populated\">\n\t\t\t\t\t\t<div class=\"elementor-element elementor-element-894f031 elementor-widget elementor-widget-heading\" data-id=\"894f031\" data-element_type=\"widget\" data-widget_type=\"heading.default\">\n\t\t\t\t<div class=\"elementor-widget-container\">\n\t\t\t<h3 class=\"elementor-heading-title elementor-size-default\">Schnell vergleichen und sparen!<\/h3>\t\t<\/div>\n\t\t\t\t<\/div>\n\t\t\t\t<div class=\"elementor-element elementor-element-6189be9 elementor-widget elementor-widget-wp-widget-advads_ad_widget\" data-id=\"6189be9\" data-element_type=\"widget\" data-widget_type=\"wp-widget-advads_ad_widget.default\">\n\t\t\t\t<div class=\"elementor-widget-container\">\n\t\t\t<div id=\"regio-4213503607\"><div class=\"regio-adlabel\">Werbung<\/div><!-- Beginn https:\/\/www.financeads.net\/-Code --><a href=\"https:\/\/www.financeads.net\/tc.php?t=36648C236142529B\" target=\"_blank\"><img fetchpriority=\"high\" decoding=\"async\" src=\"https:\/\/www.financeads.net\/tb.php?t=36648V236142529B&https=1\" alt=\"\" border=\"0\" width=\"300\" height=\"250\"><\/a><!-- Ende https:\/\/www.financeads.net\/-Code --><\/div>\t\t<\/div>\n\t\t\t\t<\/div>\n\t\t\t\t<div class=\"elementor-element elementor-element-122d35f elementor-widget elementor-widget-wp-widget-advads_ad_widget\" data-id=\"122d35f\" data-element_type=\"widget\" data-widget_type=\"wp-widget-advads_ad_widget.default\">\n\t\t\t\t<div class=\"elementor-widget-container\">\n\t\t\t<div id=\"regio-2311007979\"><div class=\"regio-adlabel\">Werbung<\/div><!-- Beginn https:\/\/www.financeads.net\/-Code --><a href=\"https:\/\/www.financeads.net\/tc.php?t=36648C42614510B\" target=\"_blank\"><img decoding=\"async\" src=\"https:\/\/www.financeads.net\/tb.php?t=36648V42614510B&https=1\" alt=\"\" border=\"0\" width=\"200\" height=\"300\"><\/a><!-- Ende https:\/\/www.financeads.net\/-Code --><\/div>\t\t<\/div>\n\t\t\t\t<\/div>\n\t\t\t\t<div class=\"elementor-element elementor-element-0a43d36 elementor-widget elementor-widget-wp-widget-advads_ad_widget\" data-id=\"0a43d36\" data-element_type=\"widget\" data-widget_type=\"wp-widget-advads_ad_widget.default\">\n\t\t\t\t<div class=\"elementor-widget-container\">\n\t\t\t<div id=\"regio-1568908123\"><div class=\"regio-adlabel\">Werbung<\/div><!-- Beginn https:\/\/www.financeads.net\/-Code --><a href=\"https:\/\/www.financeads.net\/tc.php?t=36648C205040072B\" target=\"_blank\"><img decoding=\"async\" src=\"https:\/\/www.financeads.net\/tb.php?t=36648V205040072B&https=1\" alt=\"\" border=\"0\" width=\"300\" height=\"250\"><\/a><!-- Ende https:\/\/www.financeads.net\/-Code --><\/div>\t\t<\/div>\n\t\t\t\t<\/div>\n\t\t\t\t<div class=\"elementor-element elementor-element-f017bde elementor-widget elementor-widget-wp-widget-advads_ad_widget\" data-id=\"f017bde\" data-element_type=\"widget\" data-widget_type=\"wp-widget-advads_ad_widget.default\">\n\t\t\t\t<div class=\"elementor-widget-container\">\n\t\t\t<div id=\"regio-1184587155\"><div class=\"regio-adlabel\">Werbung<\/div><!-- Beginn https:\/\/www.financeads.net\/-Code --><a href=\"https:\/\/www.financeads.net\/tc.php?t=36648C271460142B\" target=\"_blank\"><img loading=\"lazy\" decoding=\"async\" src=\"https:\/\/www.financeads.net\/tb.php?t=36648V271460142B&https=1\" alt=\"PETPROTECT_Hund&Katze_Banner\" border=\"0\" width=\"250\" height=\"250\"><\/a><!-- Ende https:\/\/www.financeads.net\/-Code --><\/div>\t\t<\/div>\n\t\t\t\t<\/div>\n\t\t\t\t\t<\/div>\n\t\t<\/div>\n\t\t\t\t\t<\/div>\n\t\t<\/section>\n\t\t\t\t<\/div>\n\t\t","protected":false},"excerpt":{"rendered":"<div class=\"mh-excerpt\"><p>Von Samstag, den 10. September 2022, bis Sonntag, den 2. Oktober 2022Ausstellung: &#8222;Anna-Luise Oechsler &#8211; Kraftvoller Aufbruch&#8220; Schwabach &#8211; Von Samstag, den 10. September 2022, bis Sonntag, den 2. Oktober 2022, ist in der Evangelischen <a class=\"mh-excerpt-more\" href=\"https:\/\/www.region-schwabach.de\/wordpress\/ausstellung-in-der-stadtkirche-schwabach-anna-luise-oechsler-kraftvoller-aufbruch-ab-samstag-den-10-september-2022\/\" title=\"Ausstellung in der Stadtkirche Schwabach &#8211; &#8222;Anna-Luise Oechsler &#8211; Kraftvoller Aufbruch&#8220; &#8211; ab Samstag, den 10. September 2022\">[&#8230;]<\/a><\/p>\n<\/div>","protected":false},"author":1,"featured_media":182500,"comment_status":"open","ping_status":"open","sticky":false,"template":"","format":"standard","meta":{"_cbd_carousel_blocks":"[]","footnotes":""},"categories":[16,287,231,46],"tags":[20305,20306,20307,15087,20304,3155,4410,6361,523,19,4883],"class_list":{"0":"post-182499","1":"post","2":"type-post","3":"status-publish","4":"format-standard","5":"has-post-thumbnail","7":"category-aktuell","8":"category-jugend-und-familie","9":"category-veranstaltungsnews","10":"category-verbaende","11":"tag-kraftvoller-aufbruch","12":"tag-10-september-2022-bis-2-oktober-2022","13":"tag-10-09-2022-bis-02-10-2022","14":"tag-20-maerz-bis-11-april-2021","15":"tag-anna-luise-oechsler","16":"tag-ausstellung","17":"tag-bilder","18":"tag-evangelische-stadtkirche","19":"tag-martin-luther-platz","20":"tag-schwabach","21":"tag-stadtkirche"},"_links":{"self":[{"href":"https:\/\/www.region-schwabach.de\/wordpress\/wp-json\/wp\/v2\/posts\/182499","targetHints":{"allow":["GET"]}}],"collection":[{"href":"https:\/\/www.region-schwabach.de\/wordpress\/wp-json\/wp\/v2\/posts"}],"about":[{"href":"https:\/\/www.region-schwabach.de\/wordpress\/wp-json\/wp\/v2\/types\/post"}],"author":[{"embeddable":true,"href":"https:\/\/www.region-schwabach.de\/wordpress\/wp-json\/wp\/v2\/users\/1"}],"replies":[{"embeddable":true,"href":"https:\/\/www.region-schwabach.de\/wordpress\/wp-json\/wp\/v2\/comments?post=182499"}],"version-history":[{"count":0,"href":"https:\/\/www.region-schwabach.de\/wordpress\/wp-json\/wp\/v2\/posts\/182499\/revisions"}],"wp:featuredmedia":[{"embeddable":true,"href":"https:\/\/www.region-schwabach.de\/wordpress\/wp-json\/wp\/v2\/media\/182500"}],"wp:attachment":[{"href":"https:\/\/www.region-schwabach.de\/wordpress\/wp-json\/wp\/v2\/media?parent=182499"}],"wp:term":[{"taxonomy":"category","embeddable":true,"href":"https:\/\/www.region-schwabach.de\/wordpress\/wp-json\/wp\/v2\/categories?post=182499"},{"taxonomy":"post_tag","embeddable":true,"href":"https:\/\/www.region-schwabach.de\/wordpress\/wp-json\/wp\/v2\/tags?post=182499"}],"curies":[{"name":"wp","href":"https:\/\/api.w.org\/{rel}","templated":true}]}}