{"id":182865,"date":"2022-09-21T01:45:00","date_gmt":"2022-09-20T23:45:00","guid":{"rendered":"https:\/\/www.region-schwabach.de\/wordpress\/?p=182865"},"modified":"2022-09-20T22:24:55","modified_gmt":"2022-09-20T20:24:55","slug":"neugestaltung-des-apothekersgartens-die-wunsche-der-burgerinnen-und-burger-sind-gefragt","status":"publish","type":"post","link":"https:\/\/www.region-schwabach.de\/wordpress\/neugestaltung-des-apothekersgartens-die-wunsche-der-burgerinnen-und-burger-sind-gefragt\/","title":{"rendered":"Neugestaltung des Apothekersgartens: Die W\u00fcnsche der B\u00fcrgerinnen und B\u00fcrger sind gefragt!"},"content":{"rendered":"\t\t<div data-elementor-type=\"wp-post\" data-elementor-id=\"182865\" class=\"elementor elementor-182865\">\n\t\t\t\t\t\t<section class=\"elementor-section elementor-top-section elementor-element elementor-element-678181b elementor-section-boxed elementor-section-height-default elementor-section-height-default\" data-id=\"678181b\" data-element_type=\"section\">\n\t\t\t\t\t\t<div class=\"elementor-container elementor-column-gap-default\">\n\t\t\t\t\t<div class=\"elementor-column elementor-col-50 elementor-top-column elementor-element elementor-element-6b34026\" data-id=\"6b34026\" data-element_type=\"column\">\n\t\t\t<div class=\"elementor-widget-wrap elementor-element-populated\">\n\t\t\t\t\t\t<div class=\"elementor-element elementor-element-12bd100 elementor-widget elementor-widget-wp-widget-advads_ad_widget\" data-id=\"12bd100\" data-element_type=\"widget\" data-widget_type=\"wp-widget-advads_ad_widget.default\">\n\t\t\t\t<div class=\"elementor-widget-container\">\n\t\t\t<div id=\"regio-4284970149\"><div class=\"regio-adlabel\">Werbung<\/div><center><a href=\"https:\/\/a.partner-versicherung.de\/click.php?partner_id=19992&ad_id=1578&deep=kreditkarten\"  target=\"_blank\"><img decoding=\"async\" src=\"https:\/\/a.partner-versicherung.de\/view.php?partner_id=19992&ad_id=1578\" ><\/a><\/center><\/div>\t\t<\/div>\n\t\t\t\t<\/div>\n\t\t\t\t<div class=\"elementor-element elementor-element-443ab98 elementor-widget elementor-widget-text-editor\" data-id=\"443ab98\" data-element_type=\"widget\" data-widget_type=\"text-editor.default\">\n\t\t\t\t<div class=\"elementor-widget-container\">\n\t\t\t\t\t\t\t<h3><span id=\"page3R_mcid11\" class=\"markedContent\"><span dir=\"ltr\" role=\"presentation\">B\u00fcrger<\/span><span dir=\"ltr\" role=\"presentation\">be<\/span><span dir=\"ltr\" role=\"presentation\">teili<\/span><span dir=\"ltr\" role=\"presentation\">gung am<\/span> <span dir=\"ltr\" role=\"presentation\">Mittwoch, den 21. September 2022, 14 bis 1<\/span><span dir=\"ltr\" role=\"presentation\">7 Uhr<\/span><\/span><span id=\"page3R_mcid12\" class=\"markedContent\"><\/span><span id=\"page3R_mcid13\" class=\"markedContent\"><br role=\"presentation\" \/><span dir=\"ltr\" role=\"presentation\">Ihre<\/span> <span dir=\"ltr\" role=\"presentation\">W\u00fcnsche f\u00fcr den Apoth<\/span><span dir=\"ltr\" role=\"presentation\">ekersgarten?<\/span><\/span><\/h3><p><span style=\"font-size: 12pt;\">Schwabach &#8211; <span id=\"page3R_mcid15\" class=\"markedContent\"><span dir=\"ltr\" role=\"presentation\">Im Rahmen des F\u00f6rderprogrammes \u201eInnenstadt Beleben\u201c soll auch der <\/span><span dir=\"ltr\" role=\"presentation\">Spielplatz im Apothekersgarten neu gestaltet werden. Ziel ist eine deutliche <\/span><span dir=\"ltr\" role=\"presentation\">Steigerung der Attraktivit\u00e4t des Spielplatzes, der aktuell<\/span> <span dir=\"ltr\" role=\"presentation\">&#8211;<\/span> <span dir=\"ltr\" role=\"presentation\">wenn \u00fcberhaupt<\/span> <span dir=\"ltr\" role=\"presentation\">&#8211; <\/span><span dir=\"ltr\" role=\"presentation\">allenfalls f\u00fcr kleinere Kinder inte<\/span><span dir=\"ltr\" role=\"presentation\">ressant ist. Damit ist auch eine Aufwertung der <\/span><span dir=\"ltr\" role=\"presentation\">Aufenthaltsqualit\u00e4t in der Innenstadt f\u00fcr Besucher mit Kindern verbunden.<\/span><\/span><span id=\"page3R_mcid16\" class=\"markedContent\"><\/span><span id=\"page3R_mcid17\" class=\"markedContent\"><br role=\"presentation\" \/><\/span><\/span><\/p><p><span style=\"font-size: 12pt;\"><span id=\"page3R_mcid17\" class=\"markedContent\"><span dir=\"ltr\" role=\"presentation\">Am Mittwoch, den 21. September 2022, von 14.00 bis 17.00 Uhr sind alle interessierten <\/span><span dir=\"ltr\" role=\"presentation\">Schwabacher B\u00fcrgerinnen und Schwabacher eingeladen, sich \u00fcber den Stand <\/span><span dir=\"ltr\" role=\"presentation\">der Planungen direkt vor Ort zu informieren. Im Rahmen der <\/span><span dir=\"ltr\" role=\"presentation\">\u00d6ffentlichkeitsbeteiligung werden im Apothekersgarten<\/span> <span dir=\"ltr\" role=\"presentation\">Konzepte f\u00fcr die <\/span><span dir=\"ltr\" role=\"presentation\">Neugestaltung vorgestellt, im Dialog mit den B\u00fcrgern diskutiert und <\/span><span dir=\"ltr\" role=\"presentation\">Anregungen entgegen genommen. Die Stadtverwaltung freut sich \u00fcber reges <\/span><span dir=\"ltr\" role=\"presentation\">Interesse.\u00a0<\/span><\/span><span id=\"page3R_mcid19\" class=\"markedContent\"><br \/><\/span><\/span><\/p>\t\t\t\t\t\t<\/div>\n\t\t\t\t<\/div>\n\t\t\t\t<div class=\"elementor-element elementor-element-5e40ba1 elementor-widget elementor-widget-shortcode\" data-id=\"5e40ba1\" data-element_type=\"widget\" data-widget_type=\"shortcode.default\">\n\t\t\t\t<div class=\"elementor-widget-container\">\n\t\t\t\t\t<div class=\"elementor-shortcode\"><!-- Beginn https:\/\/www.financeads.net\/-Code --><a href=\"https:\/\/www.financeads.net\/tc.php?t=36648C38513858B\" target=\"_blank\"><center><img decoding=\"async\" src=\"https:\/\/www.financeads.net\/tb.php?t=36648V38513858B&https=1\" alt=\"\" border=\"0\" width=\"468\" height=\"60\"><\/a><!-- Ende https:\/\/www.financeads.net\/-Code --><\/div>\n\t\t\t\t<\/div>\n\t\t\t\t<\/div>\n\t\t\t\t<div class=\"elementor-element elementor-element-21c3450 elementor-widget-divider--view-line elementor-widget elementor-widget-divider\" data-id=\"21c3450\" data-element_type=\"widget\" data-widget_type=\"divider.default\">\n\t\t\t\t<div class=\"elementor-widget-container\">\n\t\t\t\t\t<div class=\"elementor-divider\">\n\t\t\t<span class=\"elementor-divider-separator\">\n\t\t\t\t\t\t<\/span>\n\t\t<\/div>\n\t\t\t\t<\/div>\n\t\t\t\t<\/div>\n\t\t\t\t<div class=\"elementor-element elementor-element-f4c690c elementor-widget elementor-widget-google_maps\" data-id=\"f4c690c\" data-element_type=\"widget\" data-widget_type=\"google_maps.default\">\n\t\t\t\t<div class=\"elementor-widget-container\">\n\t\t\t\t\t<div class=\"elementor-custom-embed\">\n\t\t\t<iframe loading=\"lazy\"\n\t\t\t\t\tsrc=\"https:\/\/maps.google.com\/maps?q=Apothekersgarten%2C%20Schwabach%2C%20Deutschland&#038;t=m&#038;z=17&#038;output=embed&#038;iwloc=near\"\n\t\t\t\t\ttitle=\"Apothekersgarten, Schwabach, Deutschland\"\n\t\t\t\t\taria-label=\"Apothekersgarten, Schwabach, Deutschland\"\n\t\t\t><\/iframe>\n\t\t<\/div>\n\t\t\t\t<\/div>\n\t\t\t\t<\/div>\n\t\t\t\t\t<\/div>\n\t\t<\/div>\n\t\t\t\t<div class=\"elementor-column elementor-col-50 elementor-top-column elementor-element elementor-element-4e52952\" data-id=\"4e52952\" data-element_type=\"column\">\n\t\t\t<div class=\"elementor-widget-wrap elementor-element-populated\">\n\t\t\t\t\t\t<div class=\"elementor-element elementor-element-a58da64 elementor-widget elementor-widget-heading\" data-id=\"a58da64\" data-element_type=\"widget\" data-widget_type=\"heading.default\">\n\t\t\t\t<div class=\"elementor-widget-container\">\n\t\t\t<h3 class=\"elementor-heading-title elementor-size-default\">Schnell vergleichen und sparen!<\/h3>\t\t<\/div>\n\t\t\t\t<\/div>\n\t\t\t\t<div class=\"elementor-element elementor-element-c140805 elementor-widget elementor-widget-wp-widget-advads_ad_widget\" data-id=\"c140805\" data-element_type=\"widget\" data-widget_type=\"wp-widget-advads_ad_widget.default\">\n\t\t\t\t<div class=\"elementor-widget-container\">\n\t\t\t<div id=\"regio-2071272326\"><div class=\"regio-adlabel\">Werbung<\/div><!-- Beginn https:\/\/www.financeads.net\/-Code --><a href=\"https:\/\/www.financeads.net\/tc.php?t=36648C236142529B\" target=\"_blank\"><img fetchpriority=\"high\" decoding=\"async\" src=\"https:\/\/www.financeads.net\/tb.php?t=36648V236142529B&https=1\" alt=\"\" border=\"0\" width=\"300\" height=\"250\"><\/a><!-- Ende https:\/\/www.financeads.net\/-Code --><\/div>\t\t<\/div>\n\t\t\t\t<\/div>\n\t\t\t\t<div class=\"elementor-element elementor-element-751c2e2 elementor-widget elementor-widget-wp-widget-advads_ad_widget\" data-id=\"751c2e2\" data-element_type=\"widget\" data-widget_type=\"wp-widget-advads_ad_widget.default\">\n\t\t\t\t<div class=\"elementor-widget-container\">\n\t\t\t<div id=\"regio-4116852914\"><div class=\"regio-adlabel\">Werbung<\/div><!-- Beginn https:\/\/www.financeads.net\/-Code --><a href=\"https:\/\/www.financeads.net\/tc.php?t=36648C42614510B\" target=\"_blank\"><img decoding=\"async\" src=\"https:\/\/www.financeads.net\/tb.php?t=36648V42614510B&https=1\" alt=\"\" border=\"0\" width=\"200\" height=\"300\"><\/a><!-- Ende https:\/\/www.financeads.net\/-Code --><\/div>\t\t<\/div>\n\t\t\t\t<\/div>\n\t\t\t\t<div class=\"elementor-element elementor-element-9ae0d5b elementor-widget elementor-widget-wp-widget-advads_ad_widget\" data-id=\"9ae0d5b\" data-element_type=\"widget\" data-widget_type=\"wp-widget-advads_ad_widget.default\">\n\t\t\t\t<div class=\"elementor-widget-container\">\n\t\t\t<div id=\"regio-2355611138\"><div class=\"regio-adlabel\">Werbung<\/div><!-- Beginn https:\/\/www.financeads.net\/-Code --><a href=\"https:\/\/www.financeads.net\/tc.php?t=36648C205040072B\" target=\"_blank\"><img loading=\"lazy\" decoding=\"async\" src=\"https:\/\/www.financeads.net\/tb.php?t=36648V205040072B&https=1\" alt=\"\" border=\"0\" width=\"300\" height=\"250\"><\/a><!-- Ende https:\/\/www.financeads.net\/-Code --><\/div>\t\t<\/div>\n\t\t\t\t<\/div>\n\t\t\t\t<div class=\"elementor-element elementor-element-6283ea6 elementor-widget elementor-widget-wp-widget-advads_ad_widget\" data-id=\"6283ea6\" data-element_type=\"widget\" data-widget_type=\"wp-widget-advads_ad_widget.default\">\n\t\t\t\t<div class=\"elementor-widget-container\">\n\t\t\t<div id=\"regio-284692721\"><div class=\"regio-adlabel\">Werbung<\/div><!-- Beginn https:\/\/www.financeads.net\/-Code --><a href=\"https:\/\/www.financeads.net\/tc.php?t=36648C271460142B\" target=\"_blank\"><img loading=\"lazy\" decoding=\"async\" src=\"https:\/\/www.financeads.net\/tb.php?t=36648V271460142B&https=1\" alt=\"PETPROTECT_Hund&Katze_Banner\" border=\"0\" width=\"250\" height=\"250\"><\/a><!-- Ende https:\/\/www.financeads.net\/-Code --><\/div>\t\t<\/div>\n\t\t\t\t<\/div>\n\t\t\t\t\t<\/div>\n\t\t<\/div>\n\t\t\t\t\t<\/div>\n\t\t<\/section>\n\t\t\t\t<\/div>\n\t\t","protected":false},"excerpt":{"rendered":"<div class=\"mh-excerpt\"><p>B\u00fcrgerbeteiligung am Mittwoch, den 21. September 2022, 14 bis 17 UhrIhre W\u00fcnsche f\u00fcr den Apothekersgarten? Schwabach &#8211; Im Rahmen des F\u00f6rderprogrammes \u201eInnenstadt Beleben\u201c soll auch der Spielplatz im Apothekersgarten neu gestaltet werden. Ziel ist eine <a class=\"mh-excerpt-more\" href=\"https:\/\/www.region-schwabach.de\/wordpress\/neugestaltung-des-apothekersgartens-die-wunsche-der-burgerinnen-und-burger-sind-gefragt\/\" title=\"Neugestaltung des Apothekersgartens: Die W\u00fcnsche der B\u00fcrgerinnen und B\u00fcrger sind gefragt!\">[&#8230;]<\/a><\/p>\n<\/div>","protected":false},"author":1,"featured_media":182866,"comment_status":"open","ping_status":"open","sticky":false,"template":"","format":"standard","meta":{"_cbd_carousel_blocks":"[]","footnotes":""},"categories":[16,79,61],"tags":[20351,20340,20339,4392,20352,20353,8703,388,522,2679,3966,15694,1480,19,2196,3012,3151],"class_list":{"0":"post-182865","1":"post","2":"type-post","3":"status-publish","4":"format-standard","5":"has-post-thumbnail","7":"category-aktuell","8":"category-politik","9":"category-rathaus","10":"tag-innenstadt-beleben","11":"tag-21-september-2022","12":"tag-21-09-2022","13":"tag-apothekersgarten","14":"tag-aufenthaltsqualitaet","15":"tag-aufwertung","16":"tag-foerderprogramm","17":"tag-innenstadt","18":"tag-koenigsplatz","19":"tag-koenigstrasse","20":"tag-neugestaltung","21":"tag-oeffentlichkeitsbeteiligung","22":"tag-rathaus","23":"tag-schwabach","24":"tag-spielplatz","25":"tag-stadt","26":"tag-stadt-schwabach"},"_links":{"self":[{"href":"https:\/\/www.region-schwabach.de\/wordpress\/wp-json\/wp\/v2\/posts\/182865","targetHints":{"allow":["GET"]}}],"collection":[{"href":"https:\/\/www.region-schwabach.de\/wordpress\/wp-json\/wp\/v2\/posts"}],"about":[{"href":"https:\/\/www.region-schwabach.de\/wordpress\/wp-json\/wp\/v2\/types\/post"}],"author":[{"embeddable":true,"href":"https:\/\/www.region-schwabach.de\/wordpress\/wp-json\/wp\/v2\/users\/1"}],"replies":[{"embeddable":true,"href":"https:\/\/www.region-schwabach.de\/wordpress\/wp-json\/wp\/v2\/comments?post=182865"}],"version-history":[{"count":0,"href":"https:\/\/www.region-schwabach.de\/wordpress\/wp-json\/wp\/v2\/posts\/182865\/revisions"}],"wp:featuredmedia":[{"embeddable":true,"href":"https:\/\/www.region-schwabach.de\/wordpress\/wp-json\/wp\/v2\/media\/182866"}],"wp:attachment":[{"href":"https:\/\/www.region-schwabach.de\/wordpress\/wp-json\/wp\/v2\/media?parent=182865"}],"wp:term":[{"taxonomy":"category","embeddable":true,"href":"https:\/\/www.region-schwabach.de\/wordpress\/wp-json\/wp\/v2\/categories?post=182865"},{"taxonomy":"post_tag","embeddable":true,"href":"https:\/\/www.region-schwabach.de\/wordpress\/wp-json\/wp\/v2\/tags?post=182865"}],"curies":[{"name":"wp","href":"https:\/\/api.w.org\/{rel}","templated":true}]}}