{"id":182945,"date":"2022-09-25T01:30:00","date_gmt":"2022-09-24T23:30:00","guid":{"rendered":"https:\/\/www.region-schwabach.de\/wordpress\/?p=182945"},"modified":"2022-09-24T22:04:13","modified_gmt":"2022-09-24T20:04:13","slug":"henselt-festival-2022-von-freitag-den-23-september-2022-bis-sonntag-den-25-september-2022","status":"publish","type":"post","link":"https:\/\/www.region-schwabach.de\/wordpress\/henselt-festival-2022-von-freitag-den-23-september-2022-bis-sonntag-den-25-september-2022\/","title":{"rendered":"\u201eHenselt-Festival 2022\u201c \u2013 von Freitag, den 23. September 2022, bis Sonntag, den 25. September 2022"},"content":{"rendered":"\t\t<div data-elementor-type=\"wp-post\" data-elementor-id=\"182945\" class=\"elementor elementor-182945\">\n\t\t\t\t\t\t<section class=\"elementor-section elementor-top-section elementor-element elementor-element-678181b elementor-section-boxed elementor-section-height-default elementor-section-height-default\" data-id=\"678181b\" data-element_type=\"section\">\n\t\t\t\t\t\t<div class=\"elementor-container elementor-column-gap-default\">\n\t\t\t\t\t<div class=\"elementor-column elementor-col-66 elementor-top-column elementor-element elementor-element-6b34026\" data-id=\"6b34026\" data-element_type=\"column\">\n\t\t\t<div class=\"elementor-widget-wrap elementor-element-populated\">\n\t\t\t\t\t\t<div class=\"elementor-element elementor-element-8c2b086 elementor-widget elementor-widget-wp-widget-advads_ad_widget\" data-id=\"8c2b086\" data-element_type=\"widget\" data-widget_type=\"wp-widget-advads_ad_widget.default\">\n\t\t\t\t<div class=\"elementor-widget-container\">\n\t\t\t<div id=\"regio-4007240989\"><div class=\"regio-adlabel\">Werbung<\/div><center><a href=\"https:\/\/a.partner-versicherung.de\/click.php?partner_id=19992&ad_id=1578&deep=kreditkarten\"  target=\"_blank\"><img decoding=\"async\" src=\"https:\/\/a.partner-versicherung.de\/view.php?partner_id=19992&ad_id=1578\" ><\/a><\/center><\/div>\t\t<\/div>\n\t\t\t\t<\/div>\n\t\t\t\t<div class=\"elementor-element elementor-element-443ab98 elementor-widget elementor-widget-text-editor\" data-id=\"443ab98\" data-element_type=\"widget\" data-widget_type=\"text-editor.default\">\n\t\t\t\t<div class=\"elementor-widget-container\">\n\t\t\t\t\t\t\t<h3>20 Jahre Internationale Henselt-Gesellschaft:\u00a0<br \/>Festival vom 23. bis 25. September 2022<\/h3><p><span style=\"font-size: 12pt;\">Schwabach &#8211;\u00a0Im Jahr 2022 blickt die Internationale Adolph-Henselt-Gesellschaft auf ihr 20-j\u00e4hriges Bestehen zur\u00fcck. W\u00e4hrend all dieser Jahre konnte sie ihre Aktivit\u00e4ten mit gro\u00dfer Unterst\u00fctzung der Stadt Schwabach entfalten und ist dank dieser engen Kooperation ein fester Bestandteil des kulturellen Lebens in Schwabach geworden.<\/span><\/p><p><span style=\"font-size: 12pt;\">Das Jubil\u00e4um ist Anlass, um das au\u00dfergew\u00f6hnliche Format der Schwabacher Henselt-Festivals fortzusetzen: Konzerte und wissenschaftliche Vortr\u00e4ge werden miteinander verbunden, um so das Wissen um Adolph von Henselt und seine Zeit \u201eh\u00f6rbar\u201c zu machen. Schwerpunkt bildet diesmal das vernachl\u00e4ssigte Genre des\u00a0<em>Arrangements<\/em>\u00a0bzw. der\u00a0<em>Bearbeitung<\/em> u.a. in der eher seltenen Darbietungsform des Duos an zwei Klavieren. Dar\u00fcber hinaus wird der Kanon des \u00fcblichen Konzertrepertoires um einige bislang \u201eungeh\u00f6rte Rarit\u00e4ten\u201c erweitert.\u00a0<\/span><\/p><h3>Das Programm:\u00a0<\/h3><h3><strong>Freitag, den 23.09.2022\u00a0<\/strong><\/h3><ul style=\"list-style-type: disc;\"><li><span style=\"font-size: 12pt;\">17.30 Uhr, B\u00fcrgerhaus: Vortrag (in englischer Sprache) von Prof. Dr. Olga Skorbyashchenskaya: <\/span><span style=\"font-size: 12pt;\">Adolf von Henselt \u2013 European musician with the Petersburg\u2019s fate\u00a0<br \/><a href=\"https:\/\/www.schwabach.de\/de\/infoseiten-kulturportal\/11051-vortrag-von-prof-dr-olga-skorbyashchenskaya.html\" target=\"_blank\" rel=\"noopener\">mehr Infos hier &#8230;\u00a0<\/a><\/span><\/li><li><span style=\"font-size: 12pt;\">18.00 Uhr, B\u00fcrgerhaus: Vortrag von apl. Prof. Dr. Kadja Gr\u00f6nke: Tschaikowskys Klavierst\u00fcck \u201ePass\u00e9 lointain\u201c op. 72, Nr. 17 (1893) \u2013 eine Reminiszenz an Adolph von Henselt?\u00a0<br \/><a href=\"https:\/\/www.schwabach.de\/de\/infoseiten-kulturportal\/11026-vortrag-von-apl-prof-dr-kadja-groenke.html\" target=\"_blank\" rel=\"noopener\">mehr Infos hier &#8230;<\/a><\/span><\/li><li><span style=\"font-size: 12pt;\">20.00 Uhr, B\u00fcrgerhaus: Kommentierter Klavierabend mit Kolja Lessing: Adolph von Henselt \u2013 Eine musikalische Biographie<br \/><a href=\"https:\/\/www.schwabach.de\/de\/infoseiten-kulturportal\/11022-kolja-lessing-adolph-von-henselt-eine-musikalische-biographie.html\" target=\"_blank\" rel=\"noopener\">mehr Infos hier &#8230;<\/a><\/span><\/li><\/ul><h3>Samstag, den 24.09.2022\u00a0<\/h3><ul style=\"list-style-type: disc;\"><li><span style=\"font-size: 12pt;\">17.00 Uhr, B\u00fcrgerhaus: Vortrag von Prof. Dr. Dr. Hans Huchzermeyer; \u201eWolltest Herrliches gewinnen, aber es gelang dir nicht.\u201c Adolph von Henselt \u2013 eine pathographische Studie\u00a0<br \/><a href=\"https:\/\/www.schwabach.de\/de\/infoseiten-kulturportal\/11027-vortrag-von-prof-dr-dr-hans-huchzermeyer.html\" target=\"_blank\" rel=\"noopener\">mehr Infos hier &#8230;<\/a><\/span><\/li><li><span style=\"font-size: 12pt;\">17.45 Uhr, B\u00fcrgerhaus: Vortrag von Prof. Dr. Wojciech Kunicki: Henselt in Warmbrunn\/Cieplice \u015al\u0105skie-Zdr\u00f3j. Erkundungen vor Ort<br \/><a href=\"https:\/\/www.schwabach.de\/de\/infoseiten-kulturportal\/11028-prof-dr-wojciech-kunicki.html\" target=\"_blank\" rel=\"noopener\">mehr Infos hier &#8230;<\/a><\/span><\/li><li><span style=\"font-size: 12pt;\">20.00 Uhr, B\u00fcrgerhaus: Klavierabend mit dem Aachener Klavierduo: Originales und Originelles f\u00fcr zwei\u00a0<br \/><a href=\"https:\/\/www.schwabach.de\/de\/infoseiten-kulturportal\/11023-aachener-klavierduo-originales-und-originelles-fuer-zwei.html\" target=\"_blank\" rel=\"noopener\">mehr Infos hier &#8230;<\/a><\/span><\/li><\/ul><h3>Sonntag, den 25.09.2022\u00a0<\/h3><ul style=\"list-style-type: disc;\"><li><span style=\"font-size: 12pt;\">10.30 Uhr, B\u00fcrgerhaus: Vortrag von Dr. habil. Martin Thrun: Adolph von Henselts \u201eblo\u00dfe Fingereien\u201c? \u2013 Instrumentalsoli im Programm b\u00fcrgerlicher Konzertinstitute\u00a0<br \/><a href=\"https:\/\/www.schwabach.de\/de\/infoseiten-kulturportal\/11030-vortrag-von-dr-habil-martin-thrun.html\" target=\"_blank\" rel=\"noopener\">mehr Infos hier &#8230;\u00a0<\/a><\/span><\/li><li><span style=\"font-size: 12pt;\">11.30 Uhr, B\u00fcrgerhaus: Klaviermatinee mit Sinae Sung: Im Gleichklang der Seelen: Weber, Chopin, Henselt<br \/><a href=\"https:\/\/www.schwabach.de\/de\/infoseiten-kulturportal\/11024-sinae-sung-im-gleichklang-der-seelen-weber-chopin-henselt.html\" target=\"_blank\" rel=\"noopener\">mehr Infos hier &#8230;<\/a><\/span><\/li><\/ul>\t\t\t\t\t\t<\/div>\n\t\t\t\t<\/div>\n\t\t\t\t<div class=\"elementor-element elementor-element-b61d463 elementor-widget elementor-widget-shortcode\" data-id=\"b61d463\" data-element_type=\"widget\" data-widget_type=\"shortcode.default\">\n\t\t\t\t<div class=\"elementor-widget-container\">\n\t\t\t\t\t<div class=\"elementor-shortcode\"><center><a href=\"https:\/\/a.partner-versicherung.de\/click.php?partner_id=19992&ad_id=441&deep=kfz-versicherung\"  target=\"_blank\"><img decoding=\"async\" src=\"https:\/\/a.partner-versicherung.de\/view.php?partner_id=19992&ad_id=441\" ><\/a><\/center><\/div>\n\t\t\t\t<\/div>\n\t\t\t\t<\/div>\n\t\t\t\t<div class=\"elementor-element elementor-element-0c834d7 elementor-widget-divider--view-line elementor-widget elementor-widget-divider\" data-id=\"0c834d7\" data-element_type=\"widget\" data-widget_type=\"divider.default\">\n\t\t\t\t<div class=\"elementor-widget-container\">\n\t\t\t\t\t<div class=\"elementor-divider\">\n\t\t\t<span class=\"elementor-divider-separator\">\n\t\t\t\t\t\t<\/span>\n\t\t<\/div>\n\t\t\t\t<\/div>\n\t\t\t\t<\/div>\n\t\t\t\t<div class=\"elementor-element elementor-element-325f51f elementor-widget elementor-widget-google_maps\" data-id=\"325f51f\" data-element_type=\"widget\" data-widget_type=\"google_maps.default\">\n\t\t\t\t<div class=\"elementor-widget-container\">\n\t\t\t\t\t<div class=\"elementor-custom-embed\">\n\t\t\t<iframe loading=\"lazy\"\n\t\t\t\t\tsrc=\"https:\/\/maps.google.com\/maps?q=K%C3%B6nigsplatz%2033a%2C%20Schwabach%2C%20Deutschland&#038;t=m&#038;z=18&#038;output=embed&#038;iwloc=near\"\n\t\t\t\t\ttitle=\"K\u00f6nigsplatz 33a, Schwabach, Deutschland\"\n\t\t\t\t\taria-label=\"K\u00f6nigsplatz 33a, Schwabach, Deutschland\"\n\t\t\t><\/iframe>\n\t\t<\/div>\n\t\t\t\t<\/div>\n\t\t\t\t<\/div>\n\t\t\t\t\t<\/div>\n\t\t<\/div>\n\t\t\t\t<div class=\"elementor-column elementor-col-33 elementor-top-column elementor-element elementor-element-f645137\" data-id=\"f645137\" data-element_type=\"column\">\n\t\t\t<div class=\"elementor-widget-wrap elementor-element-populated\">\n\t\t\t\t\t\t<div class=\"elementor-element elementor-element-78f122a elementor-widget elementor-widget-heading\" data-id=\"78f122a\" data-element_type=\"widget\" data-widget_type=\"heading.default\">\n\t\t\t\t<div class=\"elementor-widget-container\">\n\t\t\t<h3 class=\"elementor-heading-title elementor-size-default\">Schnell vergleichen und sparen!<\/h3>\t\t<\/div>\n\t\t\t\t<\/div>\n\t\t\t\t<div class=\"elementor-element elementor-element-815595f elementor-widget elementor-widget-wp-widget-advads_ad_widget\" data-id=\"815595f\" data-element_type=\"widget\" data-widget_type=\"wp-widget-advads_ad_widget.default\">\n\t\t\t\t<div class=\"elementor-widget-container\">\n\t\t\t<div id=\"regio-2722018725\"><div class=\"regio-adlabel\">Werbung<\/div><!-- Beginn https:\/\/www.financeads.net\/-Code --><a href=\"https:\/\/www.financeads.net\/tc.php?t=36648C236142529B\" target=\"_blank\"><img fetchpriority=\"high\" decoding=\"async\" src=\"https:\/\/www.financeads.net\/tb.php?t=36648V236142529B&https=1\" alt=\"\" border=\"0\" width=\"300\" height=\"250\"><\/a><!-- Ende https:\/\/www.financeads.net\/-Code --><\/div>\t\t<\/div>\n\t\t\t\t<\/div>\n\t\t\t\t<div class=\"elementor-element elementor-element-fa1c790 elementor-widget elementor-widget-wp-widget-advads_ad_widget\" data-id=\"fa1c790\" data-element_type=\"widget\" data-widget_type=\"wp-widget-advads_ad_widget.default\">\n\t\t\t\t<div class=\"elementor-widget-container\">\n\t\t\t<div id=\"regio-953511790\"><div class=\"regio-adlabel\">Werbung<\/div><!-- Beginn https:\/\/www.financeads.net\/-Code --><a href=\"https:\/\/www.financeads.net\/tc.php?t=36648C42614510B\" target=\"_blank\"><img decoding=\"async\" src=\"https:\/\/www.financeads.net\/tb.php?t=36648V42614510B&https=1\" alt=\"\" border=\"0\" width=\"200\" height=\"300\"><\/a><!-- Ende https:\/\/www.financeads.net\/-Code --><\/div>\t\t<\/div>\n\t\t\t\t<\/div>\n\t\t\t\t<div class=\"elementor-element elementor-element-93f6842 elementor-widget elementor-widget-wp-widget-advads_ad_widget\" data-id=\"93f6842\" data-element_type=\"widget\" data-widget_type=\"wp-widget-advads_ad_widget.default\">\n\t\t\t\t<div class=\"elementor-widget-container\">\n\t\t\t<div id=\"regio-2118744645\"><div class=\"regio-adlabel\">Werbung<\/div><!-- Beginn https:\/\/www.financeads.net\/-Code --><a href=\"https:\/\/www.financeads.net\/tc.php?t=36648C205040072B\" target=\"_blank\"><img decoding=\"async\" src=\"https:\/\/www.financeads.net\/tb.php?t=36648V205040072B&https=1\" alt=\"\" border=\"0\" width=\"300\" height=\"250\"><\/a><!-- Ende https:\/\/www.financeads.net\/-Code --><\/div>\t\t<\/div>\n\t\t\t\t<\/div>\n\t\t\t\t<div class=\"elementor-element elementor-element-3baf264 elementor-widget elementor-widget-wp-widget-advads_ad_widget\" data-id=\"3baf264\" data-element_type=\"widget\" data-widget_type=\"wp-widget-advads_ad_widget.default\">\n\t\t\t\t<div class=\"elementor-widget-container\">\n\t\t\t<div id=\"regio-3430722507\"><div class=\"regio-adlabel\">Werbung<\/div><!-- Beginn https:\/\/www.financeads.net\/-Code --><a href=\"https:\/\/www.financeads.net\/tc.php?t=36648C271460142B\" target=\"_blank\"><img loading=\"lazy\" decoding=\"async\" src=\"https:\/\/www.financeads.net\/tb.php?t=36648V271460142B&https=1\" alt=\"PETPROTECT_Hund&Katze_Banner\" border=\"0\" width=\"250\" height=\"250\"><\/a><!-- Ende https:\/\/www.financeads.net\/-Code --><\/div>\t\t<\/div>\n\t\t\t\t<\/div>\n\t\t\t\t\t<\/div>\n\t\t<\/div>\n\t\t\t\t\t<\/div>\n\t\t<\/section>\n\t\t\t\t<\/div>\n\t\t","protected":false},"excerpt":{"rendered":"<div class=\"mh-excerpt\"><p>20 Jahre Internationale Henselt-Gesellschaft:\u00a0Festival vom 23. bis 25. September 2022 Schwabach &#8211;\u00a0Im Jahr 2022 blickt die Internationale Adolph-Henselt-Gesellschaft auf ihr 20-j\u00e4hriges Bestehen zur\u00fcck. W\u00e4hrend all dieser Jahre konnte sie ihre Aktivit\u00e4ten mit gro\u00dfer Unterst\u00fctzung der <a class=\"mh-excerpt-more\" href=\"https:\/\/www.region-schwabach.de\/wordpress\/henselt-festival-2022-von-freitag-den-23-september-2022-bis-sonntag-den-25-september-2022\/\" title=\"\u201eHenselt-Festival 2022\u201c \u2013 von Freitag, den 23. September 2022, bis Sonntag, den 25. September 2022\">[&#8230;]<\/a><\/p>\n<\/div>","protected":false},"author":1,"featured_media":182946,"comment_status":"open","ping_status":"open","sticky":false,"template":"","format":"standard","meta":{"_cbd_carousel_blocks":"[]","footnotes":""},"categories":[16,1,287,61,231,140],"tags":[20359,20360,20361,4331,3604,20362,4349,522,7308,1480,19,3012,3151,20363],"class_list":{"0":"post-182945","1":"post","2":"type-post","3":"status-publish","4":"format-standard","5":"has-post-thumbnail","7":"category-aktuell","8":"category-allgemein","9":"category-jugend-und-familie","10":"category-rathaus","11":"category-veranstaltungsnews","12":"category-vereine","13":"tag-henselt-festival-2022","14":"tag-23-september-2022-bis-25-september-2022","15":"tag-23-09-2022-bis-25-09-2022","16":"tag-adolph-von-henselt","17":"tag-buergerhaus","18":"tag-internationale-henselt-gesellschaft","19":"tag-jubilaeum","20":"tag-koenigsplatz","21":"tag-konzerte","22":"tag-rathaus","23":"tag-schwabach","24":"tag-stadt","25":"tag-stadt-schwabach","26":"tag-wissenschaftliche-vortraege"},"_links":{"self":[{"href":"https:\/\/www.region-schwabach.de\/wordpress\/wp-json\/wp\/v2\/posts\/182945","targetHints":{"allow":["GET"]}}],"collection":[{"href":"https:\/\/www.region-schwabach.de\/wordpress\/wp-json\/wp\/v2\/posts"}],"about":[{"href":"https:\/\/www.region-schwabach.de\/wordpress\/wp-json\/wp\/v2\/types\/post"}],"author":[{"embeddable":true,"href":"https:\/\/www.region-schwabach.de\/wordpress\/wp-json\/wp\/v2\/users\/1"}],"replies":[{"embeddable":true,"href":"https:\/\/www.region-schwabach.de\/wordpress\/wp-json\/wp\/v2\/comments?post=182945"}],"version-history":[{"count":0,"href":"https:\/\/www.region-schwabach.de\/wordpress\/wp-json\/wp\/v2\/posts\/182945\/revisions"}],"wp:featuredmedia":[{"embeddable":true,"href":"https:\/\/www.region-schwabach.de\/wordpress\/wp-json\/wp\/v2\/media\/182946"}],"wp:attachment":[{"href":"https:\/\/www.region-schwabach.de\/wordpress\/wp-json\/wp\/v2\/media?parent=182945"}],"wp:term":[{"taxonomy":"category","embeddable":true,"href":"https:\/\/www.region-schwabach.de\/wordpress\/wp-json\/wp\/v2\/categories?post=182945"},{"taxonomy":"post_tag","embeddable":true,"href":"https:\/\/www.region-schwabach.de\/wordpress\/wp-json\/wp\/v2\/tags?post=182945"}],"curies":[{"name":"wp","href":"https:\/\/api.w.org\/{rel}","templated":true}]}}