{"id":183441,"date":"2022-09-27T01:00:00","date_gmt":"2022-09-26T23:00:00","guid":{"rendered":"https:\/\/www.region-schwabach.de\/wordpress\/?p=183441"},"modified":"2022-09-26T20:39:39","modified_gmt":"2022-09-26T18:39:39","slug":"verleihung-des-verdienstordens-der-bundesrepublik-deutschland-an-den-schwabacher-gunter-probster","status":"publish","type":"post","link":"https:\/\/www.region-schwabach.de\/wordpress\/verleihung-des-verdienstordens-der-bundesrepublik-deutschland-an-den-schwabacher-gunter-probster\/","title":{"rendered":"Verleihung des Verdienstordens der Bundesrepublik Deutschland an den Schwabacher G\u00fcnter Pr\u00f6bster"},"content":{"rendered":"\t\t<div data-elementor-type=\"wp-post\" data-elementor-id=\"183441\" class=\"elementor elementor-183441\">\n\t\t\t\t\t\t<section class=\"elementor-section elementor-top-section elementor-element elementor-element-tlus4ia elementor-section-boxed elementor-section-height-default elementor-section-height-default\" data-id=\"tlus4ia\" data-element_type=\"section\">\n\t\t\t\t\t\t<div class=\"elementor-container elementor-column-gap-default\">\n\t\t\t\t\t<div class=\"elementor-column elementor-col-50 elementor-top-column elementor-element elementor-element-sphcucl\" data-id=\"sphcucl\" data-element_type=\"column\">\n\t\t\t<div class=\"elementor-widget-wrap elementor-element-populated\">\n\t\t\t\t\t\t<div class=\"elementor-element elementor-element-4a8a510 elementor-widget elementor-widget-wp-widget-advads_ad_widget\" data-id=\"4a8a510\" data-element_type=\"widget\" data-widget_type=\"wp-widget-advads_ad_widget.default\">\n\t\t\t\t<div class=\"elementor-widget-container\">\n\t\t\t<div id=\"regio-4250102437\"><div class=\"regio-adlabel\">Werbung<\/div><center><a href=\"https:\/\/a.partner-versicherung.de\/click.php?partner_id=19992&ad_id=1578&deep=kreditkarten\"  target=\"_blank\"><img decoding=\"async\" src=\"https:\/\/a.partner-versicherung.de\/view.php?partner_id=19992&ad_id=1578\" ><\/a><\/center><\/div>\t\t<\/div>\n\t\t\t\t<\/div>\n\t\t\t\t<div class=\"elementor-element elementor-element-4f2h2af elementor-widget elementor-widget-text-editor\" data-id=\"4f2h2af\" data-element_type=\"widget\" data-widget_type=\"text-editor.default\">\n\t\t\t\t<div class=\"elementor-widget-container\">\n\t\t\t\t\t\t\t<h3 class=\"entry-title\">Auszeichnung mit der Verdienstmedaille des Verdienstordens der Bundesrepublik Deutschland<\/h3><p><span style=\"font-size: 12pt;\">Schwabach &#8211;\u00a0Der Schwabacher B\u00fcrger G\u00fcnter Pr\u00f6bster ist mit der Verdienstmedaille des Verdienstordens der Bundesrepublik Deutschland, auch &#8222;Bundesverdienstkreuz&#8220; genannt, ausgezeichnet worden. Oberb\u00fcrgermeister Peter Rei\u00df \u00fcberreichte dem Sohn des Geehrten, Florian Pr\u00f6bster, am Donnerstag, den 8. September 2022, im Goldenen Saal des Rathauses die Medaille und die dazugeh\u00f6rige Urkunde. G\u00fcnter Pr\u00f6bster konnte wegen einer Erkrankung selbst nicht an der Ehrung teilnehmen.\u00a0<\/span><\/p><h3><span style=\"font-size: 14pt;\">OB Peter Rei\u00df bezeichnete die Auszeichnung als &#8222;Ansporn&#8220; f\u00fcr andere\u00a0<\/span><\/h3><p><span style=\"font-size: 12pt;\">Rei\u00df, der f\u00fcr den Anlass (&#8222;Ich vertrete heute den Bundespr\u00e4sidenten.&#8220;) seine goldene Amtskette angelegt hatte, bezeichnete die Auszeichnung als &#8222;Ansporn&#8220; f\u00fcr andere, &#8222;die sich f\u00fcr die Gemeinschaft, f\u00fcr Dritte engagieren.&#8220; G\u00fcnter Pr\u00f6bster war \u00fcber Jahrzehnte Betriebsratsmitglied und sp\u00e4ter Betriebsratsvorsitzender bei der MAN N\u00fcrnberg. Dabei hat er sich, so der 1. Bevollm\u00e4chtigte der IG Metall N\u00fcrnberg, Andreas Weidemann, in einem Gru\u00dfwort &#8222;f\u00fcr sichere Arbeitspl\u00e4tze, gute Entlohnung und ein faires Miteinander eingesetzt&#8220;. Die Integration der ausl\u00e4ndischen Kolleginnen und Kollegen und Chancengleichheit seien ihm besonders wichtig gewesen. Der Gewerkschafter betonte auch, dass Pr\u00f6bster sich im Krisenjahr 2008 &#8211; damals standen bei der MAN viele Arbeitspl\u00e4tze auf dem Spiel &#8211; mit seinem Einsatz f\u00fcr eine Besch\u00e4ftigungsgarantie, eine zukunftsf\u00e4hige Unternehmensstrategie und ein Qualifizierungsprogramm eingesetzt hat. Das habe letztendlich zu Sicherung des Standortes und damit zum Erhalt der Arbeitspl\u00e4tze entscheidend beigetragen.\u00a0<\/span><\/p><h3><span style=\"font-size: 14pt;\">Sohn Florian ist stolz auf seinen Vater\u00a0<\/span><\/h3><p><span style=\"font-size: 12pt;\">Als letzter Redner sprach bei der Ehrung Sohn Florian dar\u00fcber, wie stolz er auf seinen Vater ist. Und wie dessen Engagement ihn &#8222;die ganze Kindheit \u00fcber&#8220; gepr\u00e4gt und beeinflusst hat. Er endete mit dem Appell, mehr aufs Ehrenamt zu schauen.\u00a0<\/span><\/p>\t\t\t\t\t\t<\/div>\n\t\t\t\t<\/div>\n\t\t\t\t<div class=\"elementor-element elementor-element-0000f75 elementor-widget elementor-widget-shortcode\" data-id=\"0000f75\" data-element_type=\"widget\" data-widget_type=\"shortcode.default\">\n\t\t\t\t<div class=\"elementor-widget-container\">\n\t\t\t\t\t<div class=\"elementor-shortcode\"><center><a href=\"https:\/\/a.partner-versicherung.de\/click.php?partner_id=19992&ad_id=441&deep=kfz-versicherung\"  target=\"_blank\"><img decoding=\"async\" src=\"https:\/\/a.partner-versicherung.de\/view.php?partner_id=19992&ad_id=441\" ><\/a><\/center><\/div>\n\t\t\t\t<\/div>\n\t\t\t\t<\/div>\n\t\t\t\t<div class=\"elementor-element elementor-element-92f7d76 elementor-widget-divider--view-line elementor-widget elementor-widget-divider\" data-id=\"92f7d76\" data-element_type=\"widget\" data-widget_type=\"divider.default\">\n\t\t\t\t<div class=\"elementor-widget-container\">\n\t\t\t\t\t<div class=\"elementor-divider\">\n\t\t\t<span class=\"elementor-divider-separator\">\n\t\t\t\t\t\t<\/span>\n\t\t<\/div>\n\t\t\t\t<\/div>\n\t\t\t\t<\/div>\n\t\t\t\t<div class=\"elementor-element elementor-element-ed47f68 elementor-widget elementor-widget-google_maps\" data-id=\"ed47f68\" data-element_type=\"widget\" data-widget_type=\"google_maps.default\">\n\t\t\t\t<div class=\"elementor-widget-container\">\n\t\t\t\t\t<div class=\"elementor-custom-embed\">\n\t\t\t<iframe loading=\"lazy\"\n\t\t\t\t\tsrc=\"https:\/\/maps.google.com\/maps?q=K%C3%B6nigsplatz%201%2C%20Schwabach%2C%20Deutschland&#038;t=m&#038;z=17&#038;output=embed&#038;iwloc=near\"\n\t\t\t\t\ttitle=\"K\u00f6nigsplatz 1, Schwabach, Deutschland\"\n\t\t\t\t\taria-label=\"K\u00f6nigsplatz 1, Schwabach, Deutschland\"\n\t\t\t><\/iframe>\n\t\t<\/div>\n\t\t\t\t<\/div>\n\t\t\t\t<\/div>\n\t\t\t\t\t<\/div>\n\t\t<\/div>\n\t\t\t\t<div class=\"elementor-column elementor-col-50 elementor-top-column elementor-element elementor-element-20db752\" data-id=\"20db752\" data-element_type=\"column\">\n\t\t\t<div class=\"elementor-widget-wrap elementor-element-populated\">\n\t\t\t\t\t\t<div class=\"elementor-element elementor-element-e027cd3 elementor-widget elementor-widget-heading\" data-id=\"e027cd3\" data-element_type=\"widget\" data-widget_type=\"heading.default\">\n\t\t\t\t<div class=\"elementor-widget-container\">\n\t\t\t<h3 class=\"elementor-heading-title elementor-size-default\">Schnell vergleichen und sparen!<\/h3>\t\t<\/div>\n\t\t\t\t<\/div>\n\t\t\t\t<div class=\"elementor-element elementor-element-ed58085 elementor-widget elementor-widget-wp-widget-advads_ad_widget\" data-id=\"ed58085\" data-element_type=\"widget\" data-widget_type=\"wp-widget-advads_ad_widget.default\">\n\t\t\t\t<div class=\"elementor-widget-container\">\n\t\t\t<div id=\"regio-1797538731\"><div class=\"regio-adlabel\">Werbung<\/div><!-- Beginn https:\/\/www.financeads.net\/-Code --><a href=\"https:\/\/www.financeads.net\/tc.php?t=36648C236142529B\" target=\"_blank\"><img fetchpriority=\"high\" decoding=\"async\" src=\"https:\/\/www.financeads.net\/tb.php?t=36648V236142529B&https=1\" alt=\"\" border=\"0\" width=\"300\" height=\"250\"><\/a><!-- Ende https:\/\/www.financeads.net\/-Code --><\/div>\t\t<\/div>\n\t\t\t\t<\/div>\n\t\t\t\t<div class=\"elementor-element elementor-element-650f6ed elementor-widget elementor-widget-wp-widget-advads_ad_widget\" data-id=\"650f6ed\" data-element_type=\"widget\" data-widget_type=\"wp-widget-advads_ad_widget.default\">\n\t\t\t\t<div class=\"elementor-widget-container\">\n\t\t\t<div id=\"regio-2474965908\"><div class=\"regio-adlabel\">Werbung<\/div><!-- Beginn https:\/\/www.financeads.net\/-Code --><a href=\"https:\/\/www.financeads.net\/tc.php?t=36648C42614510B\" target=\"_blank\"><img decoding=\"async\" src=\"https:\/\/www.financeads.net\/tb.php?t=36648V42614510B&https=1\" alt=\"\" border=\"0\" width=\"200\" height=\"300\"><\/a><!-- Ende https:\/\/www.financeads.net\/-Code --><\/div>\t\t<\/div>\n\t\t\t\t<\/div>\n\t\t\t\t<div class=\"elementor-element elementor-element-9b287ce elementor-widget elementor-widget-wp-widget-advads_ad_widget\" data-id=\"9b287ce\" data-element_type=\"widget\" data-widget_type=\"wp-widget-advads_ad_widget.default\">\n\t\t\t\t<div class=\"elementor-widget-container\">\n\t\t\t<div id=\"regio-1191191913\"><div class=\"regio-adlabel\">Werbung<\/div><!-- Beginn https:\/\/www.financeads.net\/-Code --><a href=\"https:\/\/www.financeads.net\/tc.php?t=36648C205040072B\" target=\"_blank\"><img decoding=\"async\" src=\"https:\/\/www.financeads.net\/tb.php?t=36648V205040072B&https=1\" alt=\"\" border=\"0\" width=\"300\" height=\"250\"><\/a><!-- Ende https:\/\/www.financeads.net\/-Code --><\/div>\t\t<\/div>\n\t\t\t\t<\/div>\n\t\t\t\t<div class=\"elementor-element elementor-element-529e115 elementor-widget elementor-widget-wp-widget-advads_ad_widget\" data-id=\"529e115\" data-element_type=\"widget\" data-widget_type=\"wp-widget-advads_ad_widget.default\">\n\t\t\t\t<div class=\"elementor-widget-container\">\n\t\t\t<div id=\"regio-1990776211\"><div class=\"regio-adlabel\">Werbung<\/div><!-- Beginn https:\/\/www.financeads.net\/-Code --><a href=\"https:\/\/www.financeads.net\/tc.php?t=36648C271460142B\" target=\"_blank\"><img loading=\"lazy\" decoding=\"async\" src=\"https:\/\/www.financeads.net\/tb.php?t=36648V271460142B&https=1\" alt=\"PETPROTECT_Hund&Katze_Banner\" border=\"0\" width=\"250\" height=\"250\"><\/a><!-- Ende https:\/\/www.financeads.net\/-Code --><\/div>\t\t<\/div>\n\t\t\t\t<\/div>\n\t\t\t\t\t<\/div>\n\t\t<\/div>\n\t\t\t\t\t<\/div>\n\t\t<\/section>\n\t\t\t\t<\/div>\n\t\t","protected":false},"excerpt":{"rendered":"<div class=\"mh-excerpt\"><p>Auszeichnung mit der Verdienstmedaille des Verdienstordens der Bundesrepublik Deutschland Schwabach &#8211;\u00a0Der Schwabacher B\u00fcrger G\u00fcnter Pr\u00f6bster ist mit der Verdienstmedaille des Verdienstordens der Bundesrepublik Deutschland, auch &#8222;Bundesverdienstkreuz&#8220; genannt, ausgezeichnet worden. Oberb\u00fcrgermeister Peter Rei\u00df \u00fcberreichte dem Sohn <a class=\"mh-excerpt-more\" href=\"https:\/\/www.region-schwabach.de\/wordpress\/verleihung-des-verdienstordens-der-bundesrepublik-deutschland-an-den-schwabacher-gunter-probster\/\" title=\"Verleihung des Verdienstordens der Bundesrepublik Deutschland an den Schwabacher G\u00fcnter Pr\u00f6bster\">[&#8230;]<\/a><\/p>\n<\/div>","protected":false},"author":1,"featured_media":183442,"comment_status":"open","ping_status":"open","sticky":false,"template":"","format":"standard","meta":{"_cbd_carousel_blocks":"[]","footnotes":""},"categories":[16,287,13,79,61,231],"tags":[20176,20177,200,20411,20412,20415,20414,3484,20413,522,5269,12385,1480,19,3012,3151,20410,20409],"class_list":{"0":"post-183441","1":"post","2":"type-post","3":"status-publish","4":"format-standard","5":"has-post-thumbnail","7":"category-aktuell","8":"category-jugend-und-familie","9":"category-nachrichten","10":"category-politik","11":"category-rathaus","12":"category-veranstaltungsnews","13":"tag-08-09-2022","14":"tag-8-september-2022","15":"tag-auszeichnung","16":"tag-bundespraesident-frank-walter-steinmeier","17":"tag-bundesrepublik-deutschland","18":"tag-bundesverdienstkreuz","19":"tag-florian-proebster","20":"tag-goldener-saal","21":"tag-guenter-proebster","22":"tag-koenigsplatz","23":"tag-oberbuergermeister","24":"tag-peter-reiss","25":"tag-rathaus","26":"tag-schwabach","27":"tag-stadt","28":"tag-stadt-schwabach","29":"tag-verdienstmedaille","30":"tag-verdienstorden"},"_links":{"self":[{"href":"https:\/\/www.region-schwabach.de\/wordpress\/wp-json\/wp\/v2\/posts\/183441","targetHints":{"allow":["GET"]}}],"collection":[{"href":"https:\/\/www.region-schwabach.de\/wordpress\/wp-json\/wp\/v2\/posts"}],"about":[{"href":"https:\/\/www.region-schwabach.de\/wordpress\/wp-json\/wp\/v2\/types\/post"}],"author":[{"embeddable":true,"href":"https:\/\/www.region-schwabach.de\/wordpress\/wp-json\/wp\/v2\/users\/1"}],"replies":[{"embeddable":true,"href":"https:\/\/www.region-schwabach.de\/wordpress\/wp-json\/wp\/v2\/comments?post=183441"}],"version-history":[{"count":0,"href":"https:\/\/www.region-schwabach.de\/wordpress\/wp-json\/wp\/v2\/posts\/183441\/revisions"}],"wp:featuredmedia":[{"embeddable":true,"href":"https:\/\/www.region-schwabach.de\/wordpress\/wp-json\/wp\/v2\/media\/183442"}],"wp:attachment":[{"href":"https:\/\/www.region-schwabach.de\/wordpress\/wp-json\/wp\/v2\/media?parent=183441"}],"wp:term":[{"taxonomy":"category","embeddable":true,"href":"https:\/\/www.region-schwabach.de\/wordpress\/wp-json\/wp\/v2\/categories?post=183441"},{"taxonomy":"post_tag","embeddable":true,"href":"https:\/\/www.region-schwabach.de\/wordpress\/wp-json\/wp\/v2\/tags?post=183441"}],"curies":[{"name":"wp","href":"https:\/\/api.w.org\/{rel}","templated":true}]}}