{"id":183455,"date":"2022-09-27T00:45:00","date_gmt":"2022-09-26T22:45:00","guid":{"rendered":"https:\/\/www.region-schwabach.de\/wordpress\/?p=183455"},"modified":"2022-09-26T20:39:23","modified_gmt":"2022-09-26T18:39:23","slug":"letzter-bauabschnitt-der-nfh-strasse-freigegeben-fertigstellung-zehn-monate-fruher-als-geplant","status":"publish","type":"post","link":"https:\/\/www.region-schwabach.de\/wordpress\/letzter-bauabschnitt-der-nfh-strasse-freigegeben-fertigstellung-zehn-monate-fruher-als-geplant\/","title":{"rendered":"Letzter Bauabschnitt der \u201eNFH-Stra\u00dfe\u201c freigegeben: Fertigstellung zehn Monate fr\u00fcher als geplant"},"content":{"rendered":"\t\t<div data-elementor-type=\"wp-post\" data-elementor-id=\"183455\" class=\"elementor elementor-183455\">\n\t\t\t\t\t\t<section class=\"elementor-section elementor-top-section elementor-element elementor-element-1dzeyuh elementor-section-boxed elementor-section-height-default elementor-section-height-default\" data-id=\"1dzeyuh\" data-element_type=\"section\">\n\t\t\t\t\t\t<div class=\"elementor-container elementor-column-gap-default\">\n\t\t\t\t\t<div class=\"elementor-column elementor-col-50 elementor-top-column elementor-element elementor-element-aam59ft\" data-id=\"aam59ft\" data-element_type=\"column\">\n\t\t\t<div class=\"elementor-widget-wrap elementor-element-populated\">\n\t\t\t\t\t\t<div class=\"elementor-element elementor-element-c2a29be elementor-widget elementor-widget-wp-widget-advads_ad_widget\" data-id=\"c2a29be\" data-element_type=\"widget\" data-widget_type=\"wp-widget-advads_ad_widget.default\">\n\t\t\t\t<div class=\"elementor-widget-container\">\n\t\t\t<div id=\"regio-1803185536\"><div class=\"regio-adlabel\">Werbung<\/div><center><a href=\"https:\/\/a.partner-versicherung.de\/click.php?partner_id=19992&ad_id=1578&deep=kreditkarten\"  target=\"_blank\"><img decoding=\"async\" src=\"https:\/\/a.partner-versicherung.de\/view.php?partner_id=19992&ad_id=1578\" ><\/a><\/center><\/div>\t\t<\/div>\n\t\t\t\t<\/div>\n\t\t\t\t<div class=\"elementor-element elementor-element-k9p1oyc elementor-widget elementor-widget-text-editor\" data-id=\"k9p1oyc\" data-element_type=\"widget\" data-widget_type=\"text-editor.default\">\n\t\t\t\t<div class=\"elementor-widget-container\">\n\t\t\t\t\t\t\t<h3><span id=\"page3R_mcid9\" class=\"markedContent\"><span dir=\"ltr\" role=\"presentation\">Fertigstellung zehn Monate fr\u00fcher als geplant:\u00a0<\/span><\/span><span id=\"page3R_mcid10\" class=\"markedContent\"><\/span><span id=\"page3R_mcid11\" class=\"markedContent\"><br role=\"presentation\" \/><span dir=\"ltr\" role=\"presentation\">Letzter Bauabschnitt der \u201eNFH<\/span><span dir=\"ltr\" role=\"presentation\">&#8211;<\/span><span dir=\"ltr\" role=\"presentation\">Stra\u00dfe\u201c freigegeben\u00a0<\/span><\/span><\/h3><p><span style=\"font-size: 12pt;\">Schwabach &#8211; <span id=\"page3R_mcid13\" class=\"markedContent\"><span dir=\"ltr\" role=\"presentation\">\u201eHeute d\u00fcrfen ausnahmsweise deutlich mehr Personen als nur der <\/span><span dir=\"ltr\" role=\"presentation\">Oberb\u00fcrgermeister das rote Band durchschneiden\u201c, erkl\u00e4rt Oberb\u00fcrgermeister <\/span><span dir=\"ltr\" role=\"presentation\">Peter Rei\u00df zum Fototermin schmunzelnd. \u201eDenn die Verkehrsfreigabe des <\/span><span dir=\"ltr\" role=\"presentation\">letzten Abschnitts im Stra\u00dfenzug<\/span> <span dir=\"ltr\" role=\"presentation\">Neutor<\/span><span dir=\"ltr\" role=\"presentation\">&#8211;<\/span><span dir=\"ltr\" role=\"presentation\">, Frie<\/span><span dir=\"ltr\" role=\"presentation\">drich<\/span><span dir=\"ltr\" role=\"presentation\">&#8211;<\/span> <span dir=\"ltr\" role=\"presentation\">und H\u00f6rdlertorstra\u00dfe zeigt <\/span><span dir=\"ltr\" role=\"presentation\">vor allem eines: Wenn alle Beteiligten zusammenhalten und ihren Beitrag <\/span><span dir=\"ltr\" role=\"presentation\">ebenso zuverl\u00e4ssig wie seri\u00f6s leisten, dann kann so ein Mammutprojekt wie <\/span><span dir=\"ltr\" role=\"presentation\">die \u201aNFH<\/span><span dir=\"ltr\" role=\"presentation\">&#8211;<\/span><span dir=\"ltr\" role=\"presentation\">Stra\u00dfe\u2018 weitestgehend reibungslos gestemmt werden. Darauf k\u00f6nnen <\/span><span dir=\"ltr\" role=\"presentation\">wi<\/span><span dir=\"ltr\" role=\"presentation\">r alle gemeinsam stolz sein.\u201c<\/span><\/span><span id=\"page3R_mcid14\" class=\"markedContent\"><\/span><span id=\"page3R_mcid15\" class=\"markedContent\"><br role=\"presentation\" \/><\/span><\/span><\/p><h3>Dank an alle beteiligten Firmen\u00a0<\/h3><p><span style=\"font-size: 12pt;\"><span id=\"page3R_mcid15\" class=\"markedContent\"><span dir=\"ltr\" role=\"presentation\">Stadtbaurat Ricus Kerckhoff blickt zur\u00fcck: \u201eVor<\/span> <span dir=\"ltr\" role=\"presentation\">vier Jahren<\/span> <span dir=\"ltr\" role=\"presentation\">wurde<\/span><span dir=\"ltr\" role=\"presentation\">n<\/span> <span dir=\"ltr\" role=\"presentation\">nach <\/span><span dir=\"ltr\" role=\"presentation\">umfangreichen Vorarbeiten<\/span> <span dir=\"ltr\" role=\"presentation\">die<\/span> <span dir=\"ltr\" role=\"presentation\">Stra\u00dfenbau<\/span><span dir=\"ltr\" role=\"presentation\">a<\/span><span dir=\"ltr\" role=\"presentation\">rbeiten<\/span> <span dir=\"ltr\" role=\"presentation\">angefangen<\/span><span dir=\"ltr\" role=\"presentation\">.<\/span> <span dir=\"ltr\" role=\"presentation\">Mit der <\/span><span dir=\"ltr\" role=\"presentation\">H\u00f6rdlertorstra\u00dfe konnte der letzte Abschnitt im August 2021 begonnen werden <\/span><span dir=\"ltr\" role=\"presentation\">und wurde jetzt sogar zehn Monate fr\u00fcher fertig als geplant. Daher bedanke ich <\/span><span dir=\"ltr\" role=\"presentation\">mich sehr herzlich bei der Planungsgemeinschaft Architekturb\u00fcr<\/span><span dir=\"ltr\" role=\"presentation\">o Appeltauer + <\/span><span dir=\"ltr\" role=\"presentation\">Brandl mit Landschaftsarchitekt Detlef Paul<\/span> <span dir=\"ltr\" role=\"presentation\">f\u00fcr die Entwurfsplanung<\/span> <span dir=\"ltr\" role=\"presentation\">und dem <\/span><span dir=\"ltr\" role=\"presentation\">Ingenieur<\/span><span dir=\"ltr\" role=\"presentation\">&#8211;<\/span><span dir=\"ltr\" role=\"presentation\">B\u00fcro Hutzler Baumanagement<\/span> <span dir=\"ltr\" role=\"presentation\">f\u00fcr die Ausf\u00fchrung<\/span><span dir=\"ltr\" role=\"presentation\">splanung.<\/span> <span dir=\"ltr\" role=\"presentation\">Ebenfalls <\/span><span dir=\"ltr\" role=\"presentation\">danke an die ausf\u00fchrende Firma \u201aHoller &amp; Der Steinsetzer\u2018, die nach den <\/span><span dir=\"ltr\" role=\"presentation\">umfangreichen Arbeiten an den Ver<\/span><span dir=\"ltr\" role=\"presentation\">&#8211;<\/span> <span dir=\"ltr\" role=\"presentation\">und Entsorgungsleitungen seit 2018<\/span> <span dir=\"ltr\" role=\"presentation\">den <\/span><span dir=\"ltr\" role=\"presentation\">Stra\u00dfenbau stets zuverl\u00e4ssig und reibungslos<\/span> <span dir=\"ltr\" role=\"presentation\">durch<\/span><span dir=\"ltr\" role=\"presentation\">gef\u00fchrt hat. <\/span><\/span><\/span><\/p><h3>Dank auch an Anwohner und Gewerbetreibende\u00a0<\/h3><p><span style=\"font-size: 12pt;\"><span id=\"page3R_mcid15\" class=\"markedContent\"><span dir=\"ltr\" role=\"presentation\">Danke an die <\/span><span dir=\"ltr\" role=\"presentation\">Anwohner und anl<\/span><span dir=\"ltr\" role=\"presentation\">iegenden Gewerbebetriebe, die viel Geduld und Verst\u00e4ndnis <\/span><span dir=\"ltr\" role=\"presentation\">eingebracht haben und gemeinsam mit den Kolleginnen und Kollegen des <\/span><span dir=\"ltr\" role=\"presentation\">Baureferats und des Quartiersmanagements stets nach L\u00f6sungen gesucht <\/span><span dir=\"ltr\" role=\"presentation\">haben.\u201c\u00a0<\/span><\/span><\/span><span style=\"font-size: 12pt;\"><span id=\"page3R_mcid15\" class=\"markedContent\"><span dir=\"ltr\" role=\"presentation\">So wurden die Stra\u00dfensperrungen beispielsweise in de<\/span><span dir=\"ltr\" role=\"presentation\">r <\/span><span dir=\"ltr\" role=\"presentation\">Vorweihnachtszeit jeweils aufgehoben, um das Weihnachtsgesch\u00e4ft f\u00fcr die <\/span><\/span><\/span><span style=\"font-size: 12pt;\"><span id=\"page20R_mcid0\" class=\"markedContent\"><span dir=\"ltr\" role=\"presentation\">L\u00e4den nicht zus\u00e4tzlich einzuschr\u00e4nken und w\u00e4hrend der Bauzeit ein <\/span><span dir=\"ltr\" role=\"presentation\">symbolischer<\/span> <span dir=\"ltr\" role=\"presentation\">roter Teppich f\u00fcr Fu\u00dfg\u00e4ngerinnen und Fu\u00dfg\u00e4nger ausgerollt.\u00a0<\/span><\/span><span id=\"page20R_mcid1\" class=\"markedContent\"><\/span><span id=\"page20R_mcid2\" class=\"markedContent\"><br role=\"presentation\" \/><\/span><\/span><\/p><h3>Start am 9. April 2018\u00a0<\/h3><p><span style=\"font-size: 12pt;\"><span id=\"page20R_mcid2\" class=\"markedContent\"><span dir=\"ltr\" role=\"presentation\">In f\u00fcnf Teilbauabschnitten wurden Neutor<\/span><span dir=\"ltr\" role=\"presentation\">&#8211;<\/span><span dir=\"ltr\" role=\"presentation\">, Friedrich<\/span><span dir=\"ltr\" role=\"presentation\">&#8211;<\/span> <span dir=\"ltr\" role=\"presentation\">und H\u00f6rdlertorstra\u00dfe <\/span><span dir=\"ltr\" role=\"presentation\">(\u201eNFH<\/span><span dir=\"ltr\" role=\"presentation\">&#8211;<\/span><span dir=\"ltr\" role=\"presentation\">Stra\u00dfe\u201c) komplett fu\u00dfg\u00e4ngerfreundlich und niveaugleich ausgebaut. <\/span><span dir=\"ltr\" role=\"presentation\">Begonnen wurde am 9. April 2018 in der Friedrichstra\u00dfe. Die gesamte <\/span><span dir=\"ltr\" role=\"presentation\">Infrastruktur wurde im Vorfeld erneuert o<\/span><span dir=\"ltr\" role=\"presentation\">der erweitert: Gas<\/span><span dir=\"ltr\" role=\"presentation\">&#8211;<\/span><span dir=\"ltr\" role=\"presentation\">, Wasser<\/span><span dir=\"ltr\" role=\"presentation\">&#8211;<\/span> <span dir=\"ltr\" role=\"presentation\">und <\/span><span dir=\"ltr\" role=\"presentation\">Kanalleitungen sowie Kabel wurden ausgewechselt, die Stra\u00dfenbeleuchtung <\/span><span dir=\"ltr\" role=\"presentation\">erneuert und Glasfaser<\/span><span dir=\"ltr\" role=\"presentation\">&#8211;<\/span><span dir=\"ltr\" role=\"presentation\">Leitungen mitverlegt. Insgesamt wurden auf 6300 <\/span><span dir=\"ltr\" role=\"presentation\">Quadratmetern Fl\u00e4che etwa 3000 Tonnen Granitpflaster verbaut.\u00a0<\/span><\/span><\/span><span style=\"font-size: 12pt;\"><span id=\"page20R_mcid2\" class=\"markedContent\"><span dir=\"ltr\" role=\"presentation\">Die <\/span><span dir=\"ltr\" role=\"presentation\">Gesamtkosten l<\/span><span dir=\"ltr\" role=\"presentation\">agen bei rund f\u00fcnf Millionen Euro und damit mit den Baukosten <\/span><span dir=\"ltr\" role=\"presentation\">im Kostenrahmen. <\/span><\/span><\/span><\/p><h3><span style=\"font-size: 14pt;\"><span id=\"page20R_mcid2\" class=\"markedContent\"><span dir=\"ltr\" role=\"presentation\">Im Rahmen der St\u00e4dtebauf\u00f6rderung bezuschusst\u00a0<\/span><\/span><\/span><\/h3><p><span style=\"font-size: 12pt;\"><span id=\"page20R_mcid2\" class=\"markedContent\"><span dir=\"ltr\" role=\"presentation\">Die Stra\u00dfenbauma\u00dfnahme liegt im Sanierungsgebiet und <\/span><span dir=\"ltr\" role=\"presentation\">wurde im Rahmen der St\u00e4dtebauf\u00f6rderung bezuschusst. Das Ende der <\/span><span dir=\"ltr\" role=\"presentation\">Bauarbeiten war f\u00fcr 2023 vorgesehen. <\/span><\/span><span id=\"page20R_mcid4\" class=\"markedContent\"><span dir=\"ltr\" role=\"presentation\">Christina Greiner, Ba<\/span><span dir=\"ltr\" role=\"presentation\">uleiterin im st\u00e4dtischen Tiefbauamt erl\u00e4utert: \u201eF\u00fcr den <\/span><span dir=\"ltr\" role=\"presentation\">letzten Bauabschnitt haben wir eine so genannte \u201aBeschleunigungsverg\u00fctung\u2018 <\/span><span dir=\"ltr\" role=\"presentation\">vereinbart, so dass die Verkehrsfreigabe bereits heute erfolgen konnte. Das <\/span><span dir=\"ltr\" role=\"presentation\">freut uns sehr f\u00fcr die Anlieger und Gewerbetreibe<\/span><span dir=\"ltr\" role=\"presentation\">nden. Au\u00dferdem m\u00f6chte ich <\/span><span dir=\"ltr\" role=\"presentation\">hervorheben, dass im Rahmen der Ausschreibung auch der CO2<\/span><span dir=\"ltr\" role=\"presentation\">&#8211;<\/span><span dir=\"ltr\" role=\"presentation\">Aussto\u00df <\/span><span dir=\"ltr\" role=\"presentation\">beim Transport des einzubauenden Natursteins gewertet wurde. Der Granit in <\/span><span dir=\"ltr\" role=\"presentation\">der H\u00f6rdlertorstra\u00dfe kommt hier zum Beispiel aus dem Bayerischen Wald.\u00a0<\/span><\/span><\/span><span style=\"font-size: 12pt;\"><span id=\"page20R_mcid4\" class=\"markedContent\"><span dir=\"ltr\" role=\"presentation\">Das <\/span><span dir=\"ltr\" role=\"presentation\">ist zukunftsw<\/span><span dir=\"ltr\" role=\"presentation\">eisend, denn so wird die CO2<\/span><span dir=\"ltr\" role=\"presentation\">&#8211;<\/span><span dir=\"ltr\" role=\"presentation\">Bilanz solcher Gro\u00dfb<\/span><span dir=\"ltr\" role=\"presentation\">Bauma\u00dfnahmen zum Wohler aller deutlich verbessert.\u201c<\/span><\/span><span id=\"page20R_mcid5\" class=\"markedContent\"><\/span><span id=\"page20R_mcid6\" class=\"markedContent\"><br role=\"presentation\" \/><\/span><\/span><\/p><h3><span style=\"font-size: 14pt;\"><span id=\"page20R_mcid6\" class=\"markedContent\"><span dir=\"ltr\" role=\"presentation\">J\u00f6rg Maier schw\u00e4rmt vom <\/span><span dir=\"ltr\" role=\"presentation\">neuen Stra\u00dfenzug:\u00a0<\/span><\/span><\/span><\/h3><p><span style=\"font-size: 12pt;\"><span id=\"page20R_mcid6\" class=\"markedContent\"><span dir=\"ltr\" role=\"presentation\">J\u00f6rg Maier, ebenfalls Bauleiter im st\u00e4dtischen Tiefbauamt, schw\u00e4rmt vom <\/span><span dir=\"ltr\" role=\"presentation\">neuen Stra\u00dfenzug: \u201eEin optisches Highlight des Stra\u00dfenzugs ist der Platz an <\/span><span dir=\"ltr\" role=\"presentation\">der St<\/span><span dir=\"ltr\" role=\"presentation\">adelmannsm\u00fchle mit der Brunnenanlage. Dieser kommt noch mehr zur <\/span><span dir=\"ltr\" role=\"presentation\">Geltung, da der gesamte Stra\u00dfenzug begr\u00fcnt wurde. Durch die \u00d6ffnung des <\/span><span dir=\"ltr\" role=\"presentation\">Nadlersbachs wird das Gew\u00e4sser wieder zug\u00e4nglich gemacht und erh\u00f6ht somit <\/span><span dir=\"ltr\" role=\"presentation\">den Aufenthaltscharakter des Platzes. Au\u00dferde<\/span><span dir=\"ltr\" role=\"presentation\">m wird der Verkehrsfluss durch <\/span><span dir=\"ltr\" role=\"presentation\">die \u00c4nderung der Vorfahrt der Staatsstra\u00dfe bei der Kreuzung alte Linde <\/span><span dir=\"ltr\" role=\"presentation\">verbessert. An der Stadelmannsm\u00fchle haben wir arch\u00e4ologische <\/span><span dir=\"ltr\" role=\"presentation\">Ausgrabungen gefunden, welche bis ins 15. Jahrhundert zur\u00fcckreichen. Auch <\/span><span dir=\"ltr\" role=\"presentation\">einen Kreuzer aus S<\/span><span dir=\"ltr\" role=\"presentation\">tra\u00dfburg, datiert etwa auf das Jahr 1630, wurde <\/span><span dir=\"ltr\" role=\"presentation\">ausgebuddelt.\u201c<\/span><\/span><span id=\"page20R_mcid7\" class=\"markedContent\"><\/span><span id=\"page20R_mcid8\" class=\"markedContent\"><br role=\"presentation\" \/><\/span><\/span><\/p><p><strong><span style=\"font-size: 12pt;\"><span id=\"page20R_mcid8\" class=\"markedContent\"><span dir=\"ltr\" role=\"presentation\">Foto (von links): Silvano Holler (Holler &amp;<\/span> <span dir=\"ltr\" role=\"presentation\">Der Steinsetzer), J\u00f6rg Maier <\/span><span dir=\"ltr\" role=\"presentation\">(Tiefbauamt), Ingo Allendorf (Hutzler Baumanagement), Bruno Fetzer <\/span><\/span><\/span><span style=\"font-size: 12pt;\"><span id=\"page22R_mcid0\" class=\"markedContent\"><span dir=\"ltr\" role=\"presentation\">(Quartiersmanagement), J\u00fcrgen Hutzler (Hutzler Bauman<\/span><span dir=\"ltr\" role=\"presentation\">agement)<\/span><span dir=\"ltr\" role=\"presentation\">, <\/span><span dir=\"ltr\" role=\"presentation\">Oberb\u00fcrgermeister Peter Rei\u00df, Herr Marquez (Holler &amp;<\/span> <span dir=\"ltr\" role=\"presentation\">Der Steinsetzer), <\/span><span dir=\"ltr\" role=\"presentation\">Stadtbaurat Ricus Kerckhoff, Kai Maier (Denkmalschutz), Christina Greiner <\/span><span dir=\"ltr\" role=\"presentation\">(Tiefbauamt)\u00a0<\/span><\/span><\/span><\/strong><\/p>\t\t\t\t\t\t<\/div>\n\t\t\t\t<\/div>\n\t\t\t\t<div class=\"elementor-element elementor-element-1b352fc elementor-widget elementor-widget-shortcode\" data-id=\"1b352fc\" data-element_type=\"widget\" data-widget_type=\"shortcode.default\">\n\t\t\t\t<div class=\"elementor-widget-container\">\n\t\t\t\t\t<div class=\"elementor-shortcode\"><!-- Beginn https:\/\/www.financeads.net\/-Code --><a href=\"https:\/\/www.financeads.net\/tc.php?t=36648C38513858B\" target=\"_blank\"><center><img decoding=\"async\" src=\"https:\/\/www.financeads.net\/tb.php?t=36648V38513858B&https=1\" alt=\"\" border=\"0\" width=\"468\" height=\"60\"><\/a><!-- Ende https:\/\/www.financeads.net\/-Code --><\/div>\n\t\t\t\t<\/div>\n\t\t\t\t<\/div>\n\t\t\t\t<div class=\"elementor-element elementor-element-rf47wqh elementor-widget elementor-widget-google_maps\" data-id=\"rf47wqh\" data-element_type=\"widget\" data-widget_type=\"google_maps.default\">\n\t\t\t\t<div class=\"elementor-widget-container\">\n\t\t\t\t\t<div class=\"elementor-custom-embed\">\n\t\t\t<iframe loading=\"lazy\"\n\t\t\t\t\tsrc=\"https:\/\/maps.google.com\/maps?q=Fleischbr%C3%BCcke%2C%20Schwabach%2C%20Deutschland&#038;t=m&#038;z=18&#038;output=embed&#038;iwloc=near\"\n\t\t\t\t\ttitle=\"Fleischbr\u00fccke, Schwabach, Deutschland\"\n\t\t\t\t\taria-label=\"Fleischbr\u00fccke, Schwabach, Deutschland\"\n\t\t\t><\/iframe>\n\t\t<\/div>\n\t\t\t\t<\/div>\n\t\t\t\t<\/div>\n\t\t\t\t\t<\/div>\n\t\t<\/div>\n\t\t\t\t<div class=\"elementor-column elementor-col-50 elementor-top-column elementor-element elementor-element-721372a\" data-id=\"721372a\" data-element_type=\"column\">\n\t\t\t<div class=\"elementor-widget-wrap elementor-element-populated\">\n\t\t\t\t\t\t<div class=\"elementor-element elementor-element-f284a7e elementor-widget elementor-widget-heading\" data-id=\"f284a7e\" data-element_type=\"widget\" data-widget_type=\"heading.default\">\n\t\t\t\t<div class=\"elementor-widget-container\">\n\t\t\t<h3 class=\"elementor-heading-title elementor-size-default\">Schnell vergleichen und sparen!<\/h3>\t\t<\/div>\n\t\t\t\t<\/div>\n\t\t\t\t<div class=\"elementor-element elementor-element-ef1c96d elementor-widget elementor-widget-wp-widget-advads_ad_widget\" data-id=\"ef1c96d\" data-element_type=\"widget\" data-widget_type=\"wp-widget-advads_ad_widget.default\">\n\t\t\t\t<div class=\"elementor-widget-container\">\n\t\t\t<div id=\"regio-577513610\"><div class=\"regio-adlabel\">Werbung<\/div><!-- Beginn https:\/\/www.financeads.net\/-Code --><a href=\"https:\/\/www.financeads.net\/tc.php?t=36648C236142529B\" target=\"_blank\"><img fetchpriority=\"high\" decoding=\"async\" src=\"https:\/\/www.financeads.net\/tb.php?t=36648V236142529B&https=1\" alt=\"\" border=\"0\" width=\"300\" height=\"250\"><\/a><!-- Ende https:\/\/www.financeads.net\/-Code --><\/div>\t\t<\/div>\n\t\t\t\t<\/div>\n\t\t\t\t<div class=\"elementor-element elementor-element-2c2aba6 elementor-widget elementor-widget-wp-widget-advads_ad_widget\" data-id=\"2c2aba6\" data-element_type=\"widget\" data-widget_type=\"wp-widget-advads_ad_widget.default\">\n\t\t\t\t<div class=\"elementor-widget-container\">\n\t\t\t<div id=\"regio-896665561\"><div class=\"regio-adlabel\">Werbung<\/div><!-- Beginn https:\/\/www.financeads.net\/-Code --><a href=\"https:\/\/www.financeads.net\/tc.php?t=36648C42614510B\" target=\"_blank\"><img decoding=\"async\" src=\"https:\/\/www.financeads.net\/tb.php?t=36648V42614510B&https=1\" alt=\"\" border=\"0\" width=\"200\" height=\"300\"><\/a><!-- Ende https:\/\/www.financeads.net\/-Code --><\/div>\t\t<\/div>\n\t\t\t\t<\/div>\n\t\t\t\t<div class=\"elementor-element elementor-element-5f99573 elementor-widget elementor-widget-wp-widget-advads_ad_widget\" data-id=\"5f99573\" data-element_type=\"widget\" data-widget_type=\"wp-widget-advads_ad_widget.default\">\n\t\t\t\t<div class=\"elementor-widget-container\">\n\t\t\t<div id=\"regio-1444976078\"><div class=\"regio-adlabel\">Werbung<\/div><!-- Beginn https:\/\/www.financeads.net\/-Code --><a href=\"https:\/\/www.financeads.net\/tc.php?t=36648C205040072B\" target=\"_blank\"><img loading=\"lazy\" decoding=\"async\" src=\"https:\/\/www.financeads.net\/tb.php?t=36648V205040072B&https=1\" alt=\"\" border=\"0\" width=\"300\" height=\"250\"><\/a><!-- Ende https:\/\/www.financeads.net\/-Code --><\/div>\t\t<\/div>\n\t\t\t\t<\/div>\n\t\t\t\t<div class=\"elementor-element elementor-element-1684c4c elementor-widget elementor-widget-wp-widget-advads_ad_widget\" data-id=\"1684c4c\" data-element_type=\"widget\" data-widget_type=\"wp-widget-advads_ad_widget.default\">\n\t\t\t\t<div class=\"elementor-widget-container\">\n\t\t\t<div id=\"regio-1017039714\"><div class=\"regio-adlabel\">Werbung<\/div><!-- Beginn https:\/\/www.financeads.net\/-Code --><a href=\"https:\/\/www.financeads.net\/tc.php?t=36648C271460142B\" target=\"_blank\"><img loading=\"lazy\" decoding=\"async\" src=\"https:\/\/www.financeads.net\/tb.php?t=36648V271460142B&https=1\" alt=\"PETPROTECT_Hund&Katze_Banner\" border=\"0\" width=\"250\" height=\"250\"><\/a><!-- Ende https:\/\/www.financeads.net\/-Code --><\/div>\t\t<\/div>\n\t\t\t\t<\/div>\n\t\t\t\t\t<\/div>\n\t\t<\/div>\n\t\t\t\t\t<\/div>\n\t\t<\/section>\n\t\t\t\t<\/div>\n\t\t","protected":false},"excerpt":{"rendered":"<div class=\"mh-excerpt\"><p>Fertigstellung zehn Monate fr\u00fcher als geplant:\u00a0Letzter Bauabschnitt der \u201eNFH-Stra\u00dfe\u201c freigegeben\u00a0 Schwabach &#8211; \u201eHeute d\u00fcrfen ausnahmsweise deutlich mehr Personen als nur der Oberb\u00fcrgermeister das rote Band durchschneiden\u201c, erkl\u00e4rt Oberb\u00fcrgermeister Peter Rei\u00df zum Fototermin schmunzelnd. \u201eDenn die <a class=\"mh-excerpt-more\" href=\"https:\/\/www.region-schwabach.de\/wordpress\/letzter-bauabschnitt-der-nfh-strasse-freigegeben-fertigstellung-zehn-monate-fruher-als-geplant\/\" title=\"Letzter Bauabschnitt der \u201eNFH-Stra\u00dfe\u201c freigegeben: Fertigstellung zehn Monate fr\u00fcher als geplant\">[&#8230;]<\/a><\/p>\n<\/div>","protected":false},"author":1,"featured_media":183456,"comment_status":"open","ping_status":"open","sticky":false,"template":"template-full.php","format":"standard","meta":{"_cbd_carousel_blocks":"[]","footnotes":""},"categories":[16,14],"tags":[18372,3965,15899,15903,1054,1501,388,3009,785,6267,1480,19,19536,3012,3151],"class_list":{"0":"post-183455","1":"post","2":"type-post","3":"status-publish","4":"format-standard","5":"has-post-thumbnail","7":"category-aktuell","8":"category-verkehrsinfos","9":"tag-nfh","10":"tag-auf-der-aich","11":"tag-baumassnahme","12":"tag-fertigstellung","13":"tag-friedrichstrasse","14":"tag-hoerdlertorstrasse","15":"tag-innenstadt","16":"tag-neutorstrasse","17":"tag-noerdliche-ringstrasse","18":"tag-pinzenberg","19":"tag-rathaus","20":"tag-schwabach","21":"tag-september-2022","22":"tag-stadt","23":"tag-stadt-schwabach"},"_links":{"self":[{"href":"https:\/\/www.region-schwabach.de\/wordpress\/wp-json\/wp\/v2\/posts\/183455","targetHints":{"allow":["GET"]}}],"collection":[{"href":"https:\/\/www.region-schwabach.de\/wordpress\/wp-json\/wp\/v2\/posts"}],"about":[{"href":"https:\/\/www.region-schwabach.de\/wordpress\/wp-json\/wp\/v2\/types\/post"}],"author":[{"embeddable":true,"href":"https:\/\/www.region-schwabach.de\/wordpress\/wp-json\/wp\/v2\/users\/1"}],"replies":[{"embeddable":true,"href":"https:\/\/www.region-schwabach.de\/wordpress\/wp-json\/wp\/v2\/comments?post=183455"}],"version-history":[{"count":0,"href":"https:\/\/www.region-schwabach.de\/wordpress\/wp-json\/wp\/v2\/posts\/183455\/revisions"}],"wp:featuredmedia":[{"embeddable":true,"href":"https:\/\/www.region-schwabach.de\/wordpress\/wp-json\/wp\/v2\/media\/183456"}],"wp:attachment":[{"href":"https:\/\/www.region-schwabach.de\/wordpress\/wp-json\/wp\/v2\/media?parent=183455"}],"wp:term":[{"taxonomy":"category","embeddable":true,"href":"https:\/\/www.region-schwabach.de\/wordpress\/wp-json\/wp\/v2\/categories?post=183455"},{"taxonomy":"post_tag","embeddable":true,"href":"https:\/\/www.region-schwabach.de\/wordpress\/wp-json\/wp\/v2\/tags?post=183455"}],"curies":[{"name":"wp","href":"https:\/\/api.w.org\/{rel}","templated":true}]}}