{"id":183521,"date":"2022-09-30T01:45:00","date_gmt":"2022-09-29T23:45:00","guid":{"rendered":"https:\/\/www.region-schwabach.de\/wordpress\/?p=183521"},"modified":"2022-09-30T05:46:08","modified_gmt":"2022-09-30T03:46:08","slug":"lange-nacht-der-demokratie-in-schwabach-am-freitag-den-30-september-2022","status":"publish","type":"post","link":"https:\/\/www.region-schwabach.de\/wordpress\/lange-nacht-der-demokratie-in-schwabach-am-freitag-den-30-september-2022\/","title":{"rendered":"Lange Nacht der Demokratie in Schwabach am Freitag, den 30. September 2022"},"content":{"rendered":"\t\t<div data-elementor-type=\"wp-post\" data-elementor-id=\"183521\" class=\"elementor elementor-183521\">\n\t\t\t\t\t\t<section class=\"elementor-section elementor-top-section elementor-element elementor-element-678181b elementor-section-boxed elementor-section-height-default elementor-section-height-default\" data-id=\"678181b\" data-element_type=\"section\">\n\t\t\t\t\t\t<div class=\"elementor-container elementor-column-gap-default\">\n\t\t\t\t\t<div class=\"elementor-column elementor-col-50 elementor-top-column elementor-element elementor-element-6b34026\" data-id=\"6b34026\" data-element_type=\"column\">\n\t\t\t<div class=\"elementor-widget-wrap elementor-element-populated\">\n\t\t\t\t\t\t<div class=\"elementor-element elementor-element-36b65ab elementor-widget elementor-widget-wp-widget-advads_ad_widget\" data-id=\"36b65ab\" data-element_type=\"widget\" data-widget_type=\"wp-widget-advads_ad_widget.default\">\n\t\t\t\t<div class=\"elementor-widget-container\">\n\t\t\t<div id=\"regio-4282445723\"><div class=\"regio-adlabel\">Werbung<\/div><center><a href=\"https:\/\/a.partner-versicherung.de\/click.php?partner_id=19992&ad_id=1578&deep=kreditkarten\"  target=\"_blank\"><img decoding=\"async\" src=\"https:\/\/a.partner-versicherung.de\/view.php?partner_id=19992&ad_id=1578\" ><\/a><\/center><\/div>\t\t<\/div>\n\t\t\t\t<\/div>\n\t\t\t\t<div class=\"elementor-element elementor-element-443ab98 elementor-widget elementor-widget-text-editor\" data-id=\"443ab98\" data-element_type=\"widget\" data-widget_type=\"text-editor.default\">\n\t\t\t\t<div class=\"elementor-widget-container\">\n\t\t\t\t\t\t\t<h3><span style=\"font-family: georgia, palatino, serif; font-size: 14pt;\">Freitag, den 30. September 2022, ab 16.00 Uhr:<\/span><br \/><span style=\"font-family: georgia, palatino, serif; font-size: 14pt;\">\u201eLange Nacht der Demokratie\u201c mit z<span style=\"color: #000000;\">ahlreichen Aktionen im Zeichen von Demokratie und Menschenrechten\u00a0<\/span><\/span><\/h3><p><span style=\"font-size: 12pt; font-family: georgia, palatino, serif;\">Schwabach &#8211;\u00a0<!--StartFragment --><span style=\"color: #000000;\">Was h\u00e4lt unsere Gesellschaft zusammen in Schwabach, in Deutschland, in Europa? Diese Frage steht im Mittelpunkt, wenn der Schwabacher Marktplatz am Freitag, den 30. September 2022, ganz im Zeichen von Demokratie und Menschenrechte steht. Auch in diesem Jahr beteiligt sich die Stadt Schwabach mit zahlreichen Vereinen und Einrichtungen an der bundesweiten Veranstaltung &#8222;Lange Nacht der Demokratie&#8220; unter Schirmherrschaft von Landtagspr\u00e4sidentin Ilse Aigner. <\/span><\/span><\/p><h3><span style=\"font-size: 14pt; font-family: georgia, palatino, serif;\">Er\u00f6ffnung durch <span style=\"color: #000000;\">Oberb\u00fcrgermeister Peter Rei\u00df<\/span><\/span><\/h3><p><span style=\"font-family: georgia, palatino, serif; font-size: 12pt; color: #000000;\">Nach der offiziellen Er\u00f6ffnung der Veranstaltung durch Oberb\u00fcrgermeister Rei\u00df wartet auf Sie im Zeitraum von 16 Uhr bis 23 Uhr ein buntes Rahmenprogramm. Eine \u00dcbersicht \u00fcber die verschiedenen Aktionen und St\u00e4nde gibt es im offiziellen Veranstaltungsflyer. <\/span><\/p><h3>F\u00f6rderung durch zahlreiche Verb\u00e4nde und Vereine\u00a0<\/h3><p><span style=\"font-size: 12pt;\"><span style=\"font-family: georgia, palatino, serif; color: #000000;\">Die Veranstaltung wird gef\u00f6rdert durch: Bayerisches B\u00fcndnis f\u00fcr Toleranz, Bayerischer Jugendring, Bayerische Landeszentrale f\u00fcr politische Bildungsarbeit, Bayerischer Volkshochschulverband, Kompetenzzentrum Demokratie und Menschenw\u00fcrde der der Katholischen, Kirche Bayern, Netzwerk Politische Bildung Bayern, WerteB\u00fcndnis Bayern.\u00a0<\/span> <\/span><\/p><h3>Weiterf\u00fchrende Links:\u00a0<\/h3><p><span style=\"font-size: 12pt;\"><a href=\"https:\/\/www.schwabach.de\/images\/referate\/presseamt\/downloads\/2022_Lange_Nacht_der_Demokratie_Flyer.pdf\" target=\"_blank\" rel=\"noopener\">Eine \u00dcbersicht \u00fcber die verschiedenen Aktionen und St\u00e4nde gibt es\u00a0im offiziellen Veranstaltungsflyer (hier klicken &#8230;)<\/a><\/span><\/p>\t\t\t\t\t\t<\/div>\n\t\t\t\t<\/div>\n\t\t\t\t<div class=\"elementor-element elementor-element-d33ef97 elementor-widget elementor-widget-shortcode\" data-id=\"d33ef97\" data-element_type=\"widget\" data-widget_type=\"shortcode.default\">\n\t\t\t\t<div class=\"elementor-widget-container\">\n\t\t\t\t\t<div class=\"elementor-shortcode\"><!-- Beginn https:\/\/www.financeads.net\/-Code --><a href=\"https:\/\/www.financeads.net\/tc.php?t=36648C38513858B\" target=\"_blank\"><center><img decoding=\"async\" src=\"https:\/\/www.financeads.net\/tb.php?t=36648V38513858B&https=1\" alt=\"\" border=\"0\" width=\"468\" height=\"60\"><\/a><!-- Ende https:\/\/www.financeads.net\/-Code --><\/div>\n\t\t\t\t<\/div>\n\t\t\t\t<\/div>\n\t\t\t\t<div class=\"elementor-element elementor-element-b95230e elementor-widget-divider--view-line elementor-widget elementor-widget-divider\" data-id=\"b95230e\" data-element_type=\"widget\" data-widget_type=\"divider.default\">\n\t\t\t\t<div class=\"elementor-widget-container\">\n\t\t\t\t\t<div class=\"elementor-divider\">\n\t\t\t<span class=\"elementor-divider-separator\">\n\t\t\t\t\t\t<\/span>\n\t\t<\/div>\n\t\t\t\t<\/div>\n\t\t\t\t<\/div>\n\t\t\t\t<div class=\"elementor-element elementor-element-804b00f elementor-widget elementor-widget-google_maps\" data-id=\"804b00f\" data-element_type=\"widget\" data-widget_type=\"google_maps.default\">\n\t\t\t\t<div class=\"elementor-widget-container\">\n\t\t\t\t\t<div class=\"elementor-custom-embed\">\n\t\t\t<iframe loading=\"lazy\"\n\t\t\t\t\tsrc=\"https:\/\/maps.google.com\/maps?q=K%C3%B6nigsplatz%201%2C%20Schwabach%2C%20Deutschland&#038;t=m&#038;z=17&#038;output=embed&#038;iwloc=near\"\n\t\t\t\t\ttitle=\"K\u00f6nigsplatz 1, Schwabach, Deutschland\"\n\t\t\t\t\taria-label=\"K\u00f6nigsplatz 1, Schwabach, Deutschland\"\n\t\t\t><\/iframe>\n\t\t<\/div>\n\t\t\t\t<\/div>\n\t\t\t\t<\/div>\n\t\t\t\t\t<\/div>\n\t\t<\/div>\n\t\t\t\t<div class=\"elementor-column elementor-col-50 elementor-top-column elementor-element elementor-element-39a7376\" data-id=\"39a7376\" data-element_type=\"column\">\n\t\t\t<div class=\"elementor-widget-wrap elementor-element-populated\">\n\t\t\t\t\t\t<div class=\"elementor-element elementor-element-b93e121 elementor-widget elementor-widget-heading\" data-id=\"b93e121\" data-element_type=\"widget\" data-widget_type=\"heading.default\">\n\t\t\t\t<div class=\"elementor-widget-container\">\n\t\t\t<h3 class=\"elementor-heading-title elementor-size-default\">Schnell vergleichen und sparen!<\/h3>\t\t<\/div>\n\t\t\t\t<\/div>\n\t\t\t\t<div class=\"elementor-element elementor-element-faa174f elementor-widget elementor-widget-wp-widget-advads_ad_widget\" data-id=\"faa174f\" data-element_type=\"widget\" data-widget_type=\"wp-widget-advads_ad_widget.default\">\n\t\t\t\t<div class=\"elementor-widget-container\">\n\t\t\t<div id=\"regio-1625242343\"><div class=\"regio-adlabel\">Werbung<\/div><!-- Beginn https:\/\/www.financeads.net\/-Code --><a href=\"https:\/\/www.financeads.net\/tc.php?t=36648C236142529B\" target=\"_blank\"><img fetchpriority=\"high\" decoding=\"async\" src=\"https:\/\/www.financeads.net\/tb.php?t=36648V236142529B&https=1\" alt=\"\" border=\"0\" width=\"300\" height=\"250\"><\/a><!-- Ende https:\/\/www.financeads.net\/-Code --><\/div>\t\t<\/div>\n\t\t\t\t<\/div>\n\t\t\t\t<div class=\"elementor-element elementor-element-ae83f7d elementor-widget elementor-widget-wp-widget-advads_ad_widget\" data-id=\"ae83f7d\" data-element_type=\"widget\" data-widget_type=\"wp-widget-advads_ad_widget.default\">\n\t\t\t\t<div class=\"elementor-widget-container\">\n\t\t\t<div id=\"regio-1414627481\"><div class=\"regio-adlabel\">Werbung<\/div><!-- Beginn https:\/\/www.financeads.net\/-Code --><a href=\"https:\/\/www.financeads.net\/tc.php?t=36648C42614510B\" target=\"_blank\"><img decoding=\"async\" src=\"https:\/\/www.financeads.net\/tb.php?t=36648V42614510B&https=1\" alt=\"\" border=\"0\" width=\"200\" height=\"300\"><\/a><!-- Ende https:\/\/www.financeads.net\/-Code --><\/div>\t\t<\/div>\n\t\t\t\t<\/div>\n\t\t\t\t<div class=\"elementor-element elementor-element-254f398 elementor-widget elementor-widget-wp-widget-advads_ad_widget\" data-id=\"254f398\" data-element_type=\"widget\" data-widget_type=\"wp-widget-advads_ad_widget.default\">\n\t\t\t\t<div class=\"elementor-widget-container\">\n\t\t\t<div id=\"regio-2523653896\"><div class=\"regio-adlabel\">Werbung<\/div><!-- Beginn https:\/\/www.financeads.net\/-Code --><a href=\"https:\/\/www.financeads.net\/tc.php?t=36648C205040072B\" target=\"_blank\"><img loading=\"lazy\" decoding=\"async\" src=\"https:\/\/www.financeads.net\/tb.php?t=36648V205040072B&https=1\" alt=\"\" border=\"0\" width=\"300\" height=\"250\"><\/a><!-- Ende https:\/\/www.financeads.net\/-Code --><\/div>\t\t<\/div>\n\t\t\t\t<\/div>\n\t\t\t\t<div class=\"elementor-element elementor-element-83bff5c elementor-widget elementor-widget-wp-widget-advads_ad_widget\" data-id=\"83bff5c\" data-element_type=\"widget\" data-widget_type=\"wp-widget-advads_ad_widget.default\">\n\t\t\t\t<div class=\"elementor-widget-container\">\n\t\t\t<div id=\"regio-2516486750\"><div class=\"regio-adlabel\">Werbung<\/div><!-- Beginn https:\/\/www.financeads.net\/-Code --><a href=\"https:\/\/www.financeads.net\/tc.php?t=36648C271460142B\" target=\"_blank\"><img loading=\"lazy\" decoding=\"async\" src=\"https:\/\/www.financeads.net\/tb.php?t=36648V271460142B&https=1\" alt=\"PETPROTECT_Hund&Katze_Banner\" border=\"0\" width=\"250\" height=\"250\"><\/a><!-- Ende https:\/\/www.financeads.net\/-Code --><\/div>\t\t<\/div>\n\t\t\t\t<\/div>\n\t\t\t\t\t<\/div>\n\t\t<\/div>\n\t\t\t\t\t<\/div>\n\t\t<\/section>\n\t\t\t\t<\/div>\n\t\t","protected":false},"excerpt":{"rendered":"<div class=\"mh-excerpt\"><p>Freitag, den 30. September 2022, ab 16.00 Uhr:\u201eLange Nacht der Demokratie\u201c mit zahlreichen Aktionen im Zeichen von Demokratie und Menschenrechten\u00a0 Schwabach &#8211;\u00a0Was h\u00e4lt unsere Gesellschaft zusammen in Schwabach, in Deutschland, in Europa? Diese Frage steht <a class=\"mh-excerpt-more\" href=\"https:\/\/www.region-schwabach.de\/wordpress\/lange-nacht-der-demokratie-in-schwabach-am-freitag-den-30-september-2022\/\" title=\"Lange Nacht der Demokratie in Schwabach am Freitag, den 30. September 2022\">[&#8230;]<\/a><\/p>\n<\/div>","protected":false},"author":1,"featured_media":183522,"comment_status":"open","ping_status":"open","sticky":false,"template":"","format":"standard","meta":{"_cbd_carousel_blocks":"[]","footnotes":""},"categories":[16,287,61,231],"tags":[17021,20425,20424,20428,20427,20429,20426,20420,20430,20431,20421,20432,1480,19,20423],"class_list":{"0":"post-183521","1":"post","2":"type-post","3":"status-publish","4":"format-standard","5":"has-post-thumbnail","7":"category-aktuell","8":"category-jugend-und-familie","9":"category-rathaus","10":"category-veranstaltungsnews","11":"tag-lange-nacht-der-demokratie","12":"tag-30-september-2022","13":"tag-30-09-2022","14":"tag-bayerische-landeszentrale-fuer-politische-bildungsarbeit","15":"tag-bayerischer-jugendring","16":"tag-bayerischer-volkshochschulverband","17":"tag-bayerisches-buendnis-fuer-toleranz","18":"tag-demokratie","19":"tag-kirche-bayern","20":"tag-kompetenzzentrum-demokratie-und-menschenwuerde-der-der-katholischen","21":"tag-menschenrechte","22":"tag-netzwerk-politische-bildung-bayern","23":"tag-rathaus","24":"tag-schwabach","25":"tag-wertebuendnis-bayern"},"_links":{"self":[{"href":"https:\/\/www.region-schwabach.de\/wordpress\/wp-json\/wp\/v2\/posts\/183521","targetHints":{"allow":["GET"]}}],"collection":[{"href":"https:\/\/www.region-schwabach.de\/wordpress\/wp-json\/wp\/v2\/posts"}],"about":[{"href":"https:\/\/www.region-schwabach.de\/wordpress\/wp-json\/wp\/v2\/types\/post"}],"author":[{"embeddable":true,"href":"https:\/\/www.region-schwabach.de\/wordpress\/wp-json\/wp\/v2\/users\/1"}],"replies":[{"embeddable":true,"href":"https:\/\/www.region-schwabach.de\/wordpress\/wp-json\/wp\/v2\/comments?post=183521"}],"version-history":[{"count":0,"href":"https:\/\/www.region-schwabach.de\/wordpress\/wp-json\/wp\/v2\/posts\/183521\/revisions"}],"wp:featuredmedia":[{"embeddable":true,"href":"https:\/\/www.region-schwabach.de\/wordpress\/wp-json\/wp\/v2\/media\/183522"}],"wp:attachment":[{"href":"https:\/\/www.region-schwabach.de\/wordpress\/wp-json\/wp\/v2\/media?parent=183521"}],"wp:term":[{"taxonomy":"category","embeddable":true,"href":"https:\/\/www.region-schwabach.de\/wordpress\/wp-json\/wp\/v2\/categories?post=183521"},{"taxonomy":"post_tag","embeddable":true,"href":"https:\/\/www.region-schwabach.de\/wordpress\/wp-json\/wp\/v2\/tags?post=183521"}],"curies":[{"name":"wp","href":"https:\/\/api.w.org\/{rel}","templated":true}]}}