{"id":184082,"date":"2022-10-04T01:00:00","date_gmt":"2022-10-03T23:00:00","guid":{"rendered":"https:\/\/www.region-schwabach.de\/wordpress\/?p=184082"},"modified":"2022-10-03T21:18:11","modified_gmt":"2022-10-03T19:18:11","slug":"eltern-online-kurs-fur-eltern-von-kleinkindern-anmeldungen-bis-donnerstag-den-6-oktober-2022","status":"publish","type":"post","link":"https:\/\/www.region-schwabach.de\/wordpress\/eltern-online-kurs-fur-eltern-von-kleinkindern-anmeldungen-bis-donnerstag-den-6-oktober-2022\/","title":{"rendered":"Eltern-Online-Kurs f\u00fcr Eltern von Kleinkindern &#8211; Anmeldungen bis Donnerstag, den 6. Oktober 2022"},"content":{"rendered":"\t\t<div data-elementor-type=\"wp-post\" data-elementor-id=\"184082\" class=\"elementor elementor-184082\">\n\t\t\t\t\t\t<section class=\"elementor-section elementor-top-section elementor-element elementor-element-1cuv9jr elementor-section-boxed elementor-section-height-default elementor-section-height-default\" data-id=\"1cuv9jr\" data-element_type=\"section\">\n\t\t\t\t\t\t<div class=\"elementor-container elementor-column-gap-default\">\n\t\t\t\t\t<div class=\"elementor-column elementor-col-50 elementor-top-column elementor-element elementor-element-q5zak7b\" data-id=\"q5zak7b\" data-element_type=\"column\">\n\t\t\t<div class=\"elementor-widget-wrap elementor-element-populated\">\n\t\t\t\t\t\t<div class=\"elementor-element elementor-element-dcef279 elementor-widget elementor-widget-wp-widget-advads_ad_widget\" data-id=\"dcef279\" data-element_type=\"widget\" data-widget_type=\"wp-widget-advads_ad_widget.default\">\n\t\t\t\t<div class=\"elementor-widget-container\">\n\t\t\t<div id=\"regio-3019478454\"><div class=\"regio-adlabel\">Werbung<\/div><center><a href=\"https:\/\/a.partner-versicherung.de\/click.php?partner_id=19992&ad_id=1578&deep=kreditkarten\"  target=\"_blank\"><img decoding=\"async\" src=\"https:\/\/a.partner-versicherung.de\/view.php?partner_id=19992&ad_id=1578\" ><\/a><\/center><\/div>\t\t<\/div>\n\t\t\t\t<\/div>\n\t\t\t\t<div class=\"elementor-element elementor-element-a4daeae elementor-widget elementor-widget-text-editor\" data-id=\"a4daeae\" data-element_type=\"widget\" data-widget_type=\"text-editor.default\">\n\t\t\t\t<div class=\"elementor-widget-container\">\n\t\t\t\t\t\t\t<h3><span id=\"page41R_mcid12\" class=\"markedContent\"><span id=\"page3R_mcid11\" class=\"markedContent\"><span dir=\"ltr\" role=\"presentation\">Kick<\/span><span dir=\"ltr\" role=\"presentation\">&#8211;<\/span><span dir=\"ltr\" role=\"presentation\">off am Freitag, den 7. Oktober 2022, um 16.00 Uhr\u00a0<\/span><\/span><span id=\"page3R_mcid13\" class=\"markedContent\"><br role=\"presentation\" \/><span dir=\"ltr\" role=\"presentation\">Kess@home<\/span><span dir=\"ltr\" role=\"presentation\">&#8211;<\/span><span dir=\"ltr\" role=\"presentation\">Kurs f\u00fcr Eltern von Babys und Kleinkindern<\/span><\/span><\/span><\/h3><p><span style=\"font-size: 12pt;\">Schwabach &#8211; <span id=\"page3R_mcid15\" class=\"markedContent\"><span dir=\"ltr\" role=\"presentation\">F\u00fcr M\u00fctter und V\u00e4ter von Kindern im Alter von 0 bis 3 Jahren bieten die KoKi<\/span><span dir=\"ltr\" role=\"presentation\">&#8211;<\/span><span dir=\"ltr\" role=\"presentation\">Stellen der Stadt Schwabach und des Landkreises Roth einen Kess@Home<\/span><span dir=\"ltr\" role=\"presentation\">&#8211;<\/span><span dir=\"ltr\" role=\"presentation\">Online<\/span><span dir=\"ltr\" role=\"presentation\">&#8211;<\/span><span dir=\"ltr\" role=\"presentation\">Kurs an. KoKi steht f\u00fcr Koordinierende Kinderschutzstelle.<\/span><\/span><span id=\"page3R_mcid16\" class=\"markedContent\"><\/span><span id=\"page3R_mcid17\" class=\"markedContent\"><br role=\"presentation\" \/><\/span><\/span><\/p><h3>Kursbeginn am Montag, den 10. Oktober 2022\u00a0<\/h3><p><span style=\"font-size: 12pt;\"><span id=\"page3R_mcid17\" class=\"markedContent\"><span dir=\"ltr\" role=\"presentation\">Der Kurs startet am Montag, den 10. Oktober 2022, un<\/span><span dir=\"ltr\" role=\"presentation\">d findet bis zum 21. November 2022, <\/span><span dir=\"ltr\" role=\"presentation\">insgesamt sechsmal immer montags von 9.30 Uhr bis 11.30 Uhr statt, au\u00dfer <\/span><span dir=\"ltr\" role=\"presentation\">am 31. Oktober. Die erste Veranstaltung, bei der die technischen <\/span><span dir=\"ltr\" role=\"presentation\">Voraussetzungen (Computer, stabile W<\/span><span dir=\"ltr\" role=\"presentation\">&#8211;<\/span><span dir=\"ltr\" role=\"presentation\">LAN<\/span><span dir=\"ltr\" role=\"presentation\">&#8211;<\/span><span dir=\"ltr\" role=\"presentation\">Verbindung, Tablet oder Handy) <\/span><span dir=\"ltr\" role=\"presentation\">gekl\u00e4rt und get<\/span><span dir=\"ltr\" role=\"presentation\">estet werden k\u00f6nnen, findet am Freitag, den 7. Oktober 2022, von 16.00 Uhr bis <\/span><span dir=\"ltr\" role=\"presentation\">17.00 Uhr statt.\u00a0<\/span><\/span><span id=\"page3R_mcid18\" class=\"markedContent\"><\/span><span id=\"page3R_mcid19\" class=\"markedContent\"><br role=\"presentation\" \/><\/span><\/span><\/p><h3><span style=\"font-size: 12pt;\"><span id=\"page3R_mcid19\" class=\"markedContent\"><span dir=\"ltr\" style=\"font-size: 14pt;\" role=\"presentation\">Seid selbstbewusste Eltern.\u201c, \u201eVersteht, was <\/span><span dir=\"ltr\" role=\"presentation\"><span style=\"font-size: 14pt;\">das Baby sagt.\u201c oder \u201eEntdeckt mit ihm die Welt.\u201c<\/span> <\/span><\/span><\/span><\/h3><p><span style=\"font-size: 12pt;\"><span id=\"page3R_mcid19\" class=\"markedContent\"><span dir=\"ltr\" role=\"presentation\">Leits\u00e4tze des Kurses sind etwa \u201eSeid selbstbewusste Eltern.\u201c, \u201eVersteht, was <\/span><span dir=\"ltr\" role=\"presentation\">das Baby sagt.\u201c Oder \u201eEntdeckt mit ihm die Welt.\u201c Der Kurs soll die Eltern<\/span><span dir=\"ltr\" role=\"presentation\">&#8211;<\/span><span dir=\"ltr\" role=\"presentation\">Kind<\/span><span dir=\"ltr\" role=\"presentation\">&#8211;<\/span><span dir=\"ltr\" role=\"presentation\">Beziehung st\u00e4rken.<\/span> <span dir=\"ltr\" role=\"presentation\">Und die Eltern werden darin unterst\u00fctzt, die Entwicklung <\/span><span dir=\"ltr\" role=\"presentation\">ihres Kindes zu f\u00f6rdern, indem sie feinf\u00fchlig handeln, das Kind in den Alltag <\/span><span dir=\"ltr\" role=\"presentation\">einbeziehen und allt\u00e4gliche Erfahrungen nutzen. Der Kurs ist f\u00fcr Eltern aus der <\/span><span dir=\"ltr\" role=\"presentation\">Stadt Schwabach und dem Landkreis Roth ko<\/span><span dir=\"ltr\" role=\"presentation\">stenfrei, eine Anmeldung ist <\/span><span dir=\"ltr\" role=\"presentation\">erforderlich.<\/span><\/span><span id=\"page3R_mcid20\" class=\"markedContent\"><\/span><span id=\"page3R_mcid21\" class=\"markedContent\"><br role=\"presentation\" \/><\/span><\/span><\/p><h3><span style=\"font-size: 14pt;\">In Kooperation mit dem <span id=\"page3R_mcid21\" class=\"markedContent\"><span dir=\"ltr\" role=\"presentation\">Kolping<\/span><span dir=\"ltr\" role=\"presentation\">&#8211;<\/span><span dir=\"ltr\" role=\"presentation\">Erwachsenen<\/span><span dir=\"ltr\" role=\"presentation\">&#8211;<\/span><span dir=\"ltr\" role=\"presentation\">Bildungs<\/span><span dir=\"ltr\" role=\"presentation\">werk DV Eichst\u00e4tt e.V.\u00a0<\/span><\/span><\/span><\/h3><p><span style=\"font-size: 12pt;\"><span id=\"page3R_mcid21\" class=\"markedContent\"><span dir=\"ltr\" role=\"presentation\">Die Veranstaltung wird in Kooperation mit dem Kolping<\/span><span dir=\"ltr\" role=\"presentation\">&#8211;<\/span><span dir=\"ltr\" role=\"presentation\">Erwachsenen<\/span><span dir=\"ltr\" role=\"presentation\">&#8211;<\/span><span dir=\"ltr\" role=\"presentation\">Bildungs<\/span><span dir=\"ltr\" role=\"presentation\">werk DV Eichst\u00e4tt e.V. angeboten, sie wird geleitet von der zertifizierten Kess<\/span><span dir=\"ltr\" role=\"presentation\">&#8211;<\/span><span dir=\"ltr\" role=\"presentation\">Kursleiterin Michaela Haupt.\u00a0<\/span><\/span><\/span><\/p><h3>Anmeldung erforderlich\u00a0<\/h3><p><span style=\"font-size: 12pt;\"><span id=\"page15R_mcid0\" class=\"markedContent\"><span dir=\"ltr\" role=\"presentation\">Eine Anmeldung ist bis zum<\/span> Donnerstag, den <span dir=\"ltr\" role=\"presentation\">6. Oktober 2022 n\u00f6tig \u00fcber E<\/span><span dir=\"ltr\" role=\"presentation\">&#8211;<\/span><span dir=\"ltr\" role=\"presentation\">Mail<\/span><\/span><a href=\"mailto:koki@landratsamt-roth.de\" target=\"_blank\" rel=\"noopener\"><span id=\"page15R_mcid1\" class=\"markedContent\"> <span dir=\"ltr\" role=\"presentation\">koki@landratsamt<\/span><span dir=\"ltr\" role=\"presentation\">&#8211;<\/span><span dir=\"ltr\" role=\"presentation\">roth.de<\/span><\/span><\/a><span id=\"page15R_mcid2\" class=\"markedContent\"> <span dir=\"ltr\" role=\"presentation\">oder Telefon 09171 81<\/span><span dir=\"ltr\" role=\"presentation\">&#8211;<\/span><span dir=\"ltr\" role=\"presentation\">1481 sowie<\/span><\/span><a href=\"mailto:koki@schwabach.de\" target=\"_blank\" rel=\"noopener\"><span id=\"page15R_mcid3\" class=\"markedContent\"> <span dir=\"ltr\" role=\"presentation\">koki@schwabach.de<\/span><\/span><\/a><span id=\"page15R_mcid4\" class=\"markedContent\"> <span dir=\"ltr\" role=\"presentation\">oder Telefon <\/span><span dir=\"ltr\" role=\"presentation\">09122 860<\/span><span dir=\"ltr\" role=\"presentation\">&#8211;<\/span><span dir=\"ltr\" role=\"presentation\">225.\u00a0<\/span><\/span><\/span><\/p>\t\t\t\t\t\t<\/div>\n\t\t\t\t<\/div>\n\t\t\t\t<div class=\"elementor-element elementor-element-6c3f9de elementor-widget elementor-widget-shortcode\" data-id=\"6c3f9de\" data-element_type=\"widget\" data-widget_type=\"shortcode.default\">\n\t\t\t\t<div class=\"elementor-widget-container\">\n\t\t\t\t\t<div class=\"elementor-shortcode\"><center><a href=\"https:\/\/a.partner-versicherung.de\/click.php?partner_id=19992&ad_id=441&deep=kfz-versicherung\"  target=\"_blank\"><img decoding=\"async\" src=\"https:\/\/a.partner-versicherung.de\/view.php?partner_id=19992&ad_id=441\" ><\/a><\/center><\/div>\n\t\t\t\t<\/div>\n\t\t\t\t<\/div>\n\t\t\t\t<div class=\"elementor-element elementor-element-ace1283 elementor-widget-divider--view-line elementor-widget elementor-widget-divider\" data-id=\"ace1283\" data-element_type=\"widget\" data-widget_type=\"divider.default\">\n\t\t\t\t<div class=\"elementor-widget-container\">\n\t\t\t\t\t<div class=\"elementor-divider\">\n\t\t\t<span class=\"elementor-divider-separator\">\n\t\t\t\t\t\t<\/span>\n\t\t<\/div>\n\t\t\t\t<\/div>\n\t\t\t\t<\/div>\n\t\t\t\t\t<\/div>\n\t\t<\/div>\n\t\t\t\t<div class=\"elementor-column elementor-col-50 elementor-top-column elementor-element elementor-element-4ce46fb\" data-id=\"4ce46fb\" data-element_type=\"column\">\n\t\t\t<div class=\"elementor-widget-wrap elementor-element-populated\">\n\t\t\t\t\t\t<div class=\"elementor-element elementor-element-38f4e35 elementor-widget elementor-widget-heading\" data-id=\"38f4e35\" data-element_type=\"widget\" data-widget_type=\"heading.default\">\n\t\t\t\t<div class=\"elementor-widget-container\">\n\t\t\t<h3 class=\"elementor-heading-title elementor-size-default\">Schnell vergleichen und sparen!<\/h3>\t\t<\/div>\n\t\t\t\t<\/div>\n\t\t\t\t<div class=\"elementor-element elementor-element-92c49bc elementor-widget elementor-widget-wp-widget-advads_ad_widget\" data-id=\"92c49bc\" data-element_type=\"widget\" data-widget_type=\"wp-widget-advads_ad_widget.default\">\n\t\t\t\t<div class=\"elementor-widget-container\">\n\t\t\t<div id=\"regio-3735998142\"><div class=\"regio-adlabel\">Werbung<\/div><!-- Beginn https:\/\/www.financeads.net\/-Code --><a href=\"https:\/\/www.financeads.net\/tc.php?t=36648C236142529B\" target=\"_blank\"><img fetchpriority=\"high\" decoding=\"async\" src=\"https:\/\/www.financeads.net\/tb.php?t=36648V236142529B&https=1\" alt=\"\" border=\"0\" width=\"300\" height=\"250\"><\/a><!-- Ende https:\/\/www.financeads.net\/-Code --><\/div>\t\t<\/div>\n\t\t\t\t<\/div>\n\t\t\t\t<div class=\"elementor-element elementor-element-cb0c78c elementor-widget elementor-widget-wp-widget-advads_ad_widget\" data-id=\"cb0c78c\" data-element_type=\"widget\" data-widget_type=\"wp-widget-advads_ad_widget.default\">\n\t\t\t\t<div class=\"elementor-widget-container\">\n\t\t\t<div id=\"regio-502712407\"><div class=\"regio-adlabel\">Werbung<\/div><!-- Beginn https:\/\/www.financeads.net\/-Code --><a href=\"https:\/\/www.financeads.net\/tc.php?t=36648C42614510B\" target=\"_blank\"><img decoding=\"async\" src=\"https:\/\/www.financeads.net\/tb.php?t=36648V42614510B&https=1\" alt=\"\" border=\"0\" width=\"200\" height=\"300\"><\/a><!-- Ende https:\/\/www.financeads.net\/-Code --><\/div>\t\t<\/div>\n\t\t\t\t<\/div>\n\t\t\t\t<div class=\"elementor-element elementor-element-31c9ced elementor-widget elementor-widget-wp-widget-advads_ad_widget\" data-id=\"31c9ced\" data-element_type=\"widget\" data-widget_type=\"wp-widget-advads_ad_widget.default\">\n\t\t\t\t<div class=\"elementor-widget-container\">\n\t\t\t<div id=\"regio-4220749619\"><div class=\"regio-adlabel\">Werbung<\/div><!-- Beginn https:\/\/www.financeads.net\/-Code --><a href=\"https:\/\/www.financeads.net\/tc.php?t=36648C205040072B\" target=\"_blank\"><img decoding=\"async\" src=\"https:\/\/www.financeads.net\/tb.php?t=36648V205040072B&https=1\" alt=\"\" border=\"0\" width=\"300\" height=\"250\"><\/a><!-- Ende https:\/\/www.financeads.net\/-Code --><\/div>\t\t<\/div>\n\t\t\t\t<\/div>\n\t\t\t\t<div class=\"elementor-element elementor-element-0344b9f elementor-widget elementor-widget-wp-widget-advads_ad_widget\" data-id=\"0344b9f\" data-element_type=\"widget\" data-widget_type=\"wp-widget-advads_ad_widget.default\">\n\t\t\t\t<div class=\"elementor-widget-container\">\n\t\t\t<div id=\"regio-3360474812\"><div class=\"regio-adlabel\">Werbung<\/div><!-- Beginn https:\/\/www.financeads.net\/-Code --><a href=\"https:\/\/www.financeads.net\/tc.php?t=36648C271460142B\" target=\"_blank\"><img loading=\"lazy\" decoding=\"async\" src=\"https:\/\/www.financeads.net\/tb.php?t=36648V271460142B&https=1\" alt=\"PETPROTECT_Hund&Katze_Banner\" border=\"0\" width=\"250\" height=\"250\"><\/a><!-- Ende https:\/\/www.financeads.net\/-Code --><\/div>\t\t<\/div>\n\t\t\t\t<\/div>\n\t\t\t\t<div class=\"elementor-element elementor-element-925a101 elementor-widget elementor-widget-wp-widget-advads_ad_widget\" data-id=\"925a101\" data-element_type=\"widget\" data-widget_type=\"wp-widget-advads_ad_widget.default\">\n\t\t\t\t<div class=\"elementor-widget-container\">\n\t\t\t<div id=\"regio-2571826258\"><div class=\"regio-adlabel\">Werbung<\/div><!-- Beginn https:\/\/www.financeads.net\/-Code --><a href=\"https:\/\/www.financeads.net\/tc.php?t=36648C205040072B\" target=\"_blank\"><img decoding=\"async\" src=\"https:\/\/www.financeads.net\/tb.php?t=36648V205040072B&https=1\" alt=\"\" border=\"0\" width=\"300\" height=\"250\"><\/a><!-- Ende https:\/\/www.financeads.net\/-Code --><\/div>\t\t<\/div>\n\t\t\t\t<\/div>\n\t\t\t\t\t<\/div>\n\t\t<\/div>\n\t\t\t\t\t<\/div>\n\t\t<\/section>\n\t\t\t\t<\/div>\n\t\t","protected":false},"excerpt":{"rendered":"<div class=\"mh-excerpt\"><p>Kick-off am Freitag, den 7. Oktober 2022, um 16.00 Uhr&nbsp;Kess@home-Kurs f\u00fcr Eltern von Babys und Kleinkindern Schwabach &#8211; F\u00fcr M\u00fctter und V\u00e4ter von Kindern im Alter von 0 bis 3 Jahren bieten die KoKi-Stellen der <a class=\"mh-excerpt-more\" href=\"https:\/\/www.region-schwabach.de\/wordpress\/eltern-online-kurs-fur-eltern-von-kleinkindern-anmeldungen-bis-donnerstag-den-6-oktober-2022\/\" title=\"Eltern-Online-Kurs f\u00fcr Eltern von Kleinkindern &#8211; Anmeldungen bis Donnerstag, den 6. Oktober 2022\">[&#8230;]<\/a><\/p>\n<\/div>","protected":false},"author":1,"featured_media":184083,"comment_status":"open","ping_status":"open","sticky":false,"template":"","format":"standard","meta":{"_cbd_carousel_blocks":"[]","footnotes":""},"categories":[16,287,4306,231,46,140],"tags":[20500,20501,20502,20503,20505,20504,4497,20498,20499,20341,10312,20506,20338,19,3012,3151],"class_list":{"0":"post-184082","1":"post","2":"type-post","3":"status-publish","4":"format-standard","5":"has-post-thumbnail","7":"category-aktuell","8":"category-jugend-und-familie","9":"category-ratgeber","10":"category-veranstaltungsnews","11":"category-verbaende","12":"category-vereine","13":"tag-06-10-2022","14":"tag-07-10-2022","15":"tag-6-oktober-2022","16":"tag-7-oktober-2022","17":"tag-ab-10-oktober-2022","18":"tag-ab-10-10-2022","19":"tag-anmeldung","20":"tag-eltern-online-kurs","21":"tag-kleinkinder","22":"tag-koki-stellen","23":"tag-landkreis-roth","24":"tag-michaela-haupt","25":"tag-online-vortrag","26":"tag-schwabach","27":"tag-stadt","28":"tag-stadt-schwabach"},"_links":{"self":[{"href":"https:\/\/www.region-schwabach.de\/wordpress\/wp-json\/wp\/v2\/posts\/184082","targetHints":{"allow":["GET"]}}],"collection":[{"href":"https:\/\/www.region-schwabach.de\/wordpress\/wp-json\/wp\/v2\/posts"}],"about":[{"href":"https:\/\/www.region-schwabach.de\/wordpress\/wp-json\/wp\/v2\/types\/post"}],"author":[{"embeddable":true,"href":"https:\/\/www.region-schwabach.de\/wordpress\/wp-json\/wp\/v2\/users\/1"}],"replies":[{"embeddable":true,"href":"https:\/\/www.region-schwabach.de\/wordpress\/wp-json\/wp\/v2\/comments?post=184082"}],"version-history":[{"count":0,"href":"https:\/\/www.region-schwabach.de\/wordpress\/wp-json\/wp\/v2\/posts\/184082\/revisions"}],"wp:featuredmedia":[{"embeddable":true,"href":"https:\/\/www.region-schwabach.de\/wordpress\/wp-json\/wp\/v2\/media\/184083"}],"wp:attachment":[{"href":"https:\/\/www.region-schwabach.de\/wordpress\/wp-json\/wp\/v2\/media?parent=184082"}],"wp:term":[{"taxonomy":"category","embeddable":true,"href":"https:\/\/www.region-schwabach.de\/wordpress\/wp-json\/wp\/v2\/categories?post=184082"},{"taxonomy":"post_tag","embeddable":true,"href":"https:\/\/www.region-schwabach.de\/wordpress\/wp-json\/wp\/v2\/tags?post=184082"}],"curies":[{"name":"wp","href":"https:\/\/api.w.org\/{rel}","templated":true}]}}