{"id":184667,"date":"2022-10-13T01:15:00","date_gmt":"2022-10-12T23:15:00","guid":{"rendered":"https:\/\/www.region-schwabach.de\/wordpress\/?p=184667"},"modified":"2022-10-12T23:13:41","modified_gmt":"2022-10-12T21:13:41","slug":"vortrag-uber-rechte-und-pflichten-zur-schoffinnenwahl-am-donnerstag-den-13-oktober-2022","status":"publish","type":"post","link":"https:\/\/www.region-schwabach.de\/wordpress\/vortrag-uber-rechte-und-pflichten-zur-schoffinnenwahl-am-donnerstag-den-13-oktober-2022\/","title":{"rendered":"Vortrag \u00fcber Rechte und Pflichten zur Sch\u00f6ff:innenwahl am Donnerstag, den 13. Oktober 2022"},"content":{"rendered":"\t\t<div data-elementor-type=\"wp-post\" data-elementor-id=\"184667\" class=\"elementor elementor-184667\">\n\t\t\t\t\t\t<section class=\"elementor-section elementor-top-section elementor-element elementor-element-1cuv9jr elementor-section-boxed elementor-section-height-default elementor-section-height-default\" data-id=\"1cuv9jr\" data-element_type=\"section\">\n\t\t\t\t\t\t<div class=\"elementor-container elementor-column-gap-default\">\n\t\t\t\t\t<div class=\"elementor-column elementor-col-50 elementor-top-column elementor-element elementor-element-q5zak7b\" data-id=\"q5zak7b\" data-element_type=\"column\">\n\t\t\t<div class=\"elementor-widget-wrap elementor-element-populated\">\n\t\t\t\t\t\t<div class=\"elementor-element elementor-element-dcef279 elementor-widget elementor-widget-wp-widget-advads_ad_widget\" data-id=\"dcef279\" data-element_type=\"widget\" data-widget_type=\"wp-widget-advads_ad_widget.default\">\n\t\t\t\t<div class=\"elementor-widget-container\">\n\t\t\t<div id=\"regio-1915448558\"><div class=\"regio-adlabel\">Werbung<\/div><center><a href=\"https:\/\/a.partner-versicherung.de\/click.php?partner_id=19992&ad_id=1578&deep=kreditkarten\"  target=\"_blank\"><img decoding=\"async\" src=\"https:\/\/a.partner-versicherung.de\/view.php?partner_id=19992&ad_id=1578\" ><\/a><\/center><\/div>\t\t<\/div>\n\t\t\t\t<\/div>\n\t\t\t\t<div class=\"elementor-element elementor-element-a4daeae elementor-widget elementor-widget-text-editor\" data-id=\"a4daeae\" data-element_type=\"widget\" data-widget_type=\"text-editor.default\">\n\t\t\t\t<div class=\"elementor-widget-container\">\n\t\t\t\t\t\t\t<h3><span id=\"page42R_mcid25\" class=\"markedContent\"><span dir=\"ltr\" role=\"presentation\">Donnerstag, den 13. Oktober 2022, um 19.00 Uhr:\u00a0<\/span><\/span><span id=\"undefined\" class=\"markedContent\"><\/span><span id=\"page42R_mcid12\" class=\"markedContent\"><\/span><span id=\"page42R_mcid13\" class=\"markedContent\"><br role=\"presentation\" \/><span dir=\"ltr\" role=\"presentation\">Sch\u00f6ff:innenwahl 2023 &#8211; Vortrag \u00fcber Rechte und <\/span><span dir=\"ltr\" role=\"presentation\">Pflichten<\/span><\/span><\/h3><p><span style=\"font-size: 12pt;\">Schwabach &#8211; <span id=\"page42R_mcid15\" class=\"markedContent\"><span dir=\"ltr\" role=\"presentation\">Im Vorfeld zur Neuwahl der Sch\u00f6ff:innen im Fr\u00fchjahr 2023 bietet die <\/span><span dir=\"ltr\" role=\"presentation\">Volkshochschule Schwabach gemeinsam mit dem Sch\u00f6ffenverband Bayern <\/span><span dir=\"ltr\" role=\"presentation\">Informationen \u00fcber das Wahlverfahren, \u00fcber die Rechte und Pflichten von <\/span><span dir=\"ltr\" role=\"presentation\">Sch\u00f6ffinnen und Sch\u00f6ffen und gibt Hilfestellung f\u00fcr Ihre Bewerbung. <\/span><\/span><\/span><\/p><p><span style=\"font-size: 12pt;\"><span id=\"page42R_mcid15\" class=\"markedContent\"><span dir=\"ltr\" role=\"presentation\">Es ist <\/span><span dir=\"ltr\" role=\"presentation\">m\u00f6glich, sich zu Beginn des Jahres 2023 f\u00fcr das Amt der Sch\u00f6ffin und des <\/span><span dir=\"ltr\" role=\"presentation\">Sch\u00f6ffen zu bewerben. In Bayern \u00fcben ca. 10.000 Sch\u00f6ffinnen und Sch\u00f6ffen <\/span><span dir=\"ltr\" role=\"presentation\">dieses Richteramt aus. Sie tun dies in vollem Umfang und mit gleichem <\/span><span dir=\"ltr\" role=\"presentation\">Stimmrecht wie die Berufsrichter. Sie sind als Richter dem Berufsrichter <\/span><span dir=\"ltr\" role=\"presentation\">gleichgestellt und damit gleich verantwortlich f\u00fcr das Urteil. Sie sind damit ein <\/span><span dir=\"ltr\" role=\"presentation\">essentieller Bestandteil unserer demokratischen Grundordnung.<\/span><\/span><span id=\"page42R_mcid16\" class=\"markedContent\"><\/span><span id=\"page42R_mcid17\" class=\"markedContent\"><br role=\"presentation\" \/><\/span><\/span><\/p><p><span style=\"font-size: 12pt;\"><span id=\"page42R_mcid17\" class=\"markedContent\"><span dir=\"ltr\" role=\"presentation\">Die Veranstaltung mit Patrick K\u00fchnlein findet am Donnerstag, den 13. Oktober 2022, um 19.00 Uhr Uhr <\/span><span dir=\"ltr\" role=\"presentation\">in der Alten Synagoge, Synagogengasse 6 statt, die Veranstaltung <\/span><span dir=\"ltr\" role=\"presentation\">ist geb\u00fchrenfrei.<\/span><\/span><span id=\"page42R_mcid18\" class=\"markedContent\"><\/span><span id=\"page42R_mcid19\" class=\"markedContent\"><br role=\"presentation\" \/><\/span><\/span><\/p><p><span style=\"font-size: 12pt;\"><span id=\"page42R_mcid19\" class=\"markedContent\"><span dir=\"ltr\" role=\"presentation\">Information und Anmeldung: Volkshochschule Schwabach, Telefon 09122 860-<\/span><br role=\"presentation\" \/><span dir=\"ltr\" role=\"presentation\">204 oder E-Mail<\/span><\/span><a href=\"mailto:vhs@schwabach.de\" target=\"_blank\" rel=\"noopener\"><span id=\"page42R_mcid20\" class=\"markedContent\"> <span dir=\"ltr\" role=\"presentation\">vhs@schwabach.de<\/span><\/span><\/a><span id=\"page42R_mcid21\" class=\"markedContent\"> <span dir=\"ltr\" role=\"presentation\">sowie unter<\/span><\/span><a href=\"https:\/\/www.vhs.schwabach.de\/kurssuche\/kurs\/Neuwahlen-von-Schoeffinnen-im-Jahr-2023\/222-10301#inhalt\" target=\"_blank\" rel=\"noopener\"><span id=\"page42R_mcid22\" class=\"markedContent\"> <span dir=\"ltr\" role=\"presentation\">www.vhs.schwabach.de<\/span><\/span><\/a><span id=\"page42R_mcid23\" class=\"markedContent\"> <span dir=\"ltr\" role=\"presentation\">mit<\/span><br role=\"presentation\" \/><span dir=\"ltr\" role=\"presentation\">der Kursnummer 222-10411\u00a0<\/span><\/span><\/span><\/p>\t\t\t\t\t\t<\/div>\n\t\t\t\t<\/div>\n\t\t\t\t<div class=\"elementor-element elementor-element-6c3f9de elementor-widget elementor-widget-shortcode\" data-id=\"6c3f9de\" data-element_type=\"widget\" data-widget_type=\"shortcode.default\">\n\t\t\t\t<div class=\"elementor-widget-container\">\n\t\t\t\t\t<div class=\"elementor-shortcode\"><center><a href=\"https:\/\/a.partner-versicherung.de\/click.php?partner_id=19992&ad_id=441&deep=kfz-versicherung\"  target=\"_blank\"><img decoding=\"async\" src=\"https:\/\/a.partner-versicherung.de\/view.php?partner_id=19992&ad_id=441\" ><\/a><\/center><\/div>\n\t\t\t\t<\/div>\n\t\t\t\t<\/div>\n\t\t\t\t<div class=\"elementor-element elementor-element-ace1283 elementor-widget-divider--view-line elementor-widget elementor-widget-divider\" data-id=\"ace1283\" data-element_type=\"widget\" data-widget_type=\"divider.default\">\n\t\t\t\t<div class=\"elementor-widget-container\">\n\t\t\t\t\t<div class=\"elementor-divider\">\n\t\t\t<span class=\"elementor-divider-separator\">\n\t\t\t\t\t\t<\/span>\n\t\t<\/div>\n\t\t\t\t<\/div>\n\t\t\t\t<\/div>\n\t\t\t\t<div class=\"elementor-element elementor-element-ac34ac3 elementor-widget elementor-widget-google_maps\" data-id=\"ac34ac3\" data-element_type=\"widget\" data-widget_type=\"google_maps.default\">\n\t\t\t\t<div class=\"elementor-widget-container\">\n\t\t\t\t\t<div class=\"elementor-custom-embed\">\n\t\t\t<iframe loading=\"lazy\"\n\t\t\t\t\tsrc=\"https:\/\/maps.google.com\/maps?q=Synagogengasse%206%2C%20Schwabach%2C%20Deutschland&#038;t=m&#038;z=17&#038;output=embed&#038;iwloc=near\"\n\t\t\t\t\ttitle=\"Synagogengasse 6, Schwabach, Deutschland\"\n\t\t\t\t\taria-label=\"Synagogengasse 6, Schwabach, Deutschland\"\n\t\t\t><\/iframe>\n\t\t<\/div>\n\t\t\t\t<\/div>\n\t\t\t\t<\/div>\n\t\t\t\t\t<\/div>\n\t\t<\/div>\n\t\t\t\t<div class=\"elementor-column elementor-col-50 elementor-top-column elementor-element elementor-element-4ce46fb\" data-id=\"4ce46fb\" data-element_type=\"column\">\n\t\t\t<div class=\"elementor-widget-wrap elementor-element-populated\">\n\t\t\t\t\t\t<div class=\"elementor-element elementor-element-38f4e35 elementor-widget elementor-widget-heading\" data-id=\"38f4e35\" data-element_type=\"widget\" data-widget_type=\"heading.default\">\n\t\t\t\t<div class=\"elementor-widget-container\">\n\t\t\t<h3 class=\"elementor-heading-title elementor-size-default\">Schnell vergleichen und sparen!<\/h3>\t\t<\/div>\n\t\t\t\t<\/div>\n\t\t\t\t<div class=\"elementor-element elementor-element-92c49bc elementor-widget elementor-widget-wp-widget-advads_ad_widget\" data-id=\"92c49bc\" data-element_type=\"widget\" data-widget_type=\"wp-widget-advads_ad_widget.default\">\n\t\t\t\t<div class=\"elementor-widget-container\">\n\t\t\t<div id=\"regio-4144347556\"><div class=\"regio-adlabel\">Werbung<\/div><!-- Beginn https:\/\/www.financeads.net\/-Code --><a href=\"https:\/\/www.financeads.net\/tc.php?t=36648C236142529B\" target=\"_blank\"><img fetchpriority=\"high\" decoding=\"async\" src=\"https:\/\/www.financeads.net\/tb.php?t=36648V236142529B&https=1\" alt=\"\" border=\"0\" width=\"300\" height=\"250\"><\/a><!-- Ende https:\/\/www.financeads.net\/-Code --><\/div>\t\t<\/div>\n\t\t\t\t<\/div>\n\t\t\t\t<div class=\"elementor-element elementor-element-cb0c78c elementor-widget elementor-widget-wp-widget-advads_ad_widget\" data-id=\"cb0c78c\" data-element_type=\"widget\" data-widget_type=\"wp-widget-advads_ad_widget.default\">\n\t\t\t\t<div class=\"elementor-widget-container\">\n\t\t\t<div id=\"regio-319420742\"><div class=\"regio-adlabel\">Werbung<\/div><!-- Beginn https:\/\/www.financeads.net\/-Code --><a href=\"https:\/\/www.financeads.net\/tc.php?t=36648C42614510B\" target=\"_blank\"><img decoding=\"async\" src=\"https:\/\/www.financeads.net\/tb.php?t=36648V42614510B&https=1\" alt=\"\" border=\"0\" width=\"200\" height=\"300\"><\/a><!-- Ende https:\/\/www.financeads.net\/-Code --><\/div>\t\t<\/div>\n\t\t\t\t<\/div>\n\t\t\t\t<div class=\"elementor-element elementor-element-31c9ced elementor-widget elementor-widget-wp-widget-advads_ad_widget\" data-id=\"31c9ced\" data-element_type=\"widget\" data-widget_type=\"wp-widget-advads_ad_widget.default\">\n\t\t\t\t<div class=\"elementor-widget-container\">\n\t\t\t<div id=\"regio-1022617039\"><div class=\"regio-adlabel\">Werbung<\/div><!-- Beginn https:\/\/www.financeads.net\/-Code --><a href=\"https:\/\/www.financeads.net\/tc.php?t=36648C205040072B\" target=\"_blank\"><img decoding=\"async\" src=\"https:\/\/www.financeads.net\/tb.php?t=36648V205040072B&https=1\" alt=\"\" border=\"0\" width=\"300\" height=\"250\"><\/a><!-- Ende https:\/\/www.financeads.net\/-Code --><\/div>\t\t<\/div>\n\t\t\t\t<\/div>\n\t\t\t\t<div class=\"elementor-element elementor-element-0344b9f elementor-widget elementor-widget-wp-widget-advads_ad_widget\" data-id=\"0344b9f\" data-element_type=\"widget\" data-widget_type=\"wp-widget-advads_ad_widget.default\">\n\t\t\t\t<div class=\"elementor-widget-container\">\n\t\t\t<div id=\"regio-2033025505\"><div class=\"regio-adlabel\">Werbung<\/div><!-- Beginn https:\/\/www.financeads.net\/-Code --><a href=\"https:\/\/www.financeads.net\/tc.php?t=36648C271460142B\" target=\"_blank\"><img loading=\"lazy\" decoding=\"async\" src=\"https:\/\/www.financeads.net\/tb.php?t=36648V271460142B&https=1\" alt=\"PETPROTECT_Hund&Katze_Banner\" border=\"0\" width=\"250\" height=\"250\"><\/a><!-- Ende https:\/\/www.financeads.net\/-Code --><\/div>\t\t<\/div>\n\t\t\t\t<\/div>\n\t\t\t\t\t<\/div>\n\t\t<\/div>\n\t\t\t\t\t<\/div>\n\t\t<\/section>\n\t\t\t\t<\/div>\n\t\t","protected":false},"excerpt":{"rendered":"<div class=\"mh-excerpt\"><p>Donnerstag, den 13. Oktober 2022, um 19.00 Uhr:&nbsp;Sch\u00f6ff:innenwahl 2023 &#8211; Vortrag \u00fcber Rechte und Pflichten Schwabach &#8211; Im Vorfeld zur Neuwahl der Sch\u00f6ff:innen im Fr\u00fchjahr 2023 bietet die Volkshochschule Schwabach gemeinsam mit dem Sch\u00f6ffenverband Bayern <a class=\"mh-excerpt-more\" href=\"https:\/\/www.region-schwabach.de\/wordpress\/vortrag-uber-rechte-und-pflichten-zur-schoffinnenwahl-am-donnerstag-den-13-oktober-2022\/\" title=\"Vortrag \u00fcber Rechte und Pflichten zur Sch\u00f6ff:innenwahl am Donnerstag, den 13. Oktober 2022\">[&#8230;]<\/a><\/p>\n<\/div>","protected":false},"author":1,"featured_media":184668,"comment_status":"open","ping_status":"open","sticky":false,"template":"","format":"standard","meta":{"_cbd_carousel_blocks":"[]","footnotes":""},"categories":[16,287,79,4306,61,231],"tags":[20573,20572,20575,532,3161,20576,20568,20567,20571,20569,20574,20570,19,3012,4692,1281,73,5652,64],"class_list":{"0":"post-184667","1":"post","2":"type-post","3":"status-publish","4":"format-standard","5":"has-post-thumbnail","7":"category-aktuell","8":"category-jugend-und-familie","9":"category-politik","10":"category-ratgeber","11":"category-rathaus","12":"category-veranstaltungsnews","13":"tag-13-oktober-2022","14":"tag-13-10-2022","15":"tag-alten-synagoge","16":"tag-bewerbung","17":"tag-hilfe","18":"tag-patrick-kuehnlein","19":"tag-pflichten","20":"tag-rechte","21":"tag-schoeffinnenwahl","22":"tag-schoeffen","23":"tag-schoeffenverband-bayern","24":"tag-schoeffinnen","25":"tag-schwabach","26":"tag-stadt","27":"tag-synagogengasse","28":"tag-vhs","29":"tag-volkshochschule","30":"tag-vortrag","31":"tag-wahl"},"_links":{"self":[{"href":"https:\/\/www.region-schwabach.de\/wordpress\/wp-json\/wp\/v2\/posts\/184667","targetHints":{"allow":["GET"]}}],"collection":[{"href":"https:\/\/www.region-schwabach.de\/wordpress\/wp-json\/wp\/v2\/posts"}],"about":[{"href":"https:\/\/www.region-schwabach.de\/wordpress\/wp-json\/wp\/v2\/types\/post"}],"author":[{"embeddable":true,"href":"https:\/\/www.region-schwabach.de\/wordpress\/wp-json\/wp\/v2\/users\/1"}],"replies":[{"embeddable":true,"href":"https:\/\/www.region-schwabach.de\/wordpress\/wp-json\/wp\/v2\/comments?post=184667"}],"version-history":[{"count":0,"href":"https:\/\/www.region-schwabach.de\/wordpress\/wp-json\/wp\/v2\/posts\/184667\/revisions"}],"wp:featuredmedia":[{"embeddable":true,"href":"https:\/\/www.region-schwabach.de\/wordpress\/wp-json\/wp\/v2\/media\/184668"}],"wp:attachment":[{"href":"https:\/\/www.region-schwabach.de\/wordpress\/wp-json\/wp\/v2\/media?parent=184667"}],"wp:term":[{"taxonomy":"category","embeddable":true,"href":"https:\/\/www.region-schwabach.de\/wordpress\/wp-json\/wp\/v2\/categories?post=184667"},{"taxonomy":"post_tag","embeddable":true,"href":"https:\/\/www.region-schwabach.de\/wordpress\/wp-json\/wp\/v2\/tags?post=184667"}],"curies":[{"name":"wp","href":"https:\/\/api.w.org\/{rel}","templated":true}]}}