{"id":185324,"date":"2022-10-18T01:00:00","date_gmt":"2022-10-17T23:00:00","guid":{"rendered":"https:\/\/www.region-schwabach.de\/wordpress\/?p=185324"},"modified":"2022-10-17T22:00:22","modified_gmt":"2022-10-17T20:00:22","slug":"kindersprechstunde-mit-ob-peter-reiss-in-der-mittagsbetreuung-an-der-luitpoldschule","status":"publish","type":"post","link":"https:\/\/www.region-schwabach.de\/wordpress\/kindersprechstunde-mit-ob-peter-reiss-in-der-mittagsbetreuung-an-der-luitpoldschule\/","title":{"rendered":"Kindersprechstunde mit OB Peter Rei\u00df in der Mittagsbetreuung an der Luitpoldschule"},"content":{"rendered":"\t\t<div data-elementor-type=\"wp-post\" data-elementor-id=\"185324\" class=\"elementor elementor-185324\">\n\t\t\t\t\t\t<section class=\"elementor-section elementor-top-section elementor-element elementor-element-678181b elementor-section-boxed elementor-section-height-default elementor-section-height-default\" data-id=\"678181b\" data-element_type=\"section\">\n\t\t\t\t\t\t<div class=\"elementor-container elementor-column-gap-default\">\n\t\t\t\t\t<div class=\"elementor-column elementor-col-50 elementor-top-column elementor-element elementor-element-6b34026\" data-id=\"6b34026\" data-element_type=\"column\">\n\t\t\t<div class=\"elementor-widget-wrap elementor-element-populated\">\n\t\t\t\t\t\t<div class=\"elementor-element elementor-element-5fea1cd elementor-widget elementor-widget-wp-widget-advads_ad_widget\" data-id=\"5fea1cd\" data-element_type=\"widget\" data-widget_type=\"wp-widget-advads_ad_widget.default\">\n\t\t\t\t<div class=\"elementor-widget-container\">\n\t\t\t<div id=\"regio-3760233575\"><div class=\"regio-adlabel\">Werbung<\/div><center><a href=\"https:\/\/a.partner-versicherung.de\/click.php?partner_id=19992&ad_id=1578&deep=kreditkarten\"  target=\"_blank\"><img decoding=\"async\" src=\"https:\/\/a.partner-versicherung.de\/view.php?partner_id=19992&ad_id=1578\" ><\/a><\/center><\/div>\t\t<\/div>\n\t\t\t\t<\/div>\n\t\t\t\t<div class=\"elementor-element elementor-element-443ab98 elementor-widget elementor-widget-text-editor\" data-id=\"443ab98\" data-element_type=\"widget\" data-widget_type=\"text-editor.default\">\n\t\t\t\t<div class=\"elementor-widget-container\">\n\t\t\t\t\t\t\t<h3 class=\"entry-title\">Kindersprechstunde mit OB Peter Rei\u00df in der Mittagsbetreuung an der Luitpoldschule am Schillerplatz\u00a0<\/h3><p><span style=\"font-size: 12pt;\">Schwabach &#8211; Zweimal im Jahr veranstaltet Oberb\u00fcrgermeister Peter Rei\u00df gemeinsam mit der Kommunalen Jugendarbeit die Kindersprechstunde. Hier haben nur Kinder das Wort. Eine Stunde lang d\u00fcrfen sie den Oberb\u00fcrgermeister mit ihren Fragen l\u00f6chern und Ideen f\u00fcr eine kinderfreundlichere Stadt einbringen.\u00a0<\/span><\/p><p><span style=\"font-size: 12pt;\">Anl\u00e4sslich des Weltkindertages am 20. September fand die Kindersprechstunde mit Kindern aus der Mittagsbetreuung der Luitpoldschule (Tr\u00e4ger: Familien- und Altenhilfeverein e.V.) statt. Im Stuhlkreis sitzend ging es los und die aufgeregten 14 Jungen und M\u00e4dchen durften ihre Fragen stellen:\u00a0<\/span><\/p><p><span style=\"font-size: 12pt;\">Gleich zu Beginn ging es kernig zur Sache, als Herr Rei\u00df erkl\u00e4ren sollte was die Aufgaben eines Oberb\u00fcrgermeisters seien oder wieso das Schulgeb\u00e4ude der Luitpoldschule, das aus Sandstein besteht, noch nicht kaputt gegangen ist, wenn doch so viele Hunde an die Mauer der Schule pinkeln.\u00a0<\/span><\/p><p><span style=\"font-size: 12pt;\">Problematisch fanden die Kinder den vielen M\u00fcll in der Stadt und auch nach mehr Spielpl\u00e4tzen und neuen Ger\u00e4ten wurde gefragt. Hier konnte der Oberb\u00fcrgermeister frohe Kunde \u00fcberbringen: Der Spielplatz im Apothekergarten wird erneuert und ist damit sicherlich bald einen Besuch wert! Dem Wunsch nach einem Zoo musste Herr Rei\u00df eine Absage erteilen, daf\u00fcr ist in Schwabach leider kein Platz.\u00a0<\/span><\/p><p><span style=\"font-size: 12pt;\">Besonders toll fanden die Jungs die eigene Anregung eine Schatzsuche oder Schnitzeljagd auf den Schwabacher Spielpl\u00e4tzen zu veranstalten. Vielleicht eine Idee f\u00fcr Eltern, wenn es um die Planung des n\u00e4chsten Kindergeburtstages geht.\u00a0<\/span><\/p><p><span style=\"font-size: 12pt;\">Auch im kommenden Jahr wird es wieder eine Kindersprechstunde geben.\u00a0<\/span><\/p>\t\t\t\t\t\t<\/div>\n\t\t\t\t<\/div>\n\t\t\t\t<div class=\"elementor-element elementor-element-7cc9469 elementor-widget elementor-widget-shortcode\" data-id=\"7cc9469\" data-element_type=\"widget\" data-widget_type=\"shortcode.default\">\n\t\t\t\t<div class=\"elementor-widget-container\">\n\t\t\t\t\t<div class=\"elementor-shortcode\"><!-- Beginn https:\/\/www.financeads.net\/-Code --><a href=\"https:\/\/www.financeads.net\/tc.php?t=36648C38513858B\" target=\"_blank\"><center><img decoding=\"async\" src=\"https:\/\/www.financeads.net\/tb.php?t=36648V38513858B&https=1\" alt=\"\" border=\"0\" width=\"468\" height=\"60\"><\/a><!-- Ende https:\/\/www.financeads.net\/-Code --><\/div>\n\t\t\t\t<\/div>\n\t\t\t\t<\/div>\n\t\t\t\t<div class=\"elementor-element elementor-element-0c834d7 elementor-widget-divider--view-line elementor-widget elementor-widget-divider\" data-id=\"0c834d7\" data-element_type=\"widget\" data-widget_type=\"divider.default\">\n\t\t\t\t<div class=\"elementor-widget-container\">\n\t\t\t\t\t<div class=\"elementor-divider\">\n\t\t\t<span class=\"elementor-divider-separator\">\n\t\t\t\t\t\t<\/span>\n\t\t<\/div>\n\t\t\t\t<\/div>\n\t\t\t\t<\/div>\n\t\t\t\t<div class=\"elementor-element elementor-element-325f51f elementor-widget elementor-widget-google_maps\" data-id=\"325f51f\" data-element_type=\"widget\" data-widget_type=\"google_maps.default\">\n\t\t\t\t<div class=\"elementor-widget-container\">\n\t\t\t\t\t<div class=\"elementor-custom-embed\">\n\t\t\t<iframe loading=\"lazy\"\n\t\t\t\t\tsrc=\"https:\/\/maps.google.com\/maps?q=K%C3%B6nigsplatz%2033a%2C%20Schwabach%2C%20Deutschland&#038;t=m&#038;z=16&#038;output=embed&#038;iwloc=near\"\n\t\t\t\t\ttitle=\"K\u00f6nigsplatz 33a, Schwabach, Deutschland\"\n\t\t\t\t\taria-label=\"K\u00f6nigsplatz 33a, Schwabach, Deutschland\"\n\t\t\t><\/iframe>\n\t\t<\/div>\n\t\t\t\t<\/div>\n\t\t\t\t<\/div>\n\t\t\t\t\t<\/div>\n\t\t<\/div>\n\t\t\t\t<div class=\"elementor-column elementor-col-50 elementor-top-column elementor-element elementor-element-f141625\" data-id=\"f141625\" data-element_type=\"column\">\n\t\t\t<div class=\"elementor-widget-wrap elementor-element-populated\">\n\t\t\t\t\t\t<div class=\"elementor-element elementor-element-aa635e8 elementor-widget elementor-widget-heading\" data-id=\"aa635e8\" data-element_type=\"widget\" data-widget_type=\"heading.default\">\n\t\t\t\t<div class=\"elementor-widget-container\">\n\t\t\t<h3 class=\"elementor-heading-title elementor-size-default\">Schnell vergleichen und sparen!<\/h3>\t\t<\/div>\n\t\t\t\t<\/div>\n\t\t\t\t<div class=\"elementor-element elementor-element-380778c elementor-widget elementor-widget-wp-widget-advads_ad_widget\" data-id=\"380778c\" data-element_type=\"widget\" data-widget_type=\"wp-widget-advads_ad_widget.default\">\n\t\t\t\t<div class=\"elementor-widget-container\">\n\t\t\t<div id=\"regio-392895426\"><div class=\"regio-adlabel\">Werbung<\/div><!-- Beginn https:\/\/www.financeads.net\/-Code --><a href=\"https:\/\/www.financeads.net\/tc.php?t=36648C236142529B\" target=\"_blank\"><img fetchpriority=\"high\" decoding=\"async\" src=\"https:\/\/www.financeads.net\/tb.php?t=36648V236142529B&https=1\" alt=\"\" border=\"0\" width=\"300\" height=\"250\"><\/a><!-- Ende https:\/\/www.financeads.net\/-Code --><\/div>\t\t<\/div>\n\t\t\t\t<\/div>\n\t\t\t\t<div class=\"elementor-element elementor-element-bd26aa5 elementor-widget elementor-widget-wp-widget-advads_ad_widget\" data-id=\"bd26aa5\" data-element_type=\"widget\" data-widget_type=\"wp-widget-advads_ad_widget.default\">\n\t\t\t\t<div class=\"elementor-widget-container\">\n\t\t\t<div id=\"regio-837855781\"><div class=\"regio-adlabel\">Werbung<\/div><!-- Beginn https:\/\/www.financeads.net\/-Code --><a href=\"https:\/\/www.financeads.net\/tc.php?t=36648C42614510B\" target=\"_blank\"><img decoding=\"async\" src=\"https:\/\/www.financeads.net\/tb.php?t=36648V42614510B&https=1\" alt=\"\" border=\"0\" width=\"200\" height=\"300\"><\/a><!-- Ende https:\/\/www.financeads.net\/-Code --><\/div>\t\t<\/div>\n\t\t\t\t<\/div>\n\t\t\t\t<div class=\"elementor-element elementor-element-abfc6b5 elementor-widget elementor-widget-wp-widget-advads_ad_widget\" data-id=\"abfc6b5\" data-element_type=\"widget\" data-widget_type=\"wp-widget-advads_ad_widget.default\">\n\t\t\t\t<div class=\"elementor-widget-container\">\n\t\t\t<div id=\"regio-1199500318\"><div class=\"regio-adlabel\">Werbung<\/div><!-- Beginn https:\/\/www.financeads.net\/-Code --><a href=\"https:\/\/www.financeads.net\/tc.php?t=36648C205040072B\" target=\"_blank\"><img loading=\"lazy\" decoding=\"async\" src=\"https:\/\/www.financeads.net\/tb.php?t=36648V205040072B&https=1\" alt=\"\" border=\"0\" width=\"300\" height=\"250\"><\/a><!-- Ende https:\/\/www.financeads.net\/-Code --><\/div>\t\t<\/div>\n\t\t\t\t<\/div>\n\t\t\t\t<div class=\"elementor-element elementor-element-9b68655 elementor-widget elementor-widget-wp-widget-advads_ad_widget\" data-id=\"9b68655\" data-element_type=\"widget\" data-widget_type=\"wp-widget-advads_ad_widget.default\">\n\t\t\t\t<div class=\"elementor-widget-container\">\n\t\t\t<div id=\"regio-2995605036\"><div class=\"regio-adlabel\">Werbung<\/div><!-- Beginn https:\/\/www.financeads.net\/-Code --><a href=\"https:\/\/www.financeads.net\/tc.php?t=36648C271460142B\" target=\"_blank\"><img loading=\"lazy\" decoding=\"async\" src=\"https:\/\/www.financeads.net\/tb.php?t=36648V271460142B&https=1\" alt=\"PETPROTECT_Hund&Katze_Banner\" border=\"0\" width=\"250\" height=\"250\"><\/a><!-- Ende https:\/\/www.financeads.net\/-Code --><\/div>\t\t<\/div>\n\t\t\t\t<\/div>\n\t\t\t\t\t<\/div>\n\t\t<\/div>\n\t\t\t\t\t<\/div>\n\t\t<\/section>\n\t\t\t\t<\/div>\n\t\t","protected":false},"excerpt":{"rendered":"<div class=\"mh-excerpt\"><p>Kindersprechstunde mit OB Peter Rei\u00df in der Mittagsbetreuung an der Luitpoldschule am Schillerplatz\u00a0 Schwabach &#8211; Zweimal im Jahr veranstaltet Oberb\u00fcrgermeister Peter Rei\u00df gemeinsam mit der Kommunalen Jugendarbeit die Kindersprechstunde. Hier haben nur Kinder das Wort. <a class=\"mh-excerpt-more\" href=\"https:\/\/www.region-schwabach.de\/wordpress\/kindersprechstunde-mit-ob-peter-reiss-in-der-mittagsbetreuung-an-der-luitpoldschule\/\" title=\"Kindersprechstunde mit OB Peter Rei\u00df in der Mittagsbetreuung an der Luitpoldschule\">[&#8230;]<\/a><\/p>\n<\/div>","protected":false},"author":1,"featured_media":185325,"comment_status":"open","ping_status":"open","sticky":false,"template":"","format":"standard","meta":{"_cbd_carousel_blocks":"[]","footnotes":""},"categories":[16,287,4306,61,231],"tags":[20316,20315,13299,13296,1126,13704,522,13298,18427,20582,5269,12385,1480,6899,19,19536,6968,3012,3151,13703,13297],"class_list":{"0":"post-185324","1":"post","2":"type-post","3":"status-publish","4":"format-standard","5":"has-post-thumbnail","7":"category-aktuell","8":"category-jugend-und-familie","9":"category-ratgeber","10":"category-rathaus","11":"category-veranstaltungsnews","12":"tag-20-september-2022","13":"tag-20-09-2022","14":"tag-beschwerden","15":"tag-ideen","16":"tag-kinder","17":"tag-kindersprechstunde","18":"tag-koenigsplatz","19":"tag-kritik","20":"tag-luitpoldschule","21":"tag-mittagsbetreuung","22":"tag-oberbuergermeister","23":"tag-peter-reiss","24":"tag-rathaus","25":"tag-schillerplatz","26":"tag-schwabach","27":"tag-september-2022","28":"tag-spd","29":"tag-stadt","30":"tag-stadt-schwabach","31":"tag-verbesserungsvorschlaege","32":"tag-wuensche"},"_links":{"self":[{"href":"https:\/\/www.region-schwabach.de\/wordpress\/wp-json\/wp\/v2\/posts\/185324","targetHints":{"allow":["GET"]}}],"collection":[{"href":"https:\/\/www.region-schwabach.de\/wordpress\/wp-json\/wp\/v2\/posts"}],"about":[{"href":"https:\/\/www.region-schwabach.de\/wordpress\/wp-json\/wp\/v2\/types\/post"}],"author":[{"embeddable":true,"href":"https:\/\/www.region-schwabach.de\/wordpress\/wp-json\/wp\/v2\/users\/1"}],"replies":[{"embeddable":true,"href":"https:\/\/www.region-schwabach.de\/wordpress\/wp-json\/wp\/v2\/comments?post=185324"}],"version-history":[{"count":0,"href":"https:\/\/www.region-schwabach.de\/wordpress\/wp-json\/wp\/v2\/posts\/185324\/revisions"}],"wp:featuredmedia":[{"embeddable":true,"href":"https:\/\/www.region-schwabach.de\/wordpress\/wp-json\/wp\/v2\/media\/185325"}],"wp:attachment":[{"href":"https:\/\/www.region-schwabach.de\/wordpress\/wp-json\/wp\/v2\/media?parent=185324"}],"wp:term":[{"taxonomy":"category","embeddable":true,"href":"https:\/\/www.region-schwabach.de\/wordpress\/wp-json\/wp\/v2\/categories?post=185324"},{"taxonomy":"post_tag","embeddable":true,"href":"https:\/\/www.region-schwabach.de\/wordpress\/wp-json\/wp\/v2\/tags?post=185324"}],"curies":[{"name":"wp","href":"https:\/\/api.w.org\/{rel}","templated":true}]}}