{"id":185542,"date":"2022-10-20T01:30:00","date_gmt":"2022-10-19T23:30:00","guid":{"rendered":"https:\/\/www.region-schwabach.de\/wordpress\/?p=185542"},"modified":"2022-10-19T21:42:29","modified_gmt":"2022-10-19T19:42:29","slug":"hervorragende-sportlerinnen-und-sportler-fur-die-sportlerehrung-am-3-februar-2023-melden","status":"publish","type":"post","link":"https:\/\/www.region-schwabach.de\/wordpress\/hervorragende-sportlerinnen-und-sportler-fur-die-sportlerehrung-am-3-februar-2023-melden\/","title":{"rendered":"Hervorragende Sportlerinnen und Sportler f\u00fcr die Sportlerehrung am 3. Februar 2023 melden"},"content":{"rendered":"\t\t<div data-elementor-type=\"wp-post\" data-elementor-id=\"185542\" class=\"elementor elementor-185542\">\n\t\t\t\t\t\t<section class=\"elementor-section elementor-top-section elementor-element elementor-element-678181b elementor-section-boxed elementor-section-height-default elementor-section-height-default\" data-id=\"678181b\" data-element_type=\"section\">\n\t\t\t\t\t\t<div class=\"elementor-container elementor-column-gap-default\">\n\t\t\t\t\t<div class=\"elementor-column elementor-col-50 elementor-top-column elementor-element elementor-element-6b34026\" data-id=\"6b34026\" data-element_type=\"column\">\n\t\t\t<div class=\"elementor-widget-wrap elementor-element-populated\">\n\t\t\t\t\t\t<div class=\"elementor-element elementor-element-e6a625a elementor-widget elementor-widget-wp-widget-advads_ad_widget\" data-id=\"e6a625a\" data-element_type=\"widget\" data-widget_type=\"wp-widget-advads_ad_widget.default\">\n\t\t\t\t<div class=\"elementor-widget-container\">\n\t\t\t<div id=\"regio-3907075978\"><div class=\"regio-adlabel\">Werbung<\/div><center><a href=\"https:\/\/a.partner-versicherung.de\/click.php?partner_id=19992&ad_id=1578&deep=kreditkarten\"  target=\"_blank\"><img decoding=\"async\" src=\"https:\/\/a.partner-versicherung.de\/view.php?partner_id=19992&ad_id=1578\" ><\/a><\/center><\/div>\t\t<\/div>\n\t\t\t\t<\/div>\n\t\t\t\t<div class=\"elementor-element elementor-element-443ab98 elementor-widget elementor-widget-text-editor\" data-id=\"443ab98\" data-element_type=\"widget\" data-widget_type=\"text-editor.default\">\n\t\t\t\t<div class=\"elementor-widget-container\">\n\t\t\t\t\t\t\t<h3><span id=\"page3R_mcid11\" class=\"markedContent\"><span dir=\"ltr\" role=\"presentation\">Fri<\/span><span dir=\"ltr\" role=\"presentation\">st bis 1. Dezember<\/span> 2022 &#8211;\u00a0<span dir=\"ltr\" role=\"presentation\">Ehrung<\/span> <span dir=\"ltr\" role=\"presentation\">am 3. Febru<\/span><span dir=\"ltr\" role=\"presentation\">ar 2023<\/span><\/span><span id=\"page3R_mcid12\" class=\"markedContent\"><\/span><span id=\"page3R_mcid13\" class=\"markedContent\"><br role=\"presentation\" \/><span dir=\"ltr\" role=\"presentation\">Jetzt<\/span> <span dir=\"ltr\" role=\"presentation\">hervorragende Sportlerinnen und Spor<\/span><span dir=\"ltr\" role=\"presentation\">tler melden\u00a0<\/span><\/span><\/h3><p><span style=\"font-size: 12pt;\">Schwabach &#8211; <span id=\"page3R_mcid15\" class=\"markedContent\"><span dir=\"ltr\" role=\"presentation\">Hervorragende sportliche Leistungen aus den Jahren 2020, 2021, 2022 und <\/span><span dir=\"ltr\" role=\"presentation\">die Schwabacher Stadtmeister 2022 werden am 3. Februar 2023 im feierlichen <\/span><span dir=\"ltr\" role=\"presentation\">Rahmen geehrt. Dann richtet der Stadtverband der Schwabacher Turn<\/span><span dir=\"ltr\" role=\"presentation\">&#8211;<\/span> <span dir=\"ltr\" role=\"presentation\">und <\/span><span dir=\"ltr\" role=\"presentation\">Sportvereine unter der Schirmherrschaft von Oberb\u00fcrgermeister Peter Rei\u00df im <\/span><span dir=\"ltr\" role=\"presentation\">Markgrafensaal wieder die Sportlerehrung aus. Auch Sportshows werden dann <\/span><span dir=\"ltr\" role=\"presentation\">geboten.\u00a0<\/span><\/span><\/span><\/p><p><span style=\"font-size: 12pt;\"><span id=\"page3R_mcid17\" class=\"markedContent\"><span dir=\"ltr\" role=\"presentation\">F\u00fcr hervorragende sportliche Leistungen k\u00f6nnen Sportlerinnen und Sportler, <\/span><span dir=\"ltr\" role=\"presentation\">die f\u00fcr einen Sch<\/span><span dir=\"ltr\" role=\"presentation\">wabacher Verein oder einer unter Schwabach gemeldeten <\/span><span dir=\"ltr\" role=\"presentation\">Spielgemeinschaft starten, oder ihren Wohnsitz in Schwabach haben und f\u00fcr <\/span><span dir=\"ltr\" role=\"presentation\">einen ausw\u00e4rtigen, dem DOSB angeschlossenen Verein starten, geehrt <\/span><span dir=\"ltr\" role=\"presentation\">werden.\u00a0<\/span><\/span><span id=\"page3R_mcid18\" class=\"markedContent\"><\/span><span id=\"page3R_mcid19\" class=\"markedContent\"><br role=\"presentation\" \/><\/span><\/span><\/p><p><span style=\"font-size: 12pt;\"><span id=\"page3R_mcid19\" class=\"markedContent\"><span dir=\"ltr\" role=\"presentation\">Geehrt werden insbesondere erfolgreiche Teilnahmen an<\/span> <span dir=\"ltr\" role=\"presentation\">Meisterschaften und <\/span><span dir=\"ltr\" role=\"presentation\">am Ligabetrieb im Sinne der Ehrenordnung der Stadt. Auch bei Teilnahmen an <\/span><span dir=\"ltr\" role=\"presentation\">internationalen Meisterschaften ist eine Ehrung m\u00f6glich.\u00a0<\/span><\/span><span id=\"page3R_mcid20\" class=\"markedContent\"><\/span><span id=\"page3R_mcid21\" class=\"markedContent\"><br role=\"presentation\" \/><\/span><\/span><\/p><p><span style=\"font-size: 12pt;\"><span id=\"page3R_mcid21\" class=\"markedContent\"><span dir=\"ltr\" role=\"presentation\">Da die Sportlerehrung f\u00fcr die Jahre 2020 und 2021 pandemiebedingt <\/span><span dir=\"ltr\" role=\"presentation\">ausgefallen ist, k\u00f6nnen auch Antr\u00e4ge<\/span> <span dir=\"ltr\" role=\"presentation\">f\u00fcr die vergangenen zwei Jahre <\/span><span dir=\"ltr\" role=\"presentation\">eingereicht werden. Ausschlaggebend ist somit der Zeitraum vom 1. Dezember <\/span><span dir=\"ltr\" role=\"presentation\">2019 bis einschlie\u00dflich zum 30. November 2022.\u00a0<\/span><\/span><span id=\"page3R_mcid22\" class=\"markedContent\"><\/span><\/span><\/p><p><span style=\"font-size: 12pt;\"><span id=\"page15R_mcid0\" class=\"markedContent\"><span dir=\"ltr\" role=\"presentation\">Der Ehrungsausschuss entscheidet Anfang Dezember bindend \u00fcber alle <\/span><span dir=\"ltr\" role=\"presentation\">eingereichten Antr\u00e4ge. Die Antragsf<\/span><span dir=\"ltr\" role=\"presentation\">ormulare k\u00f6nnen auf der Internetseite des <\/span><span dir=\"ltr\" role=\"presentation\">Stadtverbandes der Schwabacher Turn<\/span><span dir=\"ltr\" role=\"presentation\">&#8211;<\/span> <span dir=\"ltr\" role=\"presentation\">und Sportvereine unter <\/span><a href=\"http:\/\/www.stadtverband.org\" target=\"_blank\" rel=\"noopener\"><span dir=\"ltr\" role=\"presentation\">www.stadtverband.org<\/span><\/a> <span dir=\"ltr\" role=\"presentation\">heruntergeladen werden. Die Antr\u00e4ge sind bis zum <\/span><span dir=\"ltr\" role=\"presentation\">1.Dezember im Schul<\/span><span dir=\"ltr\" role=\"presentation\">&#8211;<\/span> <span dir=\"ltr\" role=\"presentation\">und Sportamt der Stadt unter der E<\/span><span dir=\"ltr\" role=\"presentation\">&#8211;<\/span><span dir=\"ltr\" role=\"presentation\">Mail<\/span><span dir=\"ltr\" role=\"presentation\">&#8211;<\/span><span dir=\"ltr\" role=\"presentation\">Adresse <a href=\"mailto:schul-sportamt@schwabach.de\" target=\"_blank\" rel=\"noopener\">schul-sportamt@schwabach.de<\/a> <\/span><span dir=\"ltr\" role=\"presentation\">oder pers\u00f6nlich in der Eisentrautstra\u00dfe 2, bei Verena <\/span><span dir=\"ltr\" role=\"presentation\">Gundel (Telefon 09122 860<\/span><span dir=\"ltr\" role=\"presentation\">&#8211;<\/span><span dir=\"ltr\" role=\"presentation\">159) einzureichen. Nach diesem Termin <\/span><span dir=\"ltr\" role=\"presentation\">eingehende Antr\u00e4ge k\u00f6nnen grunds\u00e4tzlich nicht ber\u00fccksichtigt werden.<\/span><\/span><span id=\"page15R_mcid1\" class=\"markedContent\"><\/span><span id=\"page15R_mcid2\" class=\"markedContent\"><br role=\"presentation\" \/><\/span><\/span><\/p><p><span style=\"font-size: 12pt;\"><span id=\"page15R_mcid2\" class=\"markedContent\"><span dir=\"ltr\" role=\"presentation\">Die Antr\u00e4ge zu den Ehrungen k\u00f6nnen nur durc<\/span><span dir=\"ltr\" role=\"presentation\">h Vereine oder Verb\u00e4nde an die <\/span><span dir=\"ltr\" role=\"presentation\">Stadt gestellt werden. Insofern sind alle Schwabacher und ausw\u00e4rtigen Vereine <\/span><span dir=\"ltr\" role=\"presentation\">und Verb\u00e4nde aufgerufen, entsprechende Antr\u00e4ge zu stellen, wenn die <\/span><span dir=\"ltr\" role=\"presentation\">Voraussetzungen der Ehrenordnung erf\u00fcllt sind.\u00a0<\/span><\/span><\/span><\/p><h3>Weiterf\u00fchrende Links:<\/h3><p style=\"font-weight: 400;\"><a href=\"https:\/\/stadtverband.org\/\" target=\"_blank\" rel=\"noopener\"><span style=\"font-size: 12pt;\">Homepage des Stadtverbandes der Schwabacher Turn\u2013 und Sportvereine e.V. &#8230;<\/span><\/a><\/p>\t\t\t\t\t\t<\/div>\n\t\t\t\t<\/div>\n\t\t\t\t<div class=\"elementor-element elementor-element-b95230e elementor-widget-divider--view-line elementor-widget elementor-widget-divider\" data-id=\"b95230e\" data-element_type=\"widget\" data-widget_type=\"divider.default\">\n\t\t\t\t<div class=\"elementor-widget-container\">\n\t\t\t\t\t<div class=\"elementor-divider\">\n\t\t\t<span class=\"elementor-divider-separator\">\n\t\t\t\t\t\t<\/span>\n\t\t<\/div>\n\t\t\t\t<\/div>\n\t\t\t\t<\/div>\n\t\t\t\t<div class=\"elementor-element elementor-element-804b00f elementor-widget elementor-widget-google_maps\" data-id=\"804b00f\" data-element_type=\"widget\" data-widget_type=\"google_maps.default\">\n\t\t\t\t<div class=\"elementor-widget-container\">\n\t\t\t\t\t<div class=\"elementor-custom-embed\">\n\t\t\t<iframe loading=\"lazy\"\n\t\t\t\t\tsrc=\"https:\/\/maps.google.com\/maps?q=Ludwigstra%C3%9Fe%2016%2C%20Schwabach%2C%20Deutschland&#038;t=m&#038;z=17&#038;output=embed&#038;iwloc=near\"\n\t\t\t\t\ttitle=\"Ludwigstra\u00dfe 16, Schwabach, Deutschland\"\n\t\t\t\t\taria-label=\"Ludwigstra\u00dfe 16, Schwabach, Deutschland\"\n\t\t\t><\/iframe>\n\t\t<\/div>\n\t\t\t\t<\/div>\n\t\t\t\t<\/div>\n\t\t\t\t\t<\/div>\n\t\t<\/div>\n\t\t\t\t<div class=\"elementor-column elementor-col-50 elementor-top-column elementor-element elementor-element-f6e7008\" data-id=\"f6e7008\" data-element_type=\"column\">\n\t\t\t<div class=\"elementor-widget-wrap elementor-element-populated\">\n\t\t\t\t\t\t<div class=\"elementor-element elementor-element-374a1b2 elementor-widget elementor-widget-heading\" data-id=\"374a1b2\" data-element_type=\"widget\" data-widget_type=\"heading.default\">\n\t\t\t\t<div class=\"elementor-widget-container\">\n\t\t\t<h3 class=\"elementor-heading-title elementor-size-default\">Schnell vergleichen und sparen!<\/h3>\t\t<\/div>\n\t\t\t\t<\/div>\n\t\t\t\t<div class=\"elementor-element elementor-element-9fc390b elementor-widget elementor-widget-wp-widget-advads_ad_widget\" data-id=\"9fc390b\" data-element_type=\"widget\" data-widget_type=\"wp-widget-advads_ad_widget.default\">\n\t\t\t\t<div class=\"elementor-widget-container\">\n\t\t\t<div id=\"regio-187774053\"><div class=\"regio-adlabel\">Werbung<\/div><!-- Beginn https:\/\/www.financeads.net\/-Code --><a href=\"https:\/\/www.financeads.net\/tc.php?t=36648C236142529B\" target=\"_blank\"><img fetchpriority=\"high\" decoding=\"async\" src=\"https:\/\/www.financeads.net\/tb.php?t=36648V236142529B&https=1\" alt=\"\" border=\"0\" width=\"300\" height=\"250\"><\/a><!-- Ende https:\/\/www.financeads.net\/-Code --><\/div>\t\t<\/div>\n\t\t\t\t<\/div>\n\t\t\t\t<div class=\"elementor-element elementor-element-027e3b5 elementor-widget elementor-widget-wp-widget-advads_ad_widget\" data-id=\"027e3b5\" data-element_type=\"widget\" data-widget_type=\"wp-widget-advads_ad_widget.default\">\n\t\t\t\t<div class=\"elementor-widget-container\">\n\t\t\t<div id=\"regio-2285529621\"><div class=\"regio-adlabel\">Werbung<\/div><!-- Beginn https:\/\/www.financeads.net\/-Code --><a href=\"https:\/\/www.financeads.net\/tc.php?t=36648C42614510B\" target=\"_blank\"><img decoding=\"async\" src=\"https:\/\/www.financeads.net\/tb.php?t=36648V42614510B&https=1\" alt=\"\" border=\"0\" width=\"200\" height=\"300\"><\/a><!-- Ende https:\/\/www.financeads.net\/-Code --><\/div>\t\t<\/div>\n\t\t\t\t<\/div>\n\t\t\t\t<div class=\"elementor-element elementor-element-aac3c4e elementor-widget elementor-widget-wp-widget-advads_ad_widget\" data-id=\"aac3c4e\" data-element_type=\"widget\" data-widget_type=\"wp-widget-advads_ad_widget.default\">\n\t\t\t\t<div class=\"elementor-widget-container\">\n\t\t\t<div id=\"regio-3173097062\"><div class=\"regio-adlabel\">Werbung<\/div><!-- Beginn https:\/\/www.financeads.net\/-Code --><a href=\"https:\/\/www.financeads.net\/tc.php?t=36648C205040072B\" target=\"_blank\"><img decoding=\"async\" src=\"https:\/\/www.financeads.net\/tb.php?t=36648V205040072B&https=1\" alt=\"\" border=\"0\" width=\"300\" height=\"250\"><\/a><!-- Ende https:\/\/www.financeads.net\/-Code --><\/div>\t\t<\/div>\n\t\t\t\t<\/div>\n\t\t\t\t<div class=\"elementor-element elementor-element-fe7336c elementor-widget elementor-widget-wp-widget-advads_ad_widget\" data-id=\"fe7336c\" data-element_type=\"widget\" data-widget_type=\"wp-widget-advads_ad_widget.default\">\n\t\t\t\t<div class=\"elementor-widget-container\">\n\t\t\t<div id=\"regio-298296240\"><div class=\"regio-adlabel\">Werbung<\/div><!-- Beginn https:\/\/www.financeads.net\/-Code --><a href=\"https:\/\/www.financeads.net\/tc.php?t=36648C271460142B\" target=\"_blank\"><img loading=\"lazy\" decoding=\"async\" src=\"https:\/\/www.financeads.net\/tb.php?t=36648V271460142B&https=1\" alt=\"PETPROTECT_Hund&Katze_Banner\" border=\"0\" width=\"250\" height=\"250\"><\/a><!-- Ende https:\/\/www.financeads.net\/-Code --><\/div>\t\t<\/div>\n\t\t\t\t<\/div>\n\t\t\t\t\t<\/div>\n\t\t<\/div>\n\t\t\t\t\t<\/div>\n\t\t<\/section>\n\t\t\t\t<\/div>\n\t\t","protected":false},"excerpt":{"rendered":"<div class=\"mh-excerpt\"><p>Frist bis 1. Dezember 2022 &#8211;&nbsp;Ehrung am 3. Februar 2023Jetzt hervorragende Sportlerinnen und Sportler melden&nbsp; Schwabach &#8211; Hervorragende sportliche Leistungen aus den Jahren 2020, 2021, 2022 und die Schwabacher Stadtmeister 2022 werden am 3. Februar <a class=\"mh-excerpt-more\" href=\"https:\/\/www.region-schwabach.de\/wordpress\/hervorragende-sportlerinnen-und-sportler-fur-die-sportlerehrung-am-3-februar-2023-melden\/\" title=\"Hervorragende Sportlerinnen und Sportler f\u00fcr die Sportlerehrung am 3. Februar 2023 melden\">[&#8230;]<\/a><\/p>\n<\/div>","protected":false},"author":1,"featured_media":185543,"comment_status":"open","ping_status":"open","sticky":false,"template":"","format":"standard","meta":{"_cbd_carousel_blocks":"[]","footnotes":""},"categories":[16,287,61,231,46,140],"tags":[20669,20667,20670,20668,6204,6203,2029,6199,2028,5269,12385,6205,1480,19,6197,6200,6196,6198,3151],"class_list":{"0":"post-185542","1":"post","2":"type-post","3":"status-publish","4":"format-standard","5":"has-post-thumbnail","7":"category-aktuell","8":"category-jugend-und-familie","9":"category-rathaus","10":"category-veranstaltungsnews","11":"category-verbaende","12":"category-vereine","13":"tag-01-12-2022","14":"tag-03-02-2023","15":"tag-1-dezember-2022","16":"tag-3-februar-2023","17":"tag-erfolge","18":"tag-leistungen","19":"tag-ludwigstrasse","20":"tag-mannschaften","21":"tag-markgrafensaal","22":"tag-oberbuergermeister","23":"tag-peter-reiss","24":"tag-platzierungen","25":"tag-rathaus","26":"tag-schwabach","27":"tag-sportler","28":"tag-sportlerehrung","29":"tag-sportlerinnen","30":"tag-sportpaare","31":"tag-stadt-schwabach"},"_links":{"self":[{"href":"https:\/\/www.region-schwabach.de\/wordpress\/wp-json\/wp\/v2\/posts\/185542","targetHints":{"allow":["GET"]}}],"collection":[{"href":"https:\/\/www.region-schwabach.de\/wordpress\/wp-json\/wp\/v2\/posts"}],"about":[{"href":"https:\/\/www.region-schwabach.de\/wordpress\/wp-json\/wp\/v2\/types\/post"}],"author":[{"embeddable":true,"href":"https:\/\/www.region-schwabach.de\/wordpress\/wp-json\/wp\/v2\/users\/1"}],"replies":[{"embeddable":true,"href":"https:\/\/www.region-schwabach.de\/wordpress\/wp-json\/wp\/v2\/comments?post=185542"}],"version-history":[{"count":0,"href":"https:\/\/www.region-schwabach.de\/wordpress\/wp-json\/wp\/v2\/posts\/185542\/revisions"}],"wp:featuredmedia":[{"embeddable":true,"href":"https:\/\/www.region-schwabach.de\/wordpress\/wp-json\/wp\/v2\/media\/185543"}],"wp:attachment":[{"href":"https:\/\/www.region-schwabach.de\/wordpress\/wp-json\/wp\/v2\/media?parent=185542"}],"wp:term":[{"taxonomy":"category","embeddable":true,"href":"https:\/\/www.region-schwabach.de\/wordpress\/wp-json\/wp\/v2\/categories?post=185542"},{"taxonomy":"post_tag","embeddable":true,"href":"https:\/\/www.region-schwabach.de\/wordpress\/wp-json\/wp\/v2\/tags?post=185542"}],"curies":[{"name":"wp","href":"https:\/\/api.w.org\/{rel}","templated":true}]}}