{"id":185580,"date":"2022-10-21T01:15:00","date_gmt":"2022-10-20T23:15:00","guid":{"rendered":"https:\/\/www.region-schwabach.de\/wordpress\/?p=185580"},"modified":"2022-10-20T22:55:31","modified_gmt":"2022-10-20T20:55:31","slug":"5-bildungskonferenz-der-stadt-schwabach-am-freitag-den-21-oktober-2022","status":"publish","type":"post","link":"https:\/\/www.region-schwabach.de\/wordpress\/5-bildungskonferenz-der-stadt-schwabach-am-freitag-den-21-oktober-2022\/","title":{"rendered":"5. Bildungskonferenz der Stadt Schwabach am Freitag, den 21. Oktober 2022"},"content":{"rendered":"\t\t<div data-elementor-type=\"wp-post\" data-elementor-id=\"185580\" class=\"elementor elementor-185580\">\n\t\t\t\t\t\t<section class=\"elementor-section elementor-top-section elementor-element elementor-element-678181b elementor-section-boxed elementor-section-height-default elementor-section-height-default\" data-id=\"678181b\" data-element_type=\"section\">\n\t\t\t\t\t\t<div class=\"elementor-container elementor-column-gap-default\">\n\t\t\t\t\t<div class=\"elementor-column elementor-col-50 elementor-top-column elementor-element elementor-element-6b34026\" data-id=\"6b34026\" data-element_type=\"column\">\n\t\t\t<div class=\"elementor-widget-wrap elementor-element-populated\">\n\t\t\t\t\t\t<div class=\"elementor-element elementor-element-8280879 elementor-widget elementor-widget-wp-widget-advads_ad_widget\" data-id=\"8280879\" data-element_type=\"widget\" data-widget_type=\"wp-widget-advads_ad_widget.default\">\n\t\t\t\t<div class=\"elementor-widget-container\">\n\t\t\t<div id=\"regio-169207218\"><div class=\"regio-adlabel\">Werbung<\/div><center><a href=\"https:\/\/a.partner-versicherung.de\/click.php?partner_id=19992&ad_id=1578&deep=kreditkarten\"  target=\"_blank\"><img decoding=\"async\" src=\"https:\/\/a.partner-versicherung.de\/view.php?partner_id=19992&ad_id=1578\" ><\/a><\/center><\/div>\t\t<\/div>\n\t\t\t\t<\/div>\n\t\t\t\t<div class=\"elementor-element elementor-element-443ab98 elementor-widget elementor-widget-text-editor\" data-id=\"443ab98\" data-element_type=\"widget\" data-widget_type=\"text-editor.default\">\n\t\t\t\t<div class=\"elementor-widget-container\">\n\t\t\t\t\t\t\t<h3>Freitag, den 21. Oktober 2022, 13.30 Uhr bis 18.00 Uhr\u00a0<br \/>5. Bildungskonferenz mit Professor Harald Lesch\u00a0<br \/>Wolfram-von-Eschenbach-Gymnasium in der Haydnstra\u00dfe\u00a0<\/h3><p><span style=\"font-size: 12pt;\">Schwabach &#8211;\u00a0Das Bildungsb\u00fcro konnte f\u00fcr die 5. Bildungskonferenz der Stadt wieder eine hochkar\u00e4tige Besetzung gewinnen: Wissenschaftsjournalist und Fernsehmoderator Professor Harald Lesch h\u00e4lt den Hauptvortrag \u201eDie Welt steht in Flammen, was tun?\u201c.<\/span><\/p><p><span style=\"font-size: 12pt;\">Die Fachtagung am 21.10. am Wolfram-von-Eschenbach-Gymnasium besch\u00e4ftigt sich mit dem Thema \u201eBildung f\u00fcr nachhaltige Entwicklung (BNE) &#8211; Lernen f\u00fcr die Zukunft.\u201c \u201eDie Kommune und die kommunale Bildungslandschaft sind entscheidende Orte bei der Bew\u00e4ltigung der zuk\u00fcnftigen Herausforderungen, insbesondere des Klimawandels.\u201c, so Jessica Kardeis, Veranstaltungsleiterin der Bildungskonferenz.<\/span><\/p><p><span style=\"font-size: 12pt;\">Wie k\u00f6nnen wir Bildungsprozesse f\u00fcr eine nachhaltige Entwicklung gestalten? Was bedeutet dies vor allem f\u00fcr die Schulen? Welche neuen Konzepte gibt es? Das vielseitige Konferenzprogramm soll den Schwabacher Bildungsakteuren neue Impulse geben, informieren und zu Diskussion und Vernetzung anregen.<\/span><\/p><p><span style=\"font-size: 12pt;\">Auf dem \u201eFairtrade-Marktplatz\u201c zeigen die Fairtrade-Town Schwabach, das Wolfram-von-Eschenbach-Gymnasium als Fairtrade-Schule und der Eine-Welt-Laden an Beispielen wie \u201eFairer Handel\u201c funktioniert. Nach zwei Vortr\u00e4gen im Plenum finden f\u00fcnf Fachforen statt: BNE f\u00fcr keine Forscher (IHK), Filmprojekt 199 Kleine Held*innen, Mobilit\u00e4t der Zukunft in Schwabach, United Nations im Klassenzimmer. Zudem stellt die Physikerin und Ehefrau von Harald Lesch, Dr. Cecilia Scorza, das Projekt \u201eKlimawandel: Verstehen und Handeln\u201c vor.\u00a0<\/span><\/p><h3>Weiterf\u00fchrende Infos:\u00a0<\/h3><p><a href=\"https:\/\/www.schwabach.de\/images\/referate\/referat_1\/schul-und-sportamt\/Bildungsportal\/Downloads\/Bildungskonferenz_2022__SC_Flyer.pdf\" target=\"_blank\" rel=\"noopener\"><span style=\"font-size: 12pt;\">Den Info-Flyer zur Bildungskonferenz der Stadt Schwabach gibt es hier zum Download &#8230;\u00a0<\/span><\/a><\/p><p><a href=\"https:\/\/www.schwabach.de\/de\/stadtverwaltung\/referat-1-interne-dienste-und-schulen\/67-schul-und-sportamt\/68-neues\/11157-5-bildungskonferenz-mit-professor-harald-lesch.html\" target=\"_blank\" rel=\"noopener\"><span style=\"font-size: 12pt;\">Weitere Infos zu dieser Veranstaltung gibt es hier &#8230;<\/span><\/a><\/p>\t\t\t\t\t\t<\/div>\n\t\t\t\t<\/div>\n\t\t\t\t<div class=\"elementor-element elementor-element-1372e3f elementor-widget elementor-widget-shortcode\" data-id=\"1372e3f\" data-element_type=\"widget\" data-widget_type=\"shortcode.default\">\n\t\t\t\t<div class=\"elementor-widget-container\">\n\t\t\t\t\t<div class=\"elementor-shortcode\"><!-- Beginn https:\/\/www.financeads.net\/-Code --><a href=\"https:\/\/www.financeads.net\/tc.php?t=36648C38513858B\" target=\"_blank\"><center><img decoding=\"async\" src=\"https:\/\/www.financeads.net\/tb.php?t=36648V38513858B&https=1\" alt=\"\" border=\"0\" width=\"468\" height=\"60\"><\/a><!-- Ende https:\/\/www.financeads.net\/-Code --><\/div>\n\t\t\t\t<\/div>\n\t\t\t\t<\/div>\n\t\t\t\t<div class=\"elementor-element elementor-element-a2cb79b elementor-widget-divider--view-line elementor-widget elementor-widget-divider\" data-id=\"a2cb79b\" data-element_type=\"widget\" data-widget_type=\"divider.default\">\n\t\t\t\t<div class=\"elementor-widget-container\">\n\t\t\t\t\t<div class=\"elementor-divider\">\n\t\t\t<span class=\"elementor-divider-separator\">\n\t\t\t\t\t\t<\/span>\n\t\t<\/div>\n\t\t\t\t<\/div>\n\t\t\t\t<\/div>\n\t\t\t\t<div class=\"elementor-element elementor-element-da20a21 elementor-widget elementor-widget-google_maps\" data-id=\"da20a21\" data-element_type=\"widget\" data-widget_type=\"google_maps.default\">\n\t\t\t\t<div class=\"elementor-widget-container\">\n\t\t\t\t\t<div class=\"elementor-custom-embed\">\n\t\t\t<iframe loading=\"lazy\"\n\t\t\t\t\tsrc=\"https:\/\/maps.google.com\/maps?q=Haydnstra%C3%9Fe%201%2C%20Schwabach%2C%20Deutschland&#038;t=m&#038;z=17&#038;output=embed&#038;iwloc=near\"\n\t\t\t\t\ttitle=\"Haydnstra\u00dfe 1, Schwabach, Deutschland\"\n\t\t\t\t\taria-label=\"Haydnstra\u00dfe 1, Schwabach, Deutschland\"\n\t\t\t><\/iframe>\n\t\t<\/div>\n\t\t\t\t<\/div>\n\t\t\t\t<\/div>\n\t\t\t\t\t<\/div>\n\t\t<\/div>\n\t\t\t\t<div class=\"elementor-column elementor-col-50 elementor-top-column elementor-element elementor-element-9ea5c6c\" data-id=\"9ea5c6c\" data-element_type=\"column\">\n\t\t\t<div class=\"elementor-widget-wrap elementor-element-populated\">\n\t\t\t\t\t\t<div class=\"elementor-element elementor-element-13a6746 elementor-widget elementor-widget-heading\" data-id=\"13a6746\" data-element_type=\"widget\" data-widget_type=\"heading.default\">\n\t\t\t\t<div class=\"elementor-widget-container\">\n\t\t\t<h3 class=\"elementor-heading-title elementor-size-default\">Schnell vergleichen und sparen!<\/h3>\t\t<\/div>\n\t\t\t\t<\/div>\n\t\t\t\t<div class=\"elementor-element elementor-element-dbc018a elementor-widget elementor-widget-wp-widget-advads_ad_widget\" data-id=\"dbc018a\" data-element_type=\"widget\" data-widget_type=\"wp-widget-advads_ad_widget.default\">\n\t\t\t\t<div class=\"elementor-widget-container\">\n\t\t\t<div id=\"regio-1289399982\"><div class=\"regio-adlabel\">Werbung<\/div><!-- Beginn https:\/\/www.financeads.net\/-Code --><a href=\"https:\/\/www.financeads.net\/tc.php?t=36648C236142529B\" target=\"_blank\"><img fetchpriority=\"high\" decoding=\"async\" src=\"https:\/\/www.financeads.net\/tb.php?t=36648V236142529B&https=1\" alt=\"\" border=\"0\" width=\"300\" height=\"250\"><\/a><!-- Ende https:\/\/www.financeads.net\/-Code --><\/div>\t\t<\/div>\n\t\t\t\t<\/div>\n\t\t\t\t<div class=\"elementor-element elementor-element-7b7ed96 elementor-widget elementor-widget-wp-widget-advads_ad_widget\" data-id=\"7b7ed96\" data-element_type=\"widget\" data-widget_type=\"wp-widget-advads_ad_widget.default\">\n\t\t\t\t<div class=\"elementor-widget-container\">\n\t\t\t<div id=\"regio-62370030\"><div class=\"regio-adlabel\">Werbung<\/div><!-- Beginn https:\/\/www.financeads.net\/-Code --><a href=\"https:\/\/www.financeads.net\/tc.php?t=36648C42614510B\" target=\"_blank\"><img decoding=\"async\" src=\"https:\/\/www.financeads.net\/tb.php?t=36648V42614510B&https=1\" alt=\"\" border=\"0\" width=\"200\" height=\"300\"><\/a><!-- Ende https:\/\/www.financeads.net\/-Code --><\/div>\t\t<\/div>\n\t\t\t\t<\/div>\n\t\t\t\t<div class=\"elementor-element elementor-element-20e1d50 elementor-widget elementor-widget-wp-widget-advads_ad_widget\" data-id=\"20e1d50\" data-element_type=\"widget\" data-widget_type=\"wp-widget-advads_ad_widget.default\">\n\t\t\t\t<div class=\"elementor-widget-container\">\n\t\t\t<div id=\"regio-1169603779\"><div class=\"regio-adlabel\">Werbung<\/div><!-- Beginn https:\/\/www.financeads.net\/-Code --><a href=\"https:\/\/www.financeads.net\/tc.php?t=36648C205040072B\" target=\"_blank\"><img loading=\"lazy\" decoding=\"async\" src=\"https:\/\/www.financeads.net\/tb.php?t=36648V205040072B&https=1\" alt=\"\" border=\"0\" width=\"300\" height=\"250\"><\/a><!-- Ende https:\/\/www.financeads.net\/-Code --><\/div>\t\t<\/div>\n\t\t\t\t<\/div>\n\t\t\t\t<div class=\"elementor-element elementor-element-6ca0266 elementor-widget elementor-widget-wp-widget-advads_ad_widget\" data-id=\"6ca0266\" data-element_type=\"widget\" data-widget_type=\"wp-widget-advads_ad_widget.default\">\n\t\t\t\t<div class=\"elementor-widget-container\">\n\t\t\t<div id=\"regio-1457477343\"><div class=\"regio-adlabel\">Werbung<\/div><!-- Beginn https:\/\/www.financeads.net\/-Code --><a href=\"https:\/\/www.financeads.net\/tc.php?t=36648C271460142B\" target=\"_blank\"><img loading=\"lazy\" decoding=\"async\" src=\"https:\/\/www.financeads.net\/tb.php?t=36648V271460142B&https=1\" alt=\"PETPROTECT_Hund&Katze_Banner\" border=\"0\" width=\"250\" height=\"250\"><\/a><!-- Ende https:\/\/www.financeads.net\/-Code --><\/div>\t\t<\/div>\n\t\t\t\t<\/div>\n\t\t\t\t\t<\/div>\n\t\t<\/div>\n\t\t\t\t\t<\/div>\n\t\t<\/section>\n\t\t\t\t<\/div>\n\t\t","protected":false},"excerpt":{"rendered":"<div class=\"mh-excerpt\"><p>Freitag, den 21. Oktober 2022, 13.30 Uhr bis 18.00 Uhr\u00a05. Bildungskonferenz mit Professor Harald Lesch\u00a0Wolfram-von-Eschenbach-Gymnasium in der Haydnstra\u00dfe\u00a0 Schwabach &#8211;\u00a0Das Bildungsb\u00fcro konnte f\u00fcr die 5. Bildungskonferenz der Stadt wieder eine hochkar\u00e4tige Besetzung gewinnen: Wissenschaftsjournalist und <a class=\"mh-excerpt-more\" href=\"https:\/\/www.region-schwabach.de\/wordpress\/5-bildungskonferenz-der-stadt-schwabach-am-freitag-den-21-oktober-2022\/\" title=\"5. Bildungskonferenz der Stadt Schwabach am Freitag, den 21. Oktober 2022\">[&#8230;]<\/a><\/p>\n<\/div>","protected":false},"author":1,"featured_media":185581,"comment_status":"open","ping_status":"open","sticky":false,"template":"","format":"standard","meta":{"_cbd_carousel_blocks":"[]","footnotes":""},"categories":[16,1,287,79,61],"tags":[20673,20654,20653,9213,20672,3147,522,20671,1480,19,3012,3151,3138,3501],"class_list":{"0":"post-185580","1":"post","2":"type-post","3":"status-publish","4":"format-standard","5":"has-post-thumbnail","7":"category-aktuell","8":"category-allgemein","9":"category-jugend-und-familie","10":"category-politik","11":"category-rathaus","12":"tag-bildung-fuer-nachhaltige-entwicklung-bne-lernen-fuer-die-zukunft","13":"tag-21-oktober-2022","14":"tag-21-10-2022","15":"tag-bildungskonferenz","16":"tag-bilodungsbuero","17":"tag-haydnstrasse","18":"tag-koenigsplatz","19":"tag-professor-harald-lesch","20":"tag-rathaus","21":"tag-schwabach","22":"tag-stadt","23":"tag-stadt-schwabach","24":"tag-wolfram-von-eschenbach-gymnasium","25":"tag-workshops"},"_links":{"self":[{"href":"https:\/\/www.region-schwabach.de\/wordpress\/wp-json\/wp\/v2\/posts\/185580","targetHints":{"allow":["GET"]}}],"collection":[{"href":"https:\/\/www.region-schwabach.de\/wordpress\/wp-json\/wp\/v2\/posts"}],"about":[{"href":"https:\/\/www.region-schwabach.de\/wordpress\/wp-json\/wp\/v2\/types\/post"}],"author":[{"embeddable":true,"href":"https:\/\/www.region-schwabach.de\/wordpress\/wp-json\/wp\/v2\/users\/1"}],"replies":[{"embeddable":true,"href":"https:\/\/www.region-schwabach.de\/wordpress\/wp-json\/wp\/v2\/comments?post=185580"}],"version-history":[{"count":0,"href":"https:\/\/www.region-schwabach.de\/wordpress\/wp-json\/wp\/v2\/posts\/185580\/revisions"}],"wp:featuredmedia":[{"embeddable":true,"href":"https:\/\/www.region-schwabach.de\/wordpress\/wp-json\/wp\/v2\/media\/185581"}],"wp:attachment":[{"href":"https:\/\/www.region-schwabach.de\/wordpress\/wp-json\/wp\/v2\/media?parent=185580"}],"wp:term":[{"taxonomy":"category","embeddable":true,"href":"https:\/\/www.region-schwabach.de\/wordpress\/wp-json\/wp\/v2\/categories?post=185580"},{"taxonomy":"post_tag","embeddable":true,"href":"https:\/\/www.region-schwabach.de\/wordpress\/wp-json\/wp\/v2\/tags?post=185580"}],"curies":[{"name":"wp","href":"https:\/\/api.w.org\/{rel}","templated":true}]}}