{"id":186326,"date":"2022-12-04T01:00:00","date_gmt":"2022-12-04T00:00:00","guid":{"rendered":"https:\/\/www.region-schwabach.de\/wordpress\/?p=186326"},"modified":"2022-12-03T19:55:19","modified_gmt":"2022-12-03T18:55:19","slug":"ausstellung-des-kunstlerbundes-schwabach-die-halfte-des-lebens-von-nihat-celik-in-der-stadtischen-galerie-ab-29-oktober-2022","status":"publish","type":"post","link":"https:\/\/www.region-schwabach.de\/wordpress\/ausstellung-des-kunstlerbundes-schwabach-die-halfte-des-lebens-von-nihat-celik-in-der-stadtischen-galerie-ab-29-oktober-2022\/","title":{"rendered":"Ausstellung des K\u00fcnstlerbundes Schwabach \u2013 \u201eDie H\u00e4lfte des Lebens\u201c von Nihat Celik \u2013 in der St\u00e4dtischen Galerie ab 29. Oktober 2022"},"content":{"rendered":"\t\t<div data-elementor-type=\"wp-post\" data-elementor-id=\"186326\" class=\"elementor elementor-186326\">\n\t\t\t\t\t\t<section class=\"elementor-section elementor-top-section elementor-element elementor-element-678181b elementor-section-boxed elementor-section-height-default elementor-section-height-default\" data-id=\"678181b\" data-element_type=\"section\">\n\t\t\t\t\t\t<div class=\"elementor-container elementor-column-gap-default\">\n\t\t\t\t\t<div class=\"elementor-column elementor-col-66 elementor-top-column elementor-element elementor-element-6b34026\" data-id=\"6b34026\" data-element_type=\"column\">\n\t\t\t<div class=\"elementor-widget-wrap elementor-element-populated\">\n\t\t\t\t\t\t<div class=\"elementor-element elementor-element-15a5ce5 elementor-widget elementor-widget-wp-widget-advads_ad_widget\" data-id=\"15a5ce5\" data-element_type=\"widget\" data-widget_type=\"wp-widget-advads_ad_widget.default\">\n\t\t\t\t<div class=\"elementor-widget-container\">\n\t\t\t<div id=\"regio-1652579806\"><div class=\"regio-adlabel\">Werbung<\/div><center><a href=\"https:\/\/a.partner-versicherung.de\/click.php?partner_id=19992&ad_id=1578&deep=kreditkarten\"  target=\"_blank\"><img decoding=\"async\" src=\"https:\/\/a.partner-versicherung.de\/view.php?partner_id=19992&ad_id=1578\" ><\/a><\/center><\/div>\t\t<\/div>\n\t\t\t\t<\/div>\n\t\t\t\t<div class=\"elementor-element elementor-element-443ab98 elementor-widget elementor-widget-text-editor\" data-id=\"443ab98\" data-element_type=\"widget\" data-widget_type=\"text-editor.default\">\n\t\t\t\t<div class=\"elementor-widget-container\">\n\t\t\t\t\t\t\t<h3 class=\"entry-title\">Vom 29. Oktober 2022 bis 4. Dezember 2022 in der St\u00e4dtischen Galerie Schwabach:<br \/>Ausstellung \u201eDie H\u00e4lfte des Lebens\u201c von Nihat Celik<\/h3><p><span style=\"font-size: 12pt;\">Schwabach &#8211; Der K\u00fcnstlerbund Schwabach pr\u00e4sentiert in seiner n\u00e4chsten Ausstellung Nihat Celik mit einer Einzelausstellung. Unter dem Titel \u201eDie H\u00e4lfte des Lebens\u201c steht die Linie im Zentrum der Werke:<br \/><\/span><\/p><p><span style=\"font-size: 12pt;\">\u201eWenn ich zu einem Bild anfange, m\u00f6chte ich mich nicht einengen mit Thema, Zeit usw. Meine Phantasie soll frei sein.<br \/><\/span><\/p><p><span style=\"font-size: 12pt;\"><strong>Leonardo Da Vinci hat gesagt:&#8220; wenn man auf eine wei\u00dfe Wand lange genug schaut, f\u00e4ngt man an, Gestalten und Figuren zu sehen.&#8220;<\/strong> <\/span><\/p><p><span style=\"font-size: 12pt;\">Weil ich auch das Erlebte und was um mich und in der Welt passiert, im Bildern verarbeiten kann, ist das Problem, was man malen soll, kein Problem f\u00fcr mich. Und das Suchen und das Gefundene zu bearbeiten, bis es fast lebendig wird, ist ein grosses Genuss f\u00fcr mich. Wenn das Bild oder Zeichnung fertig ist, habe ich mir bewiesen, dass ich bin.\u201c (Nihat Celik)<br \/><\/span><\/p><p><span style=\"font-size: 12pt;\">Nihat Celik ist in der T\u00fcrkei geboren, seit 1979 in Deutschland. Er hat an der Akademie der Bildenden K\u00fcnste in N\u00fcrnberg bei Frau Prof. Christine Colditz und Prof. Johannes Gr\u00fctzke freie Malerei studiert und als Meistersch\u00fcler abgeschlossen.<br \/>Heute lebt und arbeitet er in Oberursel im Taunus.<br \/><\/span><\/p><p><span style=\"font-size: 12pt;\">Die Ausstellung wird in der St\u00e4dtischen Galerie Schwabach gezeigt und dauert vom 29. Oktober bis 4. Dezember 2022.<\/span><\/p><h3><span style=\"font-size: 12pt;\">Infos:<\/span><\/h3><p><span style=\"font-size: 12pt;\">Die Ausstellung findet in der St\u00e4dtischen Galerie, K\u00f6nigsplatz 29a in Schwabach statt, der\u00a0Eintritt ist frei.\u00a0<\/span><\/p><h3 class=\"idgroup_7 group_container\">Ausstellungszeiten<\/h3><p><span style=\"font-size: 12pt;\">Ge\u00f6ffnet ist die Ausstellung in der St\u00e4dtischen Galerie (K\u00f6nigsplatz 29A) zu folgenden Zeiten:<\/span><\/p><table style=\"border-collapse: collapse; width: 100%; height: 144px;\" border=\"1\"><tbody><tr style=\"height: 24px;\"><td style=\"width: 33.3333%; height: 24px;\"><span style=\"font-size: 12pt;\">Tag<\/span><\/td><td style=\"width: 33.3333%; height: 24px;\"><span style=\"font-size: 12pt;\">Von &#8230;<\/span><\/td><td style=\"width: 33.3333%; height: 24px;\"><span style=\"font-size: 12pt;\">&#8230; bis<\/span><\/td><\/tr><tr style=\"height: 24px;\"><td style=\"width: 33.3333%; height: 24px;\">\u00a0<\/td><td style=\"width: 33.3333%; height: 24px;\">\u00a0<\/td><td style=\"width: 33.3333%; height: 24px;\">\u00a0<\/td><\/tr><tr style=\"height: 24px;\"><td style=\"width: 33.3333%; height: 24px;\"><span style=\"font-size: 12pt;\">Donnerstag<\/span><\/td><td style=\"width: 33.3333%; height: 24px;\"><span style=\"font-size: 12pt;\">11.00 Uhr<\/span><\/td><td style=\"width: 33.3333%; height: 24px;\"><span style=\"font-size: 12pt;\">18.00 Uhr<\/span><\/td><\/tr><tr style=\"height: 24px;\"><td style=\"width: 33.3333%; height: 24px;\"><span style=\"font-size: 12pt;\">Freitag<\/span><\/td><td style=\"width: 33.3333%; height: 24px;\"><span style=\"font-size: 12pt;\">11.00 Uhr<\/span><\/td><td style=\"width: 33.3333%; height: 24px;\"><span style=\"font-size: 12pt;\">18.00 Uhr<\/span><\/td><\/tr><tr style=\"height: 24px;\"><td style=\"width: 33.3333%; height: 24px;\"><span style=\"font-size: 12pt;\">Samstag<\/span><\/td><td style=\"width: 33.3333%; height: 24px;\"><span style=\"font-size: 12pt;\">10.00 Uhr<\/span><\/td><td style=\"width: 33.3333%; height: 24px;\"><span style=\"font-size: 12pt;\">13.00 Uhr<\/span><\/td><\/tr><tr style=\"height: 24px;\"><td style=\"width: 33.3333%; height: 24px;\"><span style=\"font-size: 12pt;\">Sonntag<\/span><\/td><td style=\"width: 33.3333%; height: 24px;\"><span style=\"font-size: 12pt;\">13.00 Uhr<\/span><\/td><td style=\"width: 33.3333%; height: 24px;\"><span style=\"font-size: 12pt;\">16.00 Uhr<\/span><\/td><\/tr><\/tbody><\/table><h3>Weiterf\u00fchrende Links:<\/h3><p><span style=\"font-size: 12pt;\"><a href=\"http:\/\/www.kuenstlerbund-schwabach.de\/buga\/index.html\" target=\"_blank\" rel=\"noopener\">Zur Homepage der St\u00e4dtischen Galerie Schwabach geht&#8217;s hier &#8230;<\/a><\/span><\/p>\t\t\t\t\t\t<\/div>\n\t\t\t\t<\/div>\n\t\t\t\t<div class=\"elementor-element elementor-element-795dacc elementor-widget elementor-widget-shortcode\" data-id=\"795dacc\" data-element_type=\"widget\" data-widget_type=\"shortcode.default\">\n\t\t\t\t<div class=\"elementor-widget-container\">\n\t\t\t\t\t<div class=\"elementor-shortcode\"><!-- Beginn https:\/\/www.financeads.net\/-Code --><a href=\"https:\/\/www.financeads.net\/tc.php?t=36648C38513858B\" target=\"_blank\"><center><img decoding=\"async\" src=\"https:\/\/www.financeads.net\/tb.php?t=36648V38513858B&https=1\" alt=\"\" border=\"0\" width=\"468\" height=\"60\"><\/a><!-- Ende https:\/\/www.financeads.net\/-Code --><\/div>\n\t\t\t\t<\/div>\n\t\t\t\t<\/div>\n\t\t\t\t<div class=\"elementor-element elementor-element-0c834d7 elementor-widget-divider--view-line elementor-widget elementor-widget-divider\" data-id=\"0c834d7\" data-element_type=\"widget\" data-widget_type=\"divider.default\">\n\t\t\t\t<div class=\"elementor-widget-container\">\n\t\t\t\t\t<div class=\"elementor-divider\">\n\t\t\t<span class=\"elementor-divider-separator\">\n\t\t\t\t\t\t<\/span>\n\t\t<\/div>\n\t\t\t\t<\/div>\n\t\t\t\t<\/div>\n\t\t\t\t<div class=\"elementor-element elementor-element-325f51f elementor-widget elementor-widget-google_maps\" data-id=\"325f51f\" data-element_type=\"widget\" data-widget_type=\"google_maps.default\">\n\t\t\t\t<div class=\"elementor-widget-container\">\n\t\t\t\t\t<div class=\"elementor-custom-embed\">\n\t\t\t<iframe loading=\"lazy\"\n\t\t\t\t\tsrc=\"https:\/\/maps.google.com\/maps?q=K%C3%B6nigsplatz%2029a%2C%20Schwabach%2C%20Deutschland&#038;t=m&#038;z=17&#038;output=embed&#038;iwloc=near\"\n\t\t\t\t\ttitle=\"K\u00f6nigsplatz 29a, Schwabach, Deutschland\"\n\t\t\t\t\taria-label=\"K\u00f6nigsplatz 29a, Schwabach, Deutschland\"\n\t\t\t><\/iframe>\n\t\t<\/div>\n\t\t\t\t<\/div>\n\t\t\t\t<\/div>\n\t\t\t\t\t<\/div>\n\t\t<\/div>\n\t\t\t\t<div class=\"elementor-column elementor-col-33 elementor-top-column elementor-element elementor-element-f645137\" data-id=\"f645137\" data-element_type=\"column\">\n\t\t\t<div class=\"elementor-widget-wrap elementor-element-populated\">\n\t\t\t\t\t\t<div class=\"elementor-element elementor-element-839bb7a elementor-widget elementor-widget-heading\" data-id=\"839bb7a\" data-element_type=\"widget\" data-widget_type=\"heading.default\">\n\t\t\t\t<div class=\"elementor-widget-container\">\n\t\t\t<h3 class=\"elementor-heading-title elementor-size-default\">Schnell vergleichen und sparen!<\/h3>\t\t<\/div>\n\t\t\t\t<\/div>\n\t\t\t\t<div class=\"elementor-element elementor-element-6036bed elementor-widget elementor-widget-wp-widget-advads_ad_widget\" data-id=\"6036bed\" data-element_type=\"widget\" data-widget_type=\"wp-widget-advads_ad_widget.default\">\n\t\t\t\t<div class=\"elementor-widget-container\">\n\t\t\t<div id=\"regio-1300350893\"><div class=\"regio-adlabel\">Werbung<\/div><!-- Beginn https:\/\/www.financeads.net\/-Code --><a href=\"https:\/\/www.financeads.net\/tc.php?t=36648C236142529B\" target=\"_blank\"><img fetchpriority=\"high\" decoding=\"async\" src=\"https:\/\/www.financeads.net\/tb.php?t=36648V236142529B&https=1\" alt=\"\" border=\"0\" width=\"300\" height=\"250\"><\/a><!-- Ende https:\/\/www.financeads.net\/-Code --><\/div>\t\t<\/div>\n\t\t\t\t<\/div>\n\t\t\t\t<div class=\"elementor-element elementor-element-eec47fd elementor-widget elementor-widget-wp-widget-advads_ad_widget\" data-id=\"eec47fd\" data-element_type=\"widget\" data-widget_type=\"wp-widget-advads_ad_widget.default\">\n\t\t\t\t<div class=\"elementor-widget-container\">\n\t\t\t<div id=\"regio-987890332\"><div class=\"regio-adlabel\">Werbung<\/div><!-- Beginn https:\/\/www.financeads.net\/-Code --><a href=\"https:\/\/www.financeads.net\/tc.php?t=36648C42614510B\" target=\"_blank\"><img decoding=\"async\" src=\"https:\/\/www.financeads.net\/tb.php?t=36648V42614510B&https=1\" alt=\"\" border=\"0\" width=\"200\" height=\"300\"><\/a><!-- Ende https:\/\/www.financeads.net\/-Code --><\/div>\t\t<\/div>\n\t\t\t\t<\/div>\n\t\t\t\t<div class=\"elementor-element elementor-element-4cede30 elementor-widget elementor-widget-wp-widget-advads_ad_widget\" data-id=\"4cede30\" data-element_type=\"widget\" data-widget_type=\"wp-widget-advads_ad_widget.default\">\n\t\t\t\t<div class=\"elementor-widget-container\">\n\t\t\t<div id=\"regio-26982962\"><div class=\"regio-adlabel\">Werbung<\/div><!-- Beginn https:\/\/www.financeads.net\/-Code --><a href=\"https:\/\/www.financeads.net\/tc.php?t=36648C205040072B\" target=\"_blank\"><img loading=\"lazy\" decoding=\"async\" src=\"https:\/\/www.financeads.net\/tb.php?t=36648V205040072B&https=1\" alt=\"\" border=\"0\" width=\"300\" height=\"250\"><\/a><!-- Ende https:\/\/www.financeads.net\/-Code --><\/div>\t\t<\/div>\n\t\t\t\t<\/div>\n\t\t\t\t<div class=\"elementor-element elementor-element-96a56a4 elementor-widget elementor-widget-wp-widget-advads_ad_widget\" data-id=\"96a56a4\" data-element_type=\"widget\" data-widget_type=\"wp-widget-advads_ad_widget.default\">\n\t\t\t\t<div class=\"elementor-widget-container\">\n\t\t\t<div id=\"regio-3403026286\"><div class=\"regio-adlabel\">Werbung<\/div><!-- Beginn https:\/\/www.financeads.net\/-Code --><a href=\"https:\/\/www.financeads.net\/tc.php?t=36648C271460142B\" target=\"_blank\"><img loading=\"lazy\" decoding=\"async\" src=\"https:\/\/www.financeads.net\/tb.php?t=36648V271460142B&https=1\" alt=\"PETPROTECT_Hund&Katze_Banner\" border=\"0\" width=\"250\" height=\"250\"><\/a><!-- Ende https:\/\/www.financeads.net\/-Code --><\/div>\t\t<\/div>\n\t\t\t\t<\/div>\n\t\t\t\t\t<\/div>\n\t\t<\/div>\n\t\t\t\t\t<\/div>\n\t\t<\/section>\n\t\t\t\t<\/div>\n\t\t","protected":false},"excerpt":{"rendered":"<div class=\"mh-excerpt\"><p>Vom 29. Oktober 2022 bis 4. Dezember 2022 in der St\u00e4dtischen Galerie Schwabach:Ausstellung \u201eDie H\u00e4lfte des Lebens\u201c von Nihat Celik Schwabach &#8211; Der K\u00fcnstlerbund Schwabach pr\u00e4sentiert in seiner n\u00e4chsten Ausstellung Nihat Celik mit einer Einzelausstellung. <a class=\"mh-excerpt-more\" href=\"https:\/\/www.region-schwabach.de\/wordpress\/ausstellung-des-kunstlerbundes-schwabach-die-halfte-des-lebens-von-nihat-celik-in-der-stadtischen-galerie-ab-29-oktober-2022\/\" title=\"Ausstellung des K\u00fcnstlerbundes Schwabach \u2013 \u201eDie H\u00e4lfte des Lebens\u201c von Nihat Celik \u2013 in der St\u00e4dtischen Galerie ab 29. Oktober 2022\">[&#8230;]<\/a><\/p>\n<\/div>","protected":false},"author":1,"featured_media":186327,"comment_status":"open","ping_status":"open","sticky":false,"template":"","format":"standard","meta":{"_cbd_carousel_blocks":"[]","footnotes":""},"categories":[16,287,231,140],"tags":[20746,20748,20749,3155,20750,522,4813,20751,10830,20747,19,4045],"class_list":{"0":"post-186326","1":"post","2":"type-post","3":"status-publish","4":"format-standard","5":"has-post-thumbnail","7":"category-aktuell","8":"category-jugend-und-familie","9":"category-veranstaltungsnews","10":"category-vereine","11":"tag-die-haelfte-des-lebens","12":"tag-29-oktober-2022-bis-4-dezember-2022","13":"tag-29-10-2022-bis-04-12-2022","14":"tag-ausstellung","15":"tag-einzelausstellung","16":"tag-koenigsplatz","17":"tag-kuenstlerbund","18":"tag-linie","19":"tag-malerei","20":"tag-nihat-celik","21":"tag-schwabach","22":"tag-staedtische-galerie"},"_links":{"self":[{"href":"https:\/\/www.region-schwabach.de\/wordpress\/wp-json\/wp\/v2\/posts\/186326","targetHints":{"allow":["GET"]}}],"collection":[{"href":"https:\/\/www.region-schwabach.de\/wordpress\/wp-json\/wp\/v2\/posts"}],"about":[{"href":"https:\/\/www.region-schwabach.de\/wordpress\/wp-json\/wp\/v2\/types\/post"}],"author":[{"embeddable":true,"href":"https:\/\/www.region-schwabach.de\/wordpress\/wp-json\/wp\/v2\/users\/1"}],"replies":[{"embeddable":true,"href":"https:\/\/www.region-schwabach.de\/wordpress\/wp-json\/wp\/v2\/comments?post=186326"}],"version-history":[{"count":0,"href":"https:\/\/www.region-schwabach.de\/wordpress\/wp-json\/wp\/v2\/posts\/186326\/revisions"}],"wp:featuredmedia":[{"embeddable":true,"href":"https:\/\/www.region-schwabach.de\/wordpress\/wp-json\/wp\/v2\/media\/186327"}],"wp:attachment":[{"href":"https:\/\/www.region-schwabach.de\/wordpress\/wp-json\/wp\/v2\/media?parent=186326"}],"wp:term":[{"taxonomy":"category","embeddable":true,"href":"https:\/\/www.region-schwabach.de\/wordpress\/wp-json\/wp\/v2\/categories?post=186326"},{"taxonomy":"post_tag","embeddable":true,"href":"https:\/\/www.region-schwabach.de\/wordpress\/wp-json\/wp\/v2\/tags?post=186326"}],"curies":[{"name":"wp","href":"https:\/\/api.w.org\/{rel}","templated":true}]}}