{"id":186797,"date":"2022-11-12T00:45:00","date_gmt":"2022-11-11T23:45:00","guid":{"rendered":"https:\/\/www.region-schwabach.de\/wordpress\/?p=186797"},"modified":"2022-11-11T22:06:14","modified_gmt":"2022-11-11T21:06:14","slug":"lesart-2022-26-literaturtage-schwabach-ab-samstag-den-5-november-2022","status":"publish","type":"post","link":"https:\/\/www.region-schwabach.de\/wordpress\/lesart-2022-26-literaturtage-schwabach-ab-samstag-den-5-november-2022\/","title":{"rendered":"LesArt 2022 &#8211; 26. Literaturtage Schwabach ab Samstag, den 5. November 2022"},"content":{"rendered":"\t\t<div data-elementor-type=\"wp-post\" data-elementor-id=\"186797\" class=\"elementor elementor-186797\">\n\t\t\t\t\t\t<section class=\"elementor-section elementor-top-section elementor-element elementor-element-678181b elementor-section-boxed elementor-section-height-default elementor-section-height-default\" data-id=\"678181b\" data-element_type=\"section\">\n\t\t\t\t\t\t<div class=\"elementor-container elementor-column-gap-default\">\n\t\t\t\t\t<div class=\"elementor-column elementor-col-50 elementor-top-column elementor-element elementor-element-6b34026\" data-id=\"6b34026\" data-element_type=\"column\">\n\t\t\t<div class=\"elementor-widget-wrap elementor-element-populated\">\n\t\t\t\t\t\t<div class=\"elementor-element elementor-element-5d1b797 elementor-widget elementor-widget-wp-widget-advads_ad_widget\" data-id=\"5d1b797\" data-element_type=\"widget\" data-widget_type=\"wp-widget-advads_ad_widget.default\">\n\t\t\t\t<div class=\"elementor-widget-container\">\n\t\t\t<div id=\"regio-2260370534\"><div class=\"regio-adlabel\">Werbung<\/div><center><a href=\"https:\/\/a.partner-versicherung.de\/click.php?partner_id=19992&ad_id=1578&deep=kreditkarten\"  target=\"_blank\"><img decoding=\"async\" src=\"https:\/\/a.partner-versicherung.de\/view.php?partner_id=19992&ad_id=1578\" ><\/a><\/center><\/div>\t\t<\/div>\n\t\t\t\t<\/div>\n\t\t\t\t<div class=\"elementor-element elementor-element-443ab98 elementor-widget elementor-widget-text-editor\" data-id=\"443ab98\" data-element_type=\"widget\" data-widget_type=\"text-editor.default\">\n\t\t\t\t<div class=\"elementor-widget-container\">\n\t\t\t\t\t\t\t<h3 class=\"entry-title\">LesArt 2022 \u2013 26. Literaturtage Schwabach von Samstag, den 5. November 2022 bis Sonntag, den 13. November 2022\u00a0<\/h3><p><span style=\"font-size: 12pt;\">Schwabach &#8211; Von Samstag, den 5. November 2022, bis Sonntag, den 13. November 2022, finden an verschiedenen Orten in Schwabach die 26. Literaturtage statt.\u00a0<\/span><\/p><p><span style=\"font-size: 12pt;\">In der ersten Novemberh\u00e4lfte stehen in der Goldschl\u00e4gerstadt alle Zeichen auf Literatur: Das Festival LesArt l\u00e4dt zum 26. Mal namhafte Autorinnen und Autoren der deutschsprachigen Literaturszene nach Schwabach ein.\u00a0<\/span><br \/><br \/><span style=\"font-size: 12pt;\">Geboten wird ein abwechslungsreicher literarischer Herbst mit einem anspruchsvollen und unterhaltsamen Programm sowie vielversprechenden und interessanten Begegnungen, bei denen Literatur nicht nur h\u00f6r- sondern vor allem nahbar wird.\u00a0<\/span><\/p><p><span style=\"font-size: 12pt;\">LesArt ist eine Kooperation zwischen den St\u00e4dten Ansbach, Lauf und Schwabach. In allen drei St\u00e4dten zu Gast sein wird dieses Jahr Ronja von R\u00f6nne. Monika Peetz und Ralph Caspers werden in Lauf und Schwabach lesen.\u00a0<\/span><\/p><h3>Weiterf\u00fchrende Links:\u00a0<\/h3><p><span style=\"font-size: 12pt;\"><a href=\"https:\/\/www.schwabach.de\/de\/infoseiten-kulturportal\/11102-26-lesart-programm.html\" target=\"_blank\" rel=\"noopener\">Programm der 26. LesArt (hier klicken &#8230;)\u00a0<\/a><\/span><\/p><p><a href=\"https:\/\/www.schwabach.de\/de\/infoseiten-kulturportal\/11101-26-lesart-autorinnen-und-autoren.html\" target=\"_blank\" rel=\"noopener\"><span style=\"font-size: 12pt;\">Die diesj\u00e4hrigen Autorinnen und Autoren (hier klicken &#8230;)\u00a0<\/span><\/a><\/p><p><a href=\"https:\/\/www.schwabach.de\/de\/infoseiten-kulturportal\/11131-26-lesart-rahmenprogramm.html\" target=\"_blank\" rel=\"noopener\"><span style=\"font-size: 12pt;\">Rahmenprogramm zur LesArt 2022 (hier klicken &#8230;)\u00a0<\/span><\/a><\/p><p><a href=\"https:\/\/www.schwabach.de\/de\/infoseiten-kulturportal\/11100-26-lesart-kartenverkauf.html\" target=\"_blank\" rel=\"noopener\"><span style=\"font-size: 12pt;\">Infos zum Kartenverkauf (hier klicken &#8230;)\u00a0<\/span><\/a><\/p><p><a href=\"https:\/\/www.schwabach.de\/de\/infoseiten-kulturportal\/9907-25-lesart-galerie.html\" target=\"_blank\" rel=\"noopener\"><span style=\"font-size: 12pt;\">Bildergalerie zur LesArt 2021 (hier klicken &#8230;)\u00a0<\/span><\/a><\/p>\t\t\t\t\t\t<\/div>\n\t\t\t\t<\/div>\n\t\t\t\t<div class=\"elementor-element elementor-element-5dec88c elementor-widget elementor-widget-shortcode\" data-id=\"5dec88c\" data-element_type=\"widget\" data-widget_type=\"shortcode.default\">\n\t\t\t\t<div class=\"elementor-widget-container\">\n\t\t\t\t\t<div class=\"elementor-shortcode\"><!-- Beginn https:\/\/www.financeads.net\/-Code --><a href=\"https:\/\/www.financeads.net\/tc.php?t=36648C38513858B\" target=\"_blank\"><center><img decoding=\"async\" src=\"https:\/\/www.financeads.net\/tb.php?t=36648V38513858B&https=1\" alt=\"\" border=\"0\" width=\"468\" height=\"60\"><\/a><!-- Ende https:\/\/www.financeads.net\/-Code --><\/div>\n\t\t\t\t<\/div>\n\t\t\t\t<\/div>\n\t\t\t\t<div class=\"elementor-element elementor-element-2c99766 elementor-widget elementor-widget-google_maps\" data-id=\"2c99766\" data-element_type=\"widget\" data-widget_type=\"google_maps.default\">\n\t\t\t\t<div class=\"elementor-widget-container\">\n\t\t\t\t\t<div class=\"elementor-custom-embed\">\n\t\t\t<iframe loading=\"lazy\"\n\t\t\t\t\tsrc=\"https:\/\/maps.google.com\/maps?q=K%C3%B6nigsplatz%201%2C%20Schwabach%2C%20Deutschland&#038;t=m&#038;z=14&#038;output=embed&#038;iwloc=near\"\n\t\t\t\t\ttitle=\"K\u00f6nigsplatz 1, Schwabach, Deutschland\"\n\t\t\t\t\taria-label=\"K\u00f6nigsplatz 1, Schwabach, Deutschland\"\n\t\t\t><\/iframe>\n\t\t<\/div>\n\t\t\t\t<\/div>\n\t\t\t\t<\/div>\n\t\t\t\t\t<\/div>\n\t\t<\/div>\n\t\t\t\t<div class=\"elementor-column elementor-col-50 elementor-top-column elementor-element elementor-element-b2d7762\" data-id=\"b2d7762\" data-element_type=\"column\">\n\t\t\t<div class=\"elementor-widget-wrap elementor-element-populated\">\n\t\t\t\t\t\t<div class=\"elementor-element elementor-element-75ddad1 elementor-widget elementor-widget-heading\" data-id=\"75ddad1\" data-element_type=\"widget\" data-widget_type=\"heading.default\">\n\t\t\t\t<div class=\"elementor-widget-container\">\n\t\t\t<h3 class=\"elementor-heading-title elementor-size-default\">Schnell vergleichen und sparen!<\/h3>\t\t<\/div>\n\t\t\t\t<\/div>\n\t\t\t\t<div class=\"elementor-element elementor-element-2ca467d elementor-widget elementor-widget-wp-widget-advads_ad_widget\" data-id=\"2ca467d\" data-element_type=\"widget\" data-widget_type=\"wp-widget-advads_ad_widget.default\">\n\t\t\t\t<div class=\"elementor-widget-container\">\n\t\t\t<div id=\"regio-1154830481\"><div class=\"regio-adlabel\">Werbung<\/div><!-- Beginn https:\/\/www.financeads.net\/-Code --><a href=\"https:\/\/www.financeads.net\/tc.php?t=36648C236142529B\" target=\"_blank\"><img fetchpriority=\"high\" decoding=\"async\" src=\"https:\/\/www.financeads.net\/tb.php?t=36648V236142529B&https=1\" alt=\"\" border=\"0\" width=\"300\" height=\"250\"><\/a><!-- Ende https:\/\/www.financeads.net\/-Code --><\/div>\t\t<\/div>\n\t\t\t\t<\/div>\n\t\t\t\t<div class=\"elementor-element elementor-element-237ce0f elementor-widget elementor-widget-wp-widget-advads_ad_widget\" data-id=\"237ce0f\" data-element_type=\"widget\" data-widget_type=\"wp-widget-advads_ad_widget.default\">\n\t\t\t\t<div class=\"elementor-widget-container\">\n\t\t\t<div id=\"regio-921305768\"><div class=\"regio-adlabel\">Werbung<\/div><!-- Beginn https:\/\/www.financeads.net\/-Code --><a href=\"https:\/\/www.financeads.net\/tc.php?t=36648C42614510B\" target=\"_blank\"><img decoding=\"async\" src=\"https:\/\/www.financeads.net\/tb.php?t=36648V42614510B&https=1\" alt=\"\" border=\"0\" width=\"200\" height=\"300\"><\/a><!-- Ende https:\/\/www.financeads.net\/-Code --><\/div>\t\t<\/div>\n\t\t\t\t<\/div>\n\t\t\t\t<div class=\"elementor-element elementor-element-67abb4d elementor-widget elementor-widget-wp-widget-advads_ad_widget\" data-id=\"67abb4d\" data-element_type=\"widget\" data-widget_type=\"wp-widget-advads_ad_widget.default\">\n\t\t\t\t<div class=\"elementor-widget-container\">\n\t\t\t<div id=\"regio-3461896162\"><div class=\"regio-adlabel\">Werbung<\/div><!-- Beginn https:\/\/www.financeads.net\/-Code --><a href=\"https:\/\/www.financeads.net\/tc.php?t=36648C205040072B\" target=\"_blank\"><img loading=\"lazy\" decoding=\"async\" src=\"https:\/\/www.financeads.net\/tb.php?t=36648V205040072B&https=1\" alt=\"\" border=\"0\" width=\"300\" height=\"250\"><\/a><!-- Ende https:\/\/www.financeads.net\/-Code --><\/div>\t\t<\/div>\n\t\t\t\t<\/div>\n\t\t\t\t<div class=\"elementor-element elementor-element-bd6d67f elementor-widget elementor-widget-wp-widget-advads_ad_widget\" data-id=\"bd6d67f\" data-element_type=\"widget\" data-widget_type=\"wp-widget-advads_ad_widget.default\">\n\t\t\t\t<div class=\"elementor-widget-container\">\n\t\t\t<div id=\"regio-1470243712\"><div class=\"regio-adlabel\">Werbung<\/div><!-- Beginn https:\/\/www.financeads.net\/-Code --><a href=\"https:\/\/www.financeads.net\/tc.php?t=36648C271460142B\" target=\"_blank\"><img loading=\"lazy\" decoding=\"async\" src=\"https:\/\/www.financeads.net\/tb.php?t=36648V271460142B&https=1\" alt=\"PETPROTECT_Hund&Katze_Banner\" border=\"0\" width=\"250\" height=\"250\"><\/a><!-- Ende https:\/\/www.financeads.net\/-Code --><\/div>\t\t<\/div>\n\t\t\t\t<\/div>\n\t\t\t\t\t<\/div>\n\t\t<\/div>\n\t\t\t\t\t<\/div>\n\t\t<\/section>\n\t\t\t\t<\/div>\n\t\t","protected":false},"excerpt":{"rendered":"<div class=\"mh-excerpt\"><p>LesArt 2022 \u2013 26. Literaturtage Schwabach von Samstag, den 5. November 2022 bis Sonntag, den 13. November 2022&nbsp; Schwabach &#8211; Von Samstag, den 5. November 2022, bis Sonntag, den 13. November 2022, finden an verschiedenen <a class=\"mh-excerpt-more\" href=\"https:\/\/www.region-schwabach.de\/wordpress\/lesart-2022-26-literaturtage-schwabach-ab-samstag-den-5-november-2022\/\" title=\"LesArt 2022 &#8211; 26. Literaturtage Schwabach ab Samstag, den 5. November 2022\">[&#8230;]<\/a><\/p>\n<\/div>","protected":false},"author":1,"featured_media":186800,"comment_status":"open","ping_status":"open","sticky":false,"template":"","format":"standard","meta":{"_cbd_carousel_blocks":"[]","footnotes":""},"categories":[16,287,61,231,46,140],"tags":[20809,9227,6178,20808,20806,3156,20811,20807,4275,20810,17077,18824,17082,20768,1480,19,3012,3151],"class_list":{"0":"post-186797","1":"post","2":"type-post","3":"status-publish","4":"format-standard","5":"has-post-thumbnail","7":"category-aktuell","8":"category-jugend-und-familie","9":"category-rathaus","10":"category-veranstaltungsnews","11":"category-verbaende","12":"category-vereine","13":"tag-5-november-2022-bis-13-november-2022","14":"tag-ansbach","15":"tag-autoren","16":"tag-autorinnen","17":"tag-herbst-2022","18":"tag-kooperation","19":"tag-lauf","20":"tag-lesart-2022","21":"tag-lesung","22":"tag-literarischer-herbst","23":"tag-literarturfestival","24":"tag-literatur","25":"tag-live-veranstaltungen","26":"tag-november-2022","27":"tag-rathaus","28":"tag-schwabach","29":"tag-stadt","30":"tag-stadt-schwabach"},"_links":{"self":[{"href":"https:\/\/www.region-schwabach.de\/wordpress\/wp-json\/wp\/v2\/posts\/186797","targetHints":{"allow":["GET"]}}],"collection":[{"href":"https:\/\/www.region-schwabach.de\/wordpress\/wp-json\/wp\/v2\/posts"}],"about":[{"href":"https:\/\/www.region-schwabach.de\/wordpress\/wp-json\/wp\/v2\/types\/post"}],"author":[{"embeddable":true,"href":"https:\/\/www.region-schwabach.de\/wordpress\/wp-json\/wp\/v2\/users\/1"}],"replies":[{"embeddable":true,"href":"https:\/\/www.region-schwabach.de\/wordpress\/wp-json\/wp\/v2\/comments?post=186797"}],"version-history":[{"count":0,"href":"https:\/\/www.region-schwabach.de\/wordpress\/wp-json\/wp\/v2\/posts\/186797\/revisions"}],"wp:featuredmedia":[{"embeddable":true,"href":"https:\/\/www.region-schwabach.de\/wordpress\/wp-json\/wp\/v2\/media\/186800"}],"wp:attachment":[{"href":"https:\/\/www.region-schwabach.de\/wordpress\/wp-json\/wp\/v2\/media?parent=186797"}],"wp:term":[{"taxonomy":"category","embeddable":true,"href":"https:\/\/www.region-schwabach.de\/wordpress\/wp-json\/wp\/v2\/categories?post=186797"},{"taxonomy":"post_tag","embeddable":true,"href":"https:\/\/www.region-schwabach.de\/wordpress\/wp-json\/wp\/v2\/tags?post=186797"}],"curies":[{"name":"wp","href":"https:\/\/api.w.org\/{rel}","templated":true}]}}