{"id":187274,"date":"2022-11-07T01:30:00","date_gmt":"2022-11-07T00:30:00","guid":{"rendered":"https:\/\/www.region-schwabach.de\/wordpress\/?p=187274"},"modified":"2022-11-07T19:22:52","modified_gmt":"2022-11-07T18:22:52","slug":"lesart-am-montag-den-7-november-2022-um-19-30-uhr-im-stadtmuseum-schwabach-2","status":"publish","type":"post","link":"https:\/\/www.region-schwabach.de\/wordpress\/lesart-am-montag-den-7-november-2022-um-19-30-uhr-im-stadtmuseum-schwabach-2\/","title":{"rendered":"LesArt am Montag, den 7. November 2022, um 19.30 Uhr im Stadtmuseum Schwabach"},"content":{"rendered":"\t\t<div data-elementor-type=\"wp-post\" data-elementor-id=\"187274\" class=\"elementor elementor-187274\">\n\t\t\t\t\t\t<section class=\"elementor-section elementor-top-section elementor-element elementor-element-678181b elementor-section-boxed elementor-section-height-default elementor-section-height-default\" data-id=\"678181b\" data-element_type=\"section\">\n\t\t\t\t\t\t<div class=\"elementor-container elementor-column-gap-default\">\n\t\t\t\t\t<div class=\"elementor-column elementor-col-66 elementor-top-column elementor-element elementor-element-6b34026\" data-id=\"6b34026\" data-element_type=\"column\">\n\t\t\t<div class=\"elementor-widget-wrap elementor-element-populated\">\n\t\t\t\t\t\t<div class=\"elementor-element elementor-element-443ab98 elementor-widget elementor-widget-text-editor\" data-id=\"443ab98\" data-element_type=\"widget\" data-widget_type=\"text-editor.default\">\n\t\t\t\t<div class=\"elementor-widget-container\">\n\t\t\t\t\t\t\t<h3>Montag, den 7. November 2022, um 19.30 Uhr im Stadtmuseum:\u00a0\u00a0<br \/>&#8222;Am roten Strand&#8220;\u00a0<\/h3><h3>Lesung mit Jan Costin Wagner\u00a0<\/h3><p><span style=\"font-size: 12pt;\">Schwabach &#8211;\u00a0Gerade hat das Ermittlerteam um Ben Neven und Christian Sandner ein entf\u00fchrtes Kind befreien und einen der T\u00e4ter fassen k\u00f6nnen, da wird klar, dass der Fall eine noch weit gr\u00f6\u00dfere Dimension hat. Die Polizisten finden Hinweise, dass es ein ganzes Netzwerk von T\u00e4tern gibt, die sich gegenseitig im Internet austauschen \u2013 kurz danach wird einer von ihnen ermordet. Auch der Verd\u00e4chtige in Untersuchungshaft stirbt auf r\u00e4tselhafte Art und Weise. Irgendwann wird klar: Nicht nur die Polizei, auch fr\u00fchere Opfer sind wohl auf das Netzwerk gesto\u00dfen \u2013 und nehmen jetzt Rache.<\/span><br \/><span style=\"font-size: 12pt;\">Und ausgerechnet der Polizist, in dem viele seiner Kollegen einen Helden sehen, bewahrt ein Geheimnis, vor dem er sich selbst entsetzt \u2026<\/span><\/p><p><span style=\"font-size: 12pt;\">Jan Costin Wagner, Jahrgang 1972, lebt als Schriftsteller und Musiker bei Frankfurt am Main. Seine Romane wurden von der Presse gefeiert, vielfach ausgezeichnet (u.a. Deutscher Krimipreis, Nominierung zum Los Angeles Times Book Prize), in 14 Sprachen \u00fcbersetzt und mehrfach verfilmt.<\/span><\/p><p><span style=\"font-size: 12pt;\">W\u00e4hrend der Lesung in Schwabach erg\u00e4nzt Wagner seine sprachm\u00e4chtigen Texte musikalisch am Fl\u00fcgel mit selbst komponierten Melodien und schafft so einen atmosph\u00e4risch dichten Abend.<\/span><\/p><p><span style=\"font-size: 12pt;\">Exklusiv f\u00fcr Ticketinhaber:innen: Anl\u00e4sslich der Sonderausstellung \u201e50 Jahre Ende der Stadtpolizei Schwabach\u201c findet die Veranstaltung im Stadtmuseum statt. Das Publikum der Lesung hat ab 17:30 Uhr vorab die M\u00f6glichkeit, die Sonderausstellung gegen Vorlage des Veranstaltungstickets zu besuchen.\u00a0<\/span><\/p><table style=\"border-collapse: collapse; width: 100%;\" border=\"1\"><tbody><tr><td style=\"width: 25%;\"><span style=\"font-size: 12pt;\"><a href=\"https:\/\/www.region-schwabach.de\/wordpress\/wp-content\/uploads\/2022\/11\/LesArt_2022_Jan_Costin_Wagner_c__Susanne_Schleyer-1.jpg\"><img fetchpriority=\"high\" decoding=\"async\" class=\"aligncenter size-full wp-image-187280\" src=\"https:\/\/www.region-schwabach.de\/wordpress\/wp-content\/uploads\/2022\/11\/LesArt_2022_Jan_Costin_Wagner_c__Susanne_Schleyer-1.jpg\" alt=\"\" width=\"666\" height=\"477\" srcset=\"https:\/\/www.region-schwabach.de\/wordpress\/wp-content\/uploads\/2022\/11\/LesArt_2022_Jan_Costin_Wagner_c__Susanne_Schleyer-1.jpg 666w, https:\/\/www.region-schwabach.de\/wordpress\/wp-content\/uploads\/2022\/11\/LesArt_2022_Jan_Costin_Wagner_c__Susanne_Schleyer-1-300x215.jpg 300w\" sizes=\"(max-width: 666px) 100vw, 666px\" \/><\/a>Foto: Jan Costin Wagner \u00a9 Susanne Schleyer\u00a0<\/span><\/td><td style=\"width: 50%; text-align: left; vertical-align: middle;\"><p><strong><span style=\"font-size: 12pt;\">Montag, 07.11.2022, 19.30 Uhr, Stadtmuseum\u00a0<\/span><\/strong><\/p><p><strong><span style=\"font-size: 12pt;\">Lesung mit Jan Costin Wagner\u00a0<\/span><\/strong><\/p><p><strong><span style=\"font-size: 12pt;\">\u201eAm roten Strand\u201c\u00a0<\/span><\/strong><\/p><p><a href=\"https:\/\/www.schwabach.de\/de\/kulturamt\/infoseiten-kulturamt\/11111-26-lesart-jan-costin-wagner-am-roten-strand.html\" target=\"_blank\" rel=\"noopener\"><strong><span style=\"font-size: 12pt;\">Weitere Infos gibt es hier &#8230;\u00a0<\/span><\/strong><\/a><\/p><\/td><\/tr><\/tbody><\/table><h3>Weiterf\u00fchrende Links:<\/h3><p><span style=\"font-size: 12pt;\"><a href=\"https:\/\/www.schwabach.de\/de\/infoseiten-kulturportal\/11100-26-lesart-kartenverkauf.html\" target=\"_blank\" rel=\"noopener\">Alle Infos zum Kartenverkauf gibt es hier &#8230;\u00a0<\/a><\/span><\/p>\t\t\t\t\t\t<\/div>\n\t\t\t\t<\/div>\n\t\t\t\t<div class=\"elementor-element elementor-element-fc55cc3 elementor-widget elementor-widget-shortcode\" data-id=\"fc55cc3\" data-element_type=\"widget\" data-widget_type=\"shortcode.default\">\n\t\t\t\t<div class=\"elementor-widget-container\">\n\t\t\t\t\t<div class=\"elementor-shortcode\"><center><a href=\"https:\/\/a.partner-versicherung.de\/click.php?partner_id=19992&ad_id=441&deep=kfz-versicherung\"  target=\"_blank\"><img decoding=\"async\" src=\"https:\/\/a.partner-versicherung.de\/view.php?partner_id=19992&ad_id=441\" ><\/a><\/center><\/div>\n\t\t\t\t<\/div>\n\t\t\t\t<\/div>\n\t\t\t\t\t<\/div>\n\t\t<\/div>\n\t\t\t\t<div class=\"elementor-column elementor-col-33 elementor-top-column elementor-element elementor-element-f645137\" data-id=\"f645137\" data-element_type=\"column\">\n\t\t\t<div class=\"elementor-widget-wrap elementor-element-populated\">\n\t\t\t\t\t\t<div class=\"elementor-element elementor-element-46aa455 elementor-widget elementor-widget-heading\" data-id=\"46aa455\" data-element_type=\"widget\" data-widget_type=\"heading.default\">\n\t\t\t\t<div class=\"elementor-widget-container\">\n\t\t\t<h3 class=\"elementor-heading-title elementor-size-default\">Schnell vergleichen und sparen!<\/h3>\t\t<\/div>\n\t\t\t\t<\/div>\n\t\t\t\t<div class=\"elementor-element elementor-element-7109c22 elementor-widget elementor-widget-wp-widget-advads_ad_widget\" data-id=\"7109c22\" data-element_type=\"widget\" data-widget_type=\"wp-widget-advads_ad_widget.default\">\n\t\t\t\t<div class=\"elementor-widget-container\">\n\t\t\t<div id=\"regio-1144199355\"><div class=\"regio-adlabel\">Werbung<\/div><!-- Beginn https:\/\/www.financeads.net\/-Code --><a href=\"https:\/\/www.financeads.net\/tc.php?t=36648C236142529B\" target=\"_blank\"><img decoding=\"async\" src=\"https:\/\/www.financeads.net\/tb.php?t=36648V236142529B&https=1\" alt=\"\" border=\"0\" width=\"300\" height=\"250\"><\/a><!-- Ende https:\/\/www.financeads.net\/-Code --><\/div>\t\t<\/div>\n\t\t\t\t<\/div>\n\t\t\t\t<div class=\"elementor-element elementor-element-1c90843 elementor-widget elementor-widget-wp-widget-advads_ad_widget\" data-id=\"1c90843\" data-element_type=\"widget\" data-widget_type=\"wp-widget-advads_ad_widget.default\">\n\t\t\t\t<div class=\"elementor-widget-container\">\n\t\t\t<div id=\"regio-4010683353\"><div class=\"regio-adlabel\">Werbung<\/div><!-- Beginn https:\/\/www.financeads.net\/-Code --><a href=\"https:\/\/www.financeads.net\/tc.php?t=36648C42614510B\" target=\"_blank\"><img decoding=\"async\" src=\"https:\/\/www.financeads.net\/tb.php?t=36648V42614510B&https=1\" alt=\"\" border=\"0\" width=\"200\" height=\"300\"><\/a><!-- Ende https:\/\/www.financeads.net\/-Code --><\/div>\t\t<\/div>\n\t\t\t\t<\/div>\n\t\t\t\t<div class=\"elementor-element elementor-element-f9ebf1f elementor-widget elementor-widget-wp-widget-advads_ad_widget\" data-id=\"f9ebf1f\" data-element_type=\"widget\" data-widget_type=\"wp-widget-advads_ad_widget.default\">\n\t\t\t\t<div class=\"elementor-widget-container\">\n\t\t\t<div id=\"regio-1549123786\"><div class=\"regio-adlabel\">Werbung<\/div><!-- Beginn https:\/\/www.financeads.net\/-Code --><a href=\"https:\/\/www.financeads.net\/tc.php?t=36648C205040072B\" target=\"_blank\"><img loading=\"lazy\" decoding=\"async\" src=\"https:\/\/www.financeads.net\/tb.php?t=36648V205040072B&https=1\" alt=\"\" border=\"0\" width=\"300\" height=\"250\"><\/a><!-- Ende https:\/\/www.financeads.net\/-Code --><\/div>\t\t<\/div>\n\t\t\t\t<\/div>\n\t\t\t\t<div class=\"elementor-element elementor-element-2d72782 elementor-widget elementor-widget-wp-widget-advads_ad_widget\" data-id=\"2d72782\" data-element_type=\"widget\" data-widget_type=\"wp-widget-advads_ad_widget.default\">\n\t\t\t\t<div class=\"elementor-widget-container\">\n\t\t\t<div id=\"regio-3816758186\"><div class=\"regio-adlabel\">Werbung<\/div><!-- Beginn https:\/\/www.financeads.net\/-Code --><a href=\"https:\/\/www.financeads.net\/tc.php?t=36648C271460142B\" target=\"_blank\"><img loading=\"lazy\" decoding=\"async\" src=\"https:\/\/www.financeads.net\/tb.php?t=36648V271460142B&https=1\" alt=\"PETPROTECT_Hund&Katze_Banner\" border=\"0\" width=\"250\" height=\"250\"><\/a><!-- Ende https:\/\/www.financeads.net\/-Code --><\/div>\t\t<\/div>\n\t\t\t\t<\/div>\n\t\t\t\t\t<\/div>\n\t\t<\/div>\n\t\t\t\t\t<\/div>\n\t\t<\/section>\n\t\t\t\t<\/div>\n\t\t","protected":false},"excerpt":{"rendered":"<div class=\"mh-excerpt\"><p>Montag, den 7. November 2022, um 19.30 Uhr im Stadtmuseum:&nbsp;&nbsp; &#8222;Am roten Strand&#8220;&nbsp; Lesung mit Jan Costin Wagner&nbsp; Schwabach &#8211;&nbsp;Gerade hat das Ermittlerteam um Ben Neven und Christian Sandner ein entf\u00fchrtes Kind befreien und einen <a class=\"mh-excerpt-more\" href=\"https:\/\/www.region-schwabach.de\/wordpress\/lesart-am-montag-den-7-november-2022-um-19-30-uhr-im-stadtmuseum-schwabach-2\/\" title=\"LesArt am Montag, den 7. November 2022, um 19.30 Uhr im Stadtmuseum Schwabach\">[&#8230;]<\/a><\/p>\n<\/div>","protected":false},"author":1,"featured_media":187275,"comment_status":"open","ping_status":"open","sticky":false,"template":"","format":"standard","meta":{"_cbd_carousel_blocks":"[]","footnotes":""},"categories":[16,287,61,231],"tags":[20862,20856,20857,20861,522,311,4275,420,20768,1480,19,3739],"class_list":{"0":"post-187274","1":"post","2":"type-post","3":"status-publish","4":"format-standard","5":"has-post-thumbnail","7":"category-aktuell","8":"category-jugend-und-familie","9":"category-rathaus","10":"category-veranstaltungsnews","11":"tag-am-roten-strand","12":"tag-07-11-2022","13":"tag-7-november-2022","14":"tag-jan-costin-wagner","15":"tag-koenigsplatz","16":"tag-lesart","17":"tag-lesung","18":"tag-museumsstrasse","19":"tag-november-2022","20":"tag-rathaus","21":"tag-schwabach","22":"tag-stadtmuseum"},"_links":{"self":[{"href":"https:\/\/www.region-schwabach.de\/wordpress\/wp-json\/wp\/v2\/posts\/187274","targetHints":{"allow":["GET"]}}],"collection":[{"href":"https:\/\/www.region-schwabach.de\/wordpress\/wp-json\/wp\/v2\/posts"}],"about":[{"href":"https:\/\/www.region-schwabach.de\/wordpress\/wp-json\/wp\/v2\/types\/post"}],"author":[{"embeddable":true,"href":"https:\/\/www.region-schwabach.de\/wordpress\/wp-json\/wp\/v2\/users\/1"}],"replies":[{"embeddable":true,"href":"https:\/\/www.region-schwabach.de\/wordpress\/wp-json\/wp\/v2\/comments?post=187274"}],"version-history":[{"count":0,"href":"https:\/\/www.region-schwabach.de\/wordpress\/wp-json\/wp\/v2\/posts\/187274\/revisions"}],"wp:featuredmedia":[{"embeddable":true,"href":"https:\/\/www.region-schwabach.de\/wordpress\/wp-json\/wp\/v2\/media\/187275"}],"wp:attachment":[{"href":"https:\/\/www.region-schwabach.de\/wordpress\/wp-json\/wp\/v2\/media?parent=187274"}],"wp:term":[{"taxonomy":"category","embeddable":true,"href":"https:\/\/www.region-schwabach.de\/wordpress\/wp-json\/wp\/v2\/categories?post=187274"},{"taxonomy":"post_tag","embeddable":true,"href":"https:\/\/www.region-schwabach.de\/wordpress\/wp-json\/wp\/v2\/tags?post=187274"}],"curies":[{"name":"wp","href":"https:\/\/api.w.org\/{rel}","templated":true}]}}