{"id":187465,"date":"2022-11-09T01:15:00","date_gmt":"2022-11-09T00:15:00","guid":{"rendered":"https:\/\/www.region-schwabach.de\/wordpress\/?p=187465"},"modified":"2022-11-08T21:20:58","modified_gmt":"2022-11-08T20:20:58","slug":"lesart-am-mittwoch-den-9-november-2022-um-19-30-uhr-im-burgerhaus-schwabach","status":"publish","type":"post","link":"https:\/\/www.region-schwabach.de\/wordpress\/lesart-am-mittwoch-den-9-november-2022-um-19-30-uhr-im-burgerhaus-schwabach\/","title":{"rendered":"LesArt am Mittwoch, den 9. November 2022, um 19.30 Uhr im B\u00fcrgerhaus Schwabach"},"content":{"rendered":"\t\t<div data-elementor-type=\"wp-post\" data-elementor-id=\"187465\" class=\"elementor elementor-187465\">\n\t\t\t\t\t\t<section class=\"elementor-section elementor-top-section elementor-element elementor-element-678181b elementor-section-boxed elementor-section-height-default elementor-section-height-default\" data-id=\"678181b\" data-element_type=\"section\">\n\t\t\t\t\t\t<div class=\"elementor-container elementor-column-gap-default\">\n\t\t\t\t\t<div class=\"elementor-column elementor-col-66 elementor-top-column elementor-element elementor-element-6b34026\" data-id=\"6b34026\" data-element_type=\"column\">\n\t\t\t<div class=\"elementor-widget-wrap elementor-element-populated\">\n\t\t\t\t\t\t<div class=\"elementor-element elementor-element-443ab98 elementor-widget elementor-widget-text-editor\" data-id=\"443ab98\" data-element_type=\"widget\" data-widget_type=\"text-editor.default\">\n\t\t\t\t<div class=\"elementor-widget-container\">\n\t\t\t\t\t\t\t<h3>Mittwoch, den 9. November 2022, um 19.30 Uhr im B\u00fcrgerhaus:\u00a0\u00a0<br \/>&#8222;Ende in Sicht&#8220;\u00a0<\/h3><h3>Lesung mit Ronja von R\u00f6nne<\/h3><p><span style=\"font-size: 12pt;\">Schwabach &#8211;\u00a0Hella, 69, will sterben. In der Schweiz, in einem Krankenhaus. Also macht sie sich auf den Weg. Diese letzte Fahrt wird ihr alter Passat schon noch schaffen. Doch kaum auf der Autobahn, f\u00e4llt etwas Schweres neben ihren Wagen. Juli, 15, wollte sich von der Autobahnbr\u00fccke in den Tod st\u00fcrzen. Jetzt ist sie nur leicht verletzt \u2013 und steigt zu Hella ins Auto.<\/span><\/p><p><span style=\"font-size: 12pt;\">Zwei Frauen mit dem Wunsch zu sterben \u2013 doch wollen sie zusammen noch, was ihnen einzeln als letzte M\u00f6glichkeit erschien? Tieftraurig, elegant und lakonisch erz\u00e4hlt Ronja von R\u00f6nne von zwei Frauen, denen der Tod als letzter Ausweg erscheint: ein unvorhersehbares, dramatisches, unangemessen komisches Lesevergn\u00fcgen.<\/span><\/p><p><span style=\"font-size: 12pt;\">Ronja von R\u00f6nne, geboren 1992, ist Schriftstellerin, Journalistin und Moderatorin. 2015 las sie beim Ingeborg-Bachmann-Preis, 2016 erschien ihr Deb\u00fctroman &#8222;Wir kommen&#8220;. Seit 2017 moderiert sie auf Arte die Sendung \u201eStreetphilosophy\u201c und betreibt den Blog \u201esudelheft.de\u201c. Sie schreibt regelm\u00e4\u00dfig f\u00fcr die DIE ZEIT und ZEIT ONLINE.\u00a0<\/span><\/p><table style=\"border-collapse: collapse; width: 100%;\" border=\"1\"><tbody><tr><td style=\"width: 25%;\"><span style=\"font-size: 12pt;\"><a href=\"https:\/\/www.region-schwabach.de\/wordpress\/wp-content\/uploads\/2022\/11\/LesArt_2022_Roenne_Ronja_von_c_Mehran_Djojan.jpg\"><img fetchpriority=\"high\" decoding=\"async\" class=\"aligncenter size-full wp-image-187473\" src=\"https:\/\/www.region-schwabach.de\/wordpress\/wp-content\/uploads\/2022\/11\/LesArt_2022_Roenne_Ronja_von_c_Mehran_Djojan.jpg\" alt=\"\" width=\"1523\" height=\"2268\" srcset=\"https:\/\/www.region-schwabach.de\/wordpress\/wp-content\/uploads\/2022\/11\/LesArt_2022_Roenne_Ronja_von_c_Mehran_Djojan.jpg 1523w, https:\/\/www.region-schwabach.de\/wordpress\/wp-content\/uploads\/2022\/11\/LesArt_2022_Roenne_Ronja_von_c_Mehran_Djojan-201x300.jpg 201w, https:\/\/www.region-schwabach.de\/wordpress\/wp-content\/uploads\/2022\/11\/LesArt_2022_Roenne_Ronja_von_c_Mehran_Djojan-688x1024.jpg 688w, https:\/\/www.region-schwabach.de\/wordpress\/wp-content\/uploads\/2022\/11\/LesArt_2022_Roenne_Ronja_von_c_Mehran_Djojan-768x1144.jpg 768w, https:\/\/www.region-schwabach.de\/wordpress\/wp-content\/uploads\/2022\/11\/LesArt_2022_Roenne_Ronja_von_c_Mehran_Djojan-1031x1536.jpg 1031w, https:\/\/www.region-schwabach.de\/wordpress\/wp-content\/uploads\/2022\/11\/LesArt_2022_Roenne_Ronja_von_c_Mehran_Djojan-1375x2048.jpg 1375w\" sizes=\"(max-width: 1523px) 100vw, 1523px\" \/><\/a>Foto: Ronja von R\u00f6nne \u00a9 Mehran Djojan<\/span><\/td><td style=\"width: 50%; text-align: left; vertical-align: middle;\"><p><strong><span style=\"font-size: 12pt;\">Mittwoch, 09.11.2022, 19.30 Uhr, B\u00fcrgerhaus\u00a0<\/span><\/strong><\/p><p><strong><span style=\"font-size: 12pt;\">Lesung mit Ronja von R\u00f6nne <\/span><\/strong><\/p><p><strong><span style=\"font-size: 12pt;\">\u201eEnde in Sicht\u201c\u00a0<\/span><\/strong><\/p><p><a href=\"https:\/\/www.schwabach.de\/de\/kulturamt\/infoseiten-kulturamt\/11114-26-lesart-ronja-von-roenne-ende-in-sicht.html\" target=\"_blank\" rel=\"noopener\"><strong><span style=\"font-size: 12pt;\">Weitere Infos gibt es hier &#8230;\u00a0<\/span><\/strong><\/a><\/p><\/td><\/tr><\/tbody><\/table><h3>Weiterf\u00fchrende Links:<\/h3><p><span style=\"font-size: 12pt;\"><a href=\"https:\/\/www.schwabach.de\/de\/infoseiten-kulturportal\/11100-26-lesart-kartenverkauf.html\" target=\"_blank\" rel=\"noopener\">Alle Infos zum Kartenverkauf gibt es hier &#8230;\u00a0<\/a><\/span><\/p>\t\t\t\t\t\t<\/div>\n\t\t\t\t<\/div>\n\t\t\t\t<div class=\"elementor-element elementor-element-fc55cc3 elementor-widget elementor-widget-shortcode\" data-id=\"fc55cc3\" data-element_type=\"widget\" data-widget_type=\"shortcode.default\">\n\t\t\t\t<div class=\"elementor-widget-container\">\n\t\t\t\t\t<div class=\"elementor-shortcode\"><center><a href=\"https:\/\/a.partner-versicherung.de\/click.php?partner_id=19992&ad_id=441&deep=kfz-versicherung\"  target=\"_blank\"><img decoding=\"async\" src=\"https:\/\/a.partner-versicherung.de\/view.php?partner_id=19992&ad_id=441\" ><\/a><\/center><\/div>\n\t\t\t\t<\/div>\n\t\t\t\t<\/div>\n\t\t\t\t\t<\/div>\n\t\t<\/div>\n\t\t\t\t<div class=\"elementor-column elementor-col-33 elementor-top-column elementor-element elementor-element-f645137\" data-id=\"f645137\" data-element_type=\"column\">\n\t\t\t<div class=\"elementor-widget-wrap elementor-element-populated\">\n\t\t\t\t\t\t<div class=\"elementor-element elementor-element-46aa455 elementor-widget elementor-widget-heading\" data-id=\"46aa455\" data-element_type=\"widget\" data-widget_type=\"heading.default\">\n\t\t\t\t<div class=\"elementor-widget-container\">\n\t\t\t<h3 class=\"elementor-heading-title elementor-size-default\">Schnell vergleichen und sparen!<\/h3>\t\t<\/div>\n\t\t\t\t<\/div>\n\t\t\t\t<div class=\"elementor-element elementor-element-7109c22 elementor-widget elementor-widget-wp-widget-advads_ad_widget\" data-id=\"7109c22\" data-element_type=\"widget\" data-widget_type=\"wp-widget-advads_ad_widget.default\">\n\t\t\t\t<div class=\"elementor-widget-container\">\n\t\t\t<div id=\"regio-2276447601\"><div class=\"regio-adlabel\">Werbung<\/div><!-- Beginn https:\/\/www.financeads.net\/-Code --><a href=\"https:\/\/www.financeads.net\/tc.php?t=36648C236142529B\" target=\"_blank\"><img decoding=\"async\" src=\"https:\/\/www.financeads.net\/tb.php?t=36648V236142529B&https=1\" alt=\"\" border=\"0\" width=\"300\" height=\"250\"><\/a><!-- Ende https:\/\/www.financeads.net\/-Code --><\/div>\t\t<\/div>\n\t\t\t\t<\/div>\n\t\t\t\t<div class=\"elementor-element elementor-element-1c90843 elementor-widget elementor-widget-wp-widget-advads_ad_widget\" data-id=\"1c90843\" data-element_type=\"widget\" data-widget_type=\"wp-widget-advads_ad_widget.default\">\n\t\t\t\t<div class=\"elementor-widget-container\">\n\t\t\t<div id=\"regio-3213447513\"><div class=\"regio-adlabel\">Werbung<\/div><!-- Beginn https:\/\/www.financeads.net\/-Code --><a href=\"https:\/\/www.financeads.net\/tc.php?t=36648C42614510B\" target=\"_blank\"><img decoding=\"async\" src=\"https:\/\/www.financeads.net\/tb.php?t=36648V42614510B&https=1\" alt=\"\" border=\"0\" width=\"200\" height=\"300\"><\/a><!-- Ende https:\/\/www.financeads.net\/-Code --><\/div>\t\t<\/div>\n\t\t\t\t<\/div>\n\t\t\t\t<div class=\"elementor-element elementor-element-f9ebf1f elementor-widget elementor-widget-wp-widget-advads_ad_widget\" data-id=\"f9ebf1f\" data-element_type=\"widget\" data-widget_type=\"wp-widget-advads_ad_widget.default\">\n\t\t\t\t<div class=\"elementor-widget-container\">\n\t\t\t<div id=\"regio-2850756153\"><div class=\"regio-adlabel\">Werbung<\/div><!-- Beginn https:\/\/www.financeads.net\/-Code --><a href=\"https:\/\/www.financeads.net\/tc.php?t=36648C205040072B\" target=\"_blank\"><img loading=\"lazy\" decoding=\"async\" src=\"https:\/\/www.financeads.net\/tb.php?t=36648V205040072B&https=1\" alt=\"\" border=\"0\" width=\"300\" height=\"250\"><\/a><!-- Ende https:\/\/www.financeads.net\/-Code --><\/div>\t\t<\/div>\n\t\t\t\t<\/div>\n\t\t\t\t<div class=\"elementor-element elementor-element-2d72782 elementor-widget elementor-widget-wp-widget-advads_ad_widget\" data-id=\"2d72782\" data-element_type=\"widget\" data-widget_type=\"wp-widget-advads_ad_widget.default\">\n\t\t\t\t<div class=\"elementor-widget-container\">\n\t\t\t<div id=\"regio-478239263\"><div class=\"regio-adlabel\">Werbung<\/div><!-- Beginn https:\/\/www.financeads.net\/-Code --><a href=\"https:\/\/www.financeads.net\/tc.php?t=36648C271460142B\" target=\"_blank\"><img loading=\"lazy\" decoding=\"async\" src=\"https:\/\/www.financeads.net\/tb.php?t=36648V271460142B&https=1\" alt=\"PETPROTECT_Hund&Katze_Banner\" border=\"0\" width=\"250\" height=\"250\"><\/a><!-- Ende https:\/\/www.financeads.net\/-Code --><\/div>\t\t<\/div>\n\t\t\t\t<\/div>\n\t\t\t\t\t<\/div>\n\t\t<\/div>\n\t\t\t\t\t<\/div>\n\t\t<\/section>\n\t\t\t\t<\/div>\n\t\t","protected":false},"excerpt":{"rendered":"<div class=\"mh-excerpt\"><p>Mittwoch, den 9. November 2022, um 19.30 Uhr im B\u00fcrgerhaus:&nbsp;&nbsp; &#8222;Ende in Sicht&#8220;&nbsp; Lesung mit Ronja von R\u00f6nne Schwabach &#8211;&nbsp;Hella, 69, will sterben. In der Schweiz, in einem Krankenhaus. Also macht sie sich auf den <a class=\"mh-excerpt-more\" href=\"https:\/\/www.region-schwabach.de\/wordpress\/lesart-am-mittwoch-den-9-november-2022-um-19-30-uhr-im-burgerhaus-schwabach\/\" title=\"LesArt am Mittwoch, den 9. November 2022, um 19.30 Uhr im B\u00fcrgerhaus Schwabach\">[&#8230;]<\/a><\/p>\n<\/div>","protected":false},"author":1,"featured_media":187477,"comment_status":"open","ping_status":"open","sticky":false,"template":"","format":"standard","meta":{"_cbd_carousel_blocks":"[]","footnotes":""},"categories":[16,287,61,231],"tags":[20879,20876,20877,3604,522,311,4275,20768,1480,20878,19],"class_list":{"0":"post-187465","1":"post","2":"type-post","3":"status-publish","4":"format-standard","5":"has-post-thumbnail","7":"category-aktuell","8":"category-jugend-und-familie","9":"category-rathaus","10":"category-veranstaltungsnews","11":"tag-ende-in-sicht","12":"tag-09-11-2022","13":"tag-9-november-2022","14":"tag-buergerhaus","15":"tag-koenigsplatz","16":"tag-lesart","17":"tag-lesung","18":"tag-november-2022","19":"tag-rathaus","20":"tag-ronja-von-roenne","21":"tag-schwabach"},"_links":{"self":[{"href":"https:\/\/www.region-schwabach.de\/wordpress\/wp-json\/wp\/v2\/posts\/187465","targetHints":{"allow":["GET"]}}],"collection":[{"href":"https:\/\/www.region-schwabach.de\/wordpress\/wp-json\/wp\/v2\/posts"}],"about":[{"href":"https:\/\/www.region-schwabach.de\/wordpress\/wp-json\/wp\/v2\/types\/post"}],"author":[{"embeddable":true,"href":"https:\/\/www.region-schwabach.de\/wordpress\/wp-json\/wp\/v2\/users\/1"}],"replies":[{"embeddable":true,"href":"https:\/\/www.region-schwabach.de\/wordpress\/wp-json\/wp\/v2\/comments?post=187465"}],"version-history":[{"count":0,"href":"https:\/\/www.region-schwabach.de\/wordpress\/wp-json\/wp\/v2\/posts\/187465\/revisions"}],"wp:featuredmedia":[{"embeddable":true,"href":"https:\/\/www.region-schwabach.de\/wordpress\/wp-json\/wp\/v2\/media\/187477"}],"wp:attachment":[{"href":"https:\/\/www.region-schwabach.de\/wordpress\/wp-json\/wp\/v2\/media?parent=187465"}],"wp:term":[{"taxonomy":"category","embeddable":true,"href":"https:\/\/www.region-schwabach.de\/wordpress\/wp-json\/wp\/v2\/categories?post=187465"},{"taxonomy":"post_tag","embeddable":true,"href":"https:\/\/www.region-schwabach.de\/wordpress\/wp-json\/wp\/v2\/tags?post=187465"}],"curies":[{"name":"wp","href":"https:\/\/api.w.org\/{rel}","templated":true}]}}