{"id":187480,"date":"2022-11-09T01:00:00","date_gmt":"2022-11-09T00:00:00","guid":{"rendered":"https:\/\/www.region-schwabach.de\/wordpress\/?p=187480"},"modified":"2022-11-08T21:20:32","modified_gmt":"2022-11-08T20:20:32","slug":"schwabacher-stadtrat-wahlt-neuen-referent-fur-umwelt-mobilitat-nachhaltigkeit-und-klimaschutz","status":"publish","type":"post","link":"https:\/\/www.region-schwabach.de\/wordpress\/schwabacher-stadtrat-wahlt-neuen-referent-fur-umwelt-mobilitat-nachhaltigkeit-und-klimaschutz\/","title":{"rendered":"Schwabacher Stadtrat w\u00e4hlt neuen Referent f\u00fcr Umwelt, Mobilit\u00e4t, Nachhaltigkeit und Klimaschutz"},"content":{"rendered":"\t\t<div data-elementor-type=\"wp-post\" data-elementor-id=\"187480\" class=\"elementor elementor-187480\">\n\t\t\t\t\t\t<section class=\"elementor-section elementor-top-section elementor-element elementor-element-tlus4ia elementor-section-boxed elementor-section-height-default elementor-section-height-default\" data-id=\"tlus4ia\" data-element_type=\"section\">\n\t\t\t\t\t\t<div class=\"elementor-container elementor-column-gap-default\">\n\t\t\t\t\t<div class=\"elementor-column elementor-col-50 elementor-top-column elementor-element elementor-element-sphcucl\" data-id=\"sphcucl\" data-element_type=\"column\">\n\t\t\t<div class=\"elementor-widget-wrap elementor-element-populated\">\n\t\t\t\t\t\t<div class=\"elementor-element elementor-element-4a8a510 elementor-widget elementor-widget-wp-widget-advads_ad_widget\" data-id=\"4a8a510\" data-element_type=\"widget\" data-widget_type=\"wp-widget-advads_ad_widget.default\">\n\t\t\t\t<div class=\"elementor-widget-container\">\n\t\t\t<div id=\"regio-2094145732\"><div class=\"regio-adlabel\">Werbung<\/div><center><a href=\"https:\/\/a.partner-versicherung.de\/click.php?partner_id=19992&ad_id=1578&deep=kreditkarten\"  target=\"_blank\"><img decoding=\"async\" src=\"https:\/\/a.partner-versicherung.de\/view.php?partner_id=19992&ad_id=1578\" ><\/a><\/center><\/div>\t\t<\/div>\n\t\t\t\t<\/div>\n\t\t\t\t<div class=\"elementor-element elementor-element-4f2h2af elementor-widget elementor-widget-text-editor\" data-id=\"4f2h2af\" data-element_type=\"widget\" data-widget_type=\"text-editor.default\">\n\t\t\t\t<div class=\"elementor-widget-container\">\n\t\t\t\t\t\t\t<h3 class=\"entry-title\">Neuer Referent f\u00fcr Umwelt, Mobilit\u00e4t, Nachhaltigkeit und Klimaschutz\u00a0<\/h3><p><span style=\"font-size: 12pt;\">Schwabach &#8211;\u00a0Dr. Maximilian Hartl wird ab 1. April 2023 neuer Referent f\u00fcr Umwelt, Mobilit\u00e4t, Nachhaltigkeit und Klimaschutz. Der Stadtrat w\u00e4hlte Dr. Hartl, der derzeit noch bei der Stadt F\u00fcrth besch\u00e4ftigt ist, f\u00fcr die Dauer von sechs Jahren. \u201eIch freue mich sehr, dass wir mit Dr. Hartl einen absoluten Experten f\u00fcr die Referatsleitung gewonnen haben\u201c, sagte Oberb\u00fcrgermeister Peter Rei\u00df.<\/span><\/p><p><span style=\"font-size: 12pt;\">\u201eSein Lebenslauf spricht f\u00fcr sich: Dr. Hartl ist ein engagierter Verkehrsplaner mit Mut zur nachhaltigen Mobilit\u00e4ts- und Umweltgestaltung. Damit ist er genau der Richtige f\u00fcr diese Aufgabe\u201c, so Rei\u00df weiter. Das Referat besteht seit Anfang 2022. Dort sind Umweltamt, das Klimaschutzmanagement sowie die Mobilit\u00e4tsplanung angesiedelt.<\/span><\/p><p><span style=\"font-size: 12pt;\">Dr. Maximilian Hartl, Jahrgang 1986, ist seit 2020 Leiter der Verkehrsplanung im F\u00fcrther Stadtplanungsamt. Zuvor war er sechs Jahre am Lehrstuhl f\u00fcr Verkehrsplanung und Verkehrsleittechnik an der Universit\u00e4t Stuttgart t\u00e4tig.<\/span><\/p><p><span style=\"font-size: 12pt;\">Die Dissertation ver\u00f6ffentlichte er zur Integrierten Planung des \u00d6ffentlichen Verkehrs. Zuvor hatte er Bauingenieurwesen studiert und im Verlauf des Studiums zu Verkehrsmodellierung und -planung geforscht.<\/span><\/p><p><span style=\"font-size: 12pt;\">\u201eIch freue mich sehr auf die R\u00fcckkehr in meine Geburtsstadt und danke der Stadtspitze und dem Stadtrat f\u00fcr das Vertrauen\u201c, so Dr. Hartl. \u201eIch will in Schwabach mit nachhaltiger Verkehrsplanung Umweltziele erreichen, diese Themen sind meine Leidenschaft. Daher freue ich mich auch darauf, gemeinsam mit allen Beteiligten aus Verwaltung, Politik und der Bev\u00f6lkerung federf\u00fchrend den Mobilit\u00e4tsplan f\u00fcr Schwabach zu erarbeiten und umzusetzen.\u201c<\/span><\/p><p><span style=\"font-size: 12pt;\">Das Referat ist das f\u00fcnfte Referat der Stadtverwaltung. Die Leitung des Referats f\u00fcr Interne Dienste und Schulen hat OB Rei\u00df selbst \u00fcbernommen. In Referat 2 sind die Themen Recht, Soziales und Kultur angesiedelt, Leiter ist Knut Engelbrecht. Das Referat f\u00fcr Finanzen und Wirtschaft leitet Stadtk\u00e4mmerer Sascha Spahic, dem Baureferat steht Stadtbaurat Ricus Kerckhoff vor.<\/span><\/p><p><span style=\"font-size: 12pt;\">Alle Referatsleitungen sind f\u00fcr die Dauer ihrer Amtszeit Mitglieder des Stadtrats, also \u201eberufsm\u00e4\u00dfige Stadtratsmitglieder\u201c, haben dort aber kein Stimmrecht. In der Regel werden sie f\u00fcr eine Dauer von sechs Jahren gew\u00e4hlt.\u00a0<\/span><\/p>\t\t\t\t\t\t<\/div>\n\t\t\t\t<\/div>\n\t\t\t\t<div class=\"elementor-element elementor-element-0000f75 elementor-widget elementor-widget-shortcode\" data-id=\"0000f75\" data-element_type=\"widget\" data-widget_type=\"shortcode.default\">\n\t\t\t\t<div class=\"elementor-widget-container\">\n\t\t\t\t\t<div class=\"elementor-shortcode\"><center><a href=\"https:\/\/a.partner-versicherung.de\/click.php?partner_id=19992&ad_id=441&deep=kfz-versicherung\"  target=\"_blank\"><img decoding=\"async\" src=\"https:\/\/a.partner-versicherung.de\/view.php?partner_id=19992&ad_id=441\" ><\/a><\/center><\/div>\n\t\t\t\t<\/div>\n\t\t\t\t<\/div>\n\t\t\t\t<div class=\"elementor-element elementor-element-92f7d76 elementor-widget-divider--view-line elementor-widget elementor-widget-divider\" data-id=\"92f7d76\" data-element_type=\"widget\" data-widget_type=\"divider.default\">\n\t\t\t\t<div class=\"elementor-widget-container\">\n\t\t\t\t\t<div class=\"elementor-divider\">\n\t\t\t<span class=\"elementor-divider-separator\">\n\t\t\t\t\t\t<\/span>\n\t\t<\/div>\n\t\t\t\t<\/div>\n\t\t\t\t<\/div>\n\t\t\t\t<div class=\"elementor-element elementor-element-ed47f68 elementor-widget elementor-widget-google_maps\" data-id=\"ed47f68\" data-element_type=\"widget\" data-widget_type=\"google_maps.default\">\n\t\t\t\t<div class=\"elementor-widget-container\">\n\t\t\t\t\t<div class=\"elementor-custom-embed\">\n\t\t\t<iframe loading=\"lazy\"\n\t\t\t\t\tsrc=\"https:\/\/maps.google.com\/maps?q=Ansbacher%20Stra%C3%9Fe%2014%2C%20Schwabach%2C%20Deutschland&#038;t=m&#038;z=17&#038;output=embed&#038;iwloc=near\"\n\t\t\t\t\ttitle=\"Ansbacher Stra\u00dfe 14, Schwabach, Deutschland\"\n\t\t\t\t\taria-label=\"Ansbacher Stra\u00dfe 14, Schwabach, Deutschland\"\n\t\t\t><\/iframe>\n\t\t<\/div>\n\t\t\t\t<\/div>\n\t\t\t\t<\/div>\n\t\t\t\t\t<\/div>\n\t\t<\/div>\n\t\t\t\t<div class=\"elementor-column elementor-col-50 elementor-top-column elementor-element elementor-element-20db752\" data-id=\"20db752\" data-element_type=\"column\">\n\t\t\t<div class=\"elementor-widget-wrap elementor-element-populated\">\n\t\t\t\t\t\t<div class=\"elementor-element elementor-element-e027cd3 elementor-widget elementor-widget-heading\" data-id=\"e027cd3\" data-element_type=\"widget\" data-widget_type=\"heading.default\">\n\t\t\t\t<div class=\"elementor-widget-container\">\n\t\t\t<h3 class=\"elementor-heading-title elementor-size-default\">Schnell vergleichen und sparen!<\/h3>\t\t<\/div>\n\t\t\t\t<\/div>\n\t\t\t\t<div class=\"elementor-element elementor-element-ed58085 elementor-widget elementor-widget-wp-widget-advads_ad_widget\" data-id=\"ed58085\" data-element_type=\"widget\" data-widget_type=\"wp-widget-advads_ad_widget.default\">\n\t\t\t\t<div class=\"elementor-widget-container\">\n\t\t\t<div id=\"regio-1288774857\"><div class=\"regio-adlabel\">Werbung<\/div><!-- Beginn https:\/\/www.financeads.net\/-Code --><a href=\"https:\/\/www.financeads.net\/tc.php?t=36648C236142529B\" target=\"_blank\"><img fetchpriority=\"high\" decoding=\"async\" src=\"https:\/\/www.financeads.net\/tb.php?t=36648V236142529B&https=1\" alt=\"\" border=\"0\" width=\"300\" height=\"250\"><\/a><!-- Ende https:\/\/www.financeads.net\/-Code --><\/div>\t\t<\/div>\n\t\t\t\t<\/div>\n\t\t\t\t<div class=\"elementor-element elementor-element-650f6ed elementor-widget elementor-widget-wp-widget-advads_ad_widget\" data-id=\"650f6ed\" data-element_type=\"widget\" data-widget_type=\"wp-widget-advads_ad_widget.default\">\n\t\t\t\t<div class=\"elementor-widget-container\">\n\t\t\t<div id=\"regio-1987994098\"><div class=\"regio-adlabel\">Werbung<\/div><!-- Beginn https:\/\/www.financeads.net\/-Code --><a href=\"https:\/\/www.financeads.net\/tc.php?t=36648C42614510B\" target=\"_blank\"><img decoding=\"async\" src=\"https:\/\/www.financeads.net\/tb.php?t=36648V42614510B&https=1\" alt=\"\" border=\"0\" width=\"200\" height=\"300\"><\/a><!-- Ende https:\/\/www.financeads.net\/-Code --><\/div>\t\t<\/div>\n\t\t\t\t<\/div>\n\t\t\t\t<div class=\"elementor-element elementor-element-9b287ce elementor-widget elementor-widget-wp-widget-advads_ad_widget\" data-id=\"9b287ce\" data-element_type=\"widget\" data-widget_type=\"wp-widget-advads_ad_widget.default\">\n\t\t\t\t<div class=\"elementor-widget-container\">\n\t\t\t<div id=\"regio-3660808623\"><div class=\"regio-adlabel\">Werbung<\/div><!-- Beginn https:\/\/www.financeads.net\/-Code --><a href=\"https:\/\/www.financeads.net\/tc.php?t=36648C205040072B\" target=\"_blank\"><img decoding=\"async\" src=\"https:\/\/www.financeads.net\/tb.php?t=36648V205040072B&https=1\" alt=\"\" border=\"0\" width=\"300\" height=\"250\"><\/a><!-- Ende https:\/\/www.financeads.net\/-Code --><\/div>\t\t<\/div>\n\t\t\t\t<\/div>\n\t\t\t\t<div class=\"elementor-element elementor-element-529e115 elementor-widget elementor-widget-wp-widget-advads_ad_widget\" data-id=\"529e115\" data-element_type=\"widget\" data-widget_type=\"wp-widget-advads_ad_widget.default\">\n\t\t\t\t<div class=\"elementor-widget-container\">\n\t\t\t<div id=\"regio-4004290682\"><div class=\"regio-adlabel\">Werbung<\/div><!-- Beginn https:\/\/www.financeads.net\/-Code --><a href=\"https:\/\/www.financeads.net\/tc.php?t=36648C271460142B\" target=\"_blank\"><img loading=\"lazy\" decoding=\"async\" src=\"https:\/\/www.financeads.net\/tb.php?t=36648V271460142B&https=1\" alt=\"PETPROTECT_Hund&Katze_Banner\" border=\"0\" width=\"250\" height=\"250\"><\/a><!-- Ende https:\/\/www.financeads.net\/-Code --><\/div>\t\t<\/div>\n\t\t\t\t<\/div>\n\t\t\t\t\t<\/div>\n\t\t<\/div>\n\t\t\t\t\t<\/div>\n\t\t<\/section>\n\t\t\t\t<\/div>\n\t\t","protected":false},"excerpt":{"rendered":"<div class=\"mh-excerpt\"><p>Neuer Referent f\u00fcr Umwelt, Mobilit\u00e4t, Nachhaltigkeit und Klimaschutz\u00a0 Schwabach &#8211;\u00a0Dr. Maximilian Hartl wird ab 1. April 2023 neuer Referent f\u00fcr Umwelt, Mobilit\u00e4t, Nachhaltigkeit und Klimaschutz. Der Stadtrat w\u00e4hlte Dr. Hartl, der derzeit noch bei der <a class=\"mh-excerpt-more\" href=\"https:\/\/www.region-schwabach.de\/wordpress\/schwabacher-stadtrat-wahlt-neuen-referent-fur-umwelt-mobilitat-nachhaltigkeit-und-klimaschutz\/\" title=\"Schwabacher Stadtrat w\u00e4hlt neuen Referent f\u00fcr Umwelt, Mobilit\u00e4t, Nachhaltigkeit und Klimaschutz\">[&#8230;]<\/a><\/p>\n<\/div>","protected":false},"author":1,"featured_media":187481,"comment_status":"open","ping_status":"open","sticky":false,"template":"","format":"standard","meta":{"_cbd_carousel_blocks":"[]","footnotes":""},"categories":[16,13,79,61,46],"tags":[20761,20760,20881,16909,522,19641,16911,5269,12385,1480,20880,19,3012,3151,3638,19640],"class_list":{"0":"post-187480","1":"post","2":"type-post","3":"status-publish","4":"format-standard","5":"has-post-thumbnail","7":"category-aktuell","8":"category-nachrichten","9":"category-politik","10":"category-rathaus","11":"category-verbaende","12":"tag-31-oktober-2022","13":"tag-31-10-2022","14":"tag-dr-maximilian-hartl","15":"tag-klimaschutz","16":"tag-koenigsplatz","17":"tag-mobilitaet","18":"tag-nachhaltigkeit","19":"tag-oberbuergermeister","20":"tag-peter-reiss","21":"tag-rathaus","22":"tag-referent","23":"tag-schwabach","24":"tag-stadt","25":"tag-stadt-schwabach","26":"tag-stadtrat","27":"tag-umwelt"},"_links":{"self":[{"href":"https:\/\/www.region-schwabach.de\/wordpress\/wp-json\/wp\/v2\/posts\/187480","targetHints":{"allow":["GET"]}}],"collection":[{"href":"https:\/\/www.region-schwabach.de\/wordpress\/wp-json\/wp\/v2\/posts"}],"about":[{"href":"https:\/\/www.region-schwabach.de\/wordpress\/wp-json\/wp\/v2\/types\/post"}],"author":[{"embeddable":true,"href":"https:\/\/www.region-schwabach.de\/wordpress\/wp-json\/wp\/v2\/users\/1"}],"replies":[{"embeddable":true,"href":"https:\/\/www.region-schwabach.de\/wordpress\/wp-json\/wp\/v2\/comments?post=187480"}],"version-history":[{"count":0,"href":"https:\/\/www.region-schwabach.de\/wordpress\/wp-json\/wp\/v2\/posts\/187480\/revisions"}],"wp:featuredmedia":[{"embeddable":true,"href":"https:\/\/www.region-schwabach.de\/wordpress\/wp-json\/wp\/v2\/media\/187481"}],"wp:attachment":[{"href":"https:\/\/www.region-schwabach.de\/wordpress\/wp-json\/wp\/v2\/media?parent=187480"}],"wp:term":[{"taxonomy":"category","embeddable":true,"href":"https:\/\/www.region-schwabach.de\/wordpress\/wp-json\/wp\/v2\/categories?post=187480"},{"taxonomy":"post_tag","embeddable":true,"href":"https:\/\/www.region-schwabach.de\/wordpress\/wp-json\/wp\/v2\/tags?post=187480"}],"curies":[{"name":"wp","href":"https:\/\/api.w.org\/{rel}","templated":true}]}}