{"id":187708,"date":"2022-11-11T01:30:00","date_gmt":"2022-11-11T00:30:00","guid":{"rendered":"https:\/\/www.region-schwabach.de\/wordpress\/?p=187708"},"modified":"2022-11-10T20:41:43","modified_gmt":"2022-11-10T19:41:43","slug":"lesart-am-freitag-den-11-november-2022-um-19-30-uhr-im-burgerhaus-in-schwabach","status":"publish","type":"post","link":"https:\/\/www.region-schwabach.de\/wordpress\/lesart-am-freitag-den-11-november-2022-um-19-30-uhr-im-burgerhaus-in-schwabach\/","title":{"rendered":"LesArt am Freitag, den 11. November 2022, um 19.30 Uhr im B\u00fcrgerhaus in Schwabach"},"content":{"rendered":"\t\t<div data-elementor-type=\"wp-post\" data-elementor-id=\"187708\" class=\"elementor elementor-187708\">\n\t\t\t\t\t\t<section class=\"elementor-section elementor-top-section elementor-element elementor-element-678181b elementor-section-boxed elementor-section-height-default elementor-section-height-default\" data-id=\"678181b\" data-element_type=\"section\">\n\t\t\t\t\t\t<div class=\"elementor-container elementor-column-gap-default\">\n\t\t\t\t\t<div class=\"elementor-column elementor-col-66 elementor-top-column elementor-element elementor-element-6b34026\" data-id=\"6b34026\" data-element_type=\"column\">\n\t\t\t<div class=\"elementor-widget-wrap elementor-element-populated\">\n\t\t\t\t\t\t<div class=\"elementor-element elementor-element-443ab98 elementor-widget elementor-widget-text-editor\" data-id=\"443ab98\" data-element_type=\"widget\" data-widget_type=\"text-editor.default\">\n\t\t\t\t<div class=\"elementor-widget-container\">\n\t\t\t\t\t\t\t<h3>Freitag, den 11. November 2022, um 19.30 Uhr im B\u00fcrgerhaus:\u00a0\u00a0<br \/>&#8222;Marek Mint\u00e1l. Wie Fu\u00dfball Menschen ber\u00fchrt&#8220;\u00a0<\/h3><h3>Lesung mit Hans B\u00f6ller<\/h3><p><span style=\"font-size: 12pt;\">Schwabach &#8211;\u00a0Die Geschichte des Fu\u00dfballs ist voller Heldengeschichten. Ein Held? Nichts l\u00e4ge Marek Mint\u00e1l &#8211; dem einzigen Bundesliga-Torsch\u00fctzenk\u00f6nig im Trikot des 1. FC N\u00fcrnberg &#8211; ferner als so ein Gedanke. Mint\u00e1l war f\u00fcr viele vor allem deswegen ein Vorbild, weil er nie eines sein wollte, sondern sich als ganz normaler Mensch sah, dankbar f\u00fcr sein Talent.<\/span><\/p><p><span style=\"font-size: 12pt;\">Das Buch erz\u00e4hlt davon wie Fu\u00dfball zum Leben geh\u00f6rt. Es ist weder eine klassische Biographie noch ein klassisches Fu\u00dfball-Buch, sondern beschreibt, wie dieses Spiel bewegt, auch in Zeiten des vom Kommerz regierten Fu\u00dfballs. Marek Mint\u00e1lsGeschichte ist die Geschichte eines gro\u00dfartigen Fu\u00dfballers. Es ist eine Geschichte \u00fcber das Leben, \u00fcber Gl\u00fcck und Ungl\u00fcck. \u00dcber all das, was Menschen im Fu\u00dfball suchen: sich selbst.<\/span><\/p><p><span style=\"font-size: 12pt;\">Hans B\u00f6ller, geboren 1965 in Erlangen, wuchs als Kind in M\u00fcnchen auf. Fu\u00dfballer waren seine Kindheitsidole. In Erlangen studierte er Germanistik und Geschichte und absolvierte nach dem Examen ein Volontariat bei den N\u00fcrnberger Nachrichten. Deren Sportressort leitete er von 1999 bis 2020. Fu\u00dfballer sind l\u00e4ngst keine Idole mehr. Aber einige wenige Spieler erinnern ihn an die einst so wunderbar kindliche Liebe zum Fu\u00dfballspiel. \u00dcber einen von ihnen hat Hans B\u00f6ller dieses Buch geschrieben.<\/span>\u00a0<\/p><table style=\"border-collapse: collapse; width: 100%;\" border=\"1\"><tbody><tr><td style=\"width: 25%;\"><span style=\"font-size: 12pt;\"><a href=\"https:\/\/www.region-schwabach.de\/wordpress\/wp-content\/uploads\/2022\/11\/LesArt_2022_Boeller_Hans_c_privat-1.jpg\"><img fetchpriority=\"high\" decoding=\"async\" class=\"aligncenter size-full wp-image-187715\" src=\"https:\/\/www.region-schwabach.de\/wordpress\/wp-content\/uploads\/2022\/11\/LesArt_2022_Boeller_Hans_c_privat-1.jpg\" alt=\"\" width=\"480\" height=\"722\" srcset=\"https:\/\/www.region-schwabach.de\/wordpress\/wp-content\/uploads\/2022\/11\/LesArt_2022_Boeller_Hans_c_privat-1.jpg 480w, https:\/\/www.region-schwabach.de\/wordpress\/wp-content\/uploads\/2022\/11\/LesArt_2022_Boeller_Hans_c_privat-1-199x300.jpg 199w\" sizes=\"(max-width: 480px) 100vw, 480px\" \/><\/a>Foto: B\u00f6ller_Hans_\u00a9_privat<\/span><\/td><td style=\"width: 50%; text-align: left; vertical-align: middle;\"><p><strong><span style=\"font-size: 12pt;\">Freitag, 11.11.2022, 19.30 Uhr, B\u00fcrgerhaus<\/span><\/strong><\/p><p><strong><span style=\"font-size: 12pt;\">Lesung mit Hans B\u00f6ller\u00a0\u00a0<\/span><\/strong><\/p><p><strong><span style=\"font-size: 12pt;\">\u201eMarek Mint\u00e1l. Wie Fu\u00dfball Menschen ber\u00fchrt\u201c\u00a0<\/span><\/strong><\/p><p><a href=\"https:\/\/www.schwabach.de\/de\/kulturamt\/infoseiten-kulturamt\/11121-26-lesart-hans-boeller-marek-mintal-wie-fussball-menschen-beruehrt.html\" target=\"_blank\" rel=\"noopener\"><strong><span style=\"font-size: 12pt;\">Weitere Infos gibt es hier &#8230;\u00a0<\/span><\/strong><\/a><\/p><\/td><\/tr><\/tbody><\/table><h3>Weiterf\u00fchrende Links:<\/h3><p><span style=\"font-size: 12pt;\"><a href=\"https:\/\/www.schwabach.de\/de\/infoseiten-kulturportal\/11100-26-lesart-kartenverkauf.html\" target=\"_blank\" rel=\"noopener\">Alle Infos zum Kartenverkauf gibt es hier &#8230;\u00a0<\/a><\/span><\/p>\t\t\t\t\t\t<\/div>\n\t\t\t\t<\/div>\n\t\t\t\t<div class=\"elementor-element elementor-element-fc55cc3 elementor-widget elementor-widget-shortcode\" data-id=\"fc55cc3\" data-element_type=\"widget\" data-widget_type=\"shortcode.default\">\n\t\t\t\t<div class=\"elementor-widget-container\">\n\t\t\t\t\t<div class=\"elementor-shortcode\"><center><a href=\"https:\/\/a.partner-versicherung.de\/click.php?partner_id=19992&ad_id=441&deep=kfz-versicherung\"  target=\"_blank\"><img decoding=\"async\" src=\"https:\/\/a.partner-versicherung.de\/view.php?partner_id=19992&ad_id=441\" ><\/a><\/center><\/div>\n\t\t\t\t<\/div>\n\t\t\t\t<\/div>\n\t\t\t\t\t<\/div>\n\t\t<\/div>\n\t\t\t\t<div class=\"elementor-column elementor-col-33 elementor-top-column elementor-element elementor-element-f645137\" data-id=\"f645137\" data-element_type=\"column\">\n\t\t\t<div class=\"elementor-widget-wrap elementor-element-populated\">\n\t\t\t\t\t\t<div class=\"elementor-element elementor-element-46aa455 elementor-widget elementor-widget-heading\" data-id=\"46aa455\" data-element_type=\"widget\" data-widget_type=\"heading.default\">\n\t\t\t\t<div class=\"elementor-widget-container\">\n\t\t\t<h3 class=\"elementor-heading-title elementor-size-default\">Schnell vergleichen und sparen!<\/h3>\t\t<\/div>\n\t\t\t\t<\/div>\n\t\t\t\t<div class=\"elementor-element elementor-element-7109c22 elementor-widget elementor-widget-wp-widget-advads_ad_widget\" data-id=\"7109c22\" data-element_type=\"widget\" data-widget_type=\"wp-widget-advads_ad_widget.default\">\n\t\t\t\t<div class=\"elementor-widget-container\">\n\t\t\t<div id=\"regio-1063624929\"><div class=\"regio-adlabel\">Werbung<\/div><!-- Beginn https:\/\/www.financeads.net\/-Code --><a href=\"https:\/\/www.financeads.net\/tc.php?t=36648C236142529B\" target=\"_blank\"><img decoding=\"async\" src=\"https:\/\/www.financeads.net\/tb.php?t=36648V236142529B&https=1\" alt=\"\" border=\"0\" width=\"300\" height=\"250\"><\/a><!-- Ende https:\/\/www.financeads.net\/-Code --><\/div>\t\t<\/div>\n\t\t\t\t<\/div>\n\t\t\t\t<div class=\"elementor-element elementor-element-1c90843 elementor-widget elementor-widget-wp-widget-advads_ad_widget\" data-id=\"1c90843\" data-element_type=\"widget\" data-widget_type=\"wp-widget-advads_ad_widget.default\">\n\t\t\t\t<div class=\"elementor-widget-container\">\n\t\t\t<div id=\"regio-3595428370\"><div class=\"regio-adlabel\">Werbung<\/div><!-- Beginn https:\/\/www.financeads.net\/-Code --><a href=\"https:\/\/www.financeads.net\/tc.php?t=36648C42614510B\" target=\"_blank\"><img decoding=\"async\" src=\"https:\/\/www.financeads.net\/tb.php?t=36648V42614510B&https=1\" alt=\"\" border=\"0\" width=\"200\" height=\"300\"><\/a><!-- Ende https:\/\/www.financeads.net\/-Code --><\/div>\t\t<\/div>\n\t\t\t\t<\/div>\n\t\t\t\t<div class=\"elementor-element elementor-element-f9ebf1f elementor-widget elementor-widget-wp-widget-advads_ad_widget\" data-id=\"f9ebf1f\" data-element_type=\"widget\" data-widget_type=\"wp-widget-advads_ad_widget.default\">\n\t\t\t\t<div class=\"elementor-widget-container\">\n\t\t\t<div id=\"regio-852479633\"><div class=\"regio-adlabel\">Werbung<\/div><!-- Beginn https:\/\/www.financeads.net\/-Code --><a href=\"https:\/\/www.financeads.net\/tc.php?t=36648C205040072B\" target=\"_blank\"><img loading=\"lazy\" decoding=\"async\" src=\"https:\/\/www.financeads.net\/tb.php?t=36648V205040072B&https=1\" alt=\"\" border=\"0\" width=\"300\" height=\"250\"><\/a><!-- Ende https:\/\/www.financeads.net\/-Code --><\/div>\t\t<\/div>\n\t\t\t\t<\/div>\n\t\t\t\t<div class=\"elementor-element elementor-element-2d72782 elementor-widget elementor-widget-wp-widget-advads_ad_widget\" data-id=\"2d72782\" data-element_type=\"widget\" data-widget_type=\"wp-widget-advads_ad_widget.default\">\n\t\t\t\t<div class=\"elementor-widget-container\">\n\t\t\t<div id=\"regio-1245581354\"><div class=\"regio-adlabel\">Werbung<\/div><!-- Beginn https:\/\/www.financeads.net\/-Code --><a href=\"https:\/\/www.financeads.net\/tc.php?t=36648C271460142B\" target=\"_blank\"><img loading=\"lazy\" decoding=\"async\" src=\"https:\/\/www.financeads.net\/tb.php?t=36648V271460142B&https=1\" alt=\"PETPROTECT_Hund&Katze_Banner\" border=\"0\" width=\"250\" height=\"250\"><\/a><!-- Ende https:\/\/www.financeads.net\/-Code --><\/div>\t\t<\/div>\n\t\t\t\t<\/div>\n\t\t\t\t\t<\/div>\n\t\t<\/div>\n\t\t\t\t\t<\/div>\n\t\t<\/section>\n\t\t\t\t<\/div>\n\t\t","protected":false},"excerpt":{"rendered":"<div class=\"mh-excerpt\"><p>Freitag, den 11. November 2022, um 19.30 Uhr im B\u00fcrgerhaus:\u00a0\u00a0&#8222;Marek Mint\u00e1l. Wie Fu\u00dfball Menschen ber\u00fchrt&#8220;\u00a0 Lesung mit Hans B\u00f6ller Schwabach &#8211;\u00a0Die Geschichte des Fu\u00dfballs ist voller Heldengeschichten. Ein Held? Nichts l\u00e4ge Marek Mint\u00e1l &#8211; dem <a class=\"mh-excerpt-more\" href=\"https:\/\/www.region-schwabach.de\/wordpress\/lesart-am-freitag-den-11-november-2022-um-19-30-uhr-im-burgerhaus-in-schwabach\/\" title=\"LesArt am Freitag, den 11. November 2022, um 19.30 Uhr im B\u00fcrgerhaus in Schwabach\">[&#8230;]<\/a><\/p>\n<\/div>","protected":false},"author":1,"featured_media":187709,"comment_status":"open","ping_status":"open","sticky":false,"template":"","format":"standard","meta":{"_cbd_carousel_blocks":"[]","footnotes":""},"categories":[16,287,61,231],"tags":[20910,20906,20905,12749,20909,522,311,4275,20768,18651,1480,19,20911],"class_list":{"0":"post-187708","1":"post","2":"type-post","3":"status-publish","4":"format-standard","5":"has-post-thumbnail","7":"category-aktuell","8":"category-jugend-und-familie","9":"category-rathaus","10":"category-veranstaltungsnews","11":"tag-marek-mintal-wie-fussball-menschen-beruehrt","12":"tag-11-november-2022","13":"tag-11-11-2022","14":"tag-autor","15":"tag-hans-boeller","16":"tag-koenigsplatz","17":"tag-lesart","18":"tag-lesung","19":"tag-november-2022","20":"tag-nuernberger-nachrichten","21":"tag-rathaus","22":"tag-schwabach","23":"tag-volontariat"},"_links":{"self":[{"href":"https:\/\/www.region-schwabach.de\/wordpress\/wp-json\/wp\/v2\/posts\/187708","targetHints":{"allow":["GET"]}}],"collection":[{"href":"https:\/\/www.region-schwabach.de\/wordpress\/wp-json\/wp\/v2\/posts"}],"about":[{"href":"https:\/\/www.region-schwabach.de\/wordpress\/wp-json\/wp\/v2\/types\/post"}],"author":[{"embeddable":true,"href":"https:\/\/www.region-schwabach.de\/wordpress\/wp-json\/wp\/v2\/users\/1"}],"replies":[{"embeddable":true,"href":"https:\/\/www.region-schwabach.de\/wordpress\/wp-json\/wp\/v2\/comments?post=187708"}],"version-history":[{"count":0,"href":"https:\/\/www.region-schwabach.de\/wordpress\/wp-json\/wp\/v2\/posts\/187708\/revisions"}],"wp:featuredmedia":[{"embeddable":true,"href":"https:\/\/www.region-schwabach.de\/wordpress\/wp-json\/wp\/v2\/media\/187709"}],"wp:attachment":[{"href":"https:\/\/www.region-schwabach.de\/wordpress\/wp-json\/wp\/v2\/media?parent=187708"}],"wp:term":[{"taxonomy":"category","embeddable":true,"href":"https:\/\/www.region-schwabach.de\/wordpress\/wp-json\/wp\/v2\/categories?post=187708"},{"taxonomy":"post_tag","embeddable":true,"href":"https:\/\/www.region-schwabach.de\/wordpress\/wp-json\/wp\/v2\/tags?post=187708"}],"curies":[{"name":"wp","href":"https:\/\/api.w.org\/{rel}","templated":true}]}}