{"id":187744,"date":"2022-11-12T02:15:00","date_gmt":"2022-11-12T01:15:00","guid":{"rendered":"https:\/\/www.region-schwabach.de\/wordpress\/?p=187744"},"modified":"2022-11-11T22:12:54","modified_gmt":"2022-11-11T21:12:54","slug":"lesart-am-samstag-den-12-november-2022-um-19-30-uhr-im-burgerhaus-in-schwabach","status":"publish","type":"post","link":"https:\/\/www.region-schwabach.de\/wordpress\/lesart-am-samstag-den-12-november-2022-um-19-30-uhr-im-burgerhaus-in-schwabach\/","title":{"rendered":"LesArt am Samstag, den 12. November 2022, um 19.30 Uhr im B\u00fcrgerhaus in Schwabach"},"content":{"rendered":"\t\t<div data-elementor-type=\"wp-post\" data-elementor-id=\"187744\" class=\"elementor elementor-187744\">\n\t\t\t\t\t\t<section class=\"elementor-section elementor-top-section elementor-element elementor-element-678181b elementor-section-boxed elementor-section-height-default elementor-section-height-default\" data-id=\"678181b\" data-element_type=\"section\">\n\t\t\t\t\t\t<div class=\"elementor-container elementor-column-gap-default\">\n\t\t\t\t\t<div class=\"elementor-column elementor-col-66 elementor-top-column elementor-element elementor-element-6b34026\" data-id=\"6b34026\" data-element_type=\"column\">\n\t\t\t<div class=\"elementor-widget-wrap elementor-element-populated\">\n\t\t\t\t\t\t<div class=\"elementor-element elementor-element-443ab98 elementor-widget elementor-widget-text-editor\" data-id=\"443ab98\" data-element_type=\"widget\" data-widget_type=\"text-editor.default\">\n\t\t\t\t<div class=\"elementor-widget-container\">\n\t\t\t\t\t\t\t<h3>Samstag, den 12. November 2022, um 19.30 Uhr im B\u00fcrgerhaus:\u00a0\u00a0<br \/>&#8222;Eine Formalie in Kiew&#8220;\u00a0<\/h3><h3>Lesung mit Dmitrij Kapitelman\u00a0<\/h3><p><span style=\"font-size: 12pt;\">Schwabach &#8211;\u00a0Dmitrij Kapitelman kann besser s\u00e4chseln als die Beamtin, bei der er den deutschen Pass beantragt. Nach 25 Jahren als Landsmann \u2013 dem Gro\u00dfteil seines Lebens. Aber der B\u00fcrokratie ist keine Formalie zu klein, wenn es um Einwanderer geht. Frau Kunze verlangt eine Apostille aus Kiew. Also reist er in seine Geburtsstadt, mit der ihn nichts mehr verbindet, au\u00dfer Kindheitserinnerungen. Sch\u00f6n sind diese Erinnerungen, warten doch darin liebende, unfehlbare Eltern. Und schwer, denn gegenw\u00e4rtig ist die Familie zerstritten.<\/span><\/p><p><span style=\"font-size: 12pt;\">\u201eEine Formalie in Kiew\u201c ist die Geschichte einer Familie, die einst voller Hoffnung in die Fremde zog, um ein neues Leben zu beginnen, und am Ende<\/span><br \/><span style=\"font-size: 12pt;\">ohne jede Heimat dasteht. Erz\u00e4hlt mit dem bitters\u00fc\u00dfen Humor eines Sohnes, der stoisch versucht, Deutscher zu werden.<\/span><\/p><p><span style=\"font-size: 12pt;\">Dmitrij Kapitelman, 1986 in Kiew geboren, kam im Alter von acht Jahren mit seiner Familie nach Deutschland. Er studierte Politikwissenschaft und Soziologie an der Uni Leipzig und absolvierte die Deutsche Journalistenschule in M\u00fcnchen. Heute arbeitet er als freier Journalist. 2016 erschien sein erstes, erfolgreiches Buch \u201eDas L\u00e4cheln meines unsichtbaren Vaters\u201c, f\u00fcr das er den Klaus-Michael K\u00fchne-Preis gewann.\u00a0<\/span><\/p><table style=\"border-collapse: collapse; width: 100%;\" border=\"1\"><tbody><tr><td style=\"width: 25%;\"><span style=\"font-size: 12pt;\"><a href=\"https:\/\/www.region-schwabach.de\/wordpress\/wp-content\/uploads\/2022\/11\/LesArt_2022_Kapitelman_Dmitrij_c_Christian_Werner-1.jpg\"><img fetchpriority=\"high\" decoding=\"async\" class=\"aligncenter size-full wp-image-187750\" src=\"https:\/\/www.region-schwabach.de\/wordpress\/wp-content\/uploads\/2022\/11\/LesArt_2022_Kapitelman_Dmitrij_c_Christian_Werner-1.jpg\" alt=\"\" width=\"789\" height=\"1191\" srcset=\"https:\/\/www.region-schwabach.de\/wordpress\/wp-content\/uploads\/2022\/11\/LesArt_2022_Kapitelman_Dmitrij_c_Christian_Werner-1.jpg 789w, https:\/\/www.region-schwabach.de\/wordpress\/wp-content\/uploads\/2022\/11\/LesArt_2022_Kapitelman_Dmitrij_c_Christian_Werner-1-199x300.jpg 199w, https:\/\/www.region-schwabach.de\/wordpress\/wp-content\/uploads\/2022\/11\/LesArt_2022_Kapitelman_Dmitrij_c_Christian_Werner-1-678x1024.jpg 678w, https:\/\/www.region-schwabach.de\/wordpress\/wp-content\/uploads\/2022\/11\/LesArt_2022_Kapitelman_Dmitrij_c_Christian_Werner-1-768x1159.jpg 768w\" sizes=\"(max-width: 789px) 100vw, 789px\" \/><\/a>Foto: Dmitrij Kapitelman_\u00a9_Christian Werner<\/span><\/td><td style=\"width: 50%; text-align: left; vertical-align: middle;\"><p><strong><span style=\"font-size: 12pt;\">Samstag, 12.11.2022, 19.30 Uhr, B\u00fcrgerhaus<\/span><\/strong><\/p><p><strong><span style=\"font-size: 12pt;\">Lesung mit Dmitrij Kapitelman \u00a0<\/span><\/strong><\/p><p><strong><span style=\"font-size: 12pt;\">\u201eEine Formalie in Kiew\u201c\u00a0<\/span><\/strong><\/p><p><a href=\"https:\/\/www.schwabach.de\/de\/kulturamt\/infoseiten-kulturamt\/11122-26-lesart-dmitrij-kapitelman-eine-formalie-in-kiew.html\" target=\"_blank\" rel=\"noopener\"><strong><span style=\"font-size: 12pt;\">Weitere Infos gibt es hier &#8230;\u00a0<\/span><\/strong><\/a><\/p><\/td><\/tr><\/tbody><\/table><h3>Weiterf\u00fchrende Links:<\/h3><p><span style=\"font-size: 12pt;\"><a href=\"https:\/\/www.schwabach.de\/de\/infoseiten-kulturportal\/11100-26-lesart-kartenverkauf.html\" target=\"_blank\" rel=\"noopener\">Alle Infos zum Kartenverkauf gibt es hier &#8230;\u00a0<\/a><\/span><\/p>\t\t\t\t\t\t<\/div>\n\t\t\t\t<\/div>\n\t\t\t\t<div class=\"elementor-element elementor-element-fc55cc3 elementor-widget elementor-widget-shortcode\" data-id=\"fc55cc3\" data-element_type=\"widget\" data-widget_type=\"shortcode.default\">\n\t\t\t\t<div class=\"elementor-widget-container\">\n\t\t\t\t\t<div class=\"elementor-shortcode\"><center><a href=\"https:\/\/a.partner-versicherung.de\/click.php?partner_id=19992&ad_id=441&deep=kfz-versicherung\"  target=\"_blank\"><img decoding=\"async\" src=\"https:\/\/a.partner-versicherung.de\/view.php?partner_id=19992&ad_id=441\" ><\/a><\/center><\/div>\n\t\t\t\t<\/div>\n\t\t\t\t<\/div>\n\t\t\t\t\t<\/div>\n\t\t<\/div>\n\t\t\t\t<div class=\"elementor-column elementor-col-33 elementor-top-column elementor-element elementor-element-f645137\" data-id=\"f645137\" data-element_type=\"column\">\n\t\t\t<div class=\"elementor-widget-wrap elementor-element-populated\">\n\t\t\t\t\t\t<div class=\"elementor-element elementor-element-46aa455 elementor-widget elementor-widget-heading\" data-id=\"46aa455\" data-element_type=\"widget\" data-widget_type=\"heading.default\">\n\t\t\t\t<div class=\"elementor-widget-container\">\n\t\t\t<h3 class=\"elementor-heading-title elementor-size-default\">Schnell vergleichen und sparen!<\/h3>\t\t<\/div>\n\t\t\t\t<\/div>\n\t\t\t\t<div class=\"elementor-element elementor-element-7109c22 elementor-widget elementor-widget-wp-widget-advads_ad_widget\" data-id=\"7109c22\" data-element_type=\"widget\" data-widget_type=\"wp-widget-advads_ad_widget.default\">\n\t\t\t\t<div class=\"elementor-widget-container\">\n\t\t\t<div id=\"regio-2222660534\"><div class=\"regio-adlabel\">Werbung<\/div><!-- Beginn https:\/\/www.financeads.net\/-Code --><a href=\"https:\/\/www.financeads.net\/tc.php?t=36648C236142529B\" target=\"_blank\"><img decoding=\"async\" src=\"https:\/\/www.financeads.net\/tb.php?t=36648V236142529B&https=1\" alt=\"\" border=\"0\" width=\"300\" height=\"250\"><\/a><!-- Ende https:\/\/www.financeads.net\/-Code --><\/div>\t\t<\/div>\n\t\t\t\t<\/div>\n\t\t\t\t<div class=\"elementor-element elementor-element-1c90843 elementor-widget elementor-widget-wp-widget-advads_ad_widget\" data-id=\"1c90843\" data-element_type=\"widget\" data-widget_type=\"wp-widget-advads_ad_widget.default\">\n\t\t\t\t<div class=\"elementor-widget-container\">\n\t\t\t<div id=\"regio-4091747681\"><div class=\"regio-adlabel\">Werbung<\/div><!-- Beginn https:\/\/www.financeads.net\/-Code --><a href=\"https:\/\/www.financeads.net\/tc.php?t=36648C42614510B\" target=\"_blank\"><img decoding=\"async\" src=\"https:\/\/www.financeads.net\/tb.php?t=36648V42614510B&https=1\" alt=\"\" border=\"0\" width=\"200\" height=\"300\"><\/a><!-- Ende https:\/\/www.financeads.net\/-Code --><\/div>\t\t<\/div>\n\t\t\t\t<\/div>\n\t\t\t\t<div class=\"elementor-element elementor-element-f9ebf1f elementor-widget elementor-widget-wp-widget-advads_ad_widget\" data-id=\"f9ebf1f\" data-element_type=\"widget\" data-widget_type=\"wp-widget-advads_ad_widget.default\">\n\t\t\t\t<div class=\"elementor-widget-container\">\n\t\t\t<div id=\"regio-130399728\"><div class=\"regio-adlabel\">Werbung<\/div><!-- Beginn https:\/\/www.financeads.net\/-Code --><a href=\"https:\/\/www.financeads.net\/tc.php?t=36648C205040072B\" target=\"_blank\"><img loading=\"lazy\" decoding=\"async\" src=\"https:\/\/www.financeads.net\/tb.php?t=36648V205040072B&https=1\" alt=\"\" border=\"0\" width=\"300\" height=\"250\"><\/a><!-- Ende https:\/\/www.financeads.net\/-Code --><\/div>\t\t<\/div>\n\t\t\t\t<\/div>\n\t\t\t\t<div class=\"elementor-element elementor-element-2d72782 elementor-widget elementor-widget-wp-widget-advads_ad_widget\" data-id=\"2d72782\" data-element_type=\"widget\" data-widget_type=\"wp-widget-advads_ad_widget.default\">\n\t\t\t\t<div class=\"elementor-widget-container\">\n\t\t\t<div id=\"regio-1679429352\"><div class=\"regio-adlabel\">Werbung<\/div><!-- Beginn https:\/\/www.financeads.net\/-Code --><a href=\"https:\/\/www.financeads.net\/tc.php?t=36648C271460142B\" target=\"_blank\"><img loading=\"lazy\" decoding=\"async\" src=\"https:\/\/www.financeads.net\/tb.php?t=36648V271460142B&https=1\" alt=\"PETPROTECT_Hund&Katze_Banner\" border=\"0\" width=\"250\" height=\"250\"><\/a><!-- Ende https:\/\/www.financeads.net\/-Code --><\/div>\t\t<\/div>\n\t\t\t\t<\/div>\n\t\t\t\t\t<\/div>\n\t\t<\/div>\n\t\t\t\t\t<\/div>\n\t\t<\/section>\n\t\t\t\t<\/div>\n\t\t","protected":false},"excerpt":{"rendered":"<div class=\"mh-excerpt\"><p>Samstag, den 12. November 2022, um 19.30 Uhr im B\u00fcrgerhaus:&nbsp;&nbsp; &#8222;Eine Formalie in Kiew&#8220;&nbsp; Lesung mit Dmitrij Kapitelman&nbsp; Schwabach &#8211;&nbsp;Dmitrij Kapitelman kann besser s\u00e4chseln als die Beamtin, bei der er den deutschen Pass beantragt. Nach <a class=\"mh-excerpt-more\" href=\"https:\/\/www.region-schwabach.de\/wordpress\/lesart-am-samstag-den-12-november-2022-um-19-30-uhr-im-burgerhaus-in-schwabach\/\" title=\"LesArt am Samstag, den 12. November 2022, um 19.30 Uhr im B\u00fcrgerhaus in Schwabach\">[&#8230;]<\/a><\/p>\n<\/div>","protected":false},"author":1,"featured_media":187745,"comment_status":"open","ping_status":"open","sticky":false,"template":"","format":"standard","meta":{"_cbd_carousel_blocks":"[]","footnotes":""},"categories":[16,287,61,231],"tags":[20893,20892,12749,20915,20916,6364,522,311,4275,20768,1480,19],"class_list":{"0":"post-187744","1":"post","2":"type-post","3":"status-publish","4":"format-standard","5":"has-post-thumbnail","7":"category-aktuell","8":"category-jugend-und-familie","9":"category-rathaus","10":"category-veranstaltungsnews","11":"tag-12-november-2022","12":"tag-12-11-2022","13":"tag-autor","14":"tag-dmitrij-kapitelman","15":"tag-eine-formalie-in-kiew","16":"tag-journalist","17":"tag-koenigsplatz","18":"tag-lesart","19":"tag-lesung","20":"tag-november-2022","21":"tag-rathaus","22":"tag-schwabach"},"_links":{"self":[{"href":"https:\/\/www.region-schwabach.de\/wordpress\/wp-json\/wp\/v2\/posts\/187744","targetHints":{"allow":["GET"]}}],"collection":[{"href":"https:\/\/www.region-schwabach.de\/wordpress\/wp-json\/wp\/v2\/posts"}],"about":[{"href":"https:\/\/www.region-schwabach.de\/wordpress\/wp-json\/wp\/v2\/types\/post"}],"author":[{"embeddable":true,"href":"https:\/\/www.region-schwabach.de\/wordpress\/wp-json\/wp\/v2\/users\/1"}],"replies":[{"embeddable":true,"href":"https:\/\/www.region-schwabach.de\/wordpress\/wp-json\/wp\/v2\/comments?post=187744"}],"version-history":[{"count":0,"href":"https:\/\/www.region-schwabach.de\/wordpress\/wp-json\/wp\/v2\/posts\/187744\/revisions"}],"wp:featuredmedia":[{"embeddable":true,"href":"https:\/\/www.region-schwabach.de\/wordpress\/wp-json\/wp\/v2\/media\/187745"}],"wp:attachment":[{"href":"https:\/\/www.region-schwabach.de\/wordpress\/wp-json\/wp\/v2\/media?parent=187744"}],"wp:term":[{"taxonomy":"category","embeddable":true,"href":"https:\/\/www.region-schwabach.de\/wordpress\/wp-json\/wp\/v2\/categories?post=187744"},{"taxonomy":"post_tag","embeddable":true,"href":"https:\/\/www.region-schwabach.de\/wordpress\/wp-json\/wp\/v2\/tags?post=187744"}],"curies":[{"name":"wp","href":"https:\/\/api.w.org\/{rel}","templated":true}]}}