{"id":187829,"date":"2022-11-13T02:15:00","date_gmt":"2022-11-13T01:15:00","guid":{"rendered":"https:\/\/www.region-schwabach.de\/wordpress\/?p=187829"},"modified":"2022-11-12T20:52:20","modified_gmt":"2022-11-12T19:52:20","slug":"lesart-am-sonntag-den-13-november-2022-um-19-30-uhr-im-burgerhaus-in-schwabach","status":"publish","type":"post","link":"https:\/\/www.region-schwabach.de\/wordpress\/lesart-am-sonntag-den-13-november-2022-um-19-30-uhr-im-burgerhaus-in-schwabach\/","title":{"rendered":"LesArt am Sonntag, den 13. November 2022, um 19.30 Uhr im B\u00fcrgerhaus in Schwabach"},"content":{"rendered":"\t\t<div data-elementor-type=\"wp-post\" data-elementor-id=\"187829\" class=\"elementor elementor-187829\">\n\t\t\t\t\t\t<section class=\"elementor-section elementor-top-section elementor-element elementor-element-678181b elementor-section-boxed elementor-section-height-default elementor-section-height-default\" data-id=\"678181b\" data-element_type=\"section\">\n\t\t\t\t\t\t<div class=\"elementor-container elementor-column-gap-default\">\n\t\t\t\t\t<div class=\"elementor-column elementor-col-66 elementor-top-column elementor-element elementor-element-6b34026\" data-id=\"6b34026\" data-element_type=\"column\">\n\t\t\t<div class=\"elementor-widget-wrap elementor-element-populated\">\n\t\t\t\t\t\t<div class=\"elementor-element elementor-element-443ab98 elementor-widget elementor-widget-text-editor\" data-id=\"443ab98\" data-element_type=\"widget\" data-widget_type=\"text-editor.default\">\n\t\t\t\t<div class=\"elementor-widget-container\">\n\t\t\t\t\t\t\t<h3>Sonntag, den 13. November 2022, um 19.30 Uhr im B\u00fcrgerhaus:\u00a0\u00a0<br \/>&#8222;Ein Leben lang&#8220;\u00a0<\/h3><h3>Lesung mit Christoph Poschenrieder<\/h3><p><span style=\"font-size: 12pt;\">Schwabach &#8211;\u00a0Ein guter Freund wird des Mordes angeklagt. Was passiert mit einem selbst, was passiert mit der Clique, die von Kindheit an eine verschworene Gemeinschaft war \u2013 und wie weit tr\u00e4gt die Loyalit\u00e4t? Inspiriert von einem wahren Gerichtsfall, der in den Nullerjahren in Deutschland f\u00fcr gro\u00dfes Aufsehen sorgte, geht Christoph Poschenrieder diesen Fragen nach. Dabei steht nicht so sehr das Thema der Schuld im Vordergrund als vielmehr der Umgang aller Beteiligten mit einer fundamentalen Verunsicherung. Wenn du dem Freund nicht mehr traust, kannst du dir selbst noch trauen?<\/span><\/p><p><span style=\"font-size: 12pt;\">Christoph Poschenrieder, geboren 1964 bei Boston, studierte Philosophie in M\u00fcnchen und Journalismus in New York. Seit 1993 arbeitet er als freier Journalist und Autor von Dokumentarfilmen. Heute konzentriert er sich auf das literarische Schreiben. Sein Deb\u00fct \u201eDie Welt ist im Kopf\u201c wurde vom Feuilleton gefeiert und war auch international erfolgreich. Mit \u201eDas Sandkorn\u201c war er 2014 f\u00fcr den Deutschen Buchpreis nominiert.\u00a0<\/span><\/p><table style=\"border-collapse: collapse; width: 100%;\" border=\"1\"><tbody><tr><td style=\"width: 25%;\"><span style=\"font-size: 12pt;\"><a href=\"https:\/\/www.region-schwabach.de\/wordpress\/wp-content\/uploads\/2022\/11\/LesArt_2022_Christoph_Poschenrieder_\u00a9_Daniela_Agostini-1.jpg\"><img fetchpriority=\"high\" decoding=\"async\" class=\"aligncenter size-full wp-image-187842\" src=\"https:\/\/www.region-schwabach.de\/wordpress\/wp-content\/uploads\/2022\/11\/LesArt_2022_Christoph_Poschenrieder_\u00a9_Daniela_Agostini-1.jpg\" alt=\"\" width=\"666\" height=\"477\" srcset=\"https:\/\/www.region-schwabach.de\/wordpress\/wp-content\/uploads\/2022\/11\/LesArt_2022_Christoph_Poschenrieder_\u00a9_Daniela_Agostini-1.jpg 666w, https:\/\/www.region-schwabach.de\/wordpress\/wp-content\/uploads\/2022\/11\/LesArt_2022_Christoph_Poschenrieder_\u00a9_Daniela_Agostini-1-300x215.jpg 300w\" sizes=\"(max-width: 666px) 100vw, 666px\" \/><\/a>Foto: Christoph Poschenrieder \u00a9Daniela Agostini\u00a0<\/span><\/td><td style=\"width: 50%; text-align: left; vertical-align: middle;\"><p><strong><span style=\"font-size: 12pt;\">Sonntag, 13.11.2022, 19.30 Uhr, B\u00fcrgerhaus<\/span><\/strong><\/p><p><strong><span style=\"font-size: 12pt;\">Lesung mit Christoph Poschenrieder \u00a0<\/span><\/strong><\/p><p><strong><span style=\"font-size: 12pt;\">\u201eEin Leben lang\u201c\u00a0<\/span><\/strong><\/p><p><a href=\"https:\/\/www.schwabach.de\/de\/kulturamt\/infoseiten-kulturamt\/11124-26-lesart-christoph-poschenrieder-ein-leben-lang.html\" target=\"_blank\" rel=\"noopener\"><strong><span style=\"font-size: 12pt;\">Weitere Infos gibt es hier &#8230;\u00a0<\/span><\/strong><\/a><\/p><p>Christoph_Poschenrieder_\u00a9_Daniela_Agostini<\/p><\/td><\/tr><\/tbody><\/table><h3>Weiterf\u00fchrende Links:<\/h3><p><span style=\"font-size: 12pt;\"><a href=\"https:\/\/www.schwabach.de\/de\/infoseiten-kulturportal\/11100-26-lesart-kartenverkauf.html\" target=\"_blank\" rel=\"noopener\">Alle Infos zum Kartenverkauf gibt es hier &#8230;\u00a0<\/a><\/span><\/p>\t\t\t\t\t\t<\/div>\n\t\t\t\t<\/div>\n\t\t\t\t<div class=\"elementor-element elementor-element-fc55cc3 elementor-widget elementor-widget-shortcode\" data-id=\"fc55cc3\" data-element_type=\"widget\" data-widget_type=\"shortcode.default\">\n\t\t\t\t<div class=\"elementor-widget-container\">\n\t\t\t\t\t<div class=\"elementor-shortcode\"><center><a href=\"https:\/\/a.partner-versicherung.de\/click.php?partner_id=19992&ad_id=441&deep=kfz-versicherung\"  target=\"_blank\"><img decoding=\"async\" src=\"https:\/\/a.partner-versicherung.de\/view.php?partner_id=19992&ad_id=441\" ><\/a><\/center><\/div>\n\t\t\t\t<\/div>\n\t\t\t\t<\/div>\n\t\t\t\t\t<\/div>\n\t\t<\/div>\n\t\t\t\t<div class=\"elementor-column elementor-col-33 elementor-top-column elementor-element elementor-element-f645137\" data-id=\"f645137\" data-element_type=\"column\">\n\t\t\t<div class=\"elementor-widget-wrap elementor-element-populated\">\n\t\t\t\t\t\t<div class=\"elementor-element elementor-element-46aa455 elementor-widget elementor-widget-heading\" data-id=\"46aa455\" data-element_type=\"widget\" data-widget_type=\"heading.default\">\n\t\t\t\t<div class=\"elementor-widget-container\">\n\t\t\t<h3 class=\"elementor-heading-title elementor-size-default\">Schnell vergleichen und sparen!<\/h3>\t\t<\/div>\n\t\t\t\t<\/div>\n\t\t\t\t<div class=\"elementor-element elementor-element-7109c22 elementor-widget elementor-widget-wp-widget-advads_ad_widget\" data-id=\"7109c22\" data-element_type=\"widget\" data-widget_type=\"wp-widget-advads_ad_widget.default\">\n\t\t\t\t<div class=\"elementor-widget-container\">\n\t\t\t<div id=\"regio-872690483\"><div class=\"regio-adlabel\">Werbung<\/div><!-- Beginn https:\/\/www.financeads.net\/-Code --><a href=\"https:\/\/www.financeads.net\/tc.php?t=36648C236142529B\" target=\"_blank\"><img decoding=\"async\" src=\"https:\/\/www.financeads.net\/tb.php?t=36648V236142529B&https=1\" alt=\"\" border=\"0\" width=\"300\" height=\"250\"><\/a><!-- Ende https:\/\/www.financeads.net\/-Code --><\/div>\t\t<\/div>\n\t\t\t\t<\/div>\n\t\t\t\t<div class=\"elementor-element elementor-element-1c90843 elementor-widget elementor-widget-wp-widget-advads_ad_widget\" data-id=\"1c90843\" data-element_type=\"widget\" data-widget_type=\"wp-widget-advads_ad_widget.default\">\n\t\t\t\t<div class=\"elementor-widget-container\">\n\t\t\t<div id=\"regio-3507789204\"><div class=\"regio-adlabel\">Werbung<\/div><!-- Beginn https:\/\/www.financeads.net\/-Code --><a href=\"https:\/\/www.financeads.net\/tc.php?t=36648C42614510B\" target=\"_blank\"><img decoding=\"async\" src=\"https:\/\/www.financeads.net\/tb.php?t=36648V42614510B&https=1\" alt=\"\" border=\"0\" width=\"200\" height=\"300\"><\/a><!-- Ende https:\/\/www.financeads.net\/-Code --><\/div>\t\t<\/div>\n\t\t\t\t<\/div>\n\t\t\t\t<div class=\"elementor-element elementor-element-f9ebf1f elementor-widget elementor-widget-wp-widget-advads_ad_widget\" data-id=\"f9ebf1f\" data-element_type=\"widget\" data-widget_type=\"wp-widget-advads_ad_widget.default\">\n\t\t\t\t<div class=\"elementor-widget-container\">\n\t\t\t<div id=\"regio-2466530593\"><div class=\"regio-adlabel\">Werbung<\/div><!-- Beginn https:\/\/www.financeads.net\/-Code --><a href=\"https:\/\/www.financeads.net\/tc.php?t=36648C205040072B\" target=\"_blank\"><img loading=\"lazy\" decoding=\"async\" src=\"https:\/\/www.financeads.net\/tb.php?t=36648V205040072B&https=1\" alt=\"\" border=\"0\" width=\"300\" height=\"250\"><\/a><!-- Ende https:\/\/www.financeads.net\/-Code --><\/div>\t\t<\/div>\n\t\t\t\t<\/div>\n\t\t\t\t<div class=\"elementor-element elementor-element-2d72782 elementor-widget elementor-widget-wp-widget-advads_ad_widget\" data-id=\"2d72782\" data-element_type=\"widget\" data-widget_type=\"wp-widget-advads_ad_widget.default\">\n\t\t\t\t<div class=\"elementor-widget-container\">\n\t\t\t<div id=\"regio-870211687\"><div class=\"regio-adlabel\">Werbung<\/div><!-- Beginn https:\/\/www.financeads.net\/-Code --><a href=\"https:\/\/www.financeads.net\/tc.php?t=36648C271460142B\" target=\"_blank\"><img loading=\"lazy\" decoding=\"async\" src=\"https:\/\/www.financeads.net\/tb.php?t=36648V271460142B&https=1\" alt=\"PETPROTECT_Hund&Katze_Banner\" border=\"0\" width=\"250\" height=\"250\"><\/a><!-- Ende https:\/\/www.financeads.net\/-Code --><\/div>\t\t<\/div>\n\t\t\t\t<\/div>\n\t\t\t\t\t<\/div>\n\t\t<\/div>\n\t\t\t\t\t<\/div>\n\t\t<\/section>\n\t\t\t\t<\/div>\n\t\t","protected":false},"excerpt":{"rendered":"<div class=\"mh-excerpt\"><p>Sonntag, den 13. November 2022, um 19.30 Uhr im B\u00fcrgerhaus:\u00a0\u00a0&#8222;Ein Leben lang&#8220;\u00a0 Lesung mit Christoph Poschenrieder Schwabach &#8211;\u00a0Ein guter Freund wird des Mordes angeklagt. Was passiert mit einem selbst, was passiert mit der Clique, die <a class=\"mh-excerpt-more\" href=\"https:\/\/www.region-schwabach.de\/wordpress\/lesart-am-sonntag-den-13-november-2022-um-19-30-uhr-im-burgerhaus-in-schwabach\/\" title=\"LesArt am Sonntag, den 13. November 2022, um 19.30 Uhr im B\u00fcrgerhaus in Schwabach\">[&#8230;]<\/a><\/p>\n<\/div>","protected":false},"author":1,"featured_media":187840,"comment_status":"open","ping_status":"open","sticky":false,"template":"","format":"standard","meta":{"_cbd_carousel_blocks":"[]","footnotes":""},"categories":[16,287,61,231],"tags":[20891,20890,12749,20924,20925,6364,522,311,4275,20768,1480,19],"class_list":{"0":"post-187829","1":"post","2":"type-post","3":"status-publish","4":"format-standard","5":"has-post-thumbnail","7":"category-aktuell","8":"category-jugend-und-familie","9":"category-rathaus","10":"category-veranstaltungsnews","11":"tag-13-november-2022","12":"tag-13-11-2022","13":"tag-autor","14":"tag-christoph-poschenrieder","15":"tag-ein-leben-lang","16":"tag-journalist","17":"tag-koenigsplatz","18":"tag-lesart","19":"tag-lesung","20":"tag-november-2022","21":"tag-rathaus","22":"tag-schwabach"},"_links":{"self":[{"href":"https:\/\/www.region-schwabach.de\/wordpress\/wp-json\/wp\/v2\/posts\/187829","targetHints":{"allow":["GET"]}}],"collection":[{"href":"https:\/\/www.region-schwabach.de\/wordpress\/wp-json\/wp\/v2\/posts"}],"about":[{"href":"https:\/\/www.region-schwabach.de\/wordpress\/wp-json\/wp\/v2\/types\/post"}],"author":[{"embeddable":true,"href":"https:\/\/www.region-schwabach.de\/wordpress\/wp-json\/wp\/v2\/users\/1"}],"replies":[{"embeddable":true,"href":"https:\/\/www.region-schwabach.de\/wordpress\/wp-json\/wp\/v2\/comments?post=187829"}],"version-history":[{"count":0,"href":"https:\/\/www.region-schwabach.de\/wordpress\/wp-json\/wp\/v2\/posts\/187829\/revisions"}],"wp:featuredmedia":[{"embeddable":true,"href":"https:\/\/www.region-schwabach.de\/wordpress\/wp-json\/wp\/v2\/media\/187840"}],"wp:attachment":[{"href":"https:\/\/www.region-schwabach.de\/wordpress\/wp-json\/wp\/v2\/media?parent=187829"}],"wp:term":[{"taxonomy":"category","embeddable":true,"href":"https:\/\/www.region-schwabach.de\/wordpress\/wp-json\/wp\/v2\/categories?post=187829"},{"taxonomy":"post_tag","embeddable":true,"href":"https:\/\/www.region-schwabach.de\/wordpress\/wp-json\/wp\/v2\/tags?post=187829"}],"curies":[{"name":"wp","href":"https:\/\/api.w.org\/{rel}","templated":true}]}}