{"id":188680,"date":"2022-11-24T01:15:13","date_gmt":"2022-11-24T00:15:13","guid":{"rendered":"https:\/\/www.region-schwabach.de\/wordpress\/?p=188680"},"modified":"2022-11-23T20:15:28","modified_gmt":"2022-11-23T19:15:28","slug":"online-veranstaltung-zu-cyber-kriminalitat-und-digitale-gewalt-am-donnerstag-den-24-november","status":"publish","type":"post","link":"https:\/\/www.region-schwabach.de\/wordpress\/online-veranstaltung-zu-cyber-kriminalitat-und-digitale-gewalt-am-donnerstag-den-24-november\/","title":{"rendered":"Online-Veranstaltung zu Cyber-Kriminalit\u00e4t und digitale Gewalt am Donnerstag. den 24. November"},"content":{"rendered":"\t\t<div data-elementor-type=\"wp-post\" data-elementor-id=\"188680\" class=\"elementor elementor-188680\">\n\t\t\t\t\t\t<section class=\"elementor-section elementor-top-section elementor-element elementor-element-1cuv9jr elementor-section-boxed elementor-section-height-default elementor-section-height-default\" data-id=\"1cuv9jr\" data-element_type=\"section\">\n\t\t\t\t\t\t<div class=\"elementor-container elementor-column-gap-default\">\n\t\t\t\t\t<div class=\"elementor-column elementor-col-50 elementor-top-column elementor-element elementor-element-q5zak7b\" data-id=\"q5zak7b\" data-element_type=\"column\">\n\t\t\t<div class=\"elementor-widget-wrap elementor-element-populated\">\n\t\t\t\t\t\t<div class=\"elementor-element elementor-element-dcef279 elementor-widget elementor-widget-wp-widget-advads_ad_widget\" data-id=\"dcef279\" data-element_type=\"widget\" data-widget_type=\"wp-widget-advads_ad_widget.default\">\n\t\t\t\t<div class=\"elementor-widget-container\">\n\t\t\t<div id=\"regio-310464577\"><div class=\"regio-adlabel\">Werbung<\/div><center><a href=\"https:\/\/a.partner-versicherung.de\/click.php?partner_id=19992&ad_id=1578&deep=kreditkarten\"  target=\"_blank\"><img decoding=\"async\" src=\"https:\/\/a.partner-versicherung.de\/view.php?partner_id=19992&ad_id=1578\" ><\/a><\/center><\/div>\t\t<\/div>\n\t\t\t\t<\/div>\n\t\t\t\t<div class=\"elementor-element elementor-element-a4daeae elementor-widget elementor-widget-text-editor\" data-id=\"a4daeae\" data-element_type=\"widget\" data-widget_type=\"text-editor.default\">\n\t\t\t\t<div class=\"elementor-widget-container\">\n\t\t\t\t\t\t\t<h3><span id=\"page41R_mcid12\" class=\"markedContent\"><span id=\"page3R_mcid10\" class=\"markedContent\"><span dir=\"ltr\" role=\"presentation\">Online<\/span><span dir=\"ltr\" role=\"presentation\">&#8211;<\/span><span dir=\"ltr\" role=\"presentation\">Veranstaltung<\/span> <span dir=\"ltr\" role=\"presentation\">am Donnerstag, den 24. November 2022:\u00a0<\/span><\/span><span id=\"page3R_mcid11\" class=\"markedContent\"><br role=\"presentation\" \/><span dir=\"ltr\" role=\"presentation\">Schutz vor<\/span> <span dir=\"ltr\" role=\"presentation\">Cybercrime und digitale Gewalt<\/span><\/span><\/span><\/h3><p><span style=\"font-size: 12pt;\">Schwabach &#8211; <span id=\"page3R_mcid12\" class=\"markedContent\"><span dir=\"ltr\" role=\"presentation\">Gewalt verlagert sich zunehmend in den digitalen Raum und<\/span> <span dir=\"ltr\" role=\"presentation\">betrifft vor <\/span><span dir=\"ltr\" role=\"presentation\">allem Frauen. Was bedeutet digitale Gewalt, wie ist ein Umgang mit <\/span><span dir=\"ltr\" role=\"presentation\">dieser Bedrohung sinnvoll und wie sch\u00fctze ich mich vor Angriffen durch <\/span><span dir=\"ltr\" role=\"presentation\">digitale Medien?<\/span> <span dir=\"ltr\" role=\"presentation\">\u2013<\/span> <span dir=\"ltr\" role=\"presentation\">Antworten auf diese Fragen erhalten Interessierte b<\/span><span dir=\"ltr\" role=\"presentation\">ei <\/span><span dir=\"ltr\" role=\"presentation\">einem Online<\/span><span dir=\"ltr\" role=\"presentation\">&#8211;<\/span><span dir=\"ltr\" role=\"presentation\">Vortrag, zu dem die V<\/span><span dir=\"ltr\" role=\"presentation\">orsitzende der st\u00e4dtischen Frauen<\/span><span dir=\"ltr\" role=\"presentation\">&#8211;<\/span><span dir=\"ltr\" role=\"presentation\">kommission, Andrea Hopperdietzel,<\/span> <span dir=\"ltr\" role=\"presentation\">sowie die Gleichstellungsbeauftragte <\/span><span dir=\"ltr\" role=\"presentation\">der Stadt, Sabine Reek<\/span><span dir=\"ltr\" role=\"presentation\">&#8211;<\/span><span dir=\"ltr\" role=\"presentation\">Petersen, einladen.<\/span><\/span><span id=\"page3R_mcid13\" class=\"markedContent\"><\/span><span id=\"page3R_mcid14\" class=\"markedContent\"><br role=\"presentation\" \/><\/span><\/span><\/p><p><span style=\"font-size: 12pt;\"><span id=\"page3R_mcid14\" class=\"markedContent\"><span dir=\"ltr\" role=\"presentation\">Die Online<\/span><span dir=\"ltr\" role=\"presentation\">&#8211;<\/span><span dir=\"ltr\" role=\"presentation\">Veranstaltung findet am Donnerstag, 24. November<\/span><span dir=\"ltr\" role=\"presentation\">,<\/span> <span dir=\"ltr\" role=\"presentation\">von 19.00 <\/span><span dir=\"ltr\" role=\"presentation\">Uhr bis 20.<\/span><span dir=\"ltr\" role=\"presentation\">30 Uhr<\/span> <span dir=\"ltr\" role=\"presentation\">als Web<\/span><span dir=\"ltr\" role=\"presentation\">E<\/span><span dir=\"ltr\" role=\"presentation\">x<\/span><span dir=\"ltr\" role=\"presentation\">&#8211;<\/span><span dir=\"ltr\" role=\"presentation\">Konferenz sta<\/span><span dir=\"ltr\" role=\"presentation\">tt. Interessierte melden<\/span> <span dir=\"ltr\" role=\"presentation\">sich <\/span><span dir=\"ltr\" role=\"presentation\">bitte per E<\/span><span dir=\"ltr\" role=\"presentation\">&#8211;<\/span><span dir=\"ltr\" role=\"presentation\">Mail unter<\/span> <a href=\"mailto:gleichstellungsstelle@schwabach.de\" target=\"_blank\" rel=\"noopener\"><span dir=\"ltr\" role=\"presentation\">gleichstellungsstelle@schwabach.de<\/span><\/a> <span dir=\"ltr\" role=\"presentation\">an, um den <\/span><span dir=\"ltr\" role=\"presentation\">Einwahllink zur Veranstaltung zu erhalten.<\/span><\/span><span id=\"page3R_mcid15\" class=\"markedContent\"><\/span><span id=\"page3R_mcid16\" class=\"markedContent\"><br role=\"presentation\" \/><\/span><\/span><\/p><p><span style=\"font-size: 12pt;\"><span id=\"page3R_mcid16\" class=\"markedContent\"><span dir=\"ltr\" role=\"presentation\">Kriminal<\/span><span dir=\"ltr\" role=\"presentation\">&#8211;<\/span><span dir=\"ltr\" role=\"presentation\">Hauptkommissarin Petzold, Beauftragte der Poli<\/span><span dir=\"ltr\" role=\"presentation\">zei f\u00fcr <\/span><span dir=\"ltr\" role=\"presentation\">Kriminalit\u00e4tsopfer (BPfK) beim Polizeipr\u00e4sidium Mittelfranken, wird in <\/span><span dir=\"ltr\" role=\"presentation\">ihrem Vortrag verschiedene Formen der digitalen Gewalt wie<\/span> <span dir=\"ltr\" role=\"presentation\">etwa <\/span><span dir=\"ltr\" role=\"presentation\">Cyberstalking, Cybermobbing oder Hatespeech erl\u00e4utern und Hand<\/span><span dir=\"ltr\" role=\"presentation\">lungsempfehlungen und praktische Tipps f\u00fcr Betroffene<\/span> <span dir=\"ltr\" role=\"presentation\">geben<\/span><span dir=\"ltr\" role=\"presentation\">.<\/span><\/span><span id=\"page3R_mcid17\" class=\"markedContent\"><br role=\"presentation\" \/><\/span><\/span><\/p><p><span style=\"font-size: 12pt;\"><span id=\"page3R_mcid17\" class=\"markedContent\"><span dir=\"ltr\" role=\"presentation\">Erg\u00e4nzend schildern Magdalena Rei\u00df (Stadtjugendring), Joanna <\/span><span dir=\"ltr\" role=\"presentation\">Baumgarten (<\/span><span dir=\"ltr\" role=\"presentation\">digitale<\/span> <span dir=\"ltr\" role=\"presentation\">Streetworkerin) sowie Mirjam Kutzen (Frauenhaus <\/span><span dir=\"ltr\" role=\"presentation\">Schwabach) anhand von Erfahrungsberichten aus ihrem beruflichen <\/span><span dir=\"ltr\" role=\"presentation\">Alltag, wie h\u00e4ufig und pr\u00e4sent digitale Gewalt f\u00fcr<\/span> <span dir=\"ltr\" role=\"presentation\">Frauen jeden Alters im <\/span><span dir=\"ltr\" role=\"presentation\">t\u00e4glichen Leben ist<\/span><span dir=\"ltr\" role=\"presentation\">.\u00a0<\/span><\/span><\/span><\/p><h3>Weiterf\u00fchrende Infos:\u00a0<\/h3><p><span style=\"font-size: 12pt;\"><a href=\"https:\/\/www.schwabach.de\/de\/stadtverwaltung\/referat-1-interne-dienste-und-schulen\/671-gleichstellungsstelle\/676-einrichtungen-und-sachgebiete\/10408-frauenkommission.html\" target=\"_blank\" rel=\"noopener\">Zur Homepage der Schwabacher Frauenkommission geht&#8217;s hier &#8230;\u00a0<\/a><\/span><\/p><p><span style=\"font-size: 12pt;\"><a href=\"https:\/\/www.schwabach.de\/de\/stadtverwaltung\/oberbuergermeister\/105-gleichstellungsstelle.html\" target=\"_blank\" rel=\"noopener\">Zur Homepage der Schwabacher Gleichstellungsstelle geht&#8217;s hier &#8230;\u00a0<\/a><\/span><\/p>\t\t\t\t\t\t<\/div>\n\t\t\t\t<\/div>\n\t\t\t\t<div class=\"elementor-element elementor-element-6c3f9de elementor-widget elementor-widget-shortcode\" data-id=\"6c3f9de\" data-element_type=\"widget\" data-widget_type=\"shortcode.default\">\n\t\t\t\t<div class=\"elementor-widget-container\">\n\t\t\t\t\t<div class=\"elementor-shortcode\"><center><a href=\"https:\/\/a.partner-versicherung.de\/click.php?partner_id=19992&ad_id=441&deep=kfz-versicherung\"  target=\"_blank\"><img decoding=\"async\" src=\"https:\/\/a.partner-versicherung.de\/view.php?partner_id=19992&ad_id=441\" ><\/a><\/center><\/div>\n\t\t\t\t<\/div>\n\t\t\t\t<\/div>\n\t\t\t\t<div class=\"elementor-element elementor-element-ace1283 elementor-widget-divider--view-line elementor-widget elementor-widget-divider\" data-id=\"ace1283\" data-element_type=\"widget\" data-widget_type=\"divider.default\">\n\t\t\t\t<div class=\"elementor-widget-container\">\n\t\t\t\t\t<div class=\"elementor-divider\">\n\t\t\t<span class=\"elementor-divider-separator\">\n\t\t\t\t\t\t<\/span>\n\t\t<\/div>\n\t\t\t\t<\/div>\n\t\t\t\t<\/div>\n\t\t\t\t<div class=\"elementor-element elementor-element-d33eacb elementor-widget elementor-widget-google_maps\" data-id=\"d33eacb\" data-element_type=\"widget\" data-widget_type=\"google_maps.default\">\n\t\t\t\t<div class=\"elementor-widget-container\">\n\t\t\t\t\t<div class=\"elementor-custom-embed\">\n\t\t\t<iframe loading=\"lazy\"\n\t\t\t\t\tsrc=\"https:\/\/maps.google.com\/maps?q=Schwabach%2C%20Deutschland&#038;t=m&#038;z=14&#038;output=embed&#038;iwloc=near\"\n\t\t\t\t\ttitle=\"Schwabach, Deutschland\"\n\t\t\t\t\taria-label=\"Schwabach, Deutschland\"\n\t\t\t><\/iframe>\n\t\t<\/div>\n\t\t\t\t<\/div>\n\t\t\t\t<\/div>\n\t\t\t\t\t<\/div>\n\t\t<\/div>\n\t\t\t\t<div class=\"elementor-column elementor-col-50 elementor-top-column elementor-element elementor-element-4ce46fb\" data-id=\"4ce46fb\" data-element_type=\"column\">\n\t\t\t<div class=\"elementor-widget-wrap elementor-element-populated\">\n\t\t\t\t\t\t<div class=\"elementor-element elementor-element-38f4e35 elementor-widget elementor-widget-heading\" data-id=\"38f4e35\" data-element_type=\"widget\" data-widget_type=\"heading.default\">\n\t\t\t\t<div class=\"elementor-widget-container\">\n\t\t\t<h3 class=\"elementor-heading-title elementor-size-default\">Schnell vergleichen und sparen!<\/h3>\t\t<\/div>\n\t\t\t\t<\/div>\n\t\t\t\t<div class=\"elementor-element elementor-element-92c49bc elementor-widget elementor-widget-wp-widget-advads_ad_widget\" data-id=\"92c49bc\" data-element_type=\"widget\" data-widget_type=\"wp-widget-advads_ad_widget.default\">\n\t\t\t\t<div class=\"elementor-widget-container\">\n\t\t\t<div id=\"regio-901813580\"><div class=\"regio-adlabel\">Werbung<\/div><!-- Beginn https:\/\/www.financeads.net\/-Code --><a href=\"https:\/\/www.financeads.net\/tc.php?t=36648C236142529B\" target=\"_blank\"><img fetchpriority=\"high\" decoding=\"async\" src=\"https:\/\/www.financeads.net\/tb.php?t=36648V236142529B&https=1\" alt=\"\" border=\"0\" width=\"300\" height=\"250\"><\/a><!-- Ende https:\/\/www.financeads.net\/-Code --><\/div>\t\t<\/div>\n\t\t\t\t<\/div>\n\t\t\t\t<div class=\"elementor-element elementor-element-cb0c78c elementor-widget elementor-widget-wp-widget-advads_ad_widget\" data-id=\"cb0c78c\" data-element_type=\"widget\" data-widget_type=\"wp-widget-advads_ad_widget.default\">\n\t\t\t\t<div class=\"elementor-widget-container\">\n\t\t\t<div id=\"regio-965597515\"><div class=\"regio-adlabel\">Werbung<\/div><!-- Beginn https:\/\/www.financeads.net\/-Code --><a href=\"https:\/\/www.financeads.net\/tc.php?t=36648C42614510B\" target=\"_blank\"><img decoding=\"async\" src=\"https:\/\/www.financeads.net\/tb.php?t=36648V42614510B&https=1\" alt=\"\" border=\"0\" width=\"200\" height=\"300\"><\/a><!-- Ende https:\/\/www.financeads.net\/-Code --><\/div>\t\t<\/div>\n\t\t\t\t<\/div>\n\t\t\t\t<div class=\"elementor-element elementor-element-31c9ced elementor-widget elementor-widget-wp-widget-advads_ad_widget\" data-id=\"31c9ced\" data-element_type=\"widget\" data-widget_type=\"wp-widget-advads_ad_widget.default\">\n\t\t\t\t<div class=\"elementor-widget-container\">\n\t\t\t<div id=\"regio-4796971\"><div class=\"regio-adlabel\">Werbung<\/div><!-- Beginn https:\/\/www.financeads.net\/-Code --><a href=\"https:\/\/www.financeads.net\/tc.php?t=36648C205040072B\" target=\"_blank\"><img decoding=\"async\" src=\"https:\/\/www.financeads.net\/tb.php?t=36648V205040072B&https=1\" alt=\"\" border=\"0\" width=\"300\" height=\"250\"><\/a><!-- Ende https:\/\/www.financeads.net\/-Code --><\/div>\t\t<\/div>\n\t\t\t\t<\/div>\n\t\t\t\t<div class=\"elementor-element elementor-element-0344b9f elementor-widget elementor-widget-wp-widget-advads_ad_widget\" data-id=\"0344b9f\" data-element_type=\"widget\" data-widget_type=\"wp-widget-advads_ad_widget.default\">\n\t\t\t\t<div class=\"elementor-widget-container\">\n\t\t\t<div id=\"regio-2451400876\"><div class=\"regio-adlabel\">Werbung<\/div><!-- Beginn https:\/\/www.financeads.net\/-Code --><a href=\"https:\/\/www.financeads.net\/tc.php?t=36648C271460142B\" target=\"_blank\"><img loading=\"lazy\" decoding=\"async\" src=\"https:\/\/www.financeads.net\/tb.php?t=36648V271460142B&https=1\" alt=\"PETPROTECT_Hund&Katze_Banner\" border=\"0\" width=\"250\" height=\"250\"><\/a><!-- Ende https:\/\/www.financeads.net\/-Code --><\/div>\t\t<\/div>\n\t\t\t\t<\/div>\n\t\t\t\t<div class=\"elementor-element elementor-element-925a101 elementor-widget elementor-widget-wp-widget-advads_ad_widget\" data-id=\"925a101\" data-element_type=\"widget\" data-widget_type=\"wp-widget-advads_ad_widget.default\">\n\t\t\t\t<div class=\"elementor-widget-container\">\n\t\t\t<div id=\"regio-2340014393\"><div class=\"regio-adlabel\">Werbung<\/div><!-- Beginn https:\/\/www.financeads.net\/-Code --><a href=\"https:\/\/www.financeads.net\/tc.php?t=36648C205040072B\" target=\"_blank\"><img decoding=\"async\" src=\"https:\/\/www.financeads.net\/tb.php?t=36648V205040072B&https=1\" alt=\"\" border=\"0\" width=\"300\" height=\"250\"><\/a><!-- Ende https:\/\/www.financeads.net\/-Code --><\/div>\t\t<\/div>\n\t\t\t\t<\/div>\n\t\t\t\t\t<\/div>\n\t\t<\/div>\n\t\t\t\t\t<\/div>\n\t\t<\/section>\n\t\t\t\t<\/div>\n\t\t","protected":false},"excerpt":{"rendered":"<div class=\"mh-excerpt\"><p>Online-Veranstaltung am Donnerstag, den 24. November 2022:&nbsp;Schutz vor Cybercrime und digitale Gewalt Schwabach &#8211; Gewalt verlagert sich zunehmend in den digitalen Raum und betrifft vor allem Frauen. Was bedeutet digitale Gewalt, wie ist ein Umgang <a class=\"mh-excerpt-more\" href=\"https:\/\/www.region-schwabach.de\/wordpress\/online-veranstaltung-zu-cyber-kriminalitat-und-digitale-gewalt-am-donnerstag-den-24-november\/\" title=\"Online-Veranstaltung zu Cyber-Kriminalit\u00e4t und digitale Gewalt am Donnerstag. den 24. November\">[&#8230;]<\/a><\/p>\n<\/div>","protected":false},"author":1,"featured_media":188686,"comment_status":"open","ping_status":"open","sticky":false,"template":"","format":"standard","meta":{"_cbd_carousel_blocks":"[]","footnotes":""},"categories":[16,287,4306,231,46,140],"tags":[21020,21019,4497,21017,21018,6904,6905,1624,4034,16538,19,3012,3151,20,5652],"class_list":{"0":"post-188680","1":"post","2":"type-post","3":"status-publish","4":"format-standard","5":"has-post-thumbnail","7":"category-aktuell","8":"category-jugend-und-familie","9":"category-ratgeber","10":"category-veranstaltungsnews","11":"category-verbaende","12":"category-vereine","13":"tag-24-november-2022","14":"tag-24-11-2022","15":"tag-anmeldung","16":"tag-cyber-kriminalitaet","17":"tag-digitale-gewalt","18":"tag-frauenkommission","19":"tag-gleichstellungsstelle","20":"tag-internet","21":"tag-online","22":"tag-schutz","23":"tag-schwabach","24":"tag-stadt","25":"tag-stadt-schwabach","26":"tag-veranstaltung","27":"tag-vortrag"},"_links":{"self":[{"href":"https:\/\/www.region-schwabach.de\/wordpress\/wp-json\/wp\/v2\/posts\/188680","targetHints":{"allow":["GET"]}}],"collection":[{"href":"https:\/\/www.region-schwabach.de\/wordpress\/wp-json\/wp\/v2\/posts"}],"about":[{"href":"https:\/\/www.region-schwabach.de\/wordpress\/wp-json\/wp\/v2\/types\/post"}],"author":[{"embeddable":true,"href":"https:\/\/www.region-schwabach.de\/wordpress\/wp-json\/wp\/v2\/users\/1"}],"replies":[{"embeddable":true,"href":"https:\/\/www.region-schwabach.de\/wordpress\/wp-json\/wp\/v2\/comments?post=188680"}],"version-history":[{"count":0,"href":"https:\/\/www.region-schwabach.de\/wordpress\/wp-json\/wp\/v2\/posts\/188680\/revisions"}],"wp:featuredmedia":[{"embeddable":true,"href":"https:\/\/www.region-schwabach.de\/wordpress\/wp-json\/wp\/v2\/media\/188686"}],"wp:attachment":[{"href":"https:\/\/www.region-schwabach.de\/wordpress\/wp-json\/wp\/v2\/media?parent=188680"}],"wp:term":[{"taxonomy":"category","embeddable":true,"href":"https:\/\/www.region-schwabach.de\/wordpress\/wp-json\/wp\/v2\/categories?post=188680"},{"taxonomy":"post_tag","embeddable":true,"href":"https:\/\/www.region-schwabach.de\/wordpress\/wp-json\/wp\/v2\/tags?post=188680"}],"curies":[{"name":"wp","href":"https:\/\/api.w.org\/{rel}","templated":true}]}}