{"id":188803,"date":"2022-11-25T01:45:00","date_gmt":"2022-11-25T00:45:00","guid":{"rendered":"https:\/\/www.region-schwabach.de\/wordpress\/?p=188803"},"modified":"2022-11-24T19:58:28","modified_gmt":"2022-11-24T18:58:28","slug":"radionacht-fur-kinder-frisch-verhext-im-aurex-am-freitag-den-25-november-2022","status":"publish","type":"post","link":"https:\/\/www.region-schwabach.de\/wordpress\/radionacht-fur-kinder-frisch-verhext-im-aurex-am-freitag-den-25-november-2022\/","title":{"rendered":"Radionacht f\u00fcr Kinder \u201eFrisch verhext!\u201c im AUREX am Freitag, den 25. November 2022"},"content":{"rendered":"\t\t<div data-elementor-type=\"wp-post\" data-elementor-id=\"188803\" class=\"elementor elementor-188803\">\n\t\t\t\t\t\t<section class=\"elementor-section elementor-top-section elementor-element elementor-element-678181b elementor-section-boxed elementor-section-height-default elementor-section-height-default\" data-id=\"678181b\" data-element_type=\"section\">\n\t\t\t\t\t\t<div class=\"elementor-container elementor-column-gap-default\">\n\t\t\t\t\t<div class=\"elementor-column elementor-col-66 elementor-top-column elementor-element elementor-element-6b34026\" data-id=\"6b34026\" data-element_type=\"column\">\n\t\t\t<div class=\"elementor-widget-wrap elementor-element-populated\">\n\t\t\t\t\t\t<div class=\"elementor-element elementor-element-3b9e237 elementor-widget elementor-widget-wp-widget-advads_ad_widget\" data-id=\"3b9e237\" data-element_type=\"widget\" data-widget_type=\"wp-widget-advads_ad_widget.default\">\n\t\t\t\t<div class=\"elementor-widget-container\">\n\t\t\t<div id=\"regio-4225500114\"><div class=\"regio-adlabel\">Werbung<\/div><center><a href=\"https:\/\/a.partner-versicherung.de\/click.php?partner_id=19992&ad_id=1578&deep=kreditkarten\"  target=\"_blank\"><img decoding=\"async\" src=\"https:\/\/a.partner-versicherung.de\/view.php?partner_id=19992&ad_id=1578\" ><\/a><\/center><\/div>\t\t<\/div>\n\t\t\t\t<\/div>\n\t\t\t\t<div class=\"elementor-element elementor-element-443ab98 elementor-widget elementor-widget-text-editor\" data-id=\"443ab98\" data-element_type=\"widget\" data-widget_type=\"text-editor.default\">\n\t\t\t\t<div class=\"elementor-widget-container\">\n\t\t\t\t\t\t\t<h3><span id=\"page3R_mcid9\" class=\"markedContent\"><span dir=\"ltr\" role=\"presentation\">Am Freitag, den 25. November 2022: <\/span> <\/span><span id=\"page3R_mcid10\" class=\"markedContent\"><br role=\"presentation\" \/><span dir=\"ltr\" role=\"presentation\">Frisch verhext! <\/span><span dir=\"ltr\" role=\"presentation\">\u2013<\/span> <span dir=\"ltr\" role=\"presentation\">Jetzt zur Radionacht anmelden\u00a0<\/span><\/span><\/h3><p><span style=\"font-size: 12pt;\">Schwabach &#8211; <span id=\"page3R_mcid11\" class=\"markedContent\"><span dir=\"ltr\" role=\"presentation\">Nach langer Auszeit findet in Schwabach die \u00dcbernachtung im Rahmen <\/span><span dir=\"ltr\" role=\"presentation\">der <\/span><span dir=\"ltr\" role=\"presentation\">ARD<\/span><span dir=\"ltr\" role=\"presentation\">&#8211;<\/span><span dir=\"ltr\" role=\"presentation\">Radionacht wieder statt <\/span><span dir=\"ltr\" role=\"presentation\">&#8211;<\/span> <span dir=\"ltr\" role=\"presentation\">und dieses Mal wird es unter dem <\/span><span dir=\"ltr\" role=\"presentation\">Motto \u201eFrisch verhext!\u201c m\u00e4rchenhaft.<\/span> <br role=\"presentation\" \/><\/span><span id=\"page3R_mcid12\" class=\"markedContent\"><br role=\"presentation\" \/><span dir=\"ltr\" role=\"presentation\">Die Kommunale Jugendarbeit l\u00e4dt Kinder im Alter von acht bis zehn <\/span><span dir=\"ltr\" role=\"presentation\">Jahren ein, am Freitag, den 25. November 2022, ab 19.00 Uhr bei der \u00dcbernachtung <\/span><span dir=\"ltr\" role=\"presentation\">in den R\u00e4umen des Ju<\/span><span dir=\"ltr\" role=\"presentation\">gendzentrums AUREX (K\u00f6nigsplatz 20a) dabei zu <\/span><span dir=\"ltr\" role=\"presentation\">sein. Die \u00dcbernachtung endet am Samstag gegen 9 Uhr. <\/span> <\/span><span id=\"page3R_mcid13\" class=\"markedContent\"><br role=\"presentation\" \/><\/span><span id=\"page3R_mcid14\" class=\"markedContent\"><br role=\"presentation\" \/><span dir=\"ltr\" role=\"presentation\">Die Kinder erwarten M\u00e4rchen zum Mitfiebern und spannende R\u00e4tsel. <\/span><span dir=\"ltr\" role=\"presentation\">Au\u00dferdem k\u00f6nnen sie erfahren, wie sie ihren eigenen Hexentrunk <\/span><span dir=\"ltr\" role=\"presentation\">brauen k\u00f6nnen. <\/span> <\/span><span id=\"page3R_mcid15\" class=\"markedContent\"><br role=\"presentation\" \/><\/span><span id=\"page3R_mcid16\" class=\"markedContent\"><br role=\"presentation\" \/><span dir=\"ltr\" role=\"presentation\">Die Anmel<\/span><span dir=\"ltr\" role=\"presentation\">dung f\u00fcr die \u00dcbernachtung ist ab sofort \u00fcber das Online<\/span><span dir=\"ltr\" role=\"presentation\">&#8211;<\/span><span dir=\"ltr\" role=\"presentation\">Anmeldeprogramm der Kommunalen Jugendarbeit m\u00f6glich: <\/span><\/span><a href=\"http:\/\/www.schwabach.de\/anmeldung_radionacht\" target=\"_blank\" rel=\"noopener\"><span id=\"page3R_mcid17\" class=\"markedContent\"><span dir=\"ltr\" role=\"presentation\">www.schwabach.de\/anmeldung_radionacht<\/span><\/span><\/a><span id=\"page3R_mcid18\" class=\"markedContent\"> <span dir=\"ltr\" role=\"presentation\">oder pers\u00f6nlich im B\u00fcro der <\/span><span dir=\"ltr\" role=\"presentation\">Kommunalen Jugendarb<\/span><span dir=\"ltr\" role=\"presentation\">eit (Eisentrautstra\u00dfe 2).\u00a0<\/span><br role=\"presentation\" \/><\/span><span id=\"page3R_mcid19\" class=\"markedContent\"><br role=\"presentation\" \/><span dir=\"ltr\" role=\"presentation\">Im Kostenbeitrag von 8 Euro (mit Schwabachpass 4 Euro) sind Abend<\/span><span dir=\"ltr\" role=\"presentation\">essen und Fr\u00fchst\u00fcck enthalten. Fragen beantwortet Jugendpflegerin <\/span><span dir=\"ltr\" role=\"presentation\">Verena Bialas, E<\/span><span dir=\"ltr\" role=\"presentation\">&#8211;<\/span><span dir=\"ltr\" role=\"presentation\">Mail: <a href=\"mailto:kommunale-jugendarbeit@schwabach.de\" target=\"_blank\" rel=\"noopener\">kommunale<\/a><\/span><span dir=\"ltr\" role=\"presentation\">&#8211;<\/span><span dir=\"ltr\" role=\"presentation\">jugendarbeit@schwabach.de, Telefon <\/span><span dir=\"ltr\" role=\"presentation\">09122 860<\/span><span dir=\"ltr\" role=\"presentation\">&#8211;<\/span><span dir=\"ltr\" role=\"presentation\">352.<\/span> <\/span><span id=\"page3R_mcid20\" class=\"markedContent\"><br role=\"presentation\" \/><\/span><span id=\"page3R_mcid21\" class=\"markedContent\"><br role=\"presentation\" \/><strong><span dir=\"ltr\" role=\"presentation\">Abbildung <\/span><span dir=\"ltr\" role=\"presentation\">(ARD, Abdruck honorarfrei): Das Plakat zur Radionacht\u00a0<\/span><\/strong><\/span><\/span><\/p><h3>Weiterf\u00fchrende Links:\u00a0<\/h3><p><a href=\"https:\/\/kinder.wdr.de\/radio\/kinderradionacht\/index.html\" target=\"_blank\" rel=\"noopener\"><span style=\"font-size: 12pt;\">Weitere Infos zur ARD-Kinderradionacht gibt es hier &#8230;<\/span><\/a><\/p><p><span style=\"font-size: 12pt;\"><strong>Foto:<\/strong> Stadt Schwabach<\/span><\/p>\t\t\t\t\t\t<\/div>\n\t\t\t\t<\/div>\n\t\t\t\t<div class=\"elementor-element elementor-element-68c25a1 elementor-widget elementor-widget-shortcode\" data-id=\"68c25a1\" data-element_type=\"widget\" data-widget_type=\"shortcode.default\">\n\t\t\t\t<div class=\"elementor-widget-container\">\n\t\t\t\t\t<div class=\"elementor-shortcode\"><center><a href=\"https:\/\/a.partner-versicherung.de\/click.php?partner_id=19992&ad_id=441&deep=kfz-versicherung\"  target=\"_blank\"><img decoding=\"async\" src=\"https:\/\/a.partner-versicherung.de\/view.php?partner_id=19992&ad_id=441\" ><\/a><\/center><\/div>\n\t\t\t\t<\/div>\n\t\t\t\t<\/div>\n\t\t\t\t<div class=\"elementor-element elementor-element-0c834d7 elementor-widget-divider--view-line elementor-widget elementor-widget-divider\" data-id=\"0c834d7\" data-element_type=\"widget\" data-widget_type=\"divider.default\">\n\t\t\t\t<div class=\"elementor-widget-container\">\n\t\t\t\t\t<div class=\"elementor-divider\">\n\t\t\t<span class=\"elementor-divider-separator\">\n\t\t\t\t\t\t<\/span>\n\t\t<\/div>\n\t\t\t\t<\/div>\n\t\t\t\t<\/div>\n\t\t\t\t<div class=\"elementor-element elementor-element-325f51f elementor-widget elementor-widget-google_maps\" data-id=\"325f51f\" data-element_type=\"widget\" data-widget_type=\"google_maps.default\">\n\t\t\t\t<div class=\"elementor-widget-container\">\n\t\t\t\t\t<div class=\"elementor-custom-embed\">\n\t\t\t<iframe loading=\"lazy\"\n\t\t\t\t\tsrc=\"https:\/\/maps.google.com\/maps?q=K%C3%B6nigsplatz%2020A%2C%20Schwabach%2C%20Deutschland&#038;t=m&#038;z=16&#038;output=embed&#038;iwloc=near\"\n\t\t\t\t\ttitle=\"K\u00f6nigsplatz 20A, Schwabach, Deutschland\"\n\t\t\t\t\taria-label=\"K\u00f6nigsplatz 20A, Schwabach, Deutschland\"\n\t\t\t><\/iframe>\n\t\t<\/div>\n\t\t\t\t<\/div>\n\t\t\t\t<\/div>\n\t\t\t\t\t<\/div>\n\t\t<\/div>\n\t\t\t\t<div class=\"elementor-column elementor-col-33 elementor-top-column elementor-element elementor-element-f645137\" data-id=\"f645137\" data-element_type=\"column\">\n\t\t\t<div class=\"elementor-widget-wrap elementor-element-populated\">\n\t\t\t\t\t\t<div class=\"elementor-element elementor-element-69da313 elementor-widget elementor-widget-heading\" data-id=\"69da313\" data-element_type=\"widget\" data-widget_type=\"heading.default\">\n\t\t\t\t<div class=\"elementor-widget-container\">\n\t\t\t<h3 class=\"elementor-heading-title elementor-size-default\">Schnell vergleichen und sparen!<\/h3>\t\t<\/div>\n\t\t\t\t<\/div>\n\t\t\t\t<div class=\"elementor-element elementor-element-af18652 elementor-widget elementor-widget-wp-widget-advads_ad_widget\" data-id=\"af18652\" data-element_type=\"widget\" data-widget_type=\"wp-widget-advads_ad_widget.default\">\n\t\t\t\t<div class=\"elementor-widget-container\">\n\t\t\t<div id=\"regio-1434780107\"><div class=\"regio-adlabel\">Werbung<\/div><!-- Beginn https:\/\/www.financeads.net\/-Code --><a href=\"https:\/\/www.financeads.net\/tc.php?t=36648C236142529B\" target=\"_blank\"><img fetchpriority=\"high\" decoding=\"async\" src=\"https:\/\/www.financeads.net\/tb.php?t=36648V236142529B&https=1\" alt=\"\" border=\"0\" width=\"300\" height=\"250\"><\/a><!-- Ende https:\/\/www.financeads.net\/-Code --><\/div>\t\t<\/div>\n\t\t\t\t<\/div>\n\t\t\t\t<div class=\"elementor-element elementor-element-b9354fe elementor-widget elementor-widget-wp-widget-advads_ad_widget\" data-id=\"b9354fe\" data-element_type=\"widget\" data-widget_type=\"wp-widget-advads_ad_widget.default\">\n\t\t\t\t<div class=\"elementor-widget-container\">\n\t\t\t<div id=\"regio-216089058\"><div class=\"regio-adlabel\">Werbung<\/div><!-- Beginn https:\/\/www.financeads.net\/-Code --><a href=\"https:\/\/www.financeads.net\/tc.php?t=36648C42614510B\" target=\"_blank\"><img decoding=\"async\" src=\"https:\/\/www.financeads.net\/tb.php?t=36648V42614510B&https=1\" alt=\"\" border=\"0\" width=\"200\" height=\"300\"><\/a><!-- Ende https:\/\/www.financeads.net\/-Code --><\/div>\t\t<\/div>\n\t\t\t\t<\/div>\n\t\t\t\t<div class=\"elementor-element elementor-element-2338603 elementor-widget elementor-widget-wp-widget-advads_ad_widget\" data-id=\"2338603\" data-element_type=\"widget\" data-widget_type=\"wp-widget-advads_ad_widget.default\">\n\t\t\t\t<div class=\"elementor-widget-container\">\n\t\t\t<div id=\"regio-4027519012\"><div class=\"regio-adlabel\">Werbung<\/div><!-- Beginn https:\/\/www.financeads.net\/-Code --><a href=\"https:\/\/www.financeads.net\/tc.php?t=36648C205040072B\" target=\"_blank\"><img decoding=\"async\" src=\"https:\/\/www.financeads.net\/tb.php?t=36648V205040072B&https=1\" alt=\"\" border=\"0\" width=\"300\" height=\"250\"><\/a><!-- Ende https:\/\/www.financeads.net\/-Code --><\/div>\t\t<\/div>\n\t\t\t\t<\/div>\n\t\t\t\t<div class=\"elementor-element elementor-element-1ebd2ab elementor-widget elementor-widget-wp-widget-advads_ad_widget\" data-id=\"1ebd2ab\" data-element_type=\"widget\" data-widget_type=\"wp-widget-advads_ad_widget.default\">\n\t\t\t\t<div class=\"elementor-widget-container\">\n\t\t\t<div id=\"regio-112968577\"><div class=\"regio-adlabel\">Werbung<\/div><!-- Beginn https:\/\/www.financeads.net\/-Code --><a href=\"https:\/\/www.financeads.net\/tc.php?t=36648C271460142B\" target=\"_blank\"><img loading=\"lazy\" decoding=\"async\" src=\"https:\/\/www.financeads.net\/tb.php?t=36648V271460142B&https=1\" alt=\"PETPROTECT_Hund&Katze_Banner\" border=\"0\" width=\"250\" height=\"250\"><\/a><!-- Ende https:\/\/www.financeads.net\/-Code --><\/div>\t\t<\/div>\n\t\t\t\t<\/div>\n\t\t\t\t\t<\/div>\n\t\t<\/div>\n\t\t\t\t\t<\/div>\n\t\t<\/section>\n\t\t\t\t<\/div>\n\t\t","protected":false},"excerpt":{"rendered":"<div class=\"mh-excerpt\"><p>Am Freitag, den 25. November 2022: Frisch verhext! \u2013 Jetzt zur Radionacht anmelden\u00a0 Schwabach &#8211; Nach langer Auszeit findet in Schwabach die \u00dcbernachtung im Rahmen der ARD-Radionacht wieder statt &#8211; und dieses Mal wird es <a class=\"mh-excerpt-more\" href=\"https:\/\/www.region-schwabach.de\/wordpress\/radionacht-fur-kinder-frisch-verhext-im-aurex-am-freitag-den-25-november-2022\/\" title=\"Radionacht f\u00fcr Kinder \u201eFrisch verhext!\u201c im AUREX am Freitag, den 25. November 2022\">[&#8230;]<\/a><\/p>\n<\/div>","protected":false},"author":1,"featured_media":188805,"comment_status":"open","ping_status":"open","sticky":false,"template":"","format":"standard","meta":{"_cbd_carousel_blocks":"[]","footnotes":""},"categories":[16,287,61],"tags":[21026,21025,21024,7423,4517,1126,522,1480,19,3151,2555,11550],"class_list":{"0":"post-188803","1":"post","2":"type-post","3":"status-publish","4":"format-standard","5":"has-post-thumbnail","7":"category-aktuell","8":"category-jugend-und-familie","9":"category-rathaus","10":"tag-frisch-verhext","11":"tag-25-november-2022","12":"tag-25-11-2022","13":"tag-ard-radionacht","14":"tag-aurex","15":"tag-kinder","16":"tag-koenigsplatz","17":"tag-rathaus","18":"tag-schwabach","19":"tag-stadt-schwabach","20":"tag-stadtbibliothek","21":"tag-uebernachtung"},"_links":{"self":[{"href":"https:\/\/www.region-schwabach.de\/wordpress\/wp-json\/wp\/v2\/posts\/188803","targetHints":{"allow":["GET"]}}],"collection":[{"href":"https:\/\/www.region-schwabach.de\/wordpress\/wp-json\/wp\/v2\/posts"}],"about":[{"href":"https:\/\/www.region-schwabach.de\/wordpress\/wp-json\/wp\/v2\/types\/post"}],"author":[{"embeddable":true,"href":"https:\/\/www.region-schwabach.de\/wordpress\/wp-json\/wp\/v2\/users\/1"}],"replies":[{"embeddable":true,"href":"https:\/\/www.region-schwabach.de\/wordpress\/wp-json\/wp\/v2\/comments?post=188803"}],"version-history":[{"count":0,"href":"https:\/\/www.region-schwabach.de\/wordpress\/wp-json\/wp\/v2\/posts\/188803\/revisions"}],"wp:featuredmedia":[{"embeddable":true,"href":"https:\/\/www.region-schwabach.de\/wordpress\/wp-json\/wp\/v2\/media\/188805"}],"wp:attachment":[{"href":"https:\/\/www.region-schwabach.de\/wordpress\/wp-json\/wp\/v2\/media?parent=188803"}],"wp:term":[{"taxonomy":"category","embeddable":true,"href":"https:\/\/www.region-schwabach.de\/wordpress\/wp-json\/wp\/v2\/categories?post=188803"},{"taxonomy":"post_tag","embeddable":true,"href":"https:\/\/www.region-schwabach.de\/wordpress\/wp-json\/wp\/v2\/tags?post=188803"}],"curies":[{"name":"wp","href":"https:\/\/api.w.org\/{rel}","templated":true}]}}